{"id":925,"date":"2013-11-27T13:32:16","date_gmt":"2013-11-27T11:32:16","guid":{"rendered":"http:\/\/www.tafeldeko.de\/news\/?p=925"},"modified":"2023-02-20T13:32:51","modified_gmt":"2023-02-20T12:32:51","slug":"tischdeko-zum-65-geburtstag-mit-bayrischem-flair","status":"publish","type":"post","link":"https:\/\/www.tafeldeko.de\/news\/tischdeko-zum-65-geburtstag-mit-bayrischem-flair\/","title":{"rendered":"Tischdeko zum 65. Geburtstag &#8211; mit bayrischem Flair"},"content":{"rendered":"<p>Steht bald der <b>65. Geburtstag<\/b> bevor, hei\u00dft das: Planen f\u00fcr diesen Tag. G\u00e4steliste, Essen, Getr\u00e4nke, Tischdekoration und die Unterhaltung der Geburtstagsfeier m\u00fcssen geplant werden. Wichtig bei dieser Planung: das Geburtstagskind sollte an der Geburtstagsfeier selbst, sich um nichts k\u00fcmmern m\u00fcssen. Schlie\u00dflich ist dieser Tag dem Geburtstagskind gewidmet und aus dem Grund sollte die Arbeit auf andere verteilt werden. Feiert man den Geburtstag in einem Lokal, ist die Frage der Bewirtung schnell gekl\u00e4rt. Auch Personal zum Bedienen der G\u00e4ste ist da. Doch feiert man zu Hause oder in einem angemieteten Raum, stellt sich die Frage der Bewirtung. Ein Cateringservice ist hier die ideale L\u00f6sung, vor allem weil Personal zum Bedienen der G\u00e4ste mit geordert werden kann.<\/p>\n<p><img decoding=\"async\" loading=\"lazy\" src=\"https:\/\/www.tafeldeko.de\/news\/wp-content\/uploads\/2014\/09\/geburtstag-bayrisch.jpg\" sizes=\"(max-width: 448px) 100vw, 448px\" srcset=\"https:\/\/www.tafeldeko.de\/news\/wp-content\/uploads\/2014\/09\/geburtstag-bayrisch.jpg 448w, https:\/\/www.tafeldeko.de\/news\/wp-content\/uploads\/2014\/09\/geburtstag-bayrisch-300x210.jpg 300w\" alt=\"Tischdeko zum 65. Geburtstag\" width=\"448\" height=\"314\" \/><\/p>\n<h2>Wie sieht es mit der Tischdeko zum <b>65. Geburtstag<\/b> aus?<\/h2>\n<p>Zum guten Ton geh\u00f6rt die <a title=\"Tischdeko\" href=\"https:\/\/www.tafeldeko.de\/index.php\/cat\/c50_Tischdeko-Geburtstag.html\"><b>Tischdeko<\/b><\/a> heute &#8211; wie bereits vor vielen Jahren &#8211; einfach dazu. Gutes Essen und leckere Getr\u00e4nke reichen heute nicht mehr aus, dem Geburtstag das gewisse Etwas zu verleihen. Eine tolle Atmosph\u00e4re bietet die Tischdeko in Blau, die mit wei\u00df und rot ihre sch\u00f6nen Kontraste erh\u00e4lt und zudem mit einem leichten bayrischen Flair &#8220;\u00fcberzogen&#8221; ist. Selbst wenn man in einem Lokal feiert, kann die Tischdeko zum 65. Geburtstag sich so pr\u00e4sentieren.<br \/>\nF\u00fcr diese Tischdeko im <b>bayrischen Flair<\/b> ben\u00f6tigen Sie unter anderem Sizoflor Tischband zur Tischdekoration in Blau, Satin Tischband in Wei\u00df oder Hellblau und Tischband Vichy Karo Muster rot\/wei\u00df &#8211; mit diesen Accessoires sorgen Sie f\u00fcr die sch\u00f6ne Basis in der Tischmitte. Auf diesen B\u00e4ndern arrangieren Sie Vierkant Kerzengl\u00e4ser in Klar, best\u00fcckt mit einer <a title=\"Stumpenkerze\" href=\"https:\/\/www.tafeldeko.de\/index.php\/cat\/c528_Runde-Stumpenkerzen.html\"><b>Stumpenkerze<\/b><\/a> in Blau und f\u00fcr die nat\u00fcrlichen Effekte Heuherzen in zwei Gr\u00f6\u00dfen und blaue Rattankugeln. Die Kerzengl\u00e4ser k\u00f6nnen Sie zudem mit einem Bastband, einem blau-wei\u00df-karierten Band und einem roten Herz, beispielsweise aus Filz, versch\u00f6nern. Um das bayrische Flair zu unterstreichen, sind die Servietten Bayrische Brotzeit nat\u00fcrlich hervorragend geeignet. Tolle Tischdeko f\u00fcr einen tollen Geburtstag.<\/p>\n<p><a role=\"button\" href=\"https:\/\/www.tafeldeko.de\/tischdeko-ideen\/geburtstag-tischdeko\/\"><br \/>\n&gt;&gt; Zu den Mustertischen &lt;&lt;<br \/>\n<\/a><\/p>\n<h2>Weitere Beitr\u00e4ge:<\/h2>\n<h2>Dekoartikel von A-Z<\/h2>\n<p><a href=\"https:\/\/www.tafeldeko.de\/tischdeko-artikel\/\"><br \/>\nJetzt entdecken <\/a><\/p>\n","protected":false},"excerpt":{"rendered":"<p>Steht bald der 65. Geburtstag bevor, hei\u00dft das: Planen f\u00fcr diesen Tag. G\u00e4steliste, Essen, Getr\u00e4nke, Tischdekoration und die Unterhaltung der Geburtstagsfeier m\u00fcssen geplant werden. Wichtig bei dieser Planung: das Geburtstagskind sollte an der Geburtstagsfeier selbst, sich um nichts k\u00fcmmern m\u00fcssen.<\/p>\n","protected":false},"author":2,"featured_media":926,"comment_status":"open","ping_status":"open","sticky":false,"template":"","format":"standard","meta":{"footnotes":""},"categories":[1],"tags":[],"yoast_head":"<!-- This site is optimized with the Yoast SEO plugin v20.4 - https:\/\/yoast.com\/wordpress\/plugins\/seo\/ -->\n<title>Tischdeko zum 65. Geburtstag - mit bayrischem Flair - Tafeldeko<\/title>\n<meta name=\"description\" content=\"Wundersch\u00f6ne Tischdeko zum Geburtstag mit bayrischem Flair. So kann man f\u00fcr die sch\u00f6ne Basis bei einem Geburtstag sorgen.\" \/>\n<meta name=\"robots\" content=\"index, follow, max-snippet:-1, max-image-preview:large, max-video-preview:-1\" \/>\n<link rel=\"canonical\" href=\"https:\/\/www.tafeldeko.de\/news\/tischdeko-zum-65-geburtstag-mit-bayrischem-flair\/\" \/>\n<meta property=\"og:locale\" content=\"de_DE\" \/>\n<meta property=\"og:type\" content=\"article\" \/>\n<meta property=\"og:title\" content=\"Tischdeko zum 65. Geburtstag - mit bayrischem Flair - Tafeldeko\" \/>\n<meta property=\"og:description\" content=\"Wundersch\u00f6ne Tischdeko zum Geburtstag mit bayrischem Flair. So kann man f\u00fcr die sch\u00f6ne Basis bei einem Geburtstag sorgen.\" \/>\n<meta property=\"og:url\" content=\"https:\/\/www.tafeldeko.de\/news\/tischdeko-zum-65-geburtstag-mit-bayrischem-flair\/\" \/>\n<meta property=\"og:site_name\" content=\"Tafeldeko\" \/>\n<meta property=\"article:publisher\" content=\"https:\/\/www.facebook.com\/pages\/Tafeldeko-einzigartige-Tischdekoration\/174202655894\" \/>\n<meta property=\"article:published_time\" content=\"2013-11-27T11:32:16+00:00\" \/>\n<meta property=\"article:modified_time\" content=\"2023-02-20T12:32:51+00:00\" \/>\n<meta property=\"og:image\" content=\"https:\/\/www.tafeldeko.de\/news\/wp-content\/uploads\/2014\/09\/geburtstag-bayrisch.jpg\" \/>\n\t<meta property=\"og:image:width\" content=\"448\" \/>\n\t<meta property=\"og:image:height\" content=\"314\" \/>\n\t<meta property=\"og:image:type\" content=\"image\/jpeg\" \/>\n<meta name=\"author\" content=\"Christiane Stein\" \/>\n<meta name=\"twitter:label1\" content=\"Verfasst von\" \/>\n\t<meta name=\"twitter:data1\" content=\"Christiane Stein\" \/>\n\t<meta name=\"twitter:label2\" content=\"Gesch\u00e4tzte Lesezeit\" \/>\n\t<meta name=\"twitter:data2\" content=\"2 Minuten\" \/>\n<script type=\"application\/ld+json\" class=\"yoast-schema-graph\">{\"@context\":\"https:\/\/schema.org\",\"@graph\":[{\"@type\":\"WebPage\",\"@id\":\"https:\/\/www.tafeldeko.de\/news\/tischdeko-zum-65-geburtstag-mit-bayrischem-flair\/\",\"url\":\"https:\/\/www.tafeldeko.de\/news\/tischdeko-zum-65-geburtstag-mit-bayrischem-flair\/\",\"name\":\"Tischdeko zum 65. Geburtstag - mit bayrischem Flair - Tafeldeko\",\"isPartOf\":{\"@id\":\"https:\/\/www.tafeldeko.de\/news\/#website\"},\"datePublished\":\"2013-11-27T11:32:16+00:00\",\"dateModified\":\"2023-02-20T12:32:51+00:00\",\"author\":{\"@id\":\"https:\/\/www.tafeldeko.de\/news\/#\/schema\/person\/d2acd86447ed0b6336089a8ba83164a0\"},\"description\":\"Wundersch\u00f6ne Tischdeko zum Geburtstag mit bayrischem Flair. So kann man f\u00fcr die sch\u00f6ne Basis bei einem Geburtstag sorgen.\",\"breadcrumb\":{\"@id\":\"https:\/\/www.tafeldeko.de\/news\/tischdeko-zum-65-geburtstag-mit-bayrischem-flair\/#breadcrumb\"},\"inLanguage\":\"de-DE\",\"potentialAction\":[{\"@type\":\"ReadAction\",\"target\":[\"https:\/\/www.tafeldeko.de\/news\/tischdeko-zum-65-geburtstag-mit-bayrischem-flair\/\"]}]},{\"@type\":\"BreadcrumbList\",\"@id\":\"https:\/\/www.tafeldeko.de\/news\/tischdeko-zum-65-geburtstag-mit-bayrischem-flair\/#breadcrumb\",\"itemListElement\":[{\"@type\":\"ListItem\",\"position\":1,\"name\":\"Tafeldeko\",\"item\":\"https:\/\/www.tafeldeko.de\/news\/\"},{\"@type\":\"ListItem\",\"position\":2,\"name\":\"Alte Beitr\u00e4ge\",\"item\":\"https:\/\/www.tafeldeko.de\/news\/alte-beitraege\/\"},{\"@type\":\"ListItem\",\"position\":3,\"name\":\"Tischdeko - Blog\",\"item\":\"https:\/\/www.tafeldeko.de\/news\/alte-beitraege\/tischdeko-blog\/\"},{\"@type\":\"ListItem\",\"position\":4,\"name\":\"Tischdeko zum 65. Geburtstag &#8211; mit bayrischem Flair\"}]},{\"@type\":\"WebSite\",\"@id\":\"https:\/\/www.tafeldeko.de\/news\/#website\",\"url\":\"https:\/\/www.tafeldeko.de\/news\/\",\"name\":\"Tafeldeko\",\"description\":\"Blog mit Tischdeko und Tischdekoration Ideen\",\"potentialAction\":[{\"@type\":\"SearchAction\",\"target\":{\"@type\":\"EntryPoint\",\"urlTemplate\":\"https:\/\/www.tafeldeko.de\/news\/?s={search_term_string}\"},\"query-input\":\"required name=search_term_string\"}],\"inLanguage\":\"de-DE\"},{\"@type\":\"Person\",\"@id\":\"https:\/\/www.tafeldeko.de\/news\/#\/schema\/person\/d2acd86447ed0b6336089a8ba83164a0\",\"name\":\"Christiane Stein\",\"image\":{\"@type\":\"ImageObject\",\"inLanguage\":\"de-DE\",\"@id\":\"https:\/\/www.tafeldeko.de\/news\/#\/schema\/person\/image\/\",\"url\":\"https:\/\/secure.gravatar.com\/avatar\/2054729fbfd1ebc9d3cf1fd55361d0b6?s=96&d=mm&r=g\",\"contentUrl\":\"https:\/\/secure.gravatar.com\/avatar\/2054729fbfd1ebc9d3cf1fd55361d0b6?s=96&d=mm&r=g\",\"caption\":\"Christiane Stein\"}}]}<\/script>\n<!-- \/ Yoast SEO plugin. -->","yoast_head_json":{"title":"Tischdeko zum 65. Geburtstag - mit bayrischem Flair - Tafeldeko","description":"Wundersch\u00f6ne Tischdeko zum Geburtstag mit bayrischem Flair. So kann man f\u00fcr die sch\u00f6ne Basis bei einem Geburtstag sorgen.","robots":{"index":"index","follow":"follow","max-snippet":"max-snippet:-1","max-image-preview":"max-image-preview:large","max-video-preview":"max-video-preview:-1"},"canonical":"https:\/\/www.tafeldeko.de\/news\/tischdeko-zum-65-geburtstag-mit-bayrischem-flair\/","og_locale":"de_DE","og_type":"article","og_title":"Tischdeko zum 65. Geburtstag - mit bayrischem Flair - Tafeldeko","og_description":"Wundersch\u00f6ne Tischdeko zum Geburtstag mit bayrischem Flair. So kann man f\u00fcr die sch\u00f6ne Basis bei einem Geburtstag sorgen.","og_url":"https:\/\/www.tafeldeko.de\/news\/tischdeko-zum-65-geburtstag-mit-bayrischem-flair\/","og_site_name":"Tafeldeko","article_publisher":"https:\/\/www.facebook.com\/pages\/Tafeldeko-einzigartige-Tischdekoration\/174202655894","article_published_time":"2013-11-27T11:32:16+00:00","article_modified_time":"2023-02-20T12:32:51+00:00","og_image":[{"width":448,"height":314,"url":"https:\/\/www.tafeldeko.de\/news\/wp-content\/uploads\/2014\/09\/geburtstag-bayrisch.jpg","type":"image\/jpeg"}],"author":"Christiane Stein","twitter_misc":{"Verfasst von":"Christiane Stein","Gesch\u00e4tzte Lesezeit":"2 Minuten"},"schema":{"@context":"https:\/\/schema.org","@graph":[{"@type":"WebPage","@id":"https:\/\/www.tafeldeko.de\/news\/tischdeko-zum-65-geburtstag-mit-bayrischem-flair\/","url":"https:\/\/www.tafeldeko.de\/news\/tischdeko-zum-65-geburtstag-mit-bayrischem-flair\/","name":"Tischdeko zum 65. Geburtstag - mit bayrischem Flair - Tafeldeko","isPartOf":{"@id":"https:\/\/www.tafeldeko.de\/news\/#website"},"datePublished":"2013-11-27T11:32:16+00:00","dateModified":"2023-02-20T12:32:51+00:00","author":{"@id":"https:\/\/www.tafeldeko.de\/news\/#\/schema\/person\/d2acd86447ed0b6336089a8ba83164a0"},"description":"Wundersch\u00f6ne Tischdeko zum Geburtstag mit bayrischem Flair. So kann man f\u00fcr die sch\u00f6ne Basis bei einem Geburtstag sorgen.","breadcrumb":{"@id":"https:\/\/www.tafeldeko.de\/news\/tischdeko-zum-65-geburtstag-mit-bayrischem-flair\/#breadcrumb"},"inLanguage":"de-DE","potentialAction":[{"@type":"ReadAction","target":["https:\/\/www.tafeldeko.de\/news\/tischdeko-zum-65-geburtstag-mit-bayrischem-flair\/"]}]},{"@type":"BreadcrumbList","@id":"https:\/\/www.tafeldeko.de\/news\/tischdeko-zum-65-geburtstag-mit-bayrischem-flair\/#breadcrumb","itemListElement":[{"@type":"ListItem","position":1,"name":"Tafeldeko","item":"https:\/\/www.tafeldeko.de\/news\/"},{"@type":"ListItem","position":2,"name":"Alte Beitr\u00e4ge","item":"https:\/\/www.tafeldeko.de\/news\/alte-beitraege\/"},{"@type":"ListItem","position":3,"name":"Tischdeko - Blog","item":"https:\/\/www.tafeldeko.de\/news\/alte-beitraege\/tischdeko-blog\/"},{"@type":"ListItem","position":4,"name":"Tischdeko zum 65. Geburtstag &#8211; mit bayrischem Flair"}]},{"@type":"WebSite","@id":"https:\/\/www.tafeldeko.de\/news\/#website","url":"https:\/\/www.tafeldeko.de\/news\/","name":"Tafeldeko","description":"Blog mit Tischdeko und Tischdekoration Ideen","potentialAction":[{"@type":"SearchAction","target":{"@type":"EntryPoint","urlTemplate":"https:\/\/www.tafeldeko.de\/news\/?s={search_term_string}"},"query-input":"required name=search_term_string"}],"inLanguage":"de-DE"},{"@type":"Person","@id":"https:\/\/www.tafeldeko.de\/news\/#\/schema\/person\/d2acd86447ed0b6336089a8ba83164a0","name":"Christiane Stein","image":{"@type":"ImageObject","inLanguage":"de-DE","@id":"https:\/\/www.tafeldeko.de\/news\/#\/schema\/person\/image\/","url":"https:\/\/secure.gravatar.com\/avatar\/2054729fbfd1ebc9d3cf1fd55361d0b6?s=96&d=mm&r=g","contentUrl":"https:\/\/secure.gravatar.com\/avatar\/2054729fbfd1ebc9d3cf1fd55361d0b6?s=96&d=mm&r=g","caption":"Christiane Stein"}}]}},"_links":{"self":[{"href":"https:\/\/www.tafeldeko.de\/news\/wp-json\/wp\/v2\/posts\/925"}],"collection":[{"href":"https:\/\/www.tafeldeko.de\/news\/wp-json\/wp\/v2\/posts"}],"about":[{"href":"https:\/\/www.tafeldeko.de\/news\/wp-json\/wp\/v2\/types\/post"}],"author":[{"embeddable":true,"href":"https:\/\/www.tafeldeko.de\/news\/wp-json\/wp\/v2\/users\/2"}],"replies":[{"embeddable":true,"href":"https:\/\/www.tafeldeko.de\/news\/wp-json\/wp\/v2\/comments?post=925"}],"version-history":[{"count":5,"href":"https:\/\/www.tafeldeko.de\/news\/wp-json\/wp\/v2\/posts\/925\/revisions"}],"predecessor-version":[{"id":24008,"href":"https:\/\/www.tafeldeko.de\/news\/wp-json\/wp\/v2\/posts\/925\/revisions\/24008"}],"wp:featuredmedia":[{"embeddable":true,"href":"https:\/\/www.tafeldeko.de\/news\/wp-json\/wp\/v2\/media\/926"}],"wp:attachment":[{"href":"https:\/\/www.tafeldeko.de\/news\/wp-json\/wp\/v2\/media?parent=925"}],"wp:term":[{"taxonomy":"category","embeddable":true,"href":"https:\/\/www.tafeldeko.de\/news\/wp-json\/wp\/v2\/categories?post=925"},{"taxonomy":"post_tag","embeddable":true,"href":"https:\/\/www.tafeldeko.de\/news\/wp-json\/wp\/v2\/tags?post=925"}],"curies":[{"name":"wp","href":"https:\/\/api.w.org\/{rel}","templated":true}]}}