{"id":904,"date":"2013-10-02T13:38:58","date_gmt":"2013-10-02T11:38:58","guid":{"rendered":"http:\/\/www.tafeldeko.de\/news\/?p=904"},"modified":"2023-02-23T13:09:47","modified_gmt":"2023-02-23T12:09:47","slug":"geburtstag-im-herbst-ein-farbenfroh-eingedeckter-tisch-laedt-zum-feiern-ein","status":"publish","type":"post","link":"https:\/\/www.tafeldeko.de\/news\/geburtstag-im-herbst-ein-farbenfroh-eingedeckter-tisch-laedt-zum-feiern-ein\/","title":{"rendered":"Geburtstag im Herbst \u2013 ein farbenfroh eingedeckter Tisch l\u00e4dt zum Feiern ein"},"content":{"rendered":"<p>Geburtstag im Herbst. Ein <b>Geburtstag <\/b>steht in den n\u00e4chsten Tagen und Wochen auf dem Terminkalender und die Planungen sind bereits in Gange. Mit zur Planung des Geburtstags geh\u00f6rt auch die Tischdekoration. Etwas Farbe und einige<b> sch\u00f6ne Accessoires <\/b>auf dem Tisch sorgen f\u00fcr eine tolle Basis, an der man gerne feiert. Geburtstagskind und G\u00e4ste f\u00fchlen sich an einem sch\u00f6n gedeckten Tisch viel wohler, weil sich einfach der Wohlf\u00fchleffekt einstellt.<br \/>\nIm Herbst bietet sich eine herbstliche Tischdekoration perfekt an. Sch\u00f6ne Farben, ausdrucksstarke Accessoires sorgen f\u00fcr die ansprechende Basis und gute Laune.<\/p>\n<p><img decoding=\"async\" loading=\"lazy\" src=\"https:\/\/www.tafeldeko.de\/news\/wp-content\/uploads\/2014\/09\/herbst_orange_gruen.jpg\" sizes=\"(max-width: 370px) 100vw, 370px\" srcset=\"https:\/\/www.tafeldeko.de\/news\/wp-content\/uploads\/2014\/09\/herbst_orange_gruen.jpg 370w, https:\/\/www.tafeldeko.de\/news\/wp-content\/uploads\/2014\/09\/herbst_orange_gruen-300x188.jpg 300w\" alt=\"Geburtstag im Herbst\" width=\"370\" height=\"233\" \/><\/p>\n<h2>Geburtstag im Herbst mit einer sch\u00f6nen Tischdekoration<\/h2>\n<p>Zum <b>Geburtstag im Herbst<\/b> liegt eine Tischdeko in herbstlichen Farben nahe. Der herbstliche Mustertisch ist zum Beispiel eine tolle Anregung, wie der Tisch am <i>Geburtstag <\/i>sich pr\u00e4sentieren k\u00f6nnte. Leuchtend in Orange, kombiniert mit dezenten Blickf\u00e4ngen in Braun und vielen <b>herbstlichen Accessoires<\/b> zeigt sich der Herbst in seinen sch\u00f6nsten Farben.<br \/>\nAhornbl\u00e4tter-Girlanden aus Filz, Ahornbl\u00e4tter aus Textil und Filz bringen den Herbst auf den <a title=\"Geburtstagstisch\" href=\"https:\/\/www.tafeldeko.de\/geburtstag-tischdeko\/\"><b>Geburtstagstisch<\/b><\/a>. F\u00fcr die Basis sorgt ein brauner Duni Tischl\u00e4ufer, der mit wei\u00dfem Sizoweb Tischband belegt wurde. Auf diesem Arrangement \u201etummeln\u201c sich die verschiedenen Accessoires.<br \/>\nDie Tischmitte zeigt sich in einem besonderen Glanz: ein Windlicht zur Raumdeko aus Keramik\/Glas wird mit Ahornlaub-Streu bef\u00fcllt, eine deutsche Qualit\u00e4ts-Stumpenkerze in Braun setzt einen tollen Akzent und sorgt f\u00fcr sch\u00f6nes Kerzenlicht bei der Feier. Weitere <a title=\"Kerzen\" href=\"https:\/\/www.tafeldeko.de\/index.php\/cat\/c526_Kerzen---Kerzengl-ser.html\"><b>Kerzen<\/b><\/a> wie das Vierkant Kerzenglas in der Farbe Beige, best\u00fcckt mit einer eckigen Qualit\u00e4ts Stumpenkerze in Orange und die Teelichtgl\u00e4ser Ahorn Optik in herbstlichen Farben bringen die romantische Beleuchtung auf den Tisch.<br \/>\nKleine Keramik Igel in Braun und Orange, Keramik Igel mit weichem Fell und das 2er Set Keramik Igel bringen weitere, dekorative Akzente ein. Die Farben spiegeln sich auch in der Auswahl der Servietten wieder, die in einer Kombination aus braunen und orangefarbenen Duni Servietten und den Herbst Zeit Servietten besteht.<br \/>\nEin toller Tisch, der f\u00fcr einen <b>Geburtstag im Herbst<\/b> genau richtig ist.<\/p>\n<p><a role=\"button\" href=\"https:\/\/www.tafeldeko.de\/tischdeko-ideen\/geburtstag-tischdeko\/\"><br \/>\n&gt;&gt; Zu den Mustertischen &lt;&lt;<br \/>\n<\/a><\/p>\n<h2>Weitere Beitr\u00e4ge:<\/h2>\n<h2>Dekoartikel von A-Z<\/h2>\n<p><a href=\"https:\/\/www.tafeldeko.de\/tischdeko-artikel\/\"><br \/>\nJetzt entdecken <\/a><\/p>\n","protected":false},"excerpt":{"rendered":"<p>Ein Geburtstag steht in den n\u00e4chsten Tagen und Wochen auf dem Terminkalender und die Planungen sind bereits in Gange. Mit zur Planung des Geburtstags geh\u00f6rt auch die Tischdekoration. Etwas Farbe und einige sch\u00f6ne Accessoires auf dem Tisch sorgen f\u00fcr eine tolle Basis, an der man gerne feiert. Geburtstagskind und G\u00e4ste f\u00fchlen sich an einem sch\u00f6n gedeckten Tisch viel wohler, weil sich einfach der Wohlf\u00fchleffekt einstellt.<\/p>\n","protected":false},"author":2,"featured_media":478,"comment_status":"open","ping_status":"open","sticky":false,"template":"","format":"standard","meta":{"footnotes":""},"categories":[1],"tags":[],"yoast_head":"<!-- This site is optimized with the Yoast SEO plugin v20.4 - https:\/\/yoast.com\/wordpress\/plugins\/seo\/ -->\n<title>Geburtstag im Herbst \u2013 ein farbenfroh eingedeckter Tisch l\u00e4dt zum Feiern ein - Tafeldeko<\/title>\n<meta name=\"description\" content=\"Geburtstag im Herbst. Mit dieser tollen und farbenfrohen herbstlichen Tischdekoration haben Sie die wunderbare Basis f\u00fcr den..\" \/>\n<meta name=\"robots\" content=\"index, follow, max-snippet:-1, max-image-preview:large, max-video-preview:-1\" \/>\n<link rel=\"canonical\" href=\"https:\/\/www.tafeldeko.de\/news\/geburtstag-im-herbst-ein-farbenfroh-eingedeckter-tisch-laedt-zum-feiern-ein\/\" \/>\n<meta property=\"og:locale\" content=\"de_DE\" \/>\n<meta property=\"og:type\" content=\"article\" \/>\n<meta property=\"og:title\" content=\"Geburtstag im Herbst \u2013 ein farbenfroh eingedeckter Tisch l\u00e4dt zum Feiern ein - Tafeldeko\" \/>\n<meta property=\"og:description\" content=\"Geburtstag im Herbst. Mit dieser tollen und farbenfrohen herbstlichen Tischdekoration haben Sie die wunderbare Basis f\u00fcr den..\" \/>\n<meta property=\"og:url\" content=\"https:\/\/www.tafeldeko.de\/news\/geburtstag-im-herbst-ein-farbenfroh-eingedeckter-tisch-laedt-zum-feiern-ein\/\" \/>\n<meta property=\"og:site_name\" content=\"Tafeldeko\" \/>\n<meta property=\"article:publisher\" content=\"https:\/\/www.facebook.com\/pages\/Tafeldeko-einzigartige-Tischdekoration\/174202655894\" \/>\n<meta property=\"article:published_time\" content=\"2013-10-02T11:38:58+00:00\" \/>\n<meta property=\"article:modified_time\" content=\"2023-02-23T12:09:47+00:00\" \/>\n<meta property=\"og:image\" content=\"https:\/\/www.tafeldeko.de\/news\/wp-content\/uploads\/2014\/09\/herbst_orange_gruen.jpg\" \/>\n\t<meta property=\"og:image:width\" content=\"370\" \/>\n\t<meta property=\"og:image:height\" content=\"233\" \/>\n\t<meta property=\"og:image:type\" content=\"image\/jpeg\" \/>\n<meta name=\"author\" content=\"Christiane Stein\" \/>\n<meta name=\"twitter:label1\" content=\"Verfasst von\" \/>\n\t<meta name=\"twitter:data1\" content=\"Christiane Stein\" \/>\n\t<meta name=\"twitter:label2\" content=\"Gesch\u00e4tzte Lesezeit\" \/>\n\t<meta name=\"twitter:data2\" content=\"3 Minuten\" \/>\n<script type=\"application\/ld+json\" class=\"yoast-schema-graph\">{\"@context\":\"https:\/\/schema.org\",\"@graph\":[{\"@type\":\"WebPage\",\"@id\":\"https:\/\/www.tafeldeko.de\/news\/geburtstag-im-herbst-ein-farbenfroh-eingedeckter-tisch-laedt-zum-feiern-ein\/\",\"url\":\"https:\/\/www.tafeldeko.de\/news\/geburtstag-im-herbst-ein-farbenfroh-eingedeckter-tisch-laedt-zum-feiern-ein\/\",\"name\":\"Geburtstag im Herbst \u2013 ein farbenfroh eingedeckter Tisch l\u00e4dt zum Feiern ein - Tafeldeko\",\"isPartOf\":{\"@id\":\"https:\/\/www.tafeldeko.de\/news\/#website\"},\"datePublished\":\"2013-10-02T11:38:58+00:00\",\"dateModified\":\"2023-02-23T12:09:47+00:00\",\"author\":{\"@id\":\"https:\/\/www.tafeldeko.de\/news\/#\/schema\/person\/d2acd86447ed0b6336089a8ba83164a0\"},\"description\":\"Geburtstag im Herbst. Mit dieser tollen und farbenfrohen herbstlichen Tischdekoration haben Sie die wunderbare Basis f\u00fcr den..\",\"breadcrumb\":{\"@id\":\"https:\/\/www.tafeldeko.de\/news\/geburtstag-im-herbst-ein-farbenfroh-eingedeckter-tisch-laedt-zum-feiern-ein\/#breadcrumb\"},\"inLanguage\":\"de-DE\",\"potentialAction\":[{\"@type\":\"ReadAction\",\"target\":[\"https:\/\/www.tafeldeko.de\/news\/geburtstag-im-herbst-ein-farbenfroh-eingedeckter-tisch-laedt-zum-feiern-ein\/\"]}]},{\"@type\":\"BreadcrumbList\",\"@id\":\"https:\/\/www.tafeldeko.de\/news\/geburtstag-im-herbst-ein-farbenfroh-eingedeckter-tisch-laedt-zum-feiern-ein\/#breadcrumb\",\"itemListElement\":[{\"@type\":\"ListItem\",\"position\":1,\"name\":\"Tafeldeko\",\"item\":\"https:\/\/www.tafeldeko.de\/news\/\"},{\"@type\":\"ListItem\",\"position\":2,\"name\":\"Alte Beitr\u00e4ge\",\"item\":\"https:\/\/www.tafeldeko.de\/news\/alte-beitraege\/\"},{\"@type\":\"ListItem\",\"position\":3,\"name\":\"Tischdeko - Blog\",\"item\":\"https:\/\/www.tafeldeko.de\/news\/alte-beitraege\/tischdeko-blog\/\"},{\"@type\":\"ListItem\",\"position\":4,\"name\":\"Geburtstag im Herbst \u2013 ein farbenfroh eingedeckter Tisch l\u00e4dt zum Feiern ein\"}]},{\"@type\":\"WebSite\",\"@id\":\"https:\/\/www.tafeldeko.de\/news\/#website\",\"url\":\"https:\/\/www.tafeldeko.de\/news\/\",\"name\":\"Tafeldeko\",\"description\":\"Blog mit Tischdeko und Tischdekoration Ideen\",\"potentialAction\":[{\"@type\":\"SearchAction\",\"target\":{\"@type\":\"EntryPoint\",\"urlTemplate\":\"https:\/\/www.tafeldeko.de\/news\/?s={search_term_string}\"},\"query-input\":\"required name=search_term_string\"}],\"inLanguage\":\"de-DE\"},{\"@type\":\"Person\",\"@id\":\"https:\/\/www.tafeldeko.de\/news\/#\/schema\/person\/d2acd86447ed0b6336089a8ba83164a0\",\"name\":\"Christiane Stein\",\"image\":{\"@type\":\"ImageObject\",\"inLanguage\":\"de-DE\",\"@id\":\"https:\/\/www.tafeldeko.de\/news\/#\/schema\/person\/image\/\",\"url\":\"https:\/\/secure.gravatar.com\/avatar\/2054729fbfd1ebc9d3cf1fd55361d0b6?s=96&d=mm&r=g\",\"contentUrl\":\"https:\/\/secure.gravatar.com\/avatar\/2054729fbfd1ebc9d3cf1fd55361d0b6?s=96&d=mm&r=g\",\"caption\":\"Christiane Stein\"}}]}<\/script>\n<!-- \/ Yoast SEO plugin. -->","yoast_head_json":{"title":"Geburtstag im Herbst \u2013 ein farbenfroh eingedeckter Tisch l\u00e4dt zum Feiern ein - Tafeldeko","description":"Geburtstag im Herbst. Mit dieser tollen und farbenfrohen herbstlichen Tischdekoration haben Sie die wunderbare Basis f\u00fcr den..","robots":{"index":"index","follow":"follow","max-snippet":"max-snippet:-1","max-image-preview":"max-image-preview:large","max-video-preview":"max-video-preview:-1"},"canonical":"https:\/\/www.tafeldeko.de\/news\/geburtstag-im-herbst-ein-farbenfroh-eingedeckter-tisch-laedt-zum-feiern-ein\/","og_locale":"de_DE","og_type":"article","og_title":"Geburtstag im Herbst \u2013 ein farbenfroh eingedeckter Tisch l\u00e4dt zum Feiern ein - Tafeldeko","og_description":"Geburtstag im Herbst. Mit dieser tollen und farbenfrohen herbstlichen Tischdekoration haben Sie die wunderbare Basis f\u00fcr den..","og_url":"https:\/\/www.tafeldeko.de\/news\/geburtstag-im-herbst-ein-farbenfroh-eingedeckter-tisch-laedt-zum-feiern-ein\/","og_site_name":"Tafeldeko","article_publisher":"https:\/\/www.facebook.com\/pages\/Tafeldeko-einzigartige-Tischdekoration\/174202655894","article_published_time":"2013-10-02T11:38:58+00:00","article_modified_time":"2023-02-23T12:09:47+00:00","og_image":[{"width":370,"height":233,"url":"https:\/\/www.tafeldeko.de\/news\/wp-content\/uploads\/2014\/09\/herbst_orange_gruen.jpg","type":"image\/jpeg"}],"author":"Christiane Stein","twitter_misc":{"Verfasst von":"Christiane Stein","Gesch\u00e4tzte Lesezeit":"3 Minuten"},"schema":{"@context":"https:\/\/schema.org","@graph":[{"@type":"WebPage","@id":"https:\/\/www.tafeldeko.de\/news\/geburtstag-im-herbst-ein-farbenfroh-eingedeckter-tisch-laedt-zum-feiern-ein\/","url":"https:\/\/www.tafeldeko.de\/news\/geburtstag-im-herbst-ein-farbenfroh-eingedeckter-tisch-laedt-zum-feiern-ein\/","name":"Geburtstag im Herbst \u2013 ein farbenfroh eingedeckter Tisch l\u00e4dt zum Feiern ein - Tafeldeko","isPartOf":{"@id":"https:\/\/www.tafeldeko.de\/news\/#website"},"datePublished":"2013-10-02T11:38:58+00:00","dateModified":"2023-02-23T12:09:47+00:00","author":{"@id":"https:\/\/www.tafeldeko.de\/news\/#\/schema\/person\/d2acd86447ed0b6336089a8ba83164a0"},"description":"Geburtstag im Herbst. Mit dieser tollen und farbenfrohen herbstlichen Tischdekoration haben Sie die wunderbare Basis f\u00fcr den..","breadcrumb":{"@id":"https:\/\/www.tafeldeko.de\/news\/geburtstag-im-herbst-ein-farbenfroh-eingedeckter-tisch-laedt-zum-feiern-ein\/#breadcrumb"},"inLanguage":"de-DE","potentialAction":[{"@type":"ReadAction","target":["https:\/\/www.tafeldeko.de\/news\/geburtstag-im-herbst-ein-farbenfroh-eingedeckter-tisch-laedt-zum-feiern-ein\/"]}]},{"@type":"BreadcrumbList","@id":"https:\/\/www.tafeldeko.de\/news\/geburtstag-im-herbst-ein-farbenfroh-eingedeckter-tisch-laedt-zum-feiern-ein\/#breadcrumb","itemListElement":[{"@type":"ListItem","position":1,"name":"Tafeldeko","item":"https:\/\/www.tafeldeko.de\/news\/"},{"@type":"ListItem","position":2,"name":"Alte Beitr\u00e4ge","item":"https:\/\/www.tafeldeko.de\/news\/alte-beitraege\/"},{"@type":"ListItem","position":3,"name":"Tischdeko - Blog","item":"https:\/\/www.tafeldeko.de\/news\/alte-beitraege\/tischdeko-blog\/"},{"@type":"ListItem","position":4,"name":"Geburtstag im Herbst \u2013 ein farbenfroh eingedeckter Tisch l\u00e4dt zum Feiern ein"}]},{"@type":"WebSite","@id":"https:\/\/www.tafeldeko.de\/news\/#website","url":"https:\/\/www.tafeldeko.de\/news\/","name":"Tafeldeko","description":"Blog mit Tischdeko und Tischdekoration Ideen","potentialAction":[{"@type":"SearchAction","target":{"@type":"EntryPoint","urlTemplate":"https:\/\/www.tafeldeko.de\/news\/?s={search_term_string}"},"query-input":"required name=search_term_string"}],"inLanguage":"de-DE"},{"@type":"Person","@id":"https:\/\/www.tafeldeko.de\/news\/#\/schema\/person\/d2acd86447ed0b6336089a8ba83164a0","name":"Christiane Stein","image":{"@type":"ImageObject","inLanguage":"de-DE","@id":"https:\/\/www.tafeldeko.de\/news\/#\/schema\/person\/image\/","url":"https:\/\/secure.gravatar.com\/avatar\/2054729fbfd1ebc9d3cf1fd55361d0b6?s=96&d=mm&r=g","contentUrl":"https:\/\/secure.gravatar.com\/avatar\/2054729fbfd1ebc9d3cf1fd55361d0b6?s=96&d=mm&r=g","caption":"Christiane Stein"}}]}},"_links":{"self":[{"href":"https:\/\/www.tafeldeko.de\/news\/wp-json\/wp\/v2\/posts\/904"}],"collection":[{"href":"https:\/\/www.tafeldeko.de\/news\/wp-json\/wp\/v2\/posts"}],"about":[{"href":"https:\/\/www.tafeldeko.de\/news\/wp-json\/wp\/v2\/types\/post"}],"author":[{"embeddable":true,"href":"https:\/\/www.tafeldeko.de\/news\/wp-json\/wp\/v2\/users\/2"}],"replies":[{"embeddable":true,"href":"https:\/\/www.tafeldeko.de\/news\/wp-json\/wp\/v2\/comments?post=904"}],"version-history":[{"count":5,"href":"https:\/\/www.tafeldeko.de\/news\/wp-json\/wp\/v2\/posts\/904\/revisions"}],"predecessor-version":[{"id":24544,"href":"https:\/\/www.tafeldeko.de\/news\/wp-json\/wp\/v2\/posts\/904\/revisions\/24544"}],"wp:featuredmedia":[{"embeddable":true,"href":"https:\/\/www.tafeldeko.de\/news\/wp-json\/wp\/v2\/media\/478"}],"wp:attachment":[{"href":"https:\/\/www.tafeldeko.de\/news\/wp-json\/wp\/v2\/media?parent=904"}],"wp:term":[{"taxonomy":"category","embeddable":true,"href":"https:\/\/www.tafeldeko.de\/news\/wp-json\/wp\/v2\/categories?post=904"},{"taxonomy":"post_tag","embeddable":true,"href":"https:\/\/www.tafeldeko.de\/news\/wp-json\/wp\/v2\/tags?post=904"}],"curies":[{"name":"wp","href":"https:\/\/api.w.org\/{rel}","templated":true}]}}