{"id":8937,"date":"2018-04-11T07:33:08","date_gmt":"2018-04-11T06:33:08","guid":{"rendered":"https:\/\/www.tafeldeko.de\/news\/?p=8937"},"modified":"2023-07-12T11:03:53","modified_gmt":"2023-07-12T10:03:53","slug":"farbenfrohe-deko-wohnen-wohlfuehlen","status":"publish","type":"post","link":"https:\/\/www.tafeldeko.de\/news\/farbenfrohe-deko-wohnen-wohlfuehlen\/","title":{"rendered":"Farbenfrohe Deko \u2013 Wohnen &#038; Wohlf\u00fchlen"},"content":{"rendered":"<p>Eine farbenfrohe Deko ist nicht nur zum Kaffe und Kuchen mit den Freunden, der perfekte Anlass, um Farbe ins Spiel und in die eigenen vier W\u00e4nde zu bringen. Farbenfroh bedeutet dabei jedoch nicht, dass ihr x-beliebige Farben nach Lust und Laune f\u00fcr den Tischschmuck benutzt. Ganz im Gegenteil. Die Farben, die zum Einsatz kommen, sollten mit Liebe und Sorgfalt ausgew\u00e4hlt werden und miteinander harmonieren. Das ist sehr wichtig. Eine chaotisch ausgew\u00e4hlte farbenfrohe Deko m\u00f6chte schlie\u00dflich keiner vorfinden. Welche dekorativen Accessoires f\u00fcr die Deko gekonnt in Szene gesetzt werden, ist wie immer eine Frage des Geschmackes. Des Weiteren gibt es kein Patentrezept, wie die Dekoration in den eigenen vier W\u00e4nden auszusehen hat, sondern ist letztendlich euch \u00fcberlassen.<\/p>\n<p>\t\t\t\t\t\t\t\t\t\t\t\t\t<a href=\"https:\/\/www.tafeldeko.de\/mustertische\/tischdeko-ostern-fruehling\/Tisch-6.html\"><br \/>\n\t\t\t\t\t\t\t<img decoding=\"async\" width=\"768\" height=\"538\" src=\"https:\/\/www.tafeldeko.de\/news\/wp-content\/uploads\/2018\/04\/Farbenfrohe-Deko-768x538.jpg\" alt=\"Farbenfrohe Deko\" loading=\"lazy\" srcset=\"https:\/\/www.tafeldeko.de\/news\/wp-content\/uploads\/2018\/04\/Farbenfrohe-Deko-768x538.jpg 768w, https:\/\/www.tafeldeko.de\/news\/wp-content\/uploads\/2018\/04\/Farbenfrohe-Deko-300x210.jpg 300w, https:\/\/www.tafeldeko.de\/news\/wp-content\/uploads\/2018\/04\/Farbenfrohe-Deko-640x448.jpg 640w, https:\/\/www.tafeldeko.de\/news\/wp-content\/uploads\/2018\/04\/Farbenfrohe-Deko.jpg 1000w\" sizes=\"(max-width: 768px) 100vw, 768px\" \/>\t\t\t\t\t\t\t\t<\/a><\/p>\n<h2>Eine farbenfrohe Deko &#8211; ein Hoch auf den Wohlf\u00fchlcharakter<\/h2>\n<p>Die farbenfrohe Deko ist nicht f\u00fcr denn nachmitt\u00e4glichen Kaffeeklatsch mit euren Liebsten geeignet sondern kann auch Tag f\u00fcr Tag Gem\u00fctlichkeit in eurer Wohnung verspr\u00fchen. Eine M\u00f6glichkeit von vielen ist zum Bespiel die Kombination aus Zitronengelb, einem Hauch von Rosa und jede Menge Kreativit\u00e4t. Der Wow-Effekt bleibt da nicht aus. Leuchtende Farben auf dem Tisch machen die farbenfrohe Deko perfekt. Nicht nur die Wohnung hat sich einen neuen Look verdient, auch der Balkon oder die Terrasse laden zum Dekorieren ein. <\/p>\n<p>Accessoires, wie farbige Sitzkissen, gro\u00dfe Topfpflanzen, Lichterketten &amp; Co. sorgen garantiert f\u00fcr eine traumhafte Atmosph\u00e4re. Die farbenfrohe Deko kommt an vielen Pl\u00e4tzen zur Geltung und ist genau das Richtige, wenn der Fr\u00fchling vor der T\u00fcr steht. Das hei\u00dft n\u00e4mlich, dass der Sommer immer n\u00e4her r\u00fcckt und sp\u00e4testens dann wird jeder viele Stunden drau\u00dfen verbringen. Da ist ein liebevoll dekorierter Au\u00dfenbereich schon ein St\u00fcck purer Luxus. Sich sonnen, neue Energie tanken und ein k\u00fchles Kaltgetr\u00e4nk genie\u00dfen, so l\u00e4sst sich der Somme doch aushalten.<br \/>Die farbenfrohe Deko kann im Handumdrehen umgesetzt werden und das Sch\u00f6ne dabei ist, dass ihr eurer Fantasie und Kreativit\u00e4t freien Lauf lassen k\u00f6nnt. Mit der Dekoration seid ihr erst dann fertig, wenn ihr mit dem Endergebnis zufrieden seid. Ist das der Fall, k\u00f6nnt ihr euch entspannt zur\u00fccklehnen und die Zeit in vollen Z\u00fcgen genie\u00dfen.<\/p>\n<p>\t\t\t<a href=\"https:\/\/www.tafeldeko.de\/tischdeko-fruehling-ostern\/\"><br \/>\n\t\t\t\t\t\tZum Shop<br \/>\n\t\t\t\t\t<\/a><\/p>\n<h2>Weitere Beitr\u00e4ge:<\/h2>\n","protected":false},"excerpt":{"rendered":"<p>Eine farbenfrohe Deko ist nicht nur zum Kaffe und Kuchen mit den Freunden, der perfekte Anlass, um Farbe ins Spiel und in die eigenen vier W\u00e4nde zu bringen. Farbenfroh bedeutet dabei jedoch nicht, dass ihr x-beliebige Farben nach Lust und Laune f\u00fcr den Tischschmuck benutzt. Ganz im Gegenteil. Die Farben, die zum Einsatz kommen, sollten [&hellip;]<\/p>\n","protected":false},"author":6,"featured_media":11325,"comment_status":"closed","ping_status":"closed","sticky":false,"template":"","format":"standard","meta":{"footnotes":""},"categories":[524],"tags":[],"yoast_head":"<!-- This site is optimized with the Yoast SEO plugin v20.4 - https:\/\/yoast.com\/wordpress\/plugins\/seo\/ -->\n<title>Farbenfrohe Deko \u2013 Wohnen &amp; Wohlf\u00fchlen - Tafeldeko<\/title>\n<meta name=\"description\" content=\"Die farbenfrohe Deko kommt an vielen Pl\u00e4tzen zur Geltung und ist genau das Richtige, wenn der Fr\u00fchling vor der T\u00fcr steht.\" \/>\n<meta name=\"robots\" content=\"index, follow, max-snippet:-1, max-image-preview:large, max-video-preview:-1\" \/>\n<link rel=\"canonical\" href=\"https:\/\/www.tafeldeko.de\/news\/farbenfrohe-deko-wohnen-wohlfuehlen\/\" \/>\n<meta property=\"og:locale\" content=\"de_DE\" \/>\n<meta property=\"og:type\" content=\"article\" \/>\n<meta property=\"og:title\" content=\"Farbenfrohe Deko \u2013 Wohnen &amp; Wohlf\u00fchlen - Tafeldeko\" \/>\n<meta property=\"og:description\" content=\"Die farbenfrohe Deko kommt an vielen Pl\u00e4tzen zur Geltung und ist genau das Richtige, wenn der Fr\u00fchling vor der T\u00fcr steht.\" \/>\n<meta property=\"og:url\" content=\"https:\/\/www.tafeldeko.de\/news\/farbenfrohe-deko-wohnen-wohlfuehlen\/\" \/>\n<meta property=\"og:site_name\" content=\"Tafeldeko\" \/>\n<meta property=\"article:publisher\" content=\"https:\/\/www.facebook.com\/pages\/Tafeldeko-einzigartige-Tischdekoration\/174202655894\" \/>\n<meta property=\"article:published_time\" content=\"2018-04-11T06:33:08+00:00\" \/>\n<meta property=\"article:modified_time\" content=\"2023-07-12T10:03:53+00:00\" \/>\n<meta property=\"og:image\" content=\"https:\/\/www.tafeldeko.de\/news\/wp-content\/uploads\/2018\/04\/Farbenfrohe-Deko.jpg\" \/>\n\t<meta property=\"og:image:width\" content=\"1000\" \/>\n\t<meta property=\"og:image:height\" content=\"700\" \/>\n\t<meta property=\"og:image:type\" content=\"image\/jpeg\" \/>\n<meta name=\"author\" content=\"Tafeldeko Deko Team\" \/>\n<meta name=\"twitter:label1\" content=\"Verfasst von\" \/>\n\t<meta name=\"twitter:data1\" content=\"Tafeldeko Deko Team\" \/>\n\t<meta name=\"twitter:label2\" content=\"Gesch\u00e4tzte Lesezeit\" \/>\n\t<meta name=\"twitter:data2\" content=\"4 Minuten\" \/>\n<script type=\"application\/ld+json\" class=\"yoast-schema-graph\">{\"@context\":\"https:\/\/schema.org\",\"@graph\":[{\"@type\":\"WebPage\",\"@id\":\"https:\/\/www.tafeldeko.de\/news\/farbenfrohe-deko-wohnen-wohlfuehlen\/\",\"url\":\"https:\/\/www.tafeldeko.de\/news\/farbenfrohe-deko-wohnen-wohlfuehlen\/\",\"name\":\"Farbenfrohe Deko \u2013 Wohnen & Wohlf\u00fchlen - Tafeldeko\",\"isPartOf\":{\"@id\":\"https:\/\/www.tafeldeko.de\/news\/#website\"},\"datePublished\":\"2018-04-11T06:33:08+00:00\",\"dateModified\":\"2023-07-12T10:03:53+00:00\",\"author\":{\"@id\":\"https:\/\/www.tafeldeko.de\/news\/#\/schema\/person\/dc309fbb6a3e380919fc08342c3cc233\"},\"description\":\"Die farbenfrohe Deko kommt an vielen Pl\u00e4tzen zur Geltung und ist genau das Richtige, wenn der Fr\u00fchling vor der T\u00fcr steht.\",\"breadcrumb\":{\"@id\":\"https:\/\/www.tafeldeko.de\/news\/farbenfrohe-deko-wohnen-wohlfuehlen\/#breadcrumb\"},\"inLanguage\":\"de-DE\",\"potentialAction\":[{\"@type\":\"ReadAction\",\"target\":[\"https:\/\/www.tafeldeko.de\/news\/farbenfrohe-deko-wohnen-wohlfuehlen\/\"]}]},{\"@type\":\"BreadcrumbList\",\"@id\":\"https:\/\/www.tafeldeko.de\/news\/farbenfrohe-deko-wohnen-wohlfuehlen\/#breadcrumb\",\"itemListElement\":[{\"@type\":\"ListItem\",\"position\":1,\"name\":\"Tafeldeko\",\"item\":\"https:\/\/www.tafeldeko.de\/news\/\"},{\"@type\":\"ListItem\",\"position\":2,\"name\":\"Anl\u00e4sse\",\"item\":\"https:\/\/www.tafeldeko.de\/news\/anlaesse\/\"},{\"@type\":\"ListItem\",\"position\":3,\"name\":\"Jahreszeiten\",\"item\":\"https:\/\/www.tafeldeko.de\/news\/jahreszeiten\/\"},{\"@type\":\"ListItem\",\"position\":4,\"name\":\"Fr\u00fchlingsgef\u00fchle\",\"item\":\"https:\/\/www.tafeldeko.de\/news\/fruehlingsgefuehle\/\"},{\"@type\":\"ListItem\",\"position\":5,\"name\":\"Farbenfrohe Deko \u2013 Wohnen &#038; Wohlf\u00fchlen\"}]},{\"@type\":\"WebSite\",\"@id\":\"https:\/\/www.tafeldeko.de\/news\/#website\",\"url\":\"https:\/\/www.tafeldeko.de\/news\/\",\"name\":\"Tafeldeko\",\"description\":\"Blog mit Tischdeko und Tischdekoration Ideen\",\"potentialAction\":[{\"@type\":\"SearchAction\",\"target\":{\"@type\":\"EntryPoint\",\"urlTemplate\":\"https:\/\/www.tafeldeko.de\/news\/?s={search_term_string}\"},\"query-input\":\"required name=search_term_string\"}],\"inLanguage\":\"de-DE\"},{\"@type\":\"Person\",\"@id\":\"https:\/\/www.tafeldeko.de\/news\/#\/schema\/person\/dc309fbb6a3e380919fc08342c3cc233\",\"name\":\"Tafeldeko Deko Team\",\"image\":{\"@type\":\"ImageObject\",\"inLanguage\":\"de-DE\",\"@id\":\"https:\/\/www.tafeldeko.de\/news\/#\/schema\/person\/image\/\",\"url\":\"https:\/\/secure.gravatar.com\/avatar\/1e962f4040dc9996f0d200db31598854?s=96&d=mm&r=g\",\"contentUrl\":\"https:\/\/secure.gravatar.com\/avatar\/1e962f4040dc9996f0d200db31598854?s=96&d=mm&r=g\",\"caption\":\"Tafeldeko Deko Team\"}}]}<\/script>\n<!-- \/ Yoast SEO plugin. -->","yoast_head_json":{"title":"Farbenfrohe Deko \u2013 Wohnen & Wohlf\u00fchlen - Tafeldeko","description":"Die farbenfrohe Deko kommt an vielen Pl\u00e4tzen zur Geltung und ist genau das Richtige, wenn der Fr\u00fchling vor der T\u00fcr steht.","robots":{"index":"index","follow":"follow","max-snippet":"max-snippet:-1","max-image-preview":"max-image-preview:large","max-video-preview":"max-video-preview:-1"},"canonical":"https:\/\/www.tafeldeko.de\/news\/farbenfrohe-deko-wohnen-wohlfuehlen\/","og_locale":"de_DE","og_type":"article","og_title":"Farbenfrohe Deko \u2013 Wohnen & Wohlf\u00fchlen - Tafeldeko","og_description":"Die farbenfrohe Deko kommt an vielen Pl\u00e4tzen zur Geltung und ist genau das Richtige, wenn der Fr\u00fchling vor der T\u00fcr steht.","og_url":"https:\/\/www.tafeldeko.de\/news\/farbenfrohe-deko-wohnen-wohlfuehlen\/","og_site_name":"Tafeldeko","article_publisher":"https:\/\/www.facebook.com\/pages\/Tafeldeko-einzigartige-Tischdekoration\/174202655894","article_published_time":"2018-04-11T06:33:08+00:00","article_modified_time":"2023-07-12T10:03:53+00:00","og_image":[{"width":1000,"height":700,"url":"https:\/\/www.tafeldeko.de\/news\/wp-content\/uploads\/2018\/04\/Farbenfrohe-Deko.jpg","type":"image\/jpeg"}],"author":"Tafeldeko Deko Team","twitter_misc":{"Verfasst von":"Tafeldeko Deko Team","Gesch\u00e4tzte Lesezeit":"4 Minuten"},"schema":{"@context":"https:\/\/schema.org","@graph":[{"@type":"WebPage","@id":"https:\/\/www.tafeldeko.de\/news\/farbenfrohe-deko-wohnen-wohlfuehlen\/","url":"https:\/\/www.tafeldeko.de\/news\/farbenfrohe-deko-wohnen-wohlfuehlen\/","name":"Farbenfrohe Deko \u2013 Wohnen & Wohlf\u00fchlen - Tafeldeko","isPartOf":{"@id":"https:\/\/www.tafeldeko.de\/news\/#website"},"datePublished":"2018-04-11T06:33:08+00:00","dateModified":"2023-07-12T10:03:53+00:00","author":{"@id":"https:\/\/www.tafeldeko.de\/news\/#\/schema\/person\/dc309fbb6a3e380919fc08342c3cc233"},"description":"Die farbenfrohe Deko kommt an vielen Pl\u00e4tzen zur Geltung und ist genau das Richtige, wenn der Fr\u00fchling vor der T\u00fcr steht.","breadcrumb":{"@id":"https:\/\/www.tafeldeko.de\/news\/farbenfrohe-deko-wohnen-wohlfuehlen\/#breadcrumb"},"inLanguage":"de-DE","potentialAction":[{"@type":"ReadAction","target":["https:\/\/www.tafeldeko.de\/news\/farbenfrohe-deko-wohnen-wohlfuehlen\/"]}]},{"@type":"BreadcrumbList","@id":"https:\/\/www.tafeldeko.de\/news\/farbenfrohe-deko-wohnen-wohlfuehlen\/#breadcrumb","itemListElement":[{"@type":"ListItem","position":1,"name":"Tafeldeko","item":"https:\/\/www.tafeldeko.de\/news\/"},{"@type":"ListItem","position":2,"name":"Anl\u00e4sse","item":"https:\/\/www.tafeldeko.de\/news\/anlaesse\/"},{"@type":"ListItem","position":3,"name":"Jahreszeiten","item":"https:\/\/www.tafeldeko.de\/news\/jahreszeiten\/"},{"@type":"ListItem","position":4,"name":"Fr\u00fchlingsgef\u00fchle","item":"https:\/\/www.tafeldeko.de\/news\/fruehlingsgefuehle\/"},{"@type":"ListItem","position":5,"name":"Farbenfrohe Deko \u2013 Wohnen &#038; Wohlf\u00fchlen"}]},{"@type":"WebSite","@id":"https:\/\/www.tafeldeko.de\/news\/#website","url":"https:\/\/www.tafeldeko.de\/news\/","name":"Tafeldeko","description":"Blog mit Tischdeko und Tischdekoration Ideen","potentialAction":[{"@type":"SearchAction","target":{"@type":"EntryPoint","urlTemplate":"https:\/\/www.tafeldeko.de\/news\/?s={search_term_string}"},"query-input":"required name=search_term_string"}],"inLanguage":"de-DE"},{"@type":"Person","@id":"https:\/\/www.tafeldeko.de\/news\/#\/schema\/person\/dc309fbb6a3e380919fc08342c3cc233","name":"Tafeldeko Deko Team","image":{"@type":"ImageObject","inLanguage":"de-DE","@id":"https:\/\/www.tafeldeko.de\/news\/#\/schema\/person\/image\/","url":"https:\/\/secure.gravatar.com\/avatar\/1e962f4040dc9996f0d200db31598854?s=96&d=mm&r=g","contentUrl":"https:\/\/secure.gravatar.com\/avatar\/1e962f4040dc9996f0d200db31598854?s=96&d=mm&r=g","caption":"Tafeldeko Deko Team"}}]}},"_links":{"self":[{"href":"https:\/\/www.tafeldeko.de\/news\/wp-json\/wp\/v2\/posts\/8937"}],"collection":[{"href":"https:\/\/www.tafeldeko.de\/news\/wp-json\/wp\/v2\/posts"}],"about":[{"href":"https:\/\/www.tafeldeko.de\/news\/wp-json\/wp\/v2\/types\/post"}],"author":[{"embeddable":true,"href":"https:\/\/www.tafeldeko.de\/news\/wp-json\/wp\/v2\/users\/6"}],"replies":[{"embeddable":true,"href":"https:\/\/www.tafeldeko.de\/news\/wp-json\/wp\/v2\/comments?post=8937"}],"version-history":[{"count":15,"href":"https:\/\/www.tafeldeko.de\/news\/wp-json\/wp\/v2\/posts\/8937\/revisions"}],"predecessor-version":[{"id":25351,"href":"https:\/\/www.tafeldeko.de\/news\/wp-json\/wp\/v2\/posts\/8937\/revisions\/25351"}],"wp:featuredmedia":[{"embeddable":true,"href":"https:\/\/www.tafeldeko.de\/news\/wp-json\/wp\/v2\/media\/11325"}],"wp:attachment":[{"href":"https:\/\/www.tafeldeko.de\/news\/wp-json\/wp\/v2\/media?parent=8937"}],"wp:term":[{"taxonomy":"category","embeddable":true,"href":"https:\/\/www.tafeldeko.de\/news\/wp-json\/wp\/v2\/categories?post=8937"},{"taxonomy":"post_tag","embeddable":true,"href":"https:\/\/www.tafeldeko.de\/news\/wp-json\/wp\/v2\/tags?post=8937"}],"curies":[{"name":"wp","href":"https:\/\/api.w.org\/{rel}","templated":true}]}}