{"id":892,"date":"2013-12-04T08:11:42","date_gmt":"2013-12-04T06:11:42","guid":{"rendered":"http:\/\/www.tafeldeko.de\/news\/?p=892"},"modified":"2023-02-20T12:28:45","modified_gmt":"2023-02-20T11:28:45","slug":"geburtstag-tischdeko-schoene-momente-schoenes-ambiente","status":"publish","type":"post","link":"https:\/\/www.tafeldeko.de\/news\/geburtstag-tischdeko-schoene-momente-schoenes-ambiente\/","title":{"rendered":"Geburtstag Tischdeko &#8211; sch\u00f6ne Momente, sch\u00f6nes Ambiente"},"content":{"rendered":"<p>Der eigene <b>Geburtstag <\/b>und die Geburtstagsfeier &#8211; zwei Dinge, die zusammen geh\u00f6ren. Eine Geburtstagsfeier mit der Familie und den Freunden hat was und bietet auch so ein gewisses Ma\u00df an Vorfreude f\u00fcr alle. Vielleicht sieht man sich nicht so oft und daher ist ein <b>Geburtstag <\/b>eine willkommene Gelegenheit zu feiern. Um der Geburtstagsfeier den feierlichen Rahmen zu verleihen, ist eine <b><a title=\"Tischdekoration Geburtstag\" href=\"https:\/\/www.tafeldeko.de\/geburtstag-tischdeko\/\">Tischdekoration<\/a><\/b> eine hervorragende M\u00f6glichkeit. Gerade bei der <b>Tischdeko zum Geburtstag<\/b> sch\u00f6ne Momente hat man einen gro\u00dfen Spielraum, was die Farbe und die Auswahl der Accessoires anbelangt. Die <b>Geburtstag Tischdeko sch\u00f6ne Momente <\/b>erstreckt sich von der dezenten Pr\u00e4sentation in Wei\u00df oder Beige bis hin zu wunderbaren, kr\u00e4ftigen Farbt\u00f6nen. Oder Kombinationen verschiedener Farbt\u00f6ne versprechen einen echten Hingucker, eine atemberaubende Basis f\u00fcr eine sch\u00f6ne Geburtstagsfeier.<\/p>\n<p><img decoding=\"async\" loading=\"lazy\" src=\"https:\/\/www.tafeldeko.de\/news\/wp-content\/uploads\/2014\/09\/gebu_gruen_silber.jpg\" sizes=\"(max-width: 518px) 100vw, 518px\" srcset=\"https:\/\/www.tafeldeko.de\/news\/wp-content\/uploads\/2014\/09\/gebu_gruen_silber.jpg 518w, https:\/\/www.tafeldeko.de\/news\/wp-content\/uploads\/2014\/09\/gebu_gruen_silber-300x189.jpg 300w\" alt=\"Geburtstag Tischdeko sch\u00f6ne Momente\" width=\"518\" height=\"328\" \/><\/p>\n<h2>Geburtstag Tischdeko sorgt f\u00fcr sch\u00f6ne Momente in Grau und Gr\u00fcn<\/h2>\n<p>Auf dem Mustertisch sehen Sie eine wundersch\u00f6ne Kombination aus Gr\u00fcn und Silber, die auch Ihrer Geburtstagsfeier den ganz pers\u00f6nlichen Charme verleihen kann. Alleine diese Farbkombination ist ein Hingucker. F\u00fcr diese <b><a title=\"Tischdekoration Geburtstag\" href=\"https:\/\/www.tafeldeko.de\/index.php\/cat\/c50_Tischdeko-Geburtstag.html\">Tischdeko zum Geburtstag<\/a><\/b> ben\u00f6tigen Sie eine wei\u00dfe Tischdecke, einen schwarzen Duni Tischl\u00e4ufer, wei\u00dfes Sizoweb Tischband, Organza Dekostoff in Silber und Satin Tischband in Gr\u00fcn. Diese Accessoires bestimmen die sch\u00f6ne Basis des Tisches. Als Accessoires und <b>besondere Blickf\u00e4nge<\/b> arrangieren Sie beispielsweise: Glasteelichthalter mit Metalleinsatz, Keramikv\u00f6gel, Dekoherzen und Rosen Bl\u00e4tter. F\u00fcr die tolle Tischmitte: ein Keramiktopf in Glanzwei\u00df mit Silberrand, bef\u00fcllt mit einer Deko Kunstblume in Gr\u00fcn.<br \/>\nAuch die <b><a title=\"Servietten\" href=\"https:\/\/www.tafeldeko.de\/index.php\/cat\/c486_Servietten.html\">Servietten<\/a><\/b> k\u00f6nnen eindrucksvoll auf dem Tisch arrangiert werden. Falten Sie Duni Servietten Dunilin in Grau mit Servietten Modern Colors gr\u00fcn oder den Spitzenbesatz Schwarz Servietten &#8211; alle Varianten bescheren ein tolles Bild auf dem Tisch.<br \/>\nMit einer solchen Tischdekoration k\u00f6nnen Sie Ihre G\u00e4ste garantiert begeistern.<\/p>\n<p><a role=\"button\" href=\"https:\/\/www.tafeldeko.de\/tischdeko-ideen\/geburtstag-tischdeko\/\"><br \/>\n&gt;&gt; Zu den Mustertischen &lt;&lt;<br \/>\n<\/a><\/p>\n<h2>Weitere Beitr\u00e4ge:<\/h2>\n<h2>Dekoartikel von A-Z<\/h2>\n<p><a href=\"https:\/\/www.tafeldeko.de\/tischdeko-artikel\/\"><br \/>\nJetzt entdecken <\/a><\/p>\n","protected":false},"excerpt":{"rendered":"<p>Der eigene Geburtstag und die Geburtstagsfeier &#8211; zwei Dinge, die zusammen geh\u00f6ren. Eine Geburtstagsfeier mit der Familie und den Freunden hat was und bietet auch so ein gewisses Ma\u00df an Vorfreude f\u00fcr alle. Vielleicht sieht man sich nicht so oft und von daher ist ein Geburtstag eine willkommene Gelegenheit, sich wieder zu treffen, zu feiern und zu reden.<\/p>\n","protected":false},"author":2,"featured_media":893,"comment_status":"open","ping_status":"open","sticky":false,"template":"","format":"standard","meta":{"footnotes":""},"categories":[1],"tags":[],"yoast_head":"<!-- This site is optimized with the Yoast SEO plugin v20.4 - https:\/\/yoast.com\/wordpress\/plugins\/seo\/ -->\n<title>Geburtstag Tischdeko - sch\u00f6ne Momente, sch\u00f6nes Ambiente - Tafeldeko<\/title>\n<meta name=\"description\" content=\"Mit der Geburtstag Tischdeko sch\u00f6ne Momente in Gr\u00fcn und Silber haben Sie eine atemberaubende Basis f\u00fcr eine tolle Feier arrangiert.\" \/>\n<meta name=\"robots\" content=\"index, follow, max-snippet:-1, max-image-preview:large, max-video-preview:-1\" \/>\n<link rel=\"canonical\" href=\"https:\/\/www.tafeldeko.de\/news\/geburtstag-tischdeko-schoene-momente-schoenes-ambiente\/\" \/>\n<meta property=\"og:locale\" content=\"de_DE\" \/>\n<meta property=\"og:type\" content=\"article\" \/>\n<meta property=\"og:title\" content=\"Geburtstag Tischdeko - sch\u00f6ne Momente, sch\u00f6nes Ambiente - Tafeldeko\" \/>\n<meta property=\"og:description\" content=\"Mit der Geburtstag Tischdeko sch\u00f6ne Momente in Gr\u00fcn und Silber haben Sie eine atemberaubende Basis f\u00fcr eine tolle Feier arrangiert.\" \/>\n<meta property=\"og:url\" content=\"https:\/\/www.tafeldeko.de\/news\/geburtstag-tischdeko-schoene-momente-schoenes-ambiente\/\" \/>\n<meta property=\"og:site_name\" content=\"Tafeldeko\" \/>\n<meta property=\"article:publisher\" content=\"https:\/\/www.facebook.com\/pages\/Tafeldeko-einzigartige-Tischdekoration\/174202655894\" \/>\n<meta property=\"article:published_time\" content=\"2013-12-04T06:11:42+00:00\" \/>\n<meta property=\"article:modified_time\" content=\"2023-02-20T11:28:45+00:00\" \/>\n<meta property=\"og:image\" content=\"https:\/\/www.tafeldeko.de\/news\/wp-content\/uploads\/2014\/09\/gebu_gruen_silber.jpg\" \/>\n\t<meta property=\"og:image:width\" content=\"518\" \/>\n\t<meta property=\"og:image:height\" content=\"328\" \/>\n\t<meta property=\"og:image:type\" content=\"image\/jpeg\" \/>\n<meta name=\"author\" content=\"Christiane Stein\" \/>\n<meta name=\"twitter:label1\" content=\"Verfasst von\" \/>\n\t<meta name=\"twitter:data1\" content=\"Christiane Stein\" \/>\n\t<meta name=\"twitter:label2\" content=\"Gesch\u00e4tzte Lesezeit\" \/>\n\t<meta name=\"twitter:data2\" content=\"2 Minuten\" \/>\n<script type=\"application\/ld+json\" class=\"yoast-schema-graph\">{\"@context\":\"https:\/\/schema.org\",\"@graph\":[{\"@type\":\"WebPage\",\"@id\":\"https:\/\/www.tafeldeko.de\/news\/geburtstag-tischdeko-schoene-momente-schoenes-ambiente\/\",\"url\":\"https:\/\/www.tafeldeko.de\/news\/geburtstag-tischdeko-schoene-momente-schoenes-ambiente\/\",\"name\":\"Geburtstag Tischdeko - sch\u00f6ne Momente, sch\u00f6nes Ambiente - Tafeldeko\",\"isPartOf\":{\"@id\":\"https:\/\/www.tafeldeko.de\/news\/#website\"},\"datePublished\":\"2013-12-04T06:11:42+00:00\",\"dateModified\":\"2023-02-20T11:28:45+00:00\",\"author\":{\"@id\":\"https:\/\/www.tafeldeko.de\/news\/#\/schema\/person\/d2acd86447ed0b6336089a8ba83164a0\"},\"description\":\"Mit der Geburtstag Tischdeko sch\u00f6ne Momente in Gr\u00fcn und Silber haben Sie eine atemberaubende Basis f\u00fcr eine tolle Feier arrangiert.\",\"breadcrumb\":{\"@id\":\"https:\/\/www.tafeldeko.de\/news\/geburtstag-tischdeko-schoene-momente-schoenes-ambiente\/#breadcrumb\"},\"inLanguage\":\"de-DE\",\"potentialAction\":[{\"@type\":\"ReadAction\",\"target\":[\"https:\/\/www.tafeldeko.de\/news\/geburtstag-tischdeko-schoene-momente-schoenes-ambiente\/\"]}]},{\"@type\":\"BreadcrumbList\",\"@id\":\"https:\/\/www.tafeldeko.de\/news\/geburtstag-tischdeko-schoene-momente-schoenes-ambiente\/#breadcrumb\",\"itemListElement\":[{\"@type\":\"ListItem\",\"position\":1,\"name\":\"Tafeldeko\",\"item\":\"https:\/\/www.tafeldeko.de\/news\/\"},{\"@type\":\"ListItem\",\"position\":2,\"name\":\"Alte Beitr\u00e4ge\",\"item\":\"https:\/\/www.tafeldeko.de\/news\/alte-beitraege\/\"},{\"@type\":\"ListItem\",\"position\":3,\"name\":\"Tischdeko - Blog\",\"item\":\"https:\/\/www.tafeldeko.de\/news\/alte-beitraege\/tischdeko-blog\/\"},{\"@type\":\"ListItem\",\"position\":4,\"name\":\"Geburtstag Tischdeko &#8211; sch\u00f6ne Momente, sch\u00f6nes Ambiente\"}]},{\"@type\":\"WebSite\",\"@id\":\"https:\/\/www.tafeldeko.de\/news\/#website\",\"url\":\"https:\/\/www.tafeldeko.de\/news\/\",\"name\":\"Tafeldeko\",\"description\":\"Blog mit Tischdeko und Tischdekoration Ideen\",\"potentialAction\":[{\"@type\":\"SearchAction\",\"target\":{\"@type\":\"EntryPoint\",\"urlTemplate\":\"https:\/\/www.tafeldeko.de\/news\/?s={search_term_string}\"},\"query-input\":\"required name=search_term_string\"}],\"inLanguage\":\"de-DE\"},{\"@type\":\"Person\",\"@id\":\"https:\/\/www.tafeldeko.de\/news\/#\/schema\/person\/d2acd86447ed0b6336089a8ba83164a0\",\"name\":\"Christiane Stein\",\"image\":{\"@type\":\"ImageObject\",\"inLanguage\":\"de-DE\",\"@id\":\"https:\/\/www.tafeldeko.de\/news\/#\/schema\/person\/image\/\",\"url\":\"https:\/\/secure.gravatar.com\/avatar\/2054729fbfd1ebc9d3cf1fd55361d0b6?s=96&d=mm&r=g\",\"contentUrl\":\"https:\/\/secure.gravatar.com\/avatar\/2054729fbfd1ebc9d3cf1fd55361d0b6?s=96&d=mm&r=g\",\"caption\":\"Christiane Stein\"}}]}<\/script>\n<!-- \/ Yoast SEO plugin. -->","yoast_head_json":{"title":"Geburtstag Tischdeko - sch\u00f6ne Momente, sch\u00f6nes Ambiente - Tafeldeko","description":"Mit der Geburtstag Tischdeko sch\u00f6ne Momente in Gr\u00fcn und Silber haben Sie eine atemberaubende Basis f\u00fcr eine tolle Feier arrangiert.","robots":{"index":"index","follow":"follow","max-snippet":"max-snippet:-1","max-image-preview":"max-image-preview:large","max-video-preview":"max-video-preview:-1"},"canonical":"https:\/\/www.tafeldeko.de\/news\/geburtstag-tischdeko-schoene-momente-schoenes-ambiente\/","og_locale":"de_DE","og_type":"article","og_title":"Geburtstag Tischdeko - sch\u00f6ne Momente, sch\u00f6nes Ambiente - Tafeldeko","og_description":"Mit der Geburtstag Tischdeko sch\u00f6ne Momente in Gr\u00fcn und Silber haben Sie eine atemberaubende Basis f\u00fcr eine tolle Feier arrangiert.","og_url":"https:\/\/www.tafeldeko.de\/news\/geburtstag-tischdeko-schoene-momente-schoenes-ambiente\/","og_site_name":"Tafeldeko","article_publisher":"https:\/\/www.facebook.com\/pages\/Tafeldeko-einzigartige-Tischdekoration\/174202655894","article_published_time":"2013-12-04T06:11:42+00:00","article_modified_time":"2023-02-20T11:28:45+00:00","og_image":[{"width":518,"height":328,"url":"https:\/\/www.tafeldeko.de\/news\/wp-content\/uploads\/2014\/09\/gebu_gruen_silber.jpg","type":"image\/jpeg"}],"author":"Christiane Stein","twitter_misc":{"Verfasst von":"Christiane Stein","Gesch\u00e4tzte Lesezeit":"2 Minuten"},"schema":{"@context":"https:\/\/schema.org","@graph":[{"@type":"WebPage","@id":"https:\/\/www.tafeldeko.de\/news\/geburtstag-tischdeko-schoene-momente-schoenes-ambiente\/","url":"https:\/\/www.tafeldeko.de\/news\/geburtstag-tischdeko-schoene-momente-schoenes-ambiente\/","name":"Geburtstag Tischdeko - sch\u00f6ne Momente, sch\u00f6nes Ambiente - Tafeldeko","isPartOf":{"@id":"https:\/\/www.tafeldeko.de\/news\/#website"},"datePublished":"2013-12-04T06:11:42+00:00","dateModified":"2023-02-20T11:28:45+00:00","author":{"@id":"https:\/\/www.tafeldeko.de\/news\/#\/schema\/person\/d2acd86447ed0b6336089a8ba83164a0"},"description":"Mit der Geburtstag Tischdeko sch\u00f6ne Momente in Gr\u00fcn und Silber haben Sie eine atemberaubende Basis f\u00fcr eine tolle Feier arrangiert.","breadcrumb":{"@id":"https:\/\/www.tafeldeko.de\/news\/geburtstag-tischdeko-schoene-momente-schoenes-ambiente\/#breadcrumb"},"inLanguage":"de-DE","potentialAction":[{"@type":"ReadAction","target":["https:\/\/www.tafeldeko.de\/news\/geburtstag-tischdeko-schoene-momente-schoenes-ambiente\/"]}]},{"@type":"BreadcrumbList","@id":"https:\/\/www.tafeldeko.de\/news\/geburtstag-tischdeko-schoene-momente-schoenes-ambiente\/#breadcrumb","itemListElement":[{"@type":"ListItem","position":1,"name":"Tafeldeko","item":"https:\/\/www.tafeldeko.de\/news\/"},{"@type":"ListItem","position":2,"name":"Alte Beitr\u00e4ge","item":"https:\/\/www.tafeldeko.de\/news\/alte-beitraege\/"},{"@type":"ListItem","position":3,"name":"Tischdeko - Blog","item":"https:\/\/www.tafeldeko.de\/news\/alte-beitraege\/tischdeko-blog\/"},{"@type":"ListItem","position":4,"name":"Geburtstag Tischdeko &#8211; sch\u00f6ne Momente, sch\u00f6nes Ambiente"}]},{"@type":"WebSite","@id":"https:\/\/www.tafeldeko.de\/news\/#website","url":"https:\/\/www.tafeldeko.de\/news\/","name":"Tafeldeko","description":"Blog mit Tischdeko und Tischdekoration Ideen","potentialAction":[{"@type":"SearchAction","target":{"@type":"EntryPoint","urlTemplate":"https:\/\/www.tafeldeko.de\/news\/?s={search_term_string}"},"query-input":"required name=search_term_string"}],"inLanguage":"de-DE"},{"@type":"Person","@id":"https:\/\/www.tafeldeko.de\/news\/#\/schema\/person\/d2acd86447ed0b6336089a8ba83164a0","name":"Christiane Stein","image":{"@type":"ImageObject","inLanguage":"de-DE","@id":"https:\/\/www.tafeldeko.de\/news\/#\/schema\/person\/image\/","url":"https:\/\/secure.gravatar.com\/avatar\/2054729fbfd1ebc9d3cf1fd55361d0b6?s=96&d=mm&r=g","contentUrl":"https:\/\/secure.gravatar.com\/avatar\/2054729fbfd1ebc9d3cf1fd55361d0b6?s=96&d=mm&r=g","caption":"Christiane Stein"}}]}},"_links":{"self":[{"href":"https:\/\/www.tafeldeko.de\/news\/wp-json\/wp\/v2\/posts\/892"}],"collection":[{"href":"https:\/\/www.tafeldeko.de\/news\/wp-json\/wp\/v2\/posts"}],"about":[{"href":"https:\/\/www.tafeldeko.de\/news\/wp-json\/wp\/v2\/types\/post"}],"author":[{"embeddable":true,"href":"https:\/\/www.tafeldeko.de\/news\/wp-json\/wp\/v2\/users\/2"}],"replies":[{"embeddable":true,"href":"https:\/\/www.tafeldeko.de\/news\/wp-json\/wp\/v2\/comments?post=892"}],"version-history":[{"count":14,"href":"https:\/\/www.tafeldeko.de\/news\/wp-json\/wp\/v2\/posts\/892\/revisions"}],"predecessor-version":[{"id":23965,"href":"https:\/\/www.tafeldeko.de\/news\/wp-json\/wp\/v2\/posts\/892\/revisions\/23965"}],"wp:featuredmedia":[{"embeddable":true,"href":"https:\/\/www.tafeldeko.de\/news\/wp-json\/wp\/v2\/media\/893"}],"wp:attachment":[{"href":"https:\/\/www.tafeldeko.de\/news\/wp-json\/wp\/v2\/media?parent=892"}],"wp:term":[{"taxonomy":"category","embeddable":true,"href":"https:\/\/www.tafeldeko.de\/news\/wp-json\/wp\/v2\/categories?post=892"},{"taxonomy":"post_tag","embeddable":true,"href":"https:\/\/www.tafeldeko.de\/news\/wp-json\/wp\/v2\/tags?post=892"}],"curies":[{"name":"wp","href":"https:\/\/api.w.org\/{rel}","templated":true}]}}