{"id":830,"date":"2014-07-05T08:53:37","date_gmt":"2014-07-05T06:53:37","guid":{"rendered":"http:\/\/www.tafeldeko.de\/news\/?p=830"},"modified":"2023-02-16T13:47:29","modified_gmt":"2023-02-16T12:47:29","slug":"ein-sommerfest-im-garten-da-darf-eine-originelle-tischdekoration-nicht-fehlen","status":"publish","type":"post","link":"https:\/\/www.tafeldeko.de\/news\/ein-sommerfest-im-garten-da-darf-eine-originelle-tischdekoration-nicht-fehlen\/","title":{"rendered":"Ein Sommerfest im Garten &#8211; da darf eine originelle Tischdekoration nicht fehlen"},"content":{"rendered":"<p>Steht einem ein <b>Sommerfest im Garten<\/b> bevor, wird man sich auf einen sch\u00f6nen Tag mit seinen Liebsten freuen k\u00f6nnen. \u00dcber gemeinsame Zeiten reden, Spa\u00df haben und Feiern &#8211; was will man mehr &#8211; nat\u00fcrlich bei sch\u00f6nem Wetter.<br \/>\nDamit das Sommerfest im Garten zu einem sch\u00f6nen Event wird, sind die Vorbereitungen von gro\u00dfer Wichtigkeit. Was keinesfalls fehlen darf, ist eine sch\u00f6ne Tischdekoration f\u00fcr dieses Fest.<\/p>\n<p><img decoding=\"async\" loading=\"lazy\" src=\"https:\/\/www.tafeldeko.de\/news\/wp-content\/uploads\/2014\/09\/set_froesche.jpg\" sizes=\"(max-width: 238px) 100vw, 238px\" srcset=\"https:\/\/www.tafeldeko.de\/news\/wp-content\/uploads\/2014\/09\/set_froesche.jpg 238w, https:\/\/www.tafeldeko.de\/news\/wp-content\/uploads\/2014\/09\/set_froesche-150x150.jpg 150w\" alt=\"Sommerfest im Garten\" width=\"238\" height=\"238\" \/><\/p>\n<h2>Sommerfest im Garten &#8211; so gelingt die Feier<\/h2>\n<p>An <b>Ideen <\/b>wird es gewiss nicht mangeln, denn die M\u00f6glichkeiten sind vielseitig und f\u00fcr jeden Geschmack l\u00e4sst sich etwas Passendes finden.<br \/>\nTischdekorationen mit lustigen Dekofiguren verleihen dem Sommerfest im Garten einen sch\u00f6nen Charakter und es kommt eine gewisse Lockerheit auf. Mit dem 2er Set Fr\u00f6sche mit Marienk\u00e4fer, die man bei dem Onlineshop von Tafeldeko k\u00e4uflich erwerben kann, bringen Sie Farbe, Witz und Sommerlaune auf den Tisch.<br \/>\nF\u00fcr die Gartendekoration ist dieses lustige Frosch-Duo genau das Richtige, wenn man eine verspiele Tischdekoration kreieren m\u00f6chte. Des Weiteren kann man dazu farblich passende <b><a title=\"Tischdecken\" href=\"https:\/\/www.tafeldeko.de\/index.php\/cat\/c2028_Tischdecken.html\">Tischdecken<\/a><\/b> oder Tischl\u00e4ufer w\u00e4hlen und weitere dekorative Accessoires auf dem Tisch in Szene setzen, wie zum Beispiel Windlichter, frische Blumen, <b><a title=\"Streuteile\" href=\"https:\/\/www.tafeldeko.de\/index.php\/cat\/c1810_Streudeko.html\">Streuteile<\/a><\/b> aus Holz und vieles mehr.<br \/>\nEs kann eben alles in Frage kommen, was einem gef\u00e4llt und zum Gesamtbild passt. Man muss nur darauf achten, dass man nicht zu viele Farben miteinander kombiniert, sonst hat man am Ende ein lustiges Farbenspiel, was man nat\u00fcrlich nicht haben m\u00f6chte.<br \/>\nWenn man also ein Sommerfest im Garten organisieren m\u00f6chte, sollte auf eine farbenfrohe und originelle Tischdeko setzen. Bekanntlich isst das Auge mit und diese Worte sollte man sich zu Herzen nehmen. Schafft man eine <b>gem\u00fctliche Atmosph\u00e4re<\/b>, dann sollte einem unvergesslichen Tag nichts mehr in die Quere kommen.<\/p>\n<p><a role=\"button\" href=\"https:\/\/www.tafeldeko.de\/tischdeko-ideen\/sommer-tischdeko\/\"><br \/>\n&gt;&gt; Zu den Mustertischen &lt;&lt;<br \/>\n<\/a><\/p>\n<h2>Weitere Beitr\u00e4ge:<\/h2>\n<h2>Dekoartikel von A-Z<\/h2>\n<p><a href=\"https:\/\/www.tafeldeko.de\/tischdeko-artikel\/\"><br \/>\nJetzt entdecken <\/a><\/p>\n","protected":false},"excerpt":{"rendered":"<p>Steht einem ein Sommerfest im Garten bevor, wird man sich auf einen sch\u00f6nen Tag mit seinen Liebsten freuen k\u00f6nnen. \u00dcber gemeinsame Zeiten reden, Spa\u00df haben und Feiern &#8211; was will man mehr &#8211; nat\u00fcrlich bei sch\u00f6nem Wetter.<br \/>\nDamit das Sommerfest im Garten zu einem sch\u00f6nen Event wird, sind die Vorbereitungen von gro\u00dfer Wichtigkeit. Was keinesfalls fehlen darf, ist eine sch\u00f6ne Tischdekoration f\u00fcr dieses Fest.<br \/>\nAn Ideen wird es gewiss nicht mangeln, denn die M\u00f6glichkeiten sind vielseitig und f\u00fcr jeden Geschmack l\u00e4sst sich etwas Passendes finden.<\/p>\n","protected":false},"author":2,"featured_media":831,"comment_status":"closed","ping_status":"closed","sticky":false,"template":"","format":"standard","meta":{"footnotes":""},"categories":[1],"tags":[],"yoast_head":"<!-- This site is optimized with the Yoast SEO plugin v20.4 - https:\/\/yoast.com\/wordpress\/plugins\/seo\/ -->\n<title>Ein Sommerfest im Garten - da darf eine originelle Tischdekoration nicht fehlen - Tafeldeko<\/title>\n<meta name=\"description\" content=\"Tischdekorationen mit lustigen Dekofiguren verleihen dem Sommerfest im Garten einen sch\u00f6nen Charakter und es kommt eine gewisse...\" \/>\n<meta name=\"robots\" content=\"index, follow, max-snippet:-1, max-image-preview:large, max-video-preview:-1\" \/>\n<link rel=\"canonical\" href=\"https:\/\/www.tafeldeko.de\/news\/ein-sommerfest-im-garten-da-darf-eine-originelle-tischdekoration-nicht-fehlen\/\" \/>\n<meta property=\"og:locale\" content=\"de_DE\" \/>\n<meta property=\"og:type\" content=\"article\" \/>\n<meta property=\"og:title\" content=\"Ein Sommerfest im Garten - da darf eine originelle Tischdekoration nicht fehlen - Tafeldeko\" \/>\n<meta property=\"og:description\" content=\"Tischdekorationen mit lustigen Dekofiguren verleihen dem Sommerfest im Garten einen sch\u00f6nen Charakter und es kommt eine gewisse...\" \/>\n<meta property=\"og:url\" content=\"https:\/\/www.tafeldeko.de\/news\/ein-sommerfest-im-garten-da-darf-eine-originelle-tischdekoration-nicht-fehlen\/\" \/>\n<meta property=\"og:site_name\" content=\"Tafeldeko\" \/>\n<meta property=\"article:publisher\" content=\"https:\/\/www.facebook.com\/pages\/Tafeldeko-einzigartige-Tischdekoration\/174202655894\" \/>\n<meta property=\"article:published_time\" content=\"2014-07-05T06:53:37+00:00\" \/>\n<meta property=\"article:modified_time\" content=\"2023-02-16T12:47:29+00:00\" \/>\n<meta property=\"og:image\" content=\"https:\/\/www.tafeldeko.de\/news\/wp-content\/uploads\/2014\/09\/set_froesche.jpg\" \/>\n\t<meta property=\"og:image:width\" content=\"238\" \/>\n\t<meta property=\"og:image:height\" content=\"238\" \/>\n\t<meta property=\"og:image:type\" content=\"image\/jpeg\" \/>\n<meta name=\"author\" content=\"Christiane Stein\" \/>\n<meta name=\"twitter:label1\" content=\"Verfasst von\" \/>\n\t<meta name=\"twitter:data1\" content=\"Christiane Stein\" \/>\n\t<meta name=\"twitter:label2\" content=\"Gesch\u00e4tzte Lesezeit\" \/>\n\t<meta name=\"twitter:data2\" content=\"2 Minuten\" \/>\n<script type=\"application\/ld+json\" class=\"yoast-schema-graph\">{\"@context\":\"https:\/\/schema.org\",\"@graph\":[{\"@type\":\"WebPage\",\"@id\":\"https:\/\/www.tafeldeko.de\/news\/ein-sommerfest-im-garten-da-darf-eine-originelle-tischdekoration-nicht-fehlen\/\",\"url\":\"https:\/\/www.tafeldeko.de\/news\/ein-sommerfest-im-garten-da-darf-eine-originelle-tischdekoration-nicht-fehlen\/\",\"name\":\"Ein Sommerfest im Garten - da darf eine originelle Tischdekoration nicht fehlen - Tafeldeko\",\"isPartOf\":{\"@id\":\"https:\/\/www.tafeldeko.de\/news\/#website\"},\"datePublished\":\"2014-07-05T06:53:37+00:00\",\"dateModified\":\"2023-02-16T12:47:29+00:00\",\"author\":{\"@id\":\"https:\/\/www.tafeldeko.de\/news\/#\/schema\/person\/d2acd86447ed0b6336089a8ba83164a0\"},\"description\":\"Tischdekorationen mit lustigen Dekofiguren verleihen dem Sommerfest im Garten einen sch\u00f6nen Charakter und es kommt eine gewisse...\",\"breadcrumb\":{\"@id\":\"https:\/\/www.tafeldeko.de\/news\/ein-sommerfest-im-garten-da-darf-eine-originelle-tischdekoration-nicht-fehlen\/#breadcrumb\"},\"inLanguage\":\"de-DE\",\"potentialAction\":[{\"@type\":\"ReadAction\",\"target\":[\"https:\/\/www.tafeldeko.de\/news\/ein-sommerfest-im-garten-da-darf-eine-originelle-tischdekoration-nicht-fehlen\/\"]}]},{\"@type\":\"BreadcrumbList\",\"@id\":\"https:\/\/www.tafeldeko.de\/news\/ein-sommerfest-im-garten-da-darf-eine-originelle-tischdekoration-nicht-fehlen\/#breadcrumb\",\"itemListElement\":[{\"@type\":\"ListItem\",\"position\":1,\"name\":\"Tafeldeko\",\"item\":\"https:\/\/www.tafeldeko.de\/news\/\"},{\"@type\":\"ListItem\",\"position\":2,\"name\":\"Alte Beitr\u00e4ge\",\"item\":\"https:\/\/www.tafeldeko.de\/news\/alte-beitraege\/\"},{\"@type\":\"ListItem\",\"position\":3,\"name\":\"Tischdeko - Blog\",\"item\":\"https:\/\/www.tafeldeko.de\/news\/alte-beitraege\/tischdeko-blog\/\"},{\"@type\":\"ListItem\",\"position\":4,\"name\":\"Ein Sommerfest im Garten &#8211; da darf eine originelle Tischdekoration nicht fehlen\"}]},{\"@type\":\"WebSite\",\"@id\":\"https:\/\/www.tafeldeko.de\/news\/#website\",\"url\":\"https:\/\/www.tafeldeko.de\/news\/\",\"name\":\"Tafeldeko\",\"description\":\"Blog mit Tischdeko und Tischdekoration Ideen\",\"potentialAction\":[{\"@type\":\"SearchAction\",\"target\":{\"@type\":\"EntryPoint\",\"urlTemplate\":\"https:\/\/www.tafeldeko.de\/news\/?s={search_term_string}\"},\"query-input\":\"required name=search_term_string\"}],\"inLanguage\":\"de-DE\"},{\"@type\":\"Person\",\"@id\":\"https:\/\/www.tafeldeko.de\/news\/#\/schema\/person\/d2acd86447ed0b6336089a8ba83164a0\",\"name\":\"Christiane Stein\",\"image\":{\"@type\":\"ImageObject\",\"inLanguage\":\"de-DE\",\"@id\":\"https:\/\/www.tafeldeko.de\/news\/#\/schema\/person\/image\/\",\"url\":\"https:\/\/secure.gravatar.com\/avatar\/2054729fbfd1ebc9d3cf1fd55361d0b6?s=96&d=mm&r=g\",\"contentUrl\":\"https:\/\/secure.gravatar.com\/avatar\/2054729fbfd1ebc9d3cf1fd55361d0b6?s=96&d=mm&r=g\",\"caption\":\"Christiane Stein\"}}]}<\/script>\n<!-- \/ Yoast SEO plugin. -->","yoast_head_json":{"title":"Ein Sommerfest im Garten - da darf eine originelle Tischdekoration nicht fehlen - Tafeldeko","description":"Tischdekorationen mit lustigen Dekofiguren verleihen dem Sommerfest im Garten einen sch\u00f6nen Charakter und es kommt eine gewisse...","robots":{"index":"index","follow":"follow","max-snippet":"max-snippet:-1","max-image-preview":"max-image-preview:large","max-video-preview":"max-video-preview:-1"},"canonical":"https:\/\/www.tafeldeko.de\/news\/ein-sommerfest-im-garten-da-darf-eine-originelle-tischdekoration-nicht-fehlen\/","og_locale":"de_DE","og_type":"article","og_title":"Ein Sommerfest im Garten - da darf eine originelle Tischdekoration nicht fehlen - Tafeldeko","og_description":"Tischdekorationen mit lustigen Dekofiguren verleihen dem Sommerfest im Garten einen sch\u00f6nen Charakter und es kommt eine gewisse...","og_url":"https:\/\/www.tafeldeko.de\/news\/ein-sommerfest-im-garten-da-darf-eine-originelle-tischdekoration-nicht-fehlen\/","og_site_name":"Tafeldeko","article_publisher":"https:\/\/www.facebook.com\/pages\/Tafeldeko-einzigartige-Tischdekoration\/174202655894","article_published_time":"2014-07-05T06:53:37+00:00","article_modified_time":"2023-02-16T12:47:29+00:00","og_image":[{"width":238,"height":238,"url":"https:\/\/www.tafeldeko.de\/news\/wp-content\/uploads\/2014\/09\/set_froesche.jpg","type":"image\/jpeg"}],"author":"Christiane Stein","twitter_misc":{"Verfasst von":"Christiane Stein","Gesch\u00e4tzte Lesezeit":"2 Minuten"},"schema":{"@context":"https:\/\/schema.org","@graph":[{"@type":"WebPage","@id":"https:\/\/www.tafeldeko.de\/news\/ein-sommerfest-im-garten-da-darf-eine-originelle-tischdekoration-nicht-fehlen\/","url":"https:\/\/www.tafeldeko.de\/news\/ein-sommerfest-im-garten-da-darf-eine-originelle-tischdekoration-nicht-fehlen\/","name":"Ein Sommerfest im Garten - da darf eine originelle Tischdekoration nicht fehlen - Tafeldeko","isPartOf":{"@id":"https:\/\/www.tafeldeko.de\/news\/#website"},"datePublished":"2014-07-05T06:53:37+00:00","dateModified":"2023-02-16T12:47:29+00:00","author":{"@id":"https:\/\/www.tafeldeko.de\/news\/#\/schema\/person\/d2acd86447ed0b6336089a8ba83164a0"},"description":"Tischdekorationen mit lustigen Dekofiguren verleihen dem Sommerfest im Garten einen sch\u00f6nen Charakter und es kommt eine gewisse...","breadcrumb":{"@id":"https:\/\/www.tafeldeko.de\/news\/ein-sommerfest-im-garten-da-darf-eine-originelle-tischdekoration-nicht-fehlen\/#breadcrumb"},"inLanguage":"de-DE","potentialAction":[{"@type":"ReadAction","target":["https:\/\/www.tafeldeko.de\/news\/ein-sommerfest-im-garten-da-darf-eine-originelle-tischdekoration-nicht-fehlen\/"]}]},{"@type":"BreadcrumbList","@id":"https:\/\/www.tafeldeko.de\/news\/ein-sommerfest-im-garten-da-darf-eine-originelle-tischdekoration-nicht-fehlen\/#breadcrumb","itemListElement":[{"@type":"ListItem","position":1,"name":"Tafeldeko","item":"https:\/\/www.tafeldeko.de\/news\/"},{"@type":"ListItem","position":2,"name":"Alte Beitr\u00e4ge","item":"https:\/\/www.tafeldeko.de\/news\/alte-beitraege\/"},{"@type":"ListItem","position":3,"name":"Tischdeko - Blog","item":"https:\/\/www.tafeldeko.de\/news\/alte-beitraege\/tischdeko-blog\/"},{"@type":"ListItem","position":4,"name":"Ein Sommerfest im Garten &#8211; da darf eine originelle Tischdekoration nicht fehlen"}]},{"@type":"WebSite","@id":"https:\/\/www.tafeldeko.de\/news\/#website","url":"https:\/\/www.tafeldeko.de\/news\/","name":"Tafeldeko","description":"Blog mit Tischdeko und Tischdekoration Ideen","potentialAction":[{"@type":"SearchAction","target":{"@type":"EntryPoint","urlTemplate":"https:\/\/www.tafeldeko.de\/news\/?s={search_term_string}"},"query-input":"required name=search_term_string"}],"inLanguage":"de-DE"},{"@type":"Person","@id":"https:\/\/www.tafeldeko.de\/news\/#\/schema\/person\/d2acd86447ed0b6336089a8ba83164a0","name":"Christiane Stein","image":{"@type":"ImageObject","inLanguage":"de-DE","@id":"https:\/\/www.tafeldeko.de\/news\/#\/schema\/person\/image\/","url":"https:\/\/secure.gravatar.com\/avatar\/2054729fbfd1ebc9d3cf1fd55361d0b6?s=96&d=mm&r=g","contentUrl":"https:\/\/secure.gravatar.com\/avatar\/2054729fbfd1ebc9d3cf1fd55361d0b6?s=96&d=mm&r=g","caption":"Christiane Stein"}}]}},"_links":{"self":[{"href":"https:\/\/www.tafeldeko.de\/news\/wp-json\/wp\/v2\/posts\/830"}],"collection":[{"href":"https:\/\/www.tafeldeko.de\/news\/wp-json\/wp\/v2\/posts"}],"about":[{"href":"https:\/\/www.tafeldeko.de\/news\/wp-json\/wp\/v2\/types\/post"}],"author":[{"embeddable":true,"href":"https:\/\/www.tafeldeko.de\/news\/wp-json\/wp\/v2\/users\/2"}],"replies":[{"embeddable":true,"href":"https:\/\/www.tafeldeko.de\/news\/wp-json\/wp\/v2\/comments?post=830"}],"version-history":[{"count":6,"href":"https:\/\/www.tafeldeko.de\/news\/wp-json\/wp\/v2\/posts\/830\/revisions"}],"predecessor-version":[{"id":23646,"href":"https:\/\/www.tafeldeko.de\/news\/wp-json\/wp\/v2\/posts\/830\/revisions\/23646"}],"wp:featuredmedia":[{"embeddable":true,"href":"https:\/\/www.tafeldeko.de\/news\/wp-json\/wp\/v2\/media\/831"}],"wp:attachment":[{"href":"https:\/\/www.tafeldeko.de\/news\/wp-json\/wp\/v2\/media?parent=830"}],"wp:term":[{"taxonomy":"category","embeddable":true,"href":"https:\/\/www.tafeldeko.de\/news\/wp-json\/wp\/v2\/categories?post=830"},{"taxonomy":"post_tag","embeddable":true,"href":"https:\/\/www.tafeldeko.de\/news\/wp-json\/wp\/v2\/tags?post=830"}],"curies":[{"name":"wp","href":"https:\/\/api.w.org\/{rel}","templated":true}]}}