{"id":8261,"date":"2017-07-17T12:55:03","date_gmt":"2017-07-17T10:55:03","guid":{"rendered":"https:\/\/www.tafeldeko.de\/news\/?p=8261"},"modified":"2022-07-01T10:59:40","modified_gmt":"2022-07-01T09:59:40","slug":"tischdeko-schwarz-weiss-starke-kontraste","status":"publish","type":"post","link":"https:\/\/www.tafeldeko.de\/news\/tischdeko-schwarz-weiss-starke-kontraste\/","title":{"rendered":"Tischdekoration schwarz wei\u00df &#8211; starke Kontraste"},"content":{"rendered":"<p>Die <strong>Tischdekoration schwarz wei\u00df<\/strong> ist ein echter Hingucker, der uns zahlreiche Kontraste beschert. Bei der schwarz-wei\u00dfen Tischdeko besteht das Arrangement haupts\u00e4chlich aus schwarzen und wei\u00dfen Accessoires, nach Bedarf mit einzelnen bunten Elementen erg\u00e4nzt. So entstehen nicht nur durch die Kombination von Schwarz und Wei\u00df die sch\u00f6nen und<strong> ausdrucksstarken Kontraste<\/strong>, sondern auch durch die Platzierung einzelner, bunter Accessoires.<\/p>\n<p><img decoding=\"async\" loading=\"lazy\" src=\"https:\/\/www.tafeldeko.de\/news\/wp-content\/uploads\/2017\/07\/tischsets_blackwhite.jpg\" sizes=\"(max-width: 250px) 100vw, 250px\" srcset=\"https:\/\/www.tafeldeko.de\/news\/wp-content\/uploads\/2017\/07\/tischsets_blackwhite.jpg 250w, https:\/\/www.tafeldeko.de\/news\/wp-content\/uploads\/2017\/07\/tischsets_blackwhite-150x150.jpg 150w\" alt=\"Tischdekoration schwarz wei\u00df\" width=\"250\" height=\"250\" \/><\/p>\n<h2>Anregungen f\u00fcr die Tischdekoration schwarz wei\u00df<\/h2>\n<p>Wer eine Feier plant, ist f\u00fcr Anregungen stets offen. Ob dies nun das Essen, die Getr\u00e4nke, die Unterhaltung oder die <a href=\"http:\/\/www.tafeldeko.de\"><strong>Tischdekoration<\/strong><\/a> betrifft &#8211; so vieles ist f\u00fcr die Feier zu organisieren. Was die Dekoration des Tisches angeht, bieten sich nat\u00fcrlich sehr viele M\u00f6glichkeiten. Von schlichter Tischdeko \u00fcber die<strong> Motto-Tischdeko<\/strong> bis hin zu ausgefallenen Tischdekorationen reicht die Deko-Palette.<br \/>\nDie Tischdeko schwarz wei\u00df ist f\u00fcr eine Geburtstagsfeier eine tolle M\u00f6glichkeit, den Rahmen zu untermalen. Und dabei ist die Tischdeko in Schwarz und Wei\u00df keineswegs trist oder erinnert an eine Trauerfeier. Diese Tischdekoration kann sich wie jede andere auch bunt und vor allem kontrastreich pr\u00e4sentieren.<br \/>\nDie <strong>Duni Papier Tischsets Black &amp; White<\/strong> geh\u00f6ren zu den Accessoires, mit denen Sie eine tolle Basis kreieren k\u00f6nnen. Wei\u00dfe Teller und eine rote Serviette &#8211; eine sehr dekorative Variante, der Tischdeko schwarz wei\u00df Farbe einzuhauchen. Wiederholen Sie den <strong>roten Blickfang<\/strong> beispielsweise noch bei den Kerzen, alles andere an Accessoires wird in Schwarz und Wei\u00df ausgew\u00e4hlt und arrangiert.<br \/>\nSehr sch\u00f6n sieht es auch aus, wenn Sie zu den wei\u00dfen und schwarzen Elementen rote Diamanten auf dem Tisch verteilen.<br \/>\nSie sehen, die Tischdeko schwarz und wei\u00df ist mit wenigen Handgriffen zusammengestellt und kann durch das eine oder andere bunte Accessoire das gewisse Etwas erhalten.<br \/>\nStatt Rot k\u00f6nnen Sie auch Gelb oder ein helles Gr\u00fcn w\u00e4hlen &#8211; <strong>T\u00fcrkis<\/strong> ist ebenfalls eine tolle M\u00f6glichkeit, die Kontraste innerhalb der Tischdekoration zu schaffen.<br \/>\nDiese Tischdekoration wirkt sehr modern und trendig und unterstreicht den derzeitigen Modetrend mit schwarzen und wei\u00dfen M\u00f6beln perfekt.<\/p>\n<h2>Weitere Beitr\u00e4ge:<\/h2>\n<h2>Dekoartikel von A-Z<\/h2>\n<p><a href=\"https:\/\/www.tafeldeko.de\/tischdeko-artikel\/\"><br \/>\nJetzt entdecken <\/a><\/p>\n","protected":false},"excerpt":{"rendered":"<p>Die Tischdekoration schwarz wei\u00df ist ein echter Hingucker, der uns zahlreiche Kontraste beschert. Bei der schwarz-wei\u00dfen Tischdeko besteht das Arrangement haupts\u00e4chlich aus schwarzen und wei\u00dfen Accessoires, nach Bedarf mit einzelnen bunten Elementen erg\u00e4nzt. So entstehen nicht nur durch die Kombination von Schwarz und Wei\u00df die sch\u00f6nen und ausdrucksstarken Kontraste, sondern auch durch die Platzierung einzelner, [&hellip;]<\/p>\n","protected":false},"author":6,"featured_media":8262,"comment_status":"closed","ping_status":"closed","sticky":false,"template":"","format":"standard","meta":{"footnotes":""},"categories":[1],"tags":[],"yoast_head":"<!-- This site is optimized with the Yoast SEO plugin v20.4 - https:\/\/yoast.com\/wordpress\/plugins\/seo\/ -->\n<title>Tischdekoration schwarz wei\u00df - starke Kontraste - Tafeldeko<\/title>\n<meta name=\"description\" content=\"Die Tischdekoration schwarz wei\u00df ist wundersch\u00f6n und kann durch das eine oder andere bunte Accessoire das gewisse Etwas erhalten.\" \/>\n<meta name=\"robots\" content=\"index, follow, max-snippet:-1, max-image-preview:large, max-video-preview:-1\" \/>\n<link rel=\"canonical\" href=\"https:\/\/www.tafeldeko.de\/news\/tischdeko-schwarz-weiss-starke-kontraste\/\" \/>\n<meta property=\"og:locale\" content=\"de_DE\" \/>\n<meta property=\"og:type\" content=\"article\" \/>\n<meta property=\"og:title\" content=\"Tischdekoration schwarz wei\u00df - starke Kontraste - Tafeldeko\" \/>\n<meta property=\"og:description\" content=\"Die Tischdekoration schwarz wei\u00df ist wundersch\u00f6n und kann durch das eine oder andere bunte Accessoire das gewisse Etwas erhalten.\" \/>\n<meta property=\"og:url\" content=\"https:\/\/www.tafeldeko.de\/news\/tischdeko-schwarz-weiss-starke-kontraste\/\" \/>\n<meta property=\"og:site_name\" content=\"Tafeldeko\" \/>\n<meta property=\"article:publisher\" content=\"https:\/\/www.facebook.com\/pages\/Tafeldeko-einzigartige-Tischdekoration\/174202655894\" \/>\n<meta property=\"article:published_time\" content=\"2017-07-17T10:55:03+00:00\" \/>\n<meta property=\"article:modified_time\" content=\"2022-07-01T09:59:40+00:00\" \/>\n<meta property=\"og:image\" content=\"https:\/\/www.tafeldeko.de\/news\/wp-content\/uploads\/2017\/07\/tischsets_blackwhite.jpg\" \/>\n\t<meta property=\"og:image:width\" content=\"250\" \/>\n\t<meta property=\"og:image:height\" content=\"250\" \/>\n\t<meta property=\"og:image:type\" content=\"image\/jpeg\" \/>\n<meta name=\"author\" content=\"Tafeldeko Deko Team\" \/>\n<meta name=\"twitter:label1\" content=\"Verfasst von\" \/>\n\t<meta name=\"twitter:data1\" content=\"Tafeldeko Deko Team\" \/>\n\t<meta name=\"twitter:label2\" content=\"Gesch\u00e4tzte Lesezeit\" \/>\n\t<meta name=\"twitter:data2\" content=\"4 Minuten\" \/>\n<script type=\"application\/ld+json\" class=\"yoast-schema-graph\">{\"@context\":\"https:\/\/schema.org\",\"@graph\":[{\"@type\":\"WebPage\",\"@id\":\"https:\/\/www.tafeldeko.de\/news\/tischdeko-schwarz-weiss-starke-kontraste\/\",\"url\":\"https:\/\/www.tafeldeko.de\/news\/tischdeko-schwarz-weiss-starke-kontraste\/\",\"name\":\"Tischdekoration schwarz wei\u00df - starke Kontraste - Tafeldeko\",\"isPartOf\":{\"@id\":\"https:\/\/www.tafeldeko.de\/news\/#website\"},\"datePublished\":\"2017-07-17T10:55:03+00:00\",\"dateModified\":\"2022-07-01T09:59:40+00:00\",\"author\":{\"@id\":\"https:\/\/www.tafeldeko.de\/news\/#\/schema\/person\/dc309fbb6a3e380919fc08342c3cc233\"},\"description\":\"Die Tischdekoration schwarz wei\u00df ist wundersch\u00f6n und kann durch das eine oder andere bunte Accessoire das gewisse Etwas erhalten.\",\"breadcrumb\":{\"@id\":\"https:\/\/www.tafeldeko.de\/news\/tischdeko-schwarz-weiss-starke-kontraste\/#breadcrumb\"},\"inLanguage\":\"de-DE\",\"potentialAction\":[{\"@type\":\"ReadAction\",\"target\":[\"https:\/\/www.tafeldeko.de\/news\/tischdeko-schwarz-weiss-starke-kontraste\/\"]}]},{\"@type\":\"BreadcrumbList\",\"@id\":\"https:\/\/www.tafeldeko.de\/news\/tischdeko-schwarz-weiss-starke-kontraste\/#breadcrumb\",\"itemListElement\":[{\"@type\":\"ListItem\",\"position\":1,\"name\":\"Tafeldeko\",\"item\":\"https:\/\/www.tafeldeko.de\/news\/\"},{\"@type\":\"ListItem\",\"position\":2,\"name\":\"Alte Beitr\u00e4ge\",\"item\":\"https:\/\/www.tafeldeko.de\/news\/alte-beitraege\/\"},{\"@type\":\"ListItem\",\"position\":3,\"name\":\"Tischdeko - Blog\",\"item\":\"https:\/\/www.tafeldeko.de\/news\/alte-beitraege\/tischdeko-blog\/\"},{\"@type\":\"ListItem\",\"position\":4,\"name\":\"Tischdekoration schwarz wei\u00df &#8211; starke Kontraste\"}]},{\"@type\":\"WebSite\",\"@id\":\"https:\/\/www.tafeldeko.de\/news\/#website\",\"url\":\"https:\/\/www.tafeldeko.de\/news\/\",\"name\":\"Tafeldeko\",\"description\":\"Blog mit Tischdeko und Tischdekoration Ideen\",\"potentialAction\":[{\"@type\":\"SearchAction\",\"target\":{\"@type\":\"EntryPoint\",\"urlTemplate\":\"https:\/\/www.tafeldeko.de\/news\/?s={search_term_string}\"},\"query-input\":\"required name=search_term_string\"}],\"inLanguage\":\"de-DE\"},{\"@type\":\"Person\",\"@id\":\"https:\/\/www.tafeldeko.de\/news\/#\/schema\/person\/dc309fbb6a3e380919fc08342c3cc233\",\"name\":\"Tafeldeko Deko Team\",\"image\":{\"@type\":\"ImageObject\",\"inLanguage\":\"de-DE\",\"@id\":\"https:\/\/www.tafeldeko.de\/news\/#\/schema\/person\/image\/\",\"url\":\"https:\/\/secure.gravatar.com\/avatar\/1e962f4040dc9996f0d200db31598854?s=96&d=mm&r=g\",\"contentUrl\":\"https:\/\/secure.gravatar.com\/avatar\/1e962f4040dc9996f0d200db31598854?s=96&d=mm&r=g\",\"caption\":\"Tafeldeko Deko Team\"}}]}<\/script>\n<!-- \/ Yoast SEO plugin. -->","yoast_head_json":{"title":"Tischdekoration schwarz wei\u00df - starke Kontraste - Tafeldeko","description":"Die Tischdekoration schwarz wei\u00df ist wundersch\u00f6n und kann durch das eine oder andere bunte Accessoire das gewisse Etwas erhalten.","robots":{"index":"index","follow":"follow","max-snippet":"max-snippet:-1","max-image-preview":"max-image-preview:large","max-video-preview":"max-video-preview:-1"},"canonical":"https:\/\/www.tafeldeko.de\/news\/tischdeko-schwarz-weiss-starke-kontraste\/","og_locale":"de_DE","og_type":"article","og_title":"Tischdekoration schwarz wei\u00df - starke Kontraste - Tafeldeko","og_description":"Die Tischdekoration schwarz wei\u00df ist wundersch\u00f6n und kann durch das eine oder andere bunte Accessoire das gewisse Etwas erhalten.","og_url":"https:\/\/www.tafeldeko.de\/news\/tischdeko-schwarz-weiss-starke-kontraste\/","og_site_name":"Tafeldeko","article_publisher":"https:\/\/www.facebook.com\/pages\/Tafeldeko-einzigartige-Tischdekoration\/174202655894","article_published_time":"2017-07-17T10:55:03+00:00","article_modified_time":"2022-07-01T09:59:40+00:00","og_image":[{"width":250,"height":250,"url":"https:\/\/www.tafeldeko.de\/news\/wp-content\/uploads\/2017\/07\/tischsets_blackwhite.jpg","type":"image\/jpeg"}],"author":"Tafeldeko Deko Team","twitter_misc":{"Verfasst von":"Tafeldeko Deko Team","Gesch\u00e4tzte Lesezeit":"4 Minuten"},"schema":{"@context":"https:\/\/schema.org","@graph":[{"@type":"WebPage","@id":"https:\/\/www.tafeldeko.de\/news\/tischdeko-schwarz-weiss-starke-kontraste\/","url":"https:\/\/www.tafeldeko.de\/news\/tischdeko-schwarz-weiss-starke-kontraste\/","name":"Tischdekoration schwarz wei\u00df - starke Kontraste - Tafeldeko","isPartOf":{"@id":"https:\/\/www.tafeldeko.de\/news\/#website"},"datePublished":"2017-07-17T10:55:03+00:00","dateModified":"2022-07-01T09:59:40+00:00","author":{"@id":"https:\/\/www.tafeldeko.de\/news\/#\/schema\/person\/dc309fbb6a3e380919fc08342c3cc233"},"description":"Die Tischdekoration schwarz wei\u00df ist wundersch\u00f6n und kann durch das eine oder andere bunte Accessoire das gewisse Etwas erhalten.","breadcrumb":{"@id":"https:\/\/www.tafeldeko.de\/news\/tischdeko-schwarz-weiss-starke-kontraste\/#breadcrumb"},"inLanguage":"de-DE","potentialAction":[{"@type":"ReadAction","target":["https:\/\/www.tafeldeko.de\/news\/tischdeko-schwarz-weiss-starke-kontraste\/"]}]},{"@type":"BreadcrumbList","@id":"https:\/\/www.tafeldeko.de\/news\/tischdeko-schwarz-weiss-starke-kontraste\/#breadcrumb","itemListElement":[{"@type":"ListItem","position":1,"name":"Tafeldeko","item":"https:\/\/www.tafeldeko.de\/news\/"},{"@type":"ListItem","position":2,"name":"Alte Beitr\u00e4ge","item":"https:\/\/www.tafeldeko.de\/news\/alte-beitraege\/"},{"@type":"ListItem","position":3,"name":"Tischdeko - Blog","item":"https:\/\/www.tafeldeko.de\/news\/alte-beitraege\/tischdeko-blog\/"},{"@type":"ListItem","position":4,"name":"Tischdekoration schwarz wei\u00df &#8211; starke Kontraste"}]},{"@type":"WebSite","@id":"https:\/\/www.tafeldeko.de\/news\/#website","url":"https:\/\/www.tafeldeko.de\/news\/","name":"Tafeldeko","description":"Blog mit Tischdeko und Tischdekoration Ideen","potentialAction":[{"@type":"SearchAction","target":{"@type":"EntryPoint","urlTemplate":"https:\/\/www.tafeldeko.de\/news\/?s={search_term_string}"},"query-input":"required name=search_term_string"}],"inLanguage":"de-DE"},{"@type":"Person","@id":"https:\/\/www.tafeldeko.de\/news\/#\/schema\/person\/dc309fbb6a3e380919fc08342c3cc233","name":"Tafeldeko Deko Team","image":{"@type":"ImageObject","inLanguage":"de-DE","@id":"https:\/\/www.tafeldeko.de\/news\/#\/schema\/person\/image\/","url":"https:\/\/secure.gravatar.com\/avatar\/1e962f4040dc9996f0d200db31598854?s=96&d=mm&r=g","contentUrl":"https:\/\/secure.gravatar.com\/avatar\/1e962f4040dc9996f0d200db31598854?s=96&d=mm&r=g","caption":"Tafeldeko Deko Team"}}]}},"_links":{"self":[{"href":"https:\/\/www.tafeldeko.de\/news\/wp-json\/wp\/v2\/posts\/8261"}],"collection":[{"href":"https:\/\/www.tafeldeko.de\/news\/wp-json\/wp\/v2\/posts"}],"about":[{"href":"https:\/\/www.tafeldeko.de\/news\/wp-json\/wp\/v2\/types\/post"}],"author":[{"embeddable":true,"href":"https:\/\/www.tafeldeko.de\/news\/wp-json\/wp\/v2\/users\/6"}],"replies":[{"embeddable":true,"href":"https:\/\/www.tafeldeko.de\/news\/wp-json\/wp\/v2\/comments?post=8261"}],"version-history":[{"count":9,"href":"https:\/\/www.tafeldeko.de\/news\/wp-json\/wp\/v2\/posts\/8261\/revisions"}],"predecessor-version":[{"id":19203,"href":"https:\/\/www.tafeldeko.de\/news\/wp-json\/wp\/v2\/posts\/8261\/revisions\/19203"}],"wp:featuredmedia":[{"embeddable":true,"href":"https:\/\/www.tafeldeko.de\/news\/wp-json\/wp\/v2\/media\/8262"}],"wp:attachment":[{"href":"https:\/\/www.tafeldeko.de\/news\/wp-json\/wp\/v2\/media?parent=8261"}],"wp:term":[{"taxonomy":"category","embeddable":true,"href":"https:\/\/www.tafeldeko.de\/news\/wp-json\/wp\/v2\/categories?post=8261"},{"taxonomy":"post_tag","embeddable":true,"href":"https:\/\/www.tafeldeko.de\/news\/wp-json\/wp\/v2\/tags?post=8261"}],"curies":[{"name":"wp","href":"https:\/\/api.w.org\/{rel}","templated":true}]}}