{"id":8258,"date":"2017-07-14T12:52:13","date_gmt":"2017-07-14T10:52:13","guid":{"rendered":"https:\/\/www.tafeldeko.de\/news\/?p=8258"},"modified":"2022-07-01T11:06:37","modified_gmt":"2022-07-01T10:06:37","slug":"tischdeko-75-geburtstag-im-bayrischen-stil","status":"publish","type":"post","link":"https:\/\/www.tafeldeko.de\/news\/tischdeko-75-geburtstag-im-bayrischen-stil\/","title":{"rendered":"Tischdeko 75 Geburtstag im bayrischen Stil"},"content":{"rendered":"<p>Die <strong>Tischdeko 75 Geburtstag<\/strong> untermalt einen ganz besonderen Anlass &#8211; den 75. Geburtstag zu feiern, ist schon was. Aus diesem Grund werden in der Regel diese Geburtstage geb\u00fchrend gefeiert, mit lieben G\u00e4sten und der Familie. Zu Hause oder im Restaurant oder bei sommerlichen Temperaturen im Biergarten. <strong>Locations f\u00fcr die Geburtstagsfeier<\/strong> gibt es viele, so dass f\u00fcr jedes Geburtstagskind die passende \u00d6rtlichkeit dabei sein wird. Bei einer Geburtstagsfeier hat man in punkto Ausrichtung verschiedene M\u00f6glichkeiten &#8211; so kann die Feier unter einem ganz bestimmten Motto stattfinden, beispielsweise angelehnt an den Interessen des Geburtstagskindes. Findet das Geburtstagskind das Thema &#8220;Bayern&#8221;, &#8220;z\u00fcnftig feiern&#8221; und &#8220;deftiges Essen&#8221; sch\u00f6n, dann ist doch dies die <strong>perfekte Basis<\/strong> f\u00fcr die Geburtstagsfeier.<\/p>\n<p><img decoding=\"async\" loading=\"lazy\" src=\"https:\/\/www.tafeldeko.de\/news\/wp-content\/uploads\/2017\/07\/servietten_bayrisch.jpg\" sizes=\"(max-width: 250px) 100vw, 250px\" srcset=\"https:\/\/www.tafeldeko.de\/news\/wp-content\/uploads\/2017\/07\/servietten_bayrisch.jpg 250w, https:\/\/www.tafeldeko.de\/news\/wp-content\/uploads\/2017\/07\/servietten_bayrisch-150x150.jpg 150w\" alt=\"Tischdeko 75 Geburtstag im bayrischen Stil\" width=\"250\" height=\"250\" \/><\/p>\n<h2>Ideen f\u00fcr die Tischdeko 75 Geburtstag im bayrischen Stil<\/h2>\n<p>Bayern &#8211; ein wundersch\u00f6nes Land, das vieles zu bieten hat. Und das nicht nur in landschaftlicher Hinsicht sondern auch in Bezug auf z\u00fcnftige Feiern und Feste. Wer den 75. Geburtstag unter dem <strong>bayrischen Motto<\/strong> feiern m\u00f6chte, hat vielerlei K\u00f6stlichkeiten zur Auswahl. Wei\u00dfbier, Wei\u00dfw\u00fcrste, Brezen und sonstige deftige Leckereien verw\u00f6hnen den Gaumen der G\u00e4ste. Und die Tischdeko 75 Geburtstag wird dementsprechend im bayrischen Stil ausgestattet.<br \/>\nZ\u00fcnftig und &#8220;fesch&#8221; sind beispielsweise die <strong>Servietten Oktoberfest, Bayern Raute<\/strong>. Diese Servietten sind mit den typisch bayrischen Motiven wie Brezeln, ein Ma\u00df Bier, Lebkuchenherzen und Enzian verziert &#8211; einfach perfekt f\u00fcr die <a href=\"http:\/\/www.tafeldeko.de\"><strong>Tischdeko<\/strong><\/a> 75 Geburtstag im Bayern-Look. Passend dazu erhalten Sie Tischl\u00e4ufer, Tischdecken, Mitteldecken und ja, selbst Kerzen mit diesem Motiv finden Sie in unserem Onlineshop. Die <strong>Tischkerze Oktoberfest, Bayern Raute<\/strong> erg\u00e4nzt die Servietten hervorragend. Und der Clou an dieser Kerze: sie brennt innen gleichm\u00e4\u00dfig ab, so dass sie sp\u00e4ter noch mit einem Teelicht best\u00fcckt, weiter als besonders dekorative Kerze f\u00fcr den ansprechenden Kerzenschein verwendet werden kann.<br \/>\nUnd was passt noch zu der Tischdeko 75 Geburtstag? <strong>Lebkuchenkerzen<\/strong>, Trachtenh\u00fcte aus Filz, Bierkr\u00fcge aus Filz und allerlei mehr an dekorativen Streudekoteilen finden Sie im Shop. &#8220;O&#8217;zapft is&#8221;, die Geburtstagsfeier kann beginnen.<\/p>\n<h2>Weitere Beitr\u00e4ge:<\/h2>\n<h2>Dekoartikel von A-Z<\/h2>\n<p><a href=\"https:\/\/www.tafeldeko.de\/tischdeko-artikel\/\"><br \/>\nJetzt entdecken <\/a><\/p>\n","protected":false},"excerpt":{"rendered":"<p>Die Tischdeko 75 Geburtstag untermalt einen ganz besonderen Anlass &#8211; den 75. Geburtstag zu feiern, ist schon was. Aus diesem Grund werden in der Regel diese Geburtstage geb\u00fchrend gefeiert, mit lieben G\u00e4sten und der Familie. Zu Hause oder im Restaurant oder bei sommerlichen Temperaturen im Biergarten. Locations f\u00fcr die Geburtstagsfeier gibt es viele, so dass [&hellip;]<\/p>\n","protected":false},"author":6,"featured_media":8259,"comment_status":"closed","ping_status":"closed","sticky":false,"template":"","format":"standard","meta":{"footnotes":""},"categories":[1],"tags":[],"yoast_head":"<!-- This site is optimized with the Yoast SEO plugin v20.4 - https:\/\/yoast.com\/wordpress\/plugins\/seo\/ -->\n<title>Tischdeko 75 Geburtstag im bayrischen Stil - Tafeldeko<\/title>\n<meta name=\"description\" content=\"Die Servietten - mit Lebkuchenherzen und Enzian verziert - sind einfach perfekt f\u00fcr die Tischdeko 75 Geburtstag im bayrischen Stil.\" \/>\n<meta name=\"robots\" content=\"index, follow, max-snippet:-1, max-image-preview:large, max-video-preview:-1\" \/>\n<link rel=\"canonical\" href=\"https:\/\/www.tafeldeko.de\/news\/tischdeko-75-geburtstag-im-bayrischen-stil\/\" \/>\n<meta property=\"og:locale\" content=\"de_DE\" \/>\n<meta property=\"og:type\" content=\"article\" \/>\n<meta property=\"og:title\" content=\"Tischdeko 75 Geburtstag im bayrischen Stil - Tafeldeko\" \/>\n<meta property=\"og:description\" content=\"Die Servietten - mit Lebkuchenherzen und Enzian verziert - sind einfach perfekt f\u00fcr die Tischdeko 75 Geburtstag im bayrischen Stil.\" \/>\n<meta property=\"og:url\" content=\"https:\/\/www.tafeldeko.de\/news\/tischdeko-75-geburtstag-im-bayrischen-stil\/\" \/>\n<meta property=\"og:site_name\" content=\"Tafeldeko\" \/>\n<meta property=\"article:publisher\" content=\"https:\/\/www.facebook.com\/pages\/Tafeldeko-einzigartige-Tischdekoration\/174202655894\" \/>\n<meta property=\"article:published_time\" content=\"2017-07-14T10:52:13+00:00\" \/>\n<meta property=\"article:modified_time\" content=\"2022-07-01T10:06:37+00:00\" \/>\n<meta property=\"og:image\" content=\"https:\/\/www.tafeldeko.de\/news\/wp-content\/uploads\/2017\/07\/servietten_bayrisch.jpg\" \/>\n\t<meta property=\"og:image:width\" content=\"250\" \/>\n\t<meta property=\"og:image:height\" content=\"250\" \/>\n\t<meta property=\"og:image:type\" content=\"image\/jpeg\" \/>\n<meta name=\"author\" content=\"Tafeldeko Deko Team\" \/>\n<meta name=\"twitter:label1\" content=\"Verfasst von\" \/>\n\t<meta name=\"twitter:data1\" content=\"Tafeldeko Deko Team\" \/>\n\t<meta name=\"twitter:label2\" content=\"Gesch\u00e4tzte Lesezeit\" \/>\n\t<meta name=\"twitter:data2\" content=\"4 Minuten\" \/>\n<script type=\"application\/ld+json\" class=\"yoast-schema-graph\">{\"@context\":\"https:\/\/schema.org\",\"@graph\":[{\"@type\":\"WebPage\",\"@id\":\"https:\/\/www.tafeldeko.de\/news\/tischdeko-75-geburtstag-im-bayrischen-stil\/\",\"url\":\"https:\/\/www.tafeldeko.de\/news\/tischdeko-75-geburtstag-im-bayrischen-stil\/\",\"name\":\"Tischdeko 75 Geburtstag im bayrischen Stil - Tafeldeko\",\"isPartOf\":{\"@id\":\"https:\/\/www.tafeldeko.de\/news\/#website\"},\"datePublished\":\"2017-07-14T10:52:13+00:00\",\"dateModified\":\"2022-07-01T10:06:37+00:00\",\"author\":{\"@id\":\"https:\/\/www.tafeldeko.de\/news\/#\/schema\/person\/dc309fbb6a3e380919fc08342c3cc233\"},\"description\":\"Die Servietten - mit Lebkuchenherzen und Enzian verziert - sind einfach perfekt f\u00fcr die Tischdeko 75 Geburtstag im bayrischen Stil.\",\"breadcrumb\":{\"@id\":\"https:\/\/www.tafeldeko.de\/news\/tischdeko-75-geburtstag-im-bayrischen-stil\/#breadcrumb\"},\"inLanguage\":\"de-DE\",\"potentialAction\":[{\"@type\":\"ReadAction\",\"target\":[\"https:\/\/www.tafeldeko.de\/news\/tischdeko-75-geburtstag-im-bayrischen-stil\/\"]}]},{\"@type\":\"BreadcrumbList\",\"@id\":\"https:\/\/www.tafeldeko.de\/news\/tischdeko-75-geburtstag-im-bayrischen-stil\/#breadcrumb\",\"itemListElement\":[{\"@type\":\"ListItem\",\"position\":1,\"name\":\"Tafeldeko\",\"item\":\"https:\/\/www.tafeldeko.de\/news\/\"},{\"@type\":\"ListItem\",\"position\":2,\"name\":\"Alte Beitr\u00e4ge\",\"item\":\"https:\/\/www.tafeldeko.de\/news\/alte-beitraege\/\"},{\"@type\":\"ListItem\",\"position\":3,\"name\":\"Tischdeko - Blog\",\"item\":\"https:\/\/www.tafeldeko.de\/news\/alte-beitraege\/tischdeko-blog\/\"},{\"@type\":\"ListItem\",\"position\":4,\"name\":\"Tischdeko 75 Geburtstag im bayrischen Stil\"}]},{\"@type\":\"WebSite\",\"@id\":\"https:\/\/www.tafeldeko.de\/news\/#website\",\"url\":\"https:\/\/www.tafeldeko.de\/news\/\",\"name\":\"Tafeldeko\",\"description\":\"Blog mit Tischdeko und Tischdekoration Ideen\",\"potentialAction\":[{\"@type\":\"SearchAction\",\"target\":{\"@type\":\"EntryPoint\",\"urlTemplate\":\"https:\/\/www.tafeldeko.de\/news\/?s={search_term_string}\"},\"query-input\":\"required name=search_term_string\"}],\"inLanguage\":\"de-DE\"},{\"@type\":\"Person\",\"@id\":\"https:\/\/www.tafeldeko.de\/news\/#\/schema\/person\/dc309fbb6a3e380919fc08342c3cc233\",\"name\":\"Tafeldeko Deko Team\",\"image\":{\"@type\":\"ImageObject\",\"inLanguage\":\"de-DE\",\"@id\":\"https:\/\/www.tafeldeko.de\/news\/#\/schema\/person\/image\/\",\"url\":\"https:\/\/secure.gravatar.com\/avatar\/1e962f4040dc9996f0d200db31598854?s=96&d=mm&r=g\",\"contentUrl\":\"https:\/\/secure.gravatar.com\/avatar\/1e962f4040dc9996f0d200db31598854?s=96&d=mm&r=g\",\"caption\":\"Tafeldeko Deko Team\"}}]}<\/script>\n<!-- \/ Yoast SEO plugin. -->","yoast_head_json":{"title":"Tischdeko 75 Geburtstag im bayrischen Stil - Tafeldeko","description":"Die Servietten - mit Lebkuchenherzen und Enzian verziert - sind einfach perfekt f\u00fcr die Tischdeko 75 Geburtstag im bayrischen Stil.","robots":{"index":"index","follow":"follow","max-snippet":"max-snippet:-1","max-image-preview":"max-image-preview:large","max-video-preview":"max-video-preview:-1"},"canonical":"https:\/\/www.tafeldeko.de\/news\/tischdeko-75-geburtstag-im-bayrischen-stil\/","og_locale":"de_DE","og_type":"article","og_title":"Tischdeko 75 Geburtstag im bayrischen Stil - Tafeldeko","og_description":"Die Servietten - mit Lebkuchenherzen und Enzian verziert - sind einfach perfekt f\u00fcr die Tischdeko 75 Geburtstag im bayrischen Stil.","og_url":"https:\/\/www.tafeldeko.de\/news\/tischdeko-75-geburtstag-im-bayrischen-stil\/","og_site_name":"Tafeldeko","article_publisher":"https:\/\/www.facebook.com\/pages\/Tafeldeko-einzigartige-Tischdekoration\/174202655894","article_published_time":"2017-07-14T10:52:13+00:00","article_modified_time":"2022-07-01T10:06:37+00:00","og_image":[{"width":250,"height":250,"url":"https:\/\/www.tafeldeko.de\/news\/wp-content\/uploads\/2017\/07\/servietten_bayrisch.jpg","type":"image\/jpeg"}],"author":"Tafeldeko Deko Team","twitter_misc":{"Verfasst von":"Tafeldeko Deko Team","Gesch\u00e4tzte Lesezeit":"4 Minuten"},"schema":{"@context":"https:\/\/schema.org","@graph":[{"@type":"WebPage","@id":"https:\/\/www.tafeldeko.de\/news\/tischdeko-75-geburtstag-im-bayrischen-stil\/","url":"https:\/\/www.tafeldeko.de\/news\/tischdeko-75-geburtstag-im-bayrischen-stil\/","name":"Tischdeko 75 Geburtstag im bayrischen Stil - Tafeldeko","isPartOf":{"@id":"https:\/\/www.tafeldeko.de\/news\/#website"},"datePublished":"2017-07-14T10:52:13+00:00","dateModified":"2022-07-01T10:06:37+00:00","author":{"@id":"https:\/\/www.tafeldeko.de\/news\/#\/schema\/person\/dc309fbb6a3e380919fc08342c3cc233"},"description":"Die Servietten - mit Lebkuchenherzen und Enzian verziert - sind einfach perfekt f\u00fcr die Tischdeko 75 Geburtstag im bayrischen Stil.","breadcrumb":{"@id":"https:\/\/www.tafeldeko.de\/news\/tischdeko-75-geburtstag-im-bayrischen-stil\/#breadcrumb"},"inLanguage":"de-DE","potentialAction":[{"@type":"ReadAction","target":["https:\/\/www.tafeldeko.de\/news\/tischdeko-75-geburtstag-im-bayrischen-stil\/"]}]},{"@type":"BreadcrumbList","@id":"https:\/\/www.tafeldeko.de\/news\/tischdeko-75-geburtstag-im-bayrischen-stil\/#breadcrumb","itemListElement":[{"@type":"ListItem","position":1,"name":"Tafeldeko","item":"https:\/\/www.tafeldeko.de\/news\/"},{"@type":"ListItem","position":2,"name":"Alte Beitr\u00e4ge","item":"https:\/\/www.tafeldeko.de\/news\/alte-beitraege\/"},{"@type":"ListItem","position":3,"name":"Tischdeko - Blog","item":"https:\/\/www.tafeldeko.de\/news\/alte-beitraege\/tischdeko-blog\/"},{"@type":"ListItem","position":4,"name":"Tischdeko 75 Geburtstag im bayrischen Stil"}]},{"@type":"WebSite","@id":"https:\/\/www.tafeldeko.de\/news\/#website","url":"https:\/\/www.tafeldeko.de\/news\/","name":"Tafeldeko","description":"Blog mit Tischdeko und Tischdekoration Ideen","potentialAction":[{"@type":"SearchAction","target":{"@type":"EntryPoint","urlTemplate":"https:\/\/www.tafeldeko.de\/news\/?s={search_term_string}"},"query-input":"required name=search_term_string"}],"inLanguage":"de-DE"},{"@type":"Person","@id":"https:\/\/www.tafeldeko.de\/news\/#\/schema\/person\/dc309fbb6a3e380919fc08342c3cc233","name":"Tafeldeko Deko Team","image":{"@type":"ImageObject","inLanguage":"de-DE","@id":"https:\/\/www.tafeldeko.de\/news\/#\/schema\/person\/image\/","url":"https:\/\/secure.gravatar.com\/avatar\/1e962f4040dc9996f0d200db31598854?s=96&d=mm&r=g","contentUrl":"https:\/\/secure.gravatar.com\/avatar\/1e962f4040dc9996f0d200db31598854?s=96&d=mm&r=g","caption":"Tafeldeko Deko Team"}}]}},"_links":{"self":[{"href":"https:\/\/www.tafeldeko.de\/news\/wp-json\/wp\/v2\/posts\/8258"}],"collection":[{"href":"https:\/\/www.tafeldeko.de\/news\/wp-json\/wp\/v2\/posts"}],"about":[{"href":"https:\/\/www.tafeldeko.de\/news\/wp-json\/wp\/v2\/types\/post"}],"author":[{"embeddable":true,"href":"https:\/\/www.tafeldeko.de\/news\/wp-json\/wp\/v2\/users\/6"}],"replies":[{"embeddable":true,"href":"https:\/\/www.tafeldeko.de\/news\/wp-json\/wp\/v2\/comments?post=8258"}],"version-history":[{"count":8,"href":"https:\/\/www.tafeldeko.de\/news\/wp-json\/wp\/v2\/posts\/8258\/revisions"}],"predecessor-version":[{"id":19210,"href":"https:\/\/www.tafeldeko.de\/news\/wp-json\/wp\/v2\/posts\/8258\/revisions\/19210"}],"wp:featuredmedia":[{"embeddable":true,"href":"https:\/\/www.tafeldeko.de\/news\/wp-json\/wp\/v2\/media\/8259"}],"wp:attachment":[{"href":"https:\/\/www.tafeldeko.de\/news\/wp-json\/wp\/v2\/media?parent=8258"}],"wp:term":[{"taxonomy":"category","embeddable":true,"href":"https:\/\/www.tafeldeko.de\/news\/wp-json\/wp\/v2\/categories?post=8258"},{"taxonomy":"post_tag","embeddable":true,"href":"https:\/\/www.tafeldeko.de\/news\/wp-json\/wp\/v2\/tags?post=8258"}],"curies":[{"name":"wp","href":"https:\/\/api.w.org\/{rel}","templated":true}]}}