{"id":8235,"date":"2017-07-05T21:31:52","date_gmt":"2017-07-05T19:31:52","guid":{"rendered":"https:\/\/www.tafeldeko.de\/news\/?p=8235"},"modified":"2017-07-11T21:34:08","modified_gmt":"2017-07-11T19:34:08","slug":"was-fuers-auge-geburtstagskarten","status":"publish","type":"post","link":"https:\/\/www.tafeldeko.de\/news\/was-fuers-auge-geburtstagskarten\/","title":{"rendered":"Was f\u00fcrs Auge: Geburtstagskarten"},"content":{"rendered":"<figure id=\"attachment_8236\" aria-describedby=\"caption-attachment-8236\" style=\"width: 250px\" class=\"wp-caption alignleft\"><a href=\"https:\/\/www.tafeldeko.de\/news\/wp-content\/uploads\/2017\/07\/gebu-einladung-gruenbraun.jpg\"><img decoding=\"async\" loading=\"lazy\" class=\"size-full wp-image-8236\" src=\"https:\/\/www.tafeldeko.de\/news\/wp-content\/uploads\/2017\/07\/gebu-einladung-gruenbraun.jpg\" alt=\"Geburtstagskarten\" width=\"250\" height=\"250\" srcset=\"https:\/\/www.tafeldeko.de\/news\/wp-content\/uploads\/2017\/07\/gebu-einladung-gruenbraun.jpg 250w, https:\/\/www.tafeldeko.de\/news\/wp-content\/uploads\/2017\/07\/gebu-einladung-gruenbraun-150x150.jpg 150w\" sizes=\"(max-width: 250px) 100vw, 250px\" \/><\/a><figcaption id=\"caption-attachment-8236\" class=\"wp-caption-text\">Geburtstagskarten<\/figcaption><\/figure>\n<p><strong>Geburtstagskarten<\/strong> sind gegen\u00fcber den G\u00e4sten eine tolle M\u00f6glichkeit, die Eckdaten einer Geburtstagsfeier mitzuteilen. Dabei bieten sich verschiedene Varianten, was die Geburtstagskarten anbelangt. Da gibt es fertige Einladungen zum Geburtstag zu kaufen, die als die eher schlichte und einfache Variante zu bezeichnen sind. Dann gibt es die Geburtstagskarten, die man auch kaufen kann, die allerdings doch eher in die Kategorie \u201e<strong>kunstvoll<\/strong>\u201c und ansprechend geh\u00f6ren.<\/p>\n<h2>Ideen f\u00fcr Geburtstagskarten<\/h2>\n<p>In unserem Onlineshop erhalten Sie individuell gestaltete Geburtstagskarten, mit denen Sie stilvoll zum Geburtstag einladen k\u00f6nnen. In verschiedenen Farben und vor allem in verschiedenen Gestaltungsvarianten lassen sich die Einladungen auch beispielsweise auf die <a href=\"http:\/\/www.tafeldeko.de\"><strong>Tischdeko<\/strong><\/a> abgestimmt bestellen und kreieren.<\/p>\n<p>Eine tolle Idee ist die Einladungskarte Geburtstag in Gr\u00fcn \u2013 mit einem Hauch Braun und Wei\u00df. Passend dazu erhalten Sie die <strong>Men\u00fckarte<\/strong> und auch <strong>Tischk\u00e4rtchen<\/strong>. Die Geburtstagskarte in dieser Farbkombination wirkt sehr edel und dezent, aber auch irgendwie modern. Die Schlichtheit der Gestaltung macht die Geburtstagskarte zu einem Hingucker, der bei den G\u00e4sten garantiert hervorragend ankommt. Als erster Vorbote sozusagen, setzt diese Geburtstagskarte Zeichen. <strong>Beschriftet mit den Eckdaten<\/strong> der Feier, werden die G\u00e4ste stilvoll informiert und eingeladen. Dabei kann diese Einladungskarte entweder von Hand oder mit Computer und Drucker beschriftet werden. Das Einlegeblatt kann einfach in den Drucker eingelegt und bedruckt werden. Wer es lieber etwas pers\u00f6nlicher m\u00f6chte, kann die Einladung nat\u00fcrlich von Hand beschriften.<\/p>\n<p>Zu dieser <strong>Geburtstagseinladung in Gr\u00fcn, Braun und Wei\u00df<\/strong> finden Sie in der Kategorie \u201eMustertische zum Geburtstag\u201c die passende Tischdekoration. So haben Sie nicht nur eine sch\u00f6ne Einladung im Vorfeld geschickt, sondern pr\u00e4sentieren Ihren G\u00e4sten bei der Feier ein perfekt aufeinander abgestimmtes Bild. So stellt man sich eine Geburtstagstafel und eine Feier vor. Harmonisch, stilvoll und<strong> edel im Aussehen<\/strong>.<\/p>\n<p>Geburtstagseinladungen z\u00e4hlen auf jeden Fall zu den Gesten, die bei den G\u00e4sten gut ankommen \u2013 gerade im Zeitalter der medialen Welt. Eine sch\u00f6ne Einladung in den H\u00e4nden halten, statt einer Einladung per SMS oder sonstiger Nachricht, ist immer wieder sch\u00f6n.<\/p>\n","protected":false},"excerpt":{"rendered":"<p>Geburtstagskarten sind gegen\u00fcber den G\u00e4sten eine tolle M\u00f6glichkeit, die Eckdaten einer Geburtstagsfeier mitzuteilen. Dabei bieten sich verschiedene Varianten, was die Geburtstagskarten anbelangt. Da gibt es fertige Einladungen zum Geburtstag zu kaufen, die als die eher schlichte und einfache Variante zu bezeichnen sind. Dann gibt es die Geburtstagskarten, die man auch kaufen kann, die allerdings doch [&hellip;]<\/p>\n","protected":false},"author":6,"featured_media":8236,"comment_status":"closed","ping_status":"closed","sticky":false,"template":"","format":"standard","meta":{"footnotes":""},"categories":[1],"tags":[],"yoast_head":"<!-- This site is optimized with the Yoast SEO plugin v20.4 - https:\/\/yoast.com\/wordpress\/plugins\/seo\/ -->\n<title>Was f\u00fcrs Auge: Geburtstagskarten - Tafeldeko<\/title>\n<meta name=\"description\" content=\"Geburtstagseinladungen z\u00e4hlen auf jeden Fall zu den Gesten, die bei den G\u00e4sten gut ankommen \u2013 gerade im Zeitalter der medialen Welt.\" \/>\n<meta name=\"robots\" content=\"index, follow, max-snippet:-1, max-image-preview:large, max-video-preview:-1\" \/>\n<link rel=\"canonical\" href=\"https:\/\/www.tafeldeko.de\/news\/was-fuers-auge-geburtstagskarten\/\" \/>\n<meta property=\"og:locale\" content=\"de_DE\" \/>\n<meta property=\"og:type\" content=\"article\" \/>\n<meta property=\"og:title\" content=\"Was f\u00fcrs Auge: Geburtstagskarten - Tafeldeko\" \/>\n<meta property=\"og:description\" content=\"Geburtstagseinladungen z\u00e4hlen auf jeden Fall zu den Gesten, die bei den G\u00e4sten gut ankommen \u2013 gerade im Zeitalter der medialen Welt.\" \/>\n<meta property=\"og:url\" content=\"https:\/\/www.tafeldeko.de\/news\/was-fuers-auge-geburtstagskarten\/\" \/>\n<meta property=\"og:site_name\" content=\"Tafeldeko\" \/>\n<meta property=\"article:publisher\" content=\"https:\/\/www.facebook.com\/pages\/Tafeldeko-einzigartige-Tischdekoration\/174202655894\" \/>\n<meta property=\"article:published_time\" content=\"2017-07-05T19:31:52+00:00\" \/>\n<meta property=\"article:modified_time\" content=\"2017-07-11T19:34:08+00:00\" \/>\n<meta property=\"og:image\" content=\"https:\/\/www.tafeldeko.de\/news\/wp-content\/uploads\/2017\/07\/gebu-einladung-gruenbraun.jpg\" \/>\n\t<meta property=\"og:image:width\" content=\"250\" \/>\n\t<meta property=\"og:image:height\" content=\"250\" \/>\n\t<meta property=\"og:image:type\" content=\"image\/jpeg\" \/>\n<meta name=\"author\" content=\"Tafeldeko Deko Team\" \/>\n<meta name=\"twitter:label1\" content=\"Verfasst von\" \/>\n\t<meta name=\"twitter:data1\" content=\"Tafeldeko Deko Team\" \/>\n\t<meta name=\"twitter:label2\" content=\"Gesch\u00e4tzte Lesezeit\" \/>\n\t<meta name=\"twitter:data2\" content=\"2 Minuten\" \/>\n<script type=\"application\/ld+json\" class=\"yoast-schema-graph\">{\"@context\":\"https:\/\/schema.org\",\"@graph\":[{\"@type\":\"WebPage\",\"@id\":\"https:\/\/www.tafeldeko.de\/news\/was-fuers-auge-geburtstagskarten\/\",\"url\":\"https:\/\/www.tafeldeko.de\/news\/was-fuers-auge-geburtstagskarten\/\",\"name\":\"Was f\u00fcrs Auge: Geburtstagskarten - Tafeldeko\",\"isPartOf\":{\"@id\":\"https:\/\/www.tafeldeko.de\/news\/#website\"},\"datePublished\":\"2017-07-05T19:31:52+00:00\",\"dateModified\":\"2017-07-11T19:34:08+00:00\",\"author\":{\"@id\":\"https:\/\/www.tafeldeko.de\/news\/#\/schema\/person\/dc309fbb6a3e380919fc08342c3cc233\"},\"description\":\"Geburtstagseinladungen z\u00e4hlen auf jeden Fall zu den Gesten, die bei den G\u00e4sten gut ankommen \u2013 gerade im Zeitalter der medialen Welt.\",\"breadcrumb\":{\"@id\":\"https:\/\/www.tafeldeko.de\/news\/was-fuers-auge-geburtstagskarten\/#breadcrumb\"},\"inLanguage\":\"de-DE\",\"potentialAction\":[{\"@type\":\"ReadAction\",\"target\":[\"https:\/\/www.tafeldeko.de\/news\/was-fuers-auge-geburtstagskarten\/\"]}]},{\"@type\":\"BreadcrumbList\",\"@id\":\"https:\/\/www.tafeldeko.de\/news\/was-fuers-auge-geburtstagskarten\/#breadcrumb\",\"itemListElement\":[{\"@type\":\"ListItem\",\"position\":1,\"name\":\"Tafeldeko\",\"item\":\"https:\/\/www.tafeldeko.de\/news\/\"},{\"@type\":\"ListItem\",\"position\":2,\"name\":\"Alte Beitr\u00e4ge\",\"item\":\"https:\/\/www.tafeldeko.de\/news\/alte-beitraege\/\"},{\"@type\":\"ListItem\",\"position\":3,\"name\":\"Tischdeko - Blog\",\"item\":\"https:\/\/www.tafeldeko.de\/news\/alte-beitraege\/tischdeko-blog\/\"},{\"@type\":\"ListItem\",\"position\":4,\"name\":\"Was f\u00fcrs Auge: Geburtstagskarten\"}]},{\"@type\":\"WebSite\",\"@id\":\"https:\/\/www.tafeldeko.de\/news\/#website\",\"url\":\"https:\/\/www.tafeldeko.de\/news\/\",\"name\":\"Tafeldeko\",\"description\":\"Blog mit Tischdeko und Tischdekoration Ideen\",\"potentialAction\":[{\"@type\":\"SearchAction\",\"target\":{\"@type\":\"EntryPoint\",\"urlTemplate\":\"https:\/\/www.tafeldeko.de\/news\/?s={search_term_string}\"},\"query-input\":\"required name=search_term_string\"}],\"inLanguage\":\"de-DE\"},{\"@type\":\"Person\",\"@id\":\"https:\/\/www.tafeldeko.de\/news\/#\/schema\/person\/dc309fbb6a3e380919fc08342c3cc233\",\"name\":\"Tafeldeko Deko Team\",\"image\":{\"@type\":\"ImageObject\",\"inLanguage\":\"de-DE\",\"@id\":\"https:\/\/www.tafeldeko.de\/news\/#\/schema\/person\/image\/\",\"url\":\"https:\/\/secure.gravatar.com\/avatar\/1e962f4040dc9996f0d200db31598854?s=96&d=mm&r=g\",\"contentUrl\":\"https:\/\/secure.gravatar.com\/avatar\/1e962f4040dc9996f0d200db31598854?s=96&d=mm&r=g\",\"caption\":\"Tafeldeko Deko Team\"}}]}<\/script>\n<!-- \/ Yoast SEO plugin. -->","yoast_head_json":{"title":"Was f\u00fcrs Auge: Geburtstagskarten - Tafeldeko","description":"Geburtstagseinladungen z\u00e4hlen auf jeden Fall zu den Gesten, die bei den G\u00e4sten gut ankommen \u2013 gerade im Zeitalter der medialen Welt.","robots":{"index":"index","follow":"follow","max-snippet":"max-snippet:-1","max-image-preview":"max-image-preview:large","max-video-preview":"max-video-preview:-1"},"canonical":"https:\/\/www.tafeldeko.de\/news\/was-fuers-auge-geburtstagskarten\/","og_locale":"de_DE","og_type":"article","og_title":"Was f\u00fcrs Auge: Geburtstagskarten - Tafeldeko","og_description":"Geburtstagseinladungen z\u00e4hlen auf jeden Fall zu den Gesten, die bei den G\u00e4sten gut ankommen \u2013 gerade im Zeitalter der medialen Welt.","og_url":"https:\/\/www.tafeldeko.de\/news\/was-fuers-auge-geburtstagskarten\/","og_site_name":"Tafeldeko","article_publisher":"https:\/\/www.facebook.com\/pages\/Tafeldeko-einzigartige-Tischdekoration\/174202655894","article_published_time":"2017-07-05T19:31:52+00:00","article_modified_time":"2017-07-11T19:34:08+00:00","og_image":[{"width":250,"height":250,"url":"https:\/\/www.tafeldeko.de\/news\/wp-content\/uploads\/2017\/07\/gebu-einladung-gruenbraun.jpg","type":"image\/jpeg"}],"author":"Tafeldeko Deko Team","twitter_misc":{"Verfasst von":"Tafeldeko Deko Team","Gesch\u00e4tzte Lesezeit":"2 Minuten"},"schema":{"@context":"https:\/\/schema.org","@graph":[{"@type":"WebPage","@id":"https:\/\/www.tafeldeko.de\/news\/was-fuers-auge-geburtstagskarten\/","url":"https:\/\/www.tafeldeko.de\/news\/was-fuers-auge-geburtstagskarten\/","name":"Was f\u00fcrs Auge: Geburtstagskarten - Tafeldeko","isPartOf":{"@id":"https:\/\/www.tafeldeko.de\/news\/#website"},"datePublished":"2017-07-05T19:31:52+00:00","dateModified":"2017-07-11T19:34:08+00:00","author":{"@id":"https:\/\/www.tafeldeko.de\/news\/#\/schema\/person\/dc309fbb6a3e380919fc08342c3cc233"},"description":"Geburtstagseinladungen z\u00e4hlen auf jeden Fall zu den Gesten, die bei den G\u00e4sten gut ankommen \u2013 gerade im Zeitalter der medialen Welt.","breadcrumb":{"@id":"https:\/\/www.tafeldeko.de\/news\/was-fuers-auge-geburtstagskarten\/#breadcrumb"},"inLanguage":"de-DE","potentialAction":[{"@type":"ReadAction","target":["https:\/\/www.tafeldeko.de\/news\/was-fuers-auge-geburtstagskarten\/"]}]},{"@type":"BreadcrumbList","@id":"https:\/\/www.tafeldeko.de\/news\/was-fuers-auge-geburtstagskarten\/#breadcrumb","itemListElement":[{"@type":"ListItem","position":1,"name":"Tafeldeko","item":"https:\/\/www.tafeldeko.de\/news\/"},{"@type":"ListItem","position":2,"name":"Alte Beitr\u00e4ge","item":"https:\/\/www.tafeldeko.de\/news\/alte-beitraege\/"},{"@type":"ListItem","position":3,"name":"Tischdeko - Blog","item":"https:\/\/www.tafeldeko.de\/news\/alte-beitraege\/tischdeko-blog\/"},{"@type":"ListItem","position":4,"name":"Was f\u00fcrs Auge: Geburtstagskarten"}]},{"@type":"WebSite","@id":"https:\/\/www.tafeldeko.de\/news\/#website","url":"https:\/\/www.tafeldeko.de\/news\/","name":"Tafeldeko","description":"Blog mit Tischdeko und Tischdekoration Ideen","potentialAction":[{"@type":"SearchAction","target":{"@type":"EntryPoint","urlTemplate":"https:\/\/www.tafeldeko.de\/news\/?s={search_term_string}"},"query-input":"required name=search_term_string"}],"inLanguage":"de-DE"},{"@type":"Person","@id":"https:\/\/www.tafeldeko.de\/news\/#\/schema\/person\/dc309fbb6a3e380919fc08342c3cc233","name":"Tafeldeko Deko Team","image":{"@type":"ImageObject","inLanguage":"de-DE","@id":"https:\/\/www.tafeldeko.de\/news\/#\/schema\/person\/image\/","url":"https:\/\/secure.gravatar.com\/avatar\/1e962f4040dc9996f0d200db31598854?s=96&d=mm&r=g","contentUrl":"https:\/\/secure.gravatar.com\/avatar\/1e962f4040dc9996f0d200db31598854?s=96&d=mm&r=g","caption":"Tafeldeko Deko Team"}}]}},"_links":{"self":[{"href":"https:\/\/www.tafeldeko.de\/news\/wp-json\/wp\/v2\/posts\/8235"}],"collection":[{"href":"https:\/\/www.tafeldeko.de\/news\/wp-json\/wp\/v2\/posts"}],"about":[{"href":"https:\/\/www.tafeldeko.de\/news\/wp-json\/wp\/v2\/types\/post"}],"author":[{"embeddable":true,"href":"https:\/\/www.tafeldeko.de\/news\/wp-json\/wp\/v2\/users\/6"}],"replies":[{"embeddable":true,"href":"https:\/\/www.tafeldeko.de\/news\/wp-json\/wp\/v2\/comments?post=8235"}],"version-history":[{"count":1,"href":"https:\/\/www.tafeldeko.de\/news\/wp-json\/wp\/v2\/posts\/8235\/revisions"}],"predecessor-version":[{"id":8237,"href":"https:\/\/www.tafeldeko.de\/news\/wp-json\/wp\/v2\/posts\/8235\/revisions\/8237"}],"wp:featuredmedia":[{"embeddable":true,"href":"https:\/\/www.tafeldeko.de\/news\/wp-json\/wp\/v2\/media\/8236"}],"wp:attachment":[{"href":"https:\/\/www.tafeldeko.de\/news\/wp-json\/wp\/v2\/media?parent=8235"}],"wp:term":[{"taxonomy":"category","embeddable":true,"href":"https:\/\/www.tafeldeko.de\/news\/wp-json\/wp\/v2\/categories?post=8235"},{"taxonomy":"post_tag","embeddable":true,"href":"https:\/\/www.tafeldeko.de\/news\/wp-json\/wp\/v2\/tags?post=8235"}],"curies":[{"name":"wp","href":"https:\/\/api.w.org\/{rel}","templated":true}]}}