{"id":8215,"date":"2017-07-03T08:34:33","date_gmt":"2017-07-03T06:34:33","guid":{"rendered":"https:\/\/www.tafeldeko.de\/news\/?p=8215"},"modified":"2017-07-06T08:37:36","modified_gmt":"2017-07-06T06:37:36","slug":"tischdeko-geburtstagsfeier-zum-30","status":"publish","type":"post","link":"https:\/\/www.tafeldeko.de\/news\/tischdeko-geburtstagsfeier-zum-30\/","title":{"rendered":"Tischdeko Geburtstagsfeier zum 30."},"content":{"rendered":"<p><a href=\"https:\/\/www.tafeldeko.de\/news\/wp-content\/uploads\/2017\/07\/tischlaeufer_gebu_30.jpg\"><img decoding=\"async\" loading=\"lazy\" class=\"alignleft size-full wp-image-8216\" src=\"https:\/\/www.tafeldeko.de\/news\/wp-content\/uploads\/2017\/07\/tischlaeufer_gebu_30.jpg\" alt=\"Tischdeko Geburtstagsfeier zum 30.\" width=\"250\" height=\"250\" srcset=\"https:\/\/www.tafeldeko.de\/news\/wp-content\/uploads\/2017\/07\/tischlaeufer_gebu_30.jpg 250w, https:\/\/www.tafeldeko.de\/news\/wp-content\/uploads\/2017\/07\/tischlaeufer_gebu_30-150x150.jpg 150w\" sizes=\"(max-width: 250px) 100vw, 250px\" \/><\/a>Die <strong>Tischdeko Geburtstagsfeier zum 30.<\/strong> Geburtstag \u2013 sie ist erfrischend, jugendlich, schillernd und wundersch\u00f6n. Mit 30 Jahren macht man noch Party, feiert im gro\u00dfen Stil und freut sich auf die Jahre, die noch kommen werden. <strong>Mit 30 Jahren<\/strong> hat man vielleicht gerade eine Familie gegr\u00fcndet, ist verheiratet und der Nachwuchs ist auch schon da oder hat sich angek\u00fcndigt. Die Freuden des Lebens und dazu geh\u00f6rt der 30. Geburtstag auch, d\u00fcrfen geb\u00fchrend gefeiert werden. Damit der Rahmen stimmt, sollte eine entsprechende Tischdeko Geburtstagsfeier zum <strong>30. Geburtstag<\/strong> nicht fehlen. Wie die aussehen kann? Welche Accessoires das gewisse Etwas der Tafel verleihen? Nun, wir haben die Antworten, Ideen und vor allem die Accessoires.<\/p>\n<h2>So k\u00f6nnte sie aussehen \u2013 die Tischdeko Geburtstagsfeier zum 30.<\/h2>\n<p>Mit dem<strong> Vlies Tischl\u00e4ufer Geburtstag \u2013 30 \u2013 in Wei\u00df\/Schwarz<\/strong> k\u00f6nnen Sie f\u00fcr eine tolle und ausdrucksstarke Basis sorgen. Mittig l\u00e4ngs auf den Tisch gelegt oder quer \u2013 von Sitzplatz zu Sitzplatz \u2013 der Tischl\u00e4ufer zeigt bei beiden Auslegevarianten eine tolle Wirkung. Legt man den L\u00e4ufer quer auf den Tisch, bietet dies den Vorteil, dass der Tisch an den Sitzpl\u00e4tzen der G\u00e4ste gesch\u00fctzt ist. Wird der Tischl\u00e4ufer l\u00e4ngs in der Tischmitte drapiert, ist der Tisch an den Sitzpl\u00e4tzen der G\u00e4ste ungesch\u00fctzt.<br \/>\nDies sollte man bei der \u00dcberlegung, den Tisch zu dekorieren, auf jeden Fall ber\u00fccksichtigen.<br \/>\nDoch zur\u00fcck zur Tischdeko Geburtstagsfeier zum 30.. Die<strong> Basis in Wei\u00df und Schwarz<\/strong> ist geschaffen, jetzt werden Accessoires ben\u00f6tigt, die Farbe ins Spiel bringen. Kr\u00e4ftige Farben wie Rot, Gr\u00fcn oder T\u00fcrkis passen hervorragend zu Wei\u00df und Schwarz und bringen sch\u00f6ne Akzente in die <a href=\"http:\/\/www.tafeldeko.de\"><strong>Tischdeko<\/strong><\/a> ein. Gerade bei solch einem fr\u00f6hlichen Anlass darf sich die Tischdekoration bunt pr\u00e4sentieren. Kerzen in T\u00fcrkis, Rot oder Gr\u00fcn lassen die Tafel festlich aussehen, Drahtkugeln, Rattankugeln oder auch bunte Bl\u00fcten passen hervorragend zu dieser Tischdeko Geburtstagsfeier zum 30. Geburtstag. <strong>Konfetti und Aluflitter<\/strong> passen zudem zum Muster des Tischl\u00e4ufers und bringen Farbe ins Spiel, oder besser gesagt: in die Tischdeko.<br \/>\nDie Party kann beginnen, die Deko ist fertig.<\/p>\n","protected":false},"excerpt":{"rendered":"<p>Die Tischdeko Geburtstagsfeier zum 30. Geburtstag \u2013 sie ist erfrischend, jugendlich, schillernd und wundersch\u00f6n. Mit 30 Jahren macht man noch Party, feiert im gro\u00dfen Stil und freut sich auf die Jahre, die noch kommen werden. Mit 30 Jahren hat man vielleicht gerade eine Familie gegr\u00fcndet, ist verheiratet und der Nachwuchs ist auch schon da oder [&hellip;]<\/p>\n","protected":false},"author":6,"featured_media":8216,"comment_status":"closed","ping_status":"closed","sticky":false,"template":"","format":"standard","meta":{"footnotes":""},"categories":[1],"tags":[],"yoast_head":"<!-- This site is optimized with the Yoast SEO plugin v20.4 - https:\/\/yoast.com\/wordpress\/plugins\/seo\/ -->\n<title>Tischdeko Geburtstagsfeier zum 30. - Tafeldeko<\/title>\n<meta name=\"description\" content=\"Rot, Gr\u00fcn oder T\u00fcrkis passen hervorragend zu Wei\u00df und Schwarz und bringen sch\u00f6ne Akzente in die Tischdeko Geburtstagsfeier zum 30. ein.\" \/>\n<meta name=\"robots\" content=\"index, follow, max-snippet:-1, max-image-preview:large, max-video-preview:-1\" \/>\n<link rel=\"canonical\" href=\"https:\/\/www.tafeldeko.de\/news\/tischdeko-geburtstagsfeier-zum-30\/\" \/>\n<meta property=\"og:locale\" content=\"de_DE\" \/>\n<meta property=\"og:type\" content=\"article\" \/>\n<meta property=\"og:title\" content=\"Tischdeko Geburtstagsfeier zum 30. - Tafeldeko\" \/>\n<meta property=\"og:description\" content=\"Rot, Gr\u00fcn oder T\u00fcrkis passen hervorragend zu Wei\u00df und Schwarz und bringen sch\u00f6ne Akzente in die Tischdeko Geburtstagsfeier zum 30. ein.\" \/>\n<meta property=\"og:url\" content=\"https:\/\/www.tafeldeko.de\/news\/tischdeko-geburtstagsfeier-zum-30\/\" \/>\n<meta property=\"og:site_name\" content=\"Tafeldeko\" \/>\n<meta property=\"article:publisher\" content=\"https:\/\/www.facebook.com\/pages\/Tafeldeko-einzigartige-Tischdekoration\/174202655894\" \/>\n<meta property=\"article:published_time\" content=\"2017-07-03T06:34:33+00:00\" \/>\n<meta property=\"article:modified_time\" content=\"2017-07-06T06:37:36+00:00\" \/>\n<meta property=\"og:image\" content=\"https:\/\/www.tafeldeko.de\/news\/wp-content\/uploads\/2017\/07\/tischlaeufer_gebu_30.jpg\" \/>\n\t<meta property=\"og:image:width\" content=\"250\" \/>\n\t<meta property=\"og:image:height\" content=\"250\" \/>\n\t<meta property=\"og:image:type\" content=\"image\/jpeg\" \/>\n<meta name=\"author\" content=\"Tafeldeko Deko Team\" \/>\n<meta name=\"twitter:label1\" content=\"Verfasst von\" \/>\n\t<meta name=\"twitter:data1\" content=\"Tafeldeko Deko Team\" \/>\n\t<meta name=\"twitter:label2\" content=\"Gesch\u00e4tzte Lesezeit\" \/>\n\t<meta name=\"twitter:data2\" content=\"2 Minuten\" \/>\n<script type=\"application\/ld+json\" class=\"yoast-schema-graph\">{\"@context\":\"https:\/\/schema.org\",\"@graph\":[{\"@type\":\"WebPage\",\"@id\":\"https:\/\/www.tafeldeko.de\/news\/tischdeko-geburtstagsfeier-zum-30\/\",\"url\":\"https:\/\/www.tafeldeko.de\/news\/tischdeko-geburtstagsfeier-zum-30\/\",\"name\":\"Tischdeko Geburtstagsfeier zum 30. - Tafeldeko\",\"isPartOf\":{\"@id\":\"https:\/\/www.tafeldeko.de\/news\/#website\"},\"datePublished\":\"2017-07-03T06:34:33+00:00\",\"dateModified\":\"2017-07-06T06:37:36+00:00\",\"author\":{\"@id\":\"https:\/\/www.tafeldeko.de\/news\/#\/schema\/person\/dc309fbb6a3e380919fc08342c3cc233\"},\"description\":\"Rot, Gr\u00fcn oder T\u00fcrkis passen hervorragend zu Wei\u00df und Schwarz und bringen sch\u00f6ne Akzente in die Tischdeko Geburtstagsfeier zum 30. ein.\",\"breadcrumb\":{\"@id\":\"https:\/\/www.tafeldeko.de\/news\/tischdeko-geburtstagsfeier-zum-30\/#breadcrumb\"},\"inLanguage\":\"de-DE\",\"potentialAction\":[{\"@type\":\"ReadAction\",\"target\":[\"https:\/\/www.tafeldeko.de\/news\/tischdeko-geburtstagsfeier-zum-30\/\"]}]},{\"@type\":\"BreadcrumbList\",\"@id\":\"https:\/\/www.tafeldeko.de\/news\/tischdeko-geburtstagsfeier-zum-30\/#breadcrumb\",\"itemListElement\":[{\"@type\":\"ListItem\",\"position\":1,\"name\":\"Tafeldeko\",\"item\":\"https:\/\/www.tafeldeko.de\/news\/\"},{\"@type\":\"ListItem\",\"position\":2,\"name\":\"Alte Beitr\u00e4ge\",\"item\":\"https:\/\/www.tafeldeko.de\/news\/alte-beitraege\/\"},{\"@type\":\"ListItem\",\"position\":3,\"name\":\"Tischdeko - Blog\",\"item\":\"https:\/\/www.tafeldeko.de\/news\/alte-beitraege\/tischdeko-blog\/\"},{\"@type\":\"ListItem\",\"position\":4,\"name\":\"Tischdeko Geburtstagsfeier zum 30.\"}]},{\"@type\":\"WebSite\",\"@id\":\"https:\/\/www.tafeldeko.de\/news\/#website\",\"url\":\"https:\/\/www.tafeldeko.de\/news\/\",\"name\":\"Tafeldeko\",\"description\":\"Blog mit Tischdeko und Tischdekoration Ideen\",\"potentialAction\":[{\"@type\":\"SearchAction\",\"target\":{\"@type\":\"EntryPoint\",\"urlTemplate\":\"https:\/\/www.tafeldeko.de\/news\/?s={search_term_string}\"},\"query-input\":\"required name=search_term_string\"}],\"inLanguage\":\"de-DE\"},{\"@type\":\"Person\",\"@id\":\"https:\/\/www.tafeldeko.de\/news\/#\/schema\/person\/dc309fbb6a3e380919fc08342c3cc233\",\"name\":\"Tafeldeko Deko Team\",\"image\":{\"@type\":\"ImageObject\",\"inLanguage\":\"de-DE\",\"@id\":\"https:\/\/www.tafeldeko.de\/news\/#\/schema\/person\/image\/\",\"url\":\"https:\/\/secure.gravatar.com\/avatar\/1e962f4040dc9996f0d200db31598854?s=96&d=mm&r=g\",\"contentUrl\":\"https:\/\/secure.gravatar.com\/avatar\/1e962f4040dc9996f0d200db31598854?s=96&d=mm&r=g\",\"caption\":\"Tafeldeko Deko Team\"}}]}<\/script>\n<!-- \/ Yoast SEO plugin. -->","yoast_head_json":{"title":"Tischdeko Geburtstagsfeier zum 30. - Tafeldeko","description":"Rot, Gr\u00fcn oder T\u00fcrkis passen hervorragend zu Wei\u00df und Schwarz und bringen sch\u00f6ne Akzente in die Tischdeko Geburtstagsfeier zum 30. ein.","robots":{"index":"index","follow":"follow","max-snippet":"max-snippet:-1","max-image-preview":"max-image-preview:large","max-video-preview":"max-video-preview:-1"},"canonical":"https:\/\/www.tafeldeko.de\/news\/tischdeko-geburtstagsfeier-zum-30\/","og_locale":"de_DE","og_type":"article","og_title":"Tischdeko Geburtstagsfeier zum 30. - Tafeldeko","og_description":"Rot, Gr\u00fcn oder T\u00fcrkis passen hervorragend zu Wei\u00df und Schwarz und bringen sch\u00f6ne Akzente in die Tischdeko Geburtstagsfeier zum 30. ein.","og_url":"https:\/\/www.tafeldeko.de\/news\/tischdeko-geburtstagsfeier-zum-30\/","og_site_name":"Tafeldeko","article_publisher":"https:\/\/www.facebook.com\/pages\/Tafeldeko-einzigartige-Tischdekoration\/174202655894","article_published_time":"2017-07-03T06:34:33+00:00","article_modified_time":"2017-07-06T06:37:36+00:00","og_image":[{"width":250,"height":250,"url":"https:\/\/www.tafeldeko.de\/news\/wp-content\/uploads\/2017\/07\/tischlaeufer_gebu_30.jpg","type":"image\/jpeg"}],"author":"Tafeldeko Deko Team","twitter_misc":{"Verfasst von":"Tafeldeko Deko Team","Gesch\u00e4tzte Lesezeit":"2 Minuten"},"schema":{"@context":"https:\/\/schema.org","@graph":[{"@type":"WebPage","@id":"https:\/\/www.tafeldeko.de\/news\/tischdeko-geburtstagsfeier-zum-30\/","url":"https:\/\/www.tafeldeko.de\/news\/tischdeko-geburtstagsfeier-zum-30\/","name":"Tischdeko Geburtstagsfeier zum 30. - Tafeldeko","isPartOf":{"@id":"https:\/\/www.tafeldeko.de\/news\/#website"},"datePublished":"2017-07-03T06:34:33+00:00","dateModified":"2017-07-06T06:37:36+00:00","author":{"@id":"https:\/\/www.tafeldeko.de\/news\/#\/schema\/person\/dc309fbb6a3e380919fc08342c3cc233"},"description":"Rot, Gr\u00fcn oder T\u00fcrkis passen hervorragend zu Wei\u00df und Schwarz und bringen sch\u00f6ne Akzente in die Tischdeko Geburtstagsfeier zum 30. ein.","breadcrumb":{"@id":"https:\/\/www.tafeldeko.de\/news\/tischdeko-geburtstagsfeier-zum-30\/#breadcrumb"},"inLanguage":"de-DE","potentialAction":[{"@type":"ReadAction","target":["https:\/\/www.tafeldeko.de\/news\/tischdeko-geburtstagsfeier-zum-30\/"]}]},{"@type":"BreadcrumbList","@id":"https:\/\/www.tafeldeko.de\/news\/tischdeko-geburtstagsfeier-zum-30\/#breadcrumb","itemListElement":[{"@type":"ListItem","position":1,"name":"Tafeldeko","item":"https:\/\/www.tafeldeko.de\/news\/"},{"@type":"ListItem","position":2,"name":"Alte Beitr\u00e4ge","item":"https:\/\/www.tafeldeko.de\/news\/alte-beitraege\/"},{"@type":"ListItem","position":3,"name":"Tischdeko - Blog","item":"https:\/\/www.tafeldeko.de\/news\/alte-beitraege\/tischdeko-blog\/"},{"@type":"ListItem","position":4,"name":"Tischdeko Geburtstagsfeier zum 30."}]},{"@type":"WebSite","@id":"https:\/\/www.tafeldeko.de\/news\/#website","url":"https:\/\/www.tafeldeko.de\/news\/","name":"Tafeldeko","description":"Blog mit Tischdeko und Tischdekoration Ideen","potentialAction":[{"@type":"SearchAction","target":{"@type":"EntryPoint","urlTemplate":"https:\/\/www.tafeldeko.de\/news\/?s={search_term_string}"},"query-input":"required name=search_term_string"}],"inLanguage":"de-DE"},{"@type":"Person","@id":"https:\/\/www.tafeldeko.de\/news\/#\/schema\/person\/dc309fbb6a3e380919fc08342c3cc233","name":"Tafeldeko Deko Team","image":{"@type":"ImageObject","inLanguage":"de-DE","@id":"https:\/\/www.tafeldeko.de\/news\/#\/schema\/person\/image\/","url":"https:\/\/secure.gravatar.com\/avatar\/1e962f4040dc9996f0d200db31598854?s=96&d=mm&r=g","contentUrl":"https:\/\/secure.gravatar.com\/avatar\/1e962f4040dc9996f0d200db31598854?s=96&d=mm&r=g","caption":"Tafeldeko Deko Team"}}]}},"_links":{"self":[{"href":"https:\/\/www.tafeldeko.de\/news\/wp-json\/wp\/v2\/posts\/8215"}],"collection":[{"href":"https:\/\/www.tafeldeko.de\/news\/wp-json\/wp\/v2\/posts"}],"about":[{"href":"https:\/\/www.tafeldeko.de\/news\/wp-json\/wp\/v2\/types\/post"}],"author":[{"embeddable":true,"href":"https:\/\/www.tafeldeko.de\/news\/wp-json\/wp\/v2\/users\/6"}],"replies":[{"embeddable":true,"href":"https:\/\/www.tafeldeko.de\/news\/wp-json\/wp\/v2\/comments?post=8215"}],"version-history":[{"count":1,"href":"https:\/\/www.tafeldeko.de\/news\/wp-json\/wp\/v2\/posts\/8215\/revisions"}],"predecessor-version":[{"id":8217,"href":"https:\/\/www.tafeldeko.de\/news\/wp-json\/wp\/v2\/posts\/8215\/revisions\/8217"}],"wp:featuredmedia":[{"embeddable":true,"href":"https:\/\/www.tafeldeko.de\/news\/wp-json\/wp\/v2\/media\/8216"}],"wp:attachment":[{"href":"https:\/\/www.tafeldeko.de\/news\/wp-json\/wp\/v2\/media?parent=8215"}],"wp:term":[{"taxonomy":"category","embeddable":true,"href":"https:\/\/www.tafeldeko.de\/news\/wp-json\/wp\/v2\/categories?post=8215"},{"taxonomy":"post_tag","embeddable":true,"href":"https:\/\/www.tafeldeko.de\/news\/wp-json\/wp\/v2\/tags?post=8215"}],"curies":[{"name":"wp","href":"https:\/\/api.w.org\/{rel}","templated":true}]}}