{"id":8181,"date":"2017-06-21T20:45:06","date_gmt":"2017-06-21T18:45:06","guid":{"rendered":"https:\/\/www.tafeldeko.de\/news\/?p=8181"},"modified":"2022-07-01T13:41:44","modified_gmt":"2022-07-01T12:41:44","slug":"geburtstagssprueche-mit-reimen-gratulieren","status":"publish","type":"post","link":"https:\/\/www.tafeldeko.de\/news\/geburtstagssprueche-mit-reimen-gratulieren\/","title":{"rendered":"Geburtstagsspr\u00fcche mit Reimen gratulieren"},"content":{"rendered":"<p><strong>Geburtstagsspr\u00fcche<\/strong> mit Reimen bieten eine tolle M\u00f6glichkeit, etwas anders zum Geburtstag zu gratulieren. Es ist nicht die Standard-Geburtstagskarte, mit der wir das Geburtstagskind gr\u00fc\u00dfen, sondern etwas viel Pers\u00f6nlicheres. Eine Karte oder ein Blatt, auf dem ein netter Geburtstagsspruch steht, der individuell gratuliert. Gerade an einem runden Geburtstag erh\u00e4lt man als Geburtstagskind viele Karten, doch eine Karte, die anders gestaltet ist, f\u00e4llt da garantiert ins Auge.<\/p>\n<p>\u00a0<\/p>\n<h2>Ideen f\u00fcr Geburtstagsspr\u00fcche mit Reimen<\/h2>\n<p>\u201eMit Geburtstagsspr\u00fcchen zum Geburtstag gratulieren, ist ja schon eine tolle Idee\u201c, werden Sie vielleicht denken, \u201eaber ich habe so gar keine Idee, was ich schreiben k\u00f6nnte.\u201c Die Ideen, was als Geburtstagsspruch in Frage kommen k\u00f6nnte, die finden Sie im Internet. Hier gibt es <strong>Zitate<\/strong> ber\u00fchmter Frauen und M\u00e4nner, die vor Hunderten von Jahren zum Geburtstag gratulierten. Und da gibt es Geburtstagsspr\u00fcche, die sich irgendjemand mal ausgedacht und niedergeschrieben hat. Und diese k\u00f6nnen wir dann als m\u00f6glichen Spruch zum Geburtstag f\u00fcr die Freundin, den Freund, die Mutter, den Vater oder andere Menschen verwenden. <strong>Bei der Auswahl<\/strong> des Geburtstagsspruches sollte man darauf achten, dass der Inhalt zum Geburtstagskind passt, es pers\u00f6nlich anspricht und ihm auf eine sch\u00f6ne Art zum Geburtstag gratuliert.<br \/>Und vielleicht dient der eine oder andere Geburtstagsspruch aus dem Internet als kleiner Ideengeber und man kommt selbst auf einen wundersch\u00f6nen Spruch.<br \/>Und wenn die Gl\u00fcckw\u00fcnsche zum Geburtstag <strong>von Herzen kommen<\/strong>, das wiedergeben, was man f\u00fchlt, dann muss sich das Ganze auch noch nicht einmal unbedingt reimen. Bei dieser Art ist es eher der Inhalt, die Nachricht, die der Spruch dem Geburtstagskind vermittelt und das ist einfach nur wundersch\u00f6n. Und gerade solche Geburtstagsspr\u00fcche sind r\u00fchrig und lassen vielleicht sogar das eine oder andere Tr\u00e4nchen flie\u00dfen. In solchen Momenten wei\u00df man als Gratulant: genau auf den Punkt getroffen und das gesagt, was man gef\u00fchlt hat, beziehungsweise f\u00fchlt.<br \/>Geburtstagsspr\u00fcche, die von Herzen kommen \u2013 einfach <strong>eine tolle Art und Weise<\/strong>, zum Geburtstag zu gratulieren.<\/p>\n<h2>Weitere Beitr\u00e4ge:<\/h2>\n<h2>Dekoartikel von A-Z<\/h2>\n<p>\t\t\t\t\t<a href=\"https:\/\/www.tafeldeko.de\/tischdeko-artikel\/\"><br \/>\n\t\t\t\t\t\tJetzt entdecken\t\t\t\t\t<\/a><\/p>\n","protected":false},"excerpt":{"rendered":"<p>Geburtstagsspr\u00fcche mit Reimen bieten eine tolle M\u00f6glichkeit, etwas anders zum Geburtstag zu gratulieren. Es ist nicht die Standard-Geburtstagskarte, mit der wir das Geburtstagskind gr\u00fc\u00dfen, sondern etwas viel Pers\u00f6nlicheres. Eine Karte oder ein Blatt, auf dem ein netter Geburtstagsspruch steht, der individuell gratuliert. Gerade an einem runden Geburtstag erh\u00e4lt man als Geburtstagskind viele Karten, doch eine [&hellip;]<\/p>\n","protected":false},"author":6,"featured_media":0,"comment_status":"closed","ping_status":"closed","sticky":false,"template":"","format":"standard","meta":{"footnotes":""},"categories":[1],"tags":[],"yoast_head":"<!-- This site is optimized with the Yoast SEO plugin v20.4 - https:\/\/yoast.com\/wordpress\/plugins\/seo\/ -->\n<title>Geburtstagsspr\u00fcche mit Reimen gratulieren - Tafeldeko<\/title>\n<meta name=\"description\" content=\"Geburtstagsspr\u00fcche mit Reimen, die von Herzen kommen \u2013 einfach eine tolle Art und Weise, zum Geburtstag zu gratulieren.\" \/>\n<meta name=\"robots\" content=\"index, follow, max-snippet:-1, max-image-preview:large, max-video-preview:-1\" \/>\n<link rel=\"canonical\" href=\"https:\/\/www.tafeldeko.de\/news\/geburtstagssprueche-mit-reimen-gratulieren\/\" \/>\n<meta property=\"og:locale\" content=\"de_DE\" \/>\n<meta property=\"og:type\" content=\"article\" \/>\n<meta property=\"og:title\" content=\"Geburtstagsspr\u00fcche mit Reimen gratulieren - Tafeldeko\" \/>\n<meta property=\"og:description\" content=\"Geburtstagsspr\u00fcche mit Reimen, die von Herzen kommen \u2013 einfach eine tolle Art und Weise, zum Geburtstag zu gratulieren.\" \/>\n<meta property=\"og:url\" content=\"https:\/\/www.tafeldeko.de\/news\/geburtstagssprueche-mit-reimen-gratulieren\/\" \/>\n<meta property=\"og:site_name\" content=\"Tafeldeko\" \/>\n<meta property=\"article:publisher\" content=\"https:\/\/www.facebook.com\/pages\/Tafeldeko-einzigartige-Tischdekoration\/174202655894\" \/>\n<meta property=\"article:published_time\" content=\"2017-06-21T18:45:06+00:00\" \/>\n<meta property=\"article:modified_time\" content=\"2022-07-01T12:41:44+00:00\" \/>\n<meta name=\"author\" content=\"Tafeldeko Deko Team\" \/>\n<meta name=\"twitter:label1\" content=\"Verfasst von\" \/>\n\t<meta name=\"twitter:data1\" content=\"Tafeldeko Deko Team\" \/>\n\t<meta name=\"twitter:label2\" content=\"Gesch\u00e4tzte Lesezeit\" \/>\n\t<meta name=\"twitter:data2\" content=\"3 Minuten\" \/>\n<script type=\"application\/ld+json\" class=\"yoast-schema-graph\">{\"@context\":\"https:\/\/schema.org\",\"@graph\":[{\"@type\":\"WebPage\",\"@id\":\"https:\/\/www.tafeldeko.de\/news\/geburtstagssprueche-mit-reimen-gratulieren\/\",\"url\":\"https:\/\/www.tafeldeko.de\/news\/geburtstagssprueche-mit-reimen-gratulieren\/\",\"name\":\"Geburtstagsspr\u00fcche mit Reimen gratulieren - Tafeldeko\",\"isPartOf\":{\"@id\":\"https:\/\/www.tafeldeko.de\/news\/#website\"},\"datePublished\":\"2017-06-21T18:45:06+00:00\",\"dateModified\":\"2022-07-01T12:41:44+00:00\",\"author\":{\"@id\":\"https:\/\/www.tafeldeko.de\/news\/#\/schema\/person\/dc309fbb6a3e380919fc08342c3cc233\"},\"description\":\"Geburtstagsspr\u00fcche mit Reimen, die von Herzen kommen \u2013 einfach eine tolle Art und Weise, zum Geburtstag zu gratulieren.\",\"breadcrumb\":{\"@id\":\"https:\/\/www.tafeldeko.de\/news\/geburtstagssprueche-mit-reimen-gratulieren\/#breadcrumb\"},\"inLanguage\":\"de-DE\",\"potentialAction\":[{\"@type\":\"ReadAction\",\"target\":[\"https:\/\/www.tafeldeko.de\/news\/geburtstagssprueche-mit-reimen-gratulieren\/\"]}]},{\"@type\":\"BreadcrumbList\",\"@id\":\"https:\/\/www.tafeldeko.de\/news\/geburtstagssprueche-mit-reimen-gratulieren\/#breadcrumb\",\"itemListElement\":[{\"@type\":\"ListItem\",\"position\":1,\"name\":\"Tafeldeko\",\"item\":\"https:\/\/www.tafeldeko.de\/news\/\"},{\"@type\":\"ListItem\",\"position\":2,\"name\":\"Alte Beitr\u00e4ge\",\"item\":\"https:\/\/www.tafeldeko.de\/news\/alte-beitraege\/\"},{\"@type\":\"ListItem\",\"position\":3,\"name\":\"Tischdeko - Blog\",\"item\":\"https:\/\/www.tafeldeko.de\/news\/alte-beitraege\/tischdeko-blog\/\"},{\"@type\":\"ListItem\",\"position\":4,\"name\":\"Geburtstagsspr\u00fcche mit Reimen gratulieren\"}]},{\"@type\":\"WebSite\",\"@id\":\"https:\/\/www.tafeldeko.de\/news\/#website\",\"url\":\"https:\/\/www.tafeldeko.de\/news\/\",\"name\":\"Tafeldeko\",\"description\":\"Blog mit Tischdeko und Tischdekoration Ideen\",\"potentialAction\":[{\"@type\":\"SearchAction\",\"target\":{\"@type\":\"EntryPoint\",\"urlTemplate\":\"https:\/\/www.tafeldeko.de\/news\/?s={search_term_string}\"},\"query-input\":\"required name=search_term_string\"}],\"inLanguage\":\"de-DE\"},{\"@type\":\"Person\",\"@id\":\"https:\/\/www.tafeldeko.de\/news\/#\/schema\/person\/dc309fbb6a3e380919fc08342c3cc233\",\"name\":\"Tafeldeko Deko Team\",\"image\":{\"@type\":\"ImageObject\",\"inLanguage\":\"de-DE\",\"@id\":\"https:\/\/www.tafeldeko.de\/news\/#\/schema\/person\/image\/\",\"url\":\"https:\/\/secure.gravatar.com\/avatar\/1e962f4040dc9996f0d200db31598854?s=96&d=mm&r=g\",\"contentUrl\":\"https:\/\/secure.gravatar.com\/avatar\/1e962f4040dc9996f0d200db31598854?s=96&d=mm&r=g\",\"caption\":\"Tafeldeko Deko Team\"}}]}<\/script>\n<!-- \/ Yoast SEO plugin. -->","yoast_head_json":{"title":"Geburtstagsspr\u00fcche mit Reimen gratulieren - Tafeldeko","description":"Geburtstagsspr\u00fcche mit Reimen, die von Herzen kommen \u2013 einfach eine tolle Art und Weise, zum Geburtstag zu gratulieren.","robots":{"index":"index","follow":"follow","max-snippet":"max-snippet:-1","max-image-preview":"max-image-preview:large","max-video-preview":"max-video-preview:-1"},"canonical":"https:\/\/www.tafeldeko.de\/news\/geburtstagssprueche-mit-reimen-gratulieren\/","og_locale":"de_DE","og_type":"article","og_title":"Geburtstagsspr\u00fcche mit Reimen gratulieren - Tafeldeko","og_description":"Geburtstagsspr\u00fcche mit Reimen, die von Herzen kommen \u2013 einfach eine tolle Art und Weise, zum Geburtstag zu gratulieren.","og_url":"https:\/\/www.tafeldeko.de\/news\/geburtstagssprueche-mit-reimen-gratulieren\/","og_site_name":"Tafeldeko","article_publisher":"https:\/\/www.facebook.com\/pages\/Tafeldeko-einzigartige-Tischdekoration\/174202655894","article_published_time":"2017-06-21T18:45:06+00:00","article_modified_time":"2022-07-01T12:41:44+00:00","author":"Tafeldeko Deko Team","twitter_misc":{"Verfasst von":"Tafeldeko Deko Team","Gesch\u00e4tzte Lesezeit":"3 Minuten"},"schema":{"@context":"https:\/\/schema.org","@graph":[{"@type":"WebPage","@id":"https:\/\/www.tafeldeko.de\/news\/geburtstagssprueche-mit-reimen-gratulieren\/","url":"https:\/\/www.tafeldeko.de\/news\/geburtstagssprueche-mit-reimen-gratulieren\/","name":"Geburtstagsspr\u00fcche mit Reimen gratulieren - Tafeldeko","isPartOf":{"@id":"https:\/\/www.tafeldeko.de\/news\/#website"},"datePublished":"2017-06-21T18:45:06+00:00","dateModified":"2022-07-01T12:41:44+00:00","author":{"@id":"https:\/\/www.tafeldeko.de\/news\/#\/schema\/person\/dc309fbb6a3e380919fc08342c3cc233"},"description":"Geburtstagsspr\u00fcche mit Reimen, die von Herzen kommen \u2013 einfach eine tolle Art und Weise, zum Geburtstag zu gratulieren.","breadcrumb":{"@id":"https:\/\/www.tafeldeko.de\/news\/geburtstagssprueche-mit-reimen-gratulieren\/#breadcrumb"},"inLanguage":"de-DE","potentialAction":[{"@type":"ReadAction","target":["https:\/\/www.tafeldeko.de\/news\/geburtstagssprueche-mit-reimen-gratulieren\/"]}]},{"@type":"BreadcrumbList","@id":"https:\/\/www.tafeldeko.de\/news\/geburtstagssprueche-mit-reimen-gratulieren\/#breadcrumb","itemListElement":[{"@type":"ListItem","position":1,"name":"Tafeldeko","item":"https:\/\/www.tafeldeko.de\/news\/"},{"@type":"ListItem","position":2,"name":"Alte Beitr\u00e4ge","item":"https:\/\/www.tafeldeko.de\/news\/alte-beitraege\/"},{"@type":"ListItem","position":3,"name":"Tischdeko - Blog","item":"https:\/\/www.tafeldeko.de\/news\/alte-beitraege\/tischdeko-blog\/"},{"@type":"ListItem","position":4,"name":"Geburtstagsspr\u00fcche mit Reimen gratulieren"}]},{"@type":"WebSite","@id":"https:\/\/www.tafeldeko.de\/news\/#website","url":"https:\/\/www.tafeldeko.de\/news\/","name":"Tafeldeko","description":"Blog mit Tischdeko und Tischdekoration Ideen","potentialAction":[{"@type":"SearchAction","target":{"@type":"EntryPoint","urlTemplate":"https:\/\/www.tafeldeko.de\/news\/?s={search_term_string}"},"query-input":"required name=search_term_string"}],"inLanguage":"de-DE"},{"@type":"Person","@id":"https:\/\/www.tafeldeko.de\/news\/#\/schema\/person\/dc309fbb6a3e380919fc08342c3cc233","name":"Tafeldeko Deko Team","image":{"@type":"ImageObject","inLanguage":"de-DE","@id":"https:\/\/www.tafeldeko.de\/news\/#\/schema\/person\/image\/","url":"https:\/\/secure.gravatar.com\/avatar\/1e962f4040dc9996f0d200db31598854?s=96&d=mm&r=g","contentUrl":"https:\/\/secure.gravatar.com\/avatar\/1e962f4040dc9996f0d200db31598854?s=96&d=mm&r=g","caption":"Tafeldeko Deko Team"}}]}},"_links":{"self":[{"href":"https:\/\/www.tafeldeko.de\/news\/wp-json\/wp\/v2\/posts\/8181"}],"collection":[{"href":"https:\/\/www.tafeldeko.de\/news\/wp-json\/wp\/v2\/posts"}],"about":[{"href":"https:\/\/www.tafeldeko.de\/news\/wp-json\/wp\/v2\/types\/post"}],"author":[{"embeddable":true,"href":"https:\/\/www.tafeldeko.de\/news\/wp-json\/wp\/v2\/users\/6"}],"replies":[{"embeddable":true,"href":"https:\/\/www.tafeldeko.de\/news\/wp-json\/wp\/v2\/comments?post=8181"}],"version-history":[{"count":11,"href":"https:\/\/www.tafeldeko.de\/news\/wp-json\/wp\/v2\/posts\/8181\/revisions"}],"predecessor-version":[{"id":19271,"href":"https:\/\/www.tafeldeko.de\/news\/wp-json\/wp\/v2\/posts\/8181\/revisions\/19271"}],"wp:attachment":[{"href":"https:\/\/www.tafeldeko.de\/news\/wp-json\/wp\/v2\/media?parent=8181"}],"wp:term":[{"taxonomy":"category","embeddable":true,"href":"https:\/\/www.tafeldeko.de\/news\/wp-json\/wp\/v2\/categories?post=8181"},{"taxonomy":"post_tag","embeddable":true,"href":"https:\/\/www.tafeldeko.de\/news\/wp-json\/wp\/v2\/tags?post=8181"}],"curies":[{"name":"wp","href":"https:\/\/api.w.org\/{rel}","templated":true}]}}