{"id":8151,"date":"2017-06-05T19:57:41","date_gmt":"2017-06-05T17:57:41","guid":{"rendered":"https:\/\/www.tafeldeko.de\/news\/?p=8151"},"modified":"2022-07-04T09:33:17","modified_gmt":"2022-07-04T08:33:17","slug":"tischdeko-lila-edle-und-ansprechende-dekoration","status":"publish","type":"post","link":"https:\/\/www.tafeldeko.de\/news\/tischdeko-lila-edle-und-ansprechende-dekoration\/","title":{"rendered":"Tischdeko Lila \u2013 edle und ansprechende Dekoration"},"content":{"rendered":"<p>Die <strong>Tischdeko Lila<\/strong> bietet eine wundersch\u00f6ne und edle Basis f\u00fcr den Tisch. Ob nun ein Fest ansteht oder Sie die t\u00e4gliche Deko mit Lila aufpeppen m\u00f6chten, spielt dabei keine Rolle. Dabei ist es nicht der sch\u00f6ne Farbton, der f\u00fcr <strong>die sch\u00f6nen Akzente<\/strong> auf dem Tisch sorgt, sondern nat\u00fcrlich auch die tollen Accessoires. Welche M\u00f6glichkeiten sich Ihnen bieten, die Tischdeko lila auszuschm\u00fccken, m\u00f6chten wir Ihnen nun erl\u00e4utern.<\/p>\n<p>\t\t\t\t\t\t\t\t\t\t\t\t<img decoding=\"async\" width=\"250\" height=\"250\" src=\"https:\/\/www.tafeldeko.de\/news\/wp-content\/uploads\/2017\/06\/windlichtkerzee.jpg\" alt=\"Tischdeko Lila\" loading=\"lazy\" srcset=\"https:\/\/www.tafeldeko.de\/news\/wp-content\/uploads\/2017\/06\/windlichtkerzee.jpg 250w, https:\/\/www.tafeldeko.de\/news\/wp-content\/uploads\/2017\/06\/windlichtkerzee-150x150.jpg 150w\" sizes=\"(max-width: 250px) 100vw, 250px\" \/>\t\t\t\t\t\t\t\t\t\t\t\t\t\t<\/p>\n<h2>Ideen f\u00fcr die Tischdeko Lila<\/h2>\n<p>Bei dieser Art der <a href=\"http:\/\/www.tafeldeko.de\"><strong>Tischdekoration<\/strong><\/a> kann es auch an der Farb-Kombination liegen, wie die Deko wirkt. Lila, kombiniert mit wei\u00dfen Elementen beispielsweise, kommt sehr edel r\u00fcber. Lila mit Grau in Kombination wirkt eher etwas k\u00fchler, w\u00e4hrend Lila mit Schwarz kombiniert, f\u00fcr au\u00dfergew\u00f6hnliche Akzente sorgt.<br \/>\nF\u00fcr welche Farbkombination Sie sich auch entscheiden, Ihre Tischdeko kann sich sehen lassen.<\/p>\n<p>Accessoires wie die <strong>Windlichtkerze in Flieder<\/strong> sorgen f\u00fcr das eine oder andere <strong>Highlight<\/strong> auf dem Tisch \u2013 vielleicht auch im Au\u00dfenbereich. Bei einem Grillabend mit Freunden passt diese Windlichtkerze perfekt, sie spendet den etwas romantischen Kerzenschein und sorgt eben f\u00fcr die gewisse Eleganz auf dem Tisch. Sie k\u00f6nnen das Windlicht beispielsweise auf einer Spiegelfliese drapieren, was noch einen zus\u00e4tzlichen Effekt in die Tischdekoration bringt.<\/p>\n<p>Toll sieht auch der <strong>Duni Kerzenhalter Vase Bot\u00e9 in Lila<\/strong> aus. Wie der Name schon sagt, kann diese Vase sowohl als Kerzenhalter als auch Vase verwendet werden. Mit einer einzelnen Bl\u00fcte, zum Beispiel in Wei\u00df, bringen Sie einen sch\u00f6nen Kontrast und Blickpunkt auf den Tisch. Oder Sie arrangieren eine lilafarbene Leuchterkerze in dem Gef\u00e4\u00df \u2013 ebenfalls sehr schick und eine Bereicherung f\u00fcr die Tischdeko.<\/p>\n<p>Steht ein Fest auf dem Terminkalender und Sie m\u00f6chten die Tischdeko lila ausstatten, empfehlen wir Ihnen die <strong>Duni Serie Orbit Plum<\/strong>. Mit den Tischl\u00e4ufern, Mitteldecken, Tischsets und Servietten k\u00f6nnen Sie f\u00fcr eine eindrucksvolle Tischdekoration sorgen \u2013 einfach und schnell. Und hierzu passt perfekt die <strong>Stumpenkerze Rustic in Pflaume<\/strong>, durchgef\u00e4rbt.<\/p>\n<p>Sie sehen, es gibt viele M\u00f6glichkeiten, die Tischdeko lila einzudecken und f\u00fcr sch\u00f6ne, ausdrucksstarke und edle Akzente zu sorgen.<\/p>\n<h2>Weitere Beitr\u00e4ge:<\/h2>\n<h2>Dekoartikel von A-Z<\/h2>\n<p>\t\t\t\t\t<a href=\"https:\/\/www.tafeldeko.de\/tischdeko-neuheiten\/\"><br \/>\n\t\t\t\t\t\tJetzt entdecken\t\t\t\t\t<\/a><\/p>\n","protected":false},"excerpt":{"rendered":"<p>Die Tischdeko Lila bietet eine wundersch\u00f6ne und edle Basis f\u00fcr den Tisch. Ob nun ein Fest ansteht oder Sie die t\u00e4gliche Deko mit Lila aufpeppen m\u00f6chten, spielt dabei keine Rolle. Dabei ist es nicht der sch\u00f6ne Farbton, der f\u00fcr die sch\u00f6nen Akzente auf dem Tisch sorgt, sondern nat\u00fcrlich auch die tollen Accessoires. Welche M\u00f6glichkeiten sich [&hellip;]<\/p>\n","protected":false},"author":6,"featured_media":8152,"comment_status":"closed","ping_status":"closed","sticky":false,"template":"","format":"standard","meta":{"footnotes":""},"categories":[1],"tags":[],"yoast_head":"<!-- This site is optimized with the Yoast SEO plugin v20.4 - https:\/\/yoast.com\/wordpress\/plugins\/seo\/ -->\n<title>Tischdeko Lila \u2013 edle und ansprechende Dekoration - Tafeldeko<\/title>\n<meta name=\"description\" content=\"Steht ein Fest auf dem Terminkalender und Sie m\u00f6chten die Tischdeko lila ausstatten, empfehlen wir Ihnen die Duni Serie Orbit Plum.\" \/>\n<meta name=\"robots\" content=\"index, follow, max-snippet:-1, max-image-preview:large, max-video-preview:-1\" \/>\n<link rel=\"canonical\" href=\"https:\/\/www.tafeldeko.de\/news\/tischdeko-lila-edle-und-ansprechende-dekoration\/\" \/>\n<meta property=\"og:locale\" content=\"de_DE\" \/>\n<meta property=\"og:type\" content=\"article\" \/>\n<meta property=\"og:title\" content=\"Tischdeko Lila \u2013 edle und ansprechende Dekoration - Tafeldeko\" \/>\n<meta property=\"og:description\" content=\"Steht ein Fest auf dem Terminkalender und Sie m\u00f6chten die Tischdeko lila ausstatten, empfehlen wir Ihnen die Duni Serie Orbit Plum.\" \/>\n<meta property=\"og:url\" content=\"https:\/\/www.tafeldeko.de\/news\/tischdeko-lila-edle-und-ansprechende-dekoration\/\" \/>\n<meta property=\"og:site_name\" content=\"Tafeldeko\" \/>\n<meta property=\"article:publisher\" content=\"https:\/\/www.facebook.com\/pages\/Tafeldeko-einzigartige-Tischdekoration\/174202655894\" \/>\n<meta property=\"article:published_time\" content=\"2017-06-05T17:57:41+00:00\" \/>\n<meta property=\"article:modified_time\" content=\"2022-07-04T08:33:17+00:00\" \/>\n<meta property=\"og:image\" content=\"https:\/\/www.tafeldeko.de\/news\/wp-content\/uploads\/2017\/06\/windlichtkerzee.jpg\" \/>\n\t<meta property=\"og:image:width\" content=\"250\" \/>\n\t<meta property=\"og:image:height\" content=\"250\" \/>\n\t<meta property=\"og:image:type\" content=\"image\/jpeg\" \/>\n<meta name=\"author\" content=\"Tafeldeko Deko Team\" \/>\n<meta name=\"twitter:label1\" content=\"Verfasst von\" \/>\n\t<meta name=\"twitter:data1\" content=\"Tafeldeko Deko Team\" \/>\n\t<meta name=\"twitter:label2\" content=\"Gesch\u00e4tzte Lesezeit\" \/>\n\t<meta name=\"twitter:data2\" content=\"4 Minuten\" \/>\n<script type=\"application\/ld+json\" class=\"yoast-schema-graph\">{\"@context\":\"https:\/\/schema.org\",\"@graph\":[{\"@type\":\"WebPage\",\"@id\":\"https:\/\/www.tafeldeko.de\/news\/tischdeko-lila-edle-und-ansprechende-dekoration\/\",\"url\":\"https:\/\/www.tafeldeko.de\/news\/tischdeko-lila-edle-und-ansprechende-dekoration\/\",\"name\":\"Tischdeko Lila \u2013 edle und ansprechende Dekoration - Tafeldeko\",\"isPartOf\":{\"@id\":\"https:\/\/www.tafeldeko.de\/news\/#website\"},\"datePublished\":\"2017-06-05T17:57:41+00:00\",\"dateModified\":\"2022-07-04T08:33:17+00:00\",\"author\":{\"@id\":\"https:\/\/www.tafeldeko.de\/news\/#\/schema\/person\/dc309fbb6a3e380919fc08342c3cc233\"},\"description\":\"Steht ein Fest auf dem Terminkalender und Sie m\u00f6chten die Tischdeko lila ausstatten, empfehlen wir Ihnen die Duni Serie Orbit Plum.\",\"breadcrumb\":{\"@id\":\"https:\/\/www.tafeldeko.de\/news\/tischdeko-lila-edle-und-ansprechende-dekoration\/#breadcrumb\"},\"inLanguage\":\"de-DE\",\"potentialAction\":[{\"@type\":\"ReadAction\",\"target\":[\"https:\/\/www.tafeldeko.de\/news\/tischdeko-lila-edle-und-ansprechende-dekoration\/\"]}]},{\"@type\":\"BreadcrumbList\",\"@id\":\"https:\/\/www.tafeldeko.de\/news\/tischdeko-lila-edle-und-ansprechende-dekoration\/#breadcrumb\",\"itemListElement\":[{\"@type\":\"ListItem\",\"position\":1,\"name\":\"Tafeldeko\",\"item\":\"https:\/\/www.tafeldeko.de\/news\/\"},{\"@type\":\"ListItem\",\"position\":2,\"name\":\"Alte Beitr\u00e4ge\",\"item\":\"https:\/\/www.tafeldeko.de\/news\/alte-beitraege\/\"},{\"@type\":\"ListItem\",\"position\":3,\"name\":\"Tischdeko - Blog\",\"item\":\"https:\/\/www.tafeldeko.de\/news\/alte-beitraege\/tischdeko-blog\/\"},{\"@type\":\"ListItem\",\"position\":4,\"name\":\"Tischdeko Lila \u2013 edle und ansprechende Dekoration\"}]},{\"@type\":\"WebSite\",\"@id\":\"https:\/\/www.tafeldeko.de\/news\/#website\",\"url\":\"https:\/\/www.tafeldeko.de\/news\/\",\"name\":\"Tafeldeko\",\"description\":\"Blog mit Tischdeko und Tischdekoration Ideen\",\"potentialAction\":[{\"@type\":\"SearchAction\",\"target\":{\"@type\":\"EntryPoint\",\"urlTemplate\":\"https:\/\/www.tafeldeko.de\/news\/?s={search_term_string}\"},\"query-input\":\"required name=search_term_string\"}],\"inLanguage\":\"de-DE\"},{\"@type\":\"Person\",\"@id\":\"https:\/\/www.tafeldeko.de\/news\/#\/schema\/person\/dc309fbb6a3e380919fc08342c3cc233\",\"name\":\"Tafeldeko Deko Team\",\"image\":{\"@type\":\"ImageObject\",\"inLanguage\":\"de-DE\",\"@id\":\"https:\/\/www.tafeldeko.de\/news\/#\/schema\/person\/image\/\",\"url\":\"https:\/\/secure.gravatar.com\/avatar\/1e962f4040dc9996f0d200db31598854?s=96&d=mm&r=g\",\"contentUrl\":\"https:\/\/secure.gravatar.com\/avatar\/1e962f4040dc9996f0d200db31598854?s=96&d=mm&r=g\",\"caption\":\"Tafeldeko Deko Team\"}}]}<\/script>\n<!-- \/ Yoast SEO plugin. -->","yoast_head_json":{"title":"Tischdeko Lila \u2013 edle und ansprechende Dekoration - Tafeldeko","description":"Steht ein Fest auf dem Terminkalender und Sie m\u00f6chten die Tischdeko lila ausstatten, empfehlen wir Ihnen die Duni Serie Orbit Plum.","robots":{"index":"index","follow":"follow","max-snippet":"max-snippet:-1","max-image-preview":"max-image-preview:large","max-video-preview":"max-video-preview:-1"},"canonical":"https:\/\/www.tafeldeko.de\/news\/tischdeko-lila-edle-und-ansprechende-dekoration\/","og_locale":"de_DE","og_type":"article","og_title":"Tischdeko Lila \u2013 edle und ansprechende Dekoration - Tafeldeko","og_description":"Steht ein Fest auf dem Terminkalender und Sie m\u00f6chten die Tischdeko lila ausstatten, empfehlen wir Ihnen die Duni Serie Orbit Plum.","og_url":"https:\/\/www.tafeldeko.de\/news\/tischdeko-lila-edle-und-ansprechende-dekoration\/","og_site_name":"Tafeldeko","article_publisher":"https:\/\/www.facebook.com\/pages\/Tafeldeko-einzigartige-Tischdekoration\/174202655894","article_published_time":"2017-06-05T17:57:41+00:00","article_modified_time":"2022-07-04T08:33:17+00:00","og_image":[{"width":250,"height":250,"url":"https:\/\/www.tafeldeko.de\/news\/wp-content\/uploads\/2017\/06\/windlichtkerzee.jpg","type":"image\/jpeg"}],"author":"Tafeldeko Deko Team","twitter_misc":{"Verfasst von":"Tafeldeko Deko Team","Gesch\u00e4tzte Lesezeit":"4 Minuten"},"schema":{"@context":"https:\/\/schema.org","@graph":[{"@type":"WebPage","@id":"https:\/\/www.tafeldeko.de\/news\/tischdeko-lila-edle-und-ansprechende-dekoration\/","url":"https:\/\/www.tafeldeko.de\/news\/tischdeko-lila-edle-und-ansprechende-dekoration\/","name":"Tischdeko Lila \u2013 edle und ansprechende Dekoration - Tafeldeko","isPartOf":{"@id":"https:\/\/www.tafeldeko.de\/news\/#website"},"datePublished":"2017-06-05T17:57:41+00:00","dateModified":"2022-07-04T08:33:17+00:00","author":{"@id":"https:\/\/www.tafeldeko.de\/news\/#\/schema\/person\/dc309fbb6a3e380919fc08342c3cc233"},"description":"Steht ein Fest auf dem Terminkalender und Sie m\u00f6chten die Tischdeko lila ausstatten, empfehlen wir Ihnen die Duni Serie Orbit Plum.","breadcrumb":{"@id":"https:\/\/www.tafeldeko.de\/news\/tischdeko-lila-edle-und-ansprechende-dekoration\/#breadcrumb"},"inLanguage":"de-DE","potentialAction":[{"@type":"ReadAction","target":["https:\/\/www.tafeldeko.de\/news\/tischdeko-lila-edle-und-ansprechende-dekoration\/"]}]},{"@type":"BreadcrumbList","@id":"https:\/\/www.tafeldeko.de\/news\/tischdeko-lila-edle-und-ansprechende-dekoration\/#breadcrumb","itemListElement":[{"@type":"ListItem","position":1,"name":"Tafeldeko","item":"https:\/\/www.tafeldeko.de\/news\/"},{"@type":"ListItem","position":2,"name":"Alte Beitr\u00e4ge","item":"https:\/\/www.tafeldeko.de\/news\/alte-beitraege\/"},{"@type":"ListItem","position":3,"name":"Tischdeko - Blog","item":"https:\/\/www.tafeldeko.de\/news\/alte-beitraege\/tischdeko-blog\/"},{"@type":"ListItem","position":4,"name":"Tischdeko Lila \u2013 edle und ansprechende Dekoration"}]},{"@type":"WebSite","@id":"https:\/\/www.tafeldeko.de\/news\/#website","url":"https:\/\/www.tafeldeko.de\/news\/","name":"Tafeldeko","description":"Blog mit Tischdeko und Tischdekoration Ideen","potentialAction":[{"@type":"SearchAction","target":{"@type":"EntryPoint","urlTemplate":"https:\/\/www.tafeldeko.de\/news\/?s={search_term_string}"},"query-input":"required name=search_term_string"}],"inLanguage":"de-DE"},{"@type":"Person","@id":"https:\/\/www.tafeldeko.de\/news\/#\/schema\/person\/dc309fbb6a3e380919fc08342c3cc233","name":"Tafeldeko Deko Team","image":{"@type":"ImageObject","inLanguage":"de-DE","@id":"https:\/\/www.tafeldeko.de\/news\/#\/schema\/person\/image\/","url":"https:\/\/secure.gravatar.com\/avatar\/1e962f4040dc9996f0d200db31598854?s=96&d=mm&r=g","contentUrl":"https:\/\/secure.gravatar.com\/avatar\/1e962f4040dc9996f0d200db31598854?s=96&d=mm&r=g","caption":"Tafeldeko Deko Team"}}]}},"_links":{"self":[{"href":"https:\/\/www.tafeldeko.de\/news\/wp-json\/wp\/v2\/posts\/8151"}],"collection":[{"href":"https:\/\/www.tafeldeko.de\/news\/wp-json\/wp\/v2\/posts"}],"about":[{"href":"https:\/\/www.tafeldeko.de\/news\/wp-json\/wp\/v2\/types\/post"}],"author":[{"embeddable":true,"href":"https:\/\/www.tafeldeko.de\/news\/wp-json\/wp\/v2\/users\/6"}],"replies":[{"embeddable":true,"href":"https:\/\/www.tafeldeko.de\/news\/wp-json\/wp\/v2\/comments?post=8151"}],"version-history":[{"count":4,"href":"https:\/\/www.tafeldeko.de\/news\/wp-json\/wp\/v2\/posts\/8151\/revisions"}],"predecessor-version":[{"id":19333,"href":"https:\/\/www.tafeldeko.de\/news\/wp-json\/wp\/v2\/posts\/8151\/revisions\/19333"}],"wp:featuredmedia":[{"embeddable":true,"href":"https:\/\/www.tafeldeko.de\/news\/wp-json\/wp\/v2\/media\/8152"}],"wp:attachment":[{"href":"https:\/\/www.tafeldeko.de\/news\/wp-json\/wp\/v2\/media?parent=8151"}],"wp:term":[{"taxonomy":"category","embeddable":true,"href":"https:\/\/www.tafeldeko.de\/news\/wp-json\/wp\/v2\/categories?post=8151"},{"taxonomy":"post_tag","embeddable":true,"href":"https:\/\/www.tafeldeko.de\/news\/wp-json\/wp\/v2\/tags?post=8151"}],"curies":[{"name":"wp","href":"https:\/\/api.w.org\/{rel}","templated":true}]}}