{"id":7665,"date":"2016-11-16T09:45:39","date_gmt":"2016-11-16T07:45:39","guid":{"rendered":"https:\/\/www.tafeldeko.de\/news\/?p=7665"},"modified":"2016-11-24T09:47:26","modified_gmt":"2016-11-24T07:47:26","slug":"geburtstagssprueche-fuer-die-einladung","status":"publish","type":"post","link":"https:\/\/www.tafeldeko.de\/news\/geburtstagssprueche-fuer-die-einladung\/","title":{"rendered":"Geburtstagsspr\u00fcche f\u00fcr die Einladung"},"content":{"rendered":"<p>Eine Geburtstagseinladung informiert nicht nur \u00fcber eine anstehende Geburtstagsfeier, sondern kann mit ihrer Gestaltung und mittels <strong>Geburtstagsspr\u00fcche<\/strong> die Vorfreude auf diesen Tag wecken. Das Gesamtbild ist es, was die Geburtstagseinladung ausmacht und Geburtstagsspr\u00fcche bieten zudem die M\u00f6glichkeit, die Geburtstagsw\u00fcnsche mitzuteilen.<br \/>\nDabei hat man in punkto <strong>Geburtstagseinladung<\/strong> viele verschiedene Gestaltungsm\u00f6glichkeiten \u2013 sollte es an Ideen fehlen, lohnt sich ein Blick ins Internet. So ist es auch mit den Geburtstagsspr\u00fcchen \u2013 auch hier finden sich lustige oder stilvolle Anregungen, die man f\u00fcr die eigene Geburtstagseinladung \u00fcbernehmen kann.<\/p>\n<h2>Ideen f\u00fcr die Geburtstagsspr\u00fcche auf der Einladung<\/h2>\n<p>Wie schon geschrieben, mit netten Geburtstagsspr\u00fcchen auf der <strong>Einladung zum Geburtstag<\/strong> k\u00f6nnen Sie den G\u00e4sten Ihre genauen W\u00fcnsche mitteilen. Das macht vor allem dann Sinn, wenn Sie einen gr\u00f6\u00dferen und kostspieligeren Wunsch haben. Dadurch, dass Sie auf der Einladung bereits die G\u00e4ste \u00fcber Ihren Wunsch in Kenntnis setzen, k\u00f6nnen diese entsprechend agieren. Statt Zeit in die Suche eines Geburtstagsgeschenks zu investieren, k\u00f6nnen Sie sich Gedanken dar\u00fcber machen, wie Sie das Geld verschenken. Denn nicht nur die Einladung zum Geburtstag sollte sch\u00f6n aussehen, sondern auch die <strong>Geschenke<\/strong>. Gerade Geldgeschenken wird nachgesagt, dass sie relativ unpers\u00f6nlich sind \u2013 und deshalb sollte die Geschenkverpackung umso pers\u00f6nlicher sein. Denn durch diese tolle Aufmachung kann sich das Geburtstagskind auf jeden Fall merken, von wem das Geld mit dieser anspruchsvollen und aufw\u00e4ndigen Verpackung kam, beispielsweise.<br \/>\nUnd um den G\u00e4sten dies mitzuteilen, sind die Geburtstagsspr\u00fcche geradezu perfekt. Auf der einen Seite der Einladung finden die G\u00e4ste die Eckdaten und auf der anderen Seite ist ein sch\u00f6ner Geburtstagsspruch zu lesen. Ob selbst gedichtet oder aus dem Internet abgeschrieben \u2013 Geburtstagsspr\u00fcche sind mehr als vielf\u00e4ltig. Und viele G\u00e4ste sind dankbar, wenn sie <strong>Anregungen und Tipps<\/strong> erhalten, was den Wunsch des Geburtstagskindes angeht.<br \/>\nUnd wenn das Ganze sch\u00f6n umschrieben, mit einem lustigen Geburtstagsspruch \u00fcbermittelt wird, dann pr\u00e4sentieren Sie den G\u00e4sten ein rundum stimmiges Gesamtbild.<\/p>\n","protected":false},"excerpt":{"rendered":"<p>Eine Geburtstagseinladung informiert nicht nur \u00fcber eine anstehende Geburtstagsfeier, sondern kann mit ihrer Gestaltung und mittels Geburtstagsspr\u00fcche die Vorfreude auf diesen Tag wecken. Das Gesamtbild ist es, was die Geburtstagseinladung ausmacht und Geburtstagsspr\u00fcche bieten zudem die M\u00f6glichkeit, die Geburtstagsw\u00fcnsche mitzuteilen. Dabei hat man in punkto Geburtstagseinladung viele verschiedene Gestaltungsm\u00f6glichkeiten \u2013 sollte es an Ideen fehlen, [&hellip;]<\/p>\n","protected":false},"author":6,"featured_media":0,"comment_status":"closed","ping_status":"closed","sticky":false,"template":"","format":"standard","meta":{"footnotes":""},"categories":[1],"tags":[],"yoast_head":"<!-- This site is optimized with the Yoast SEO plugin v20.4 - https:\/\/yoast.com\/wordpress\/plugins\/seo\/ -->\n<title>Geburtstagsspr\u00fcche f\u00fcr die Einladung - Tafeldeko<\/title>\n<meta name=\"description\" content=\"Und um den G\u00e4sten die Geburtstagsw\u00fcnsche mitzuteilen, sind die Geburtstagsspr\u00fcche auf der Einladung geradezu perfekt.\" \/>\n<meta name=\"robots\" content=\"index, follow, max-snippet:-1, max-image-preview:large, max-video-preview:-1\" \/>\n<link rel=\"canonical\" href=\"https:\/\/www.tafeldeko.de\/news\/geburtstagssprueche-fuer-die-einladung\/\" \/>\n<meta property=\"og:locale\" content=\"de_DE\" \/>\n<meta property=\"og:type\" content=\"article\" \/>\n<meta property=\"og:title\" content=\"Geburtstagsspr\u00fcche f\u00fcr die Einladung - Tafeldeko\" \/>\n<meta property=\"og:description\" content=\"Und um den G\u00e4sten die Geburtstagsw\u00fcnsche mitzuteilen, sind die Geburtstagsspr\u00fcche auf der Einladung geradezu perfekt.\" \/>\n<meta property=\"og:url\" content=\"https:\/\/www.tafeldeko.de\/news\/geburtstagssprueche-fuer-die-einladung\/\" \/>\n<meta property=\"og:site_name\" content=\"Tafeldeko\" \/>\n<meta property=\"article:publisher\" content=\"https:\/\/www.facebook.com\/pages\/Tafeldeko-einzigartige-Tischdekoration\/174202655894\" \/>\n<meta property=\"article:published_time\" content=\"2016-11-16T07:45:39+00:00\" \/>\n<meta property=\"article:modified_time\" content=\"2016-11-24T07:47:26+00:00\" \/>\n<meta name=\"author\" content=\"Tafeldeko Deko Team\" \/>\n<meta name=\"twitter:label1\" content=\"Verfasst von\" \/>\n\t<meta name=\"twitter:data1\" content=\"Tafeldeko Deko Team\" \/>\n\t<meta name=\"twitter:label2\" content=\"Gesch\u00e4tzte Lesezeit\" \/>\n\t<meta name=\"twitter:data2\" content=\"2 Minuten\" \/>\n<script type=\"application\/ld+json\" class=\"yoast-schema-graph\">{\"@context\":\"https:\/\/schema.org\",\"@graph\":[{\"@type\":\"WebPage\",\"@id\":\"https:\/\/www.tafeldeko.de\/news\/geburtstagssprueche-fuer-die-einladung\/\",\"url\":\"https:\/\/www.tafeldeko.de\/news\/geburtstagssprueche-fuer-die-einladung\/\",\"name\":\"Geburtstagsspr\u00fcche f\u00fcr die Einladung - Tafeldeko\",\"isPartOf\":{\"@id\":\"https:\/\/www.tafeldeko.de\/news\/#website\"},\"datePublished\":\"2016-11-16T07:45:39+00:00\",\"dateModified\":\"2016-11-24T07:47:26+00:00\",\"author\":{\"@id\":\"https:\/\/www.tafeldeko.de\/news\/#\/schema\/person\/dc309fbb6a3e380919fc08342c3cc233\"},\"description\":\"Und um den G\u00e4sten die Geburtstagsw\u00fcnsche mitzuteilen, sind die Geburtstagsspr\u00fcche auf der Einladung geradezu perfekt.\",\"breadcrumb\":{\"@id\":\"https:\/\/www.tafeldeko.de\/news\/geburtstagssprueche-fuer-die-einladung\/#breadcrumb\"},\"inLanguage\":\"de-DE\",\"potentialAction\":[{\"@type\":\"ReadAction\",\"target\":[\"https:\/\/www.tafeldeko.de\/news\/geburtstagssprueche-fuer-die-einladung\/\"]}]},{\"@type\":\"BreadcrumbList\",\"@id\":\"https:\/\/www.tafeldeko.de\/news\/geburtstagssprueche-fuer-die-einladung\/#breadcrumb\",\"itemListElement\":[{\"@type\":\"ListItem\",\"position\":1,\"name\":\"Tafeldeko\",\"item\":\"https:\/\/www.tafeldeko.de\/news\/\"},{\"@type\":\"ListItem\",\"position\":2,\"name\":\"Alte Beitr\u00e4ge\",\"item\":\"https:\/\/www.tafeldeko.de\/news\/alte-beitraege\/\"},{\"@type\":\"ListItem\",\"position\":3,\"name\":\"Tischdeko - Blog\",\"item\":\"https:\/\/www.tafeldeko.de\/news\/alte-beitraege\/tischdeko-blog\/\"},{\"@type\":\"ListItem\",\"position\":4,\"name\":\"Geburtstagsspr\u00fcche f\u00fcr die Einladung\"}]},{\"@type\":\"WebSite\",\"@id\":\"https:\/\/www.tafeldeko.de\/news\/#website\",\"url\":\"https:\/\/www.tafeldeko.de\/news\/\",\"name\":\"Tafeldeko\",\"description\":\"Blog mit Tischdeko und Tischdekoration Ideen\",\"potentialAction\":[{\"@type\":\"SearchAction\",\"target\":{\"@type\":\"EntryPoint\",\"urlTemplate\":\"https:\/\/www.tafeldeko.de\/news\/?s={search_term_string}\"},\"query-input\":\"required name=search_term_string\"}],\"inLanguage\":\"de-DE\"},{\"@type\":\"Person\",\"@id\":\"https:\/\/www.tafeldeko.de\/news\/#\/schema\/person\/dc309fbb6a3e380919fc08342c3cc233\",\"name\":\"Tafeldeko Deko Team\",\"image\":{\"@type\":\"ImageObject\",\"inLanguage\":\"de-DE\",\"@id\":\"https:\/\/www.tafeldeko.de\/news\/#\/schema\/person\/image\/\",\"url\":\"https:\/\/secure.gravatar.com\/avatar\/1e962f4040dc9996f0d200db31598854?s=96&d=mm&r=g\",\"contentUrl\":\"https:\/\/secure.gravatar.com\/avatar\/1e962f4040dc9996f0d200db31598854?s=96&d=mm&r=g\",\"caption\":\"Tafeldeko Deko Team\"}}]}<\/script>\n<!-- \/ Yoast SEO plugin. -->","yoast_head_json":{"title":"Geburtstagsspr\u00fcche f\u00fcr die Einladung - Tafeldeko","description":"Und um den G\u00e4sten die Geburtstagsw\u00fcnsche mitzuteilen, sind die Geburtstagsspr\u00fcche auf der Einladung geradezu perfekt.","robots":{"index":"index","follow":"follow","max-snippet":"max-snippet:-1","max-image-preview":"max-image-preview:large","max-video-preview":"max-video-preview:-1"},"canonical":"https:\/\/www.tafeldeko.de\/news\/geburtstagssprueche-fuer-die-einladung\/","og_locale":"de_DE","og_type":"article","og_title":"Geburtstagsspr\u00fcche f\u00fcr die Einladung - Tafeldeko","og_description":"Und um den G\u00e4sten die Geburtstagsw\u00fcnsche mitzuteilen, sind die Geburtstagsspr\u00fcche auf der Einladung geradezu perfekt.","og_url":"https:\/\/www.tafeldeko.de\/news\/geburtstagssprueche-fuer-die-einladung\/","og_site_name":"Tafeldeko","article_publisher":"https:\/\/www.facebook.com\/pages\/Tafeldeko-einzigartige-Tischdekoration\/174202655894","article_published_time":"2016-11-16T07:45:39+00:00","article_modified_time":"2016-11-24T07:47:26+00:00","author":"Tafeldeko Deko Team","twitter_misc":{"Verfasst von":"Tafeldeko Deko Team","Gesch\u00e4tzte Lesezeit":"2 Minuten"},"schema":{"@context":"https:\/\/schema.org","@graph":[{"@type":"WebPage","@id":"https:\/\/www.tafeldeko.de\/news\/geburtstagssprueche-fuer-die-einladung\/","url":"https:\/\/www.tafeldeko.de\/news\/geburtstagssprueche-fuer-die-einladung\/","name":"Geburtstagsspr\u00fcche f\u00fcr die Einladung - Tafeldeko","isPartOf":{"@id":"https:\/\/www.tafeldeko.de\/news\/#website"},"datePublished":"2016-11-16T07:45:39+00:00","dateModified":"2016-11-24T07:47:26+00:00","author":{"@id":"https:\/\/www.tafeldeko.de\/news\/#\/schema\/person\/dc309fbb6a3e380919fc08342c3cc233"},"description":"Und um den G\u00e4sten die Geburtstagsw\u00fcnsche mitzuteilen, sind die Geburtstagsspr\u00fcche auf der Einladung geradezu perfekt.","breadcrumb":{"@id":"https:\/\/www.tafeldeko.de\/news\/geburtstagssprueche-fuer-die-einladung\/#breadcrumb"},"inLanguage":"de-DE","potentialAction":[{"@type":"ReadAction","target":["https:\/\/www.tafeldeko.de\/news\/geburtstagssprueche-fuer-die-einladung\/"]}]},{"@type":"BreadcrumbList","@id":"https:\/\/www.tafeldeko.de\/news\/geburtstagssprueche-fuer-die-einladung\/#breadcrumb","itemListElement":[{"@type":"ListItem","position":1,"name":"Tafeldeko","item":"https:\/\/www.tafeldeko.de\/news\/"},{"@type":"ListItem","position":2,"name":"Alte Beitr\u00e4ge","item":"https:\/\/www.tafeldeko.de\/news\/alte-beitraege\/"},{"@type":"ListItem","position":3,"name":"Tischdeko - Blog","item":"https:\/\/www.tafeldeko.de\/news\/alte-beitraege\/tischdeko-blog\/"},{"@type":"ListItem","position":4,"name":"Geburtstagsspr\u00fcche f\u00fcr die Einladung"}]},{"@type":"WebSite","@id":"https:\/\/www.tafeldeko.de\/news\/#website","url":"https:\/\/www.tafeldeko.de\/news\/","name":"Tafeldeko","description":"Blog mit Tischdeko und Tischdekoration Ideen","potentialAction":[{"@type":"SearchAction","target":{"@type":"EntryPoint","urlTemplate":"https:\/\/www.tafeldeko.de\/news\/?s={search_term_string}"},"query-input":"required name=search_term_string"}],"inLanguage":"de-DE"},{"@type":"Person","@id":"https:\/\/www.tafeldeko.de\/news\/#\/schema\/person\/dc309fbb6a3e380919fc08342c3cc233","name":"Tafeldeko Deko Team","image":{"@type":"ImageObject","inLanguage":"de-DE","@id":"https:\/\/www.tafeldeko.de\/news\/#\/schema\/person\/image\/","url":"https:\/\/secure.gravatar.com\/avatar\/1e962f4040dc9996f0d200db31598854?s=96&d=mm&r=g","contentUrl":"https:\/\/secure.gravatar.com\/avatar\/1e962f4040dc9996f0d200db31598854?s=96&d=mm&r=g","caption":"Tafeldeko Deko Team"}}]}},"_links":{"self":[{"href":"https:\/\/www.tafeldeko.de\/news\/wp-json\/wp\/v2\/posts\/7665"}],"collection":[{"href":"https:\/\/www.tafeldeko.de\/news\/wp-json\/wp\/v2\/posts"}],"about":[{"href":"https:\/\/www.tafeldeko.de\/news\/wp-json\/wp\/v2\/types\/post"}],"author":[{"embeddable":true,"href":"https:\/\/www.tafeldeko.de\/news\/wp-json\/wp\/v2\/users\/6"}],"replies":[{"embeddable":true,"href":"https:\/\/www.tafeldeko.de\/news\/wp-json\/wp\/v2\/comments?post=7665"}],"version-history":[{"count":1,"href":"https:\/\/www.tafeldeko.de\/news\/wp-json\/wp\/v2\/posts\/7665\/revisions"}],"predecessor-version":[{"id":7666,"href":"https:\/\/www.tafeldeko.de\/news\/wp-json\/wp\/v2\/posts\/7665\/revisions\/7666"}],"wp:attachment":[{"href":"https:\/\/www.tafeldeko.de\/news\/wp-json\/wp\/v2\/media?parent=7665"}],"wp:term":[{"taxonomy":"category","embeddable":true,"href":"https:\/\/www.tafeldeko.de\/news\/wp-json\/wp\/v2\/categories?post=7665"},{"taxonomy":"post_tag","embeddable":true,"href":"https:\/\/www.tafeldeko.de\/news\/wp-json\/wp\/v2\/tags?post=7665"}],"curies":[{"name":"wp","href":"https:\/\/api.w.org\/{rel}","templated":true}]}}