{"id":7646,"date":"2016-11-02T15:48:43","date_gmt":"2016-11-02T13:48:43","guid":{"rendered":"https:\/\/www.tafeldeko.de\/news\/?p=7646"},"modified":"2016-11-18T15:50:01","modified_gmt":"2016-11-18T13:50:01","slug":"geburtstagsgedichte-zum-runden","status":"publish","type":"post","link":"https:\/\/www.tafeldeko.de\/news\/geburtstagsgedichte-zum-runden\/","title":{"rendered":"Geburtstagsgedichte zum \u201eRunden\u201c"},"content":{"rendered":"<p><strong>Geburtstagsgedichte<\/strong> \u2013 sie bieten die M\u00f6glichkeit, auf besondere Weise einem Geburtstagskind zu seinem Ehrentag zu gratulieren. Dabei hat man bei den Geburtstagsgedichten verschiedene M\u00f6glichkeiten zur Auswahl \u2013 entweder man wirft einen Blick ins Internet und verwendet bereits fertige Gedichte oder man nimmt sich die Zeit, um ein eigenes und ganz pers\u00f6nliches Geburtstagsgedicht zu verfassen. Welches Gedicht von diesen beiden Varianten das Sch\u00f6nere ist, kann man sich unschwer denken \u2013 das selbst geschriebene.<\/p>\n<h2>Selbst verfasste Geburtstagsgedichte<\/h2>\n<p>Selbst geschriebene Geburtstagsgedichte sind deshalb so besonders und sch\u00f6n, weil sich die Person, die dieses Gedicht geschrieben hat, die Zeit genommen hat, um eben das Besondere zu erschaffen. Denn solch ein Geburtstagsgedicht selbst zu schreiben, ist gar nicht so einfach. Zuerst einmal muss der Inhalt zusammengestellt werden, bevor man mit dem Reimen beginnen kann. Und garantiert nicht nur einmal wird alles durchgestrichen und von vorne begonnen.<br \/>\nGenau dies ist es, warum Geburtstagsgedichte eher selten bei einem Geburtstag \u00fcberreicht werden. Nicht nur die Zeit ist ein gro\u00dfer Faktor, sondern das Reimen, <strong>das harmonische Zusammenspiel<\/strong> der einzelnen Worte \u2013 eben die Gesamtheit des Gedichtes. Schlie\u00dflich soll dieses besondere Geschenk als gelungenes Werk in die Geburtstagsgeschichte eingehen. Vielleicht plant man, das Gedicht w\u00e4hrend der Geburtstagsfeier vorzutragen und somit alle daran teilhaben zu lassen.<br \/>\nUnd gerade dann, wenn man das Gedicht vortr\u00e4gt, sollte es mit <strong>Witz und Charme<\/strong> gespickt sein, pers\u00f6nliche Worte enthalten und das Geburtstagskind als auch die G\u00e4ste unterhalten. Ein Gedicht, das nur traurige Dinge enth\u00e4lt, hat w\u00e4hrend einer Geburtstagsfeier, bei der Spa\u00df und gute Laune im Vordergrund stehen, in der Regel nichts zu suchen.<br \/>\nUnd es ist nicht nur das Gedicht an sich, was unterhalten soll, sondern auch <strong>die Art des Vortragens<\/strong>. Man kann sich noch so viel M\u00fche gegeben haben, das Gedicht zu kreieren, wird es monoton und lieblos vorgetragen, kommt es einfach nicht zur Geltung. Und das w\u00e4re schade, wenn man die Zeit und die M\u00fche, die man daf\u00fcr investiert hat, gegen\u00fcberstellt.<br \/>\nDeshalb: Geburtstagsgedichte sind toll, wenn man die genannten Punkte beachtet und umsetzt.<\/p>\n","protected":false},"excerpt":{"rendered":"<p>Geburtstagsgedichte \u2013 sie bieten die M\u00f6glichkeit, auf besondere Weise einem Geburtstagskind zu seinem Ehrentag zu gratulieren. Dabei hat man bei den Geburtstagsgedichten verschiedene M\u00f6glichkeiten zur Auswahl \u2013 entweder man wirft einen Blick ins Internet und verwendet bereits fertige Gedichte oder man nimmt sich die Zeit, um ein eigenes und ganz pers\u00f6nliches Geburtstagsgedicht zu verfassen. Welches [&hellip;]<\/p>\n","protected":false},"author":6,"featured_media":0,"comment_status":"closed","ping_status":"closed","sticky":false,"template":"","format":"standard","meta":{"footnotes":""},"categories":[1],"tags":[],"yoast_head":"<!-- This site is optimized with the Yoast SEO plugin v20.4 - https:\/\/yoast.com\/wordpress\/plugins\/seo\/ -->\n<title>Geburtstagsgedichte zum \u201eRunden\u201c - Tafeldeko<\/title>\n<meta name=\"description\" content=\"Geburtstagsgedichte \u2013 sie bieten die M\u00f6glichkeit, auf besondere Weise einem Geburtstagskind zu seinem Ehrentag zu gratulieren.\" \/>\n<meta name=\"robots\" content=\"index, follow, max-snippet:-1, max-image-preview:large, max-video-preview:-1\" \/>\n<link rel=\"canonical\" href=\"https:\/\/www.tafeldeko.de\/news\/geburtstagsgedichte-zum-runden\/\" \/>\n<meta property=\"og:locale\" content=\"de_DE\" \/>\n<meta property=\"og:type\" content=\"article\" \/>\n<meta property=\"og:title\" content=\"Geburtstagsgedichte zum \u201eRunden\u201c - Tafeldeko\" \/>\n<meta property=\"og:description\" content=\"Geburtstagsgedichte \u2013 sie bieten die M\u00f6glichkeit, auf besondere Weise einem Geburtstagskind zu seinem Ehrentag zu gratulieren.\" \/>\n<meta property=\"og:url\" content=\"https:\/\/www.tafeldeko.de\/news\/geburtstagsgedichte-zum-runden\/\" \/>\n<meta property=\"og:site_name\" content=\"Tafeldeko\" \/>\n<meta property=\"article:publisher\" content=\"https:\/\/www.facebook.com\/pages\/Tafeldeko-einzigartige-Tischdekoration\/174202655894\" \/>\n<meta property=\"article:published_time\" content=\"2016-11-02T13:48:43+00:00\" \/>\n<meta property=\"article:modified_time\" content=\"2016-11-18T13:50:01+00:00\" \/>\n<meta name=\"author\" content=\"Tafeldeko Deko Team\" \/>\n<meta name=\"twitter:label1\" content=\"Verfasst von\" \/>\n\t<meta name=\"twitter:data1\" content=\"Tafeldeko Deko Team\" \/>\n\t<meta name=\"twitter:label2\" content=\"Gesch\u00e4tzte Lesezeit\" \/>\n\t<meta name=\"twitter:data2\" content=\"2 Minuten\" \/>\n<script type=\"application\/ld+json\" class=\"yoast-schema-graph\">{\"@context\":\"https:\/\/schema.org\",\"@graph\":[{\"@type\":\"WebPage\",\"@id\":\"https:\/\/www.tafeldeko.de\/news\/geburtstagsgedichte-zum-runden\/\",\"url\":\"https:\/\/www.tafeldeko.de\/news\/geburtstagsgedichte-zum-runden\/\",\"name\":\"Geburtstagsgedichte zum \u201eRunden\u201c - Tafeldeko\",\"isPartOf\":{\"@id\":\"https:\/\/www.tafeldeko.de\/news\/#website\"},\"datePublished\":\"2016-11-02T13:48:43+00:00\",\"dateModified\":\"2016-11-18T13:50:01+00:00\",\"author\":{\"@id\":\"https:\/\/www.tafeldeko.de\/news\/#\/schema\/person\/dc309fbb6a3e380919fc08342c3cc233\"},\"description\":\"Geburtstagsgedichte \u2013 sie bieten die M\u00f6glichkeit, auf besondere Weise einem Geburtstagskind zu seinem Ehrentag zu gratulieren.\",\"breadcrumb\":{\"@id\":\"https:\/\/www.tafeldeko.de\/news\/geburtstagsgedichte-zum-runden\/#breadcrumb\"},\"inLanguage\":\"de-DE\",\"potentialAction\":[{\"@type\":\"ReadAction\",\"target\":[\"https:\/\/www.tafeldeko.de\/news\/geburtstagsgedichte-zum-runden\/\"]}]},{\"@type\":\"BreadcrumbList\",\"@id\":\"https:\/\/www.tafeldeko.de\/news\/geburtstagsgedichte-zum-runden\/#breadcrumb\",\"itemListElement\":[{\"@type\":\"ListItem\",\"position\":1,\"name\":\"Tafeldeko\",\"item\":\"https:\/\/www.tafeldeko.de\/news\/\"},{\"@type\":\"ListItem\",\"position\":2,\"name\":\"Alte Beitr\u00e4ge\",\"item\":\"https:\/\/www.tafeldeko.de\/news\/alte-beitraege\/\"},{\"@type\":\"ListItem\",\"position\":3,\"name\":\"Tischdeko - Blog\",\"item\":\"https:\/\/www.tafeldeko.de\/news\/alte-beitraege\/tischdeko-blog\/\"},{\"@type\":\"ListItem\",\"position\":4,\"name\":\"Geburtstagsgedichte zum \u201eRunden\u201c\"}]},{\"@type\":\"WebSite\",\"@id\":\"https:\/\/www.tafeldeko.de\/news\/#website\",\"url\":\"https:\/\/www.tafeldeko.de\/news\/\",\"name\":\"Tafeldeko\",\"description\":\"Blog mit Tischdeko und Tischdekoration Ideen\",\"potentialAction\":[{\"@type\":\"SearchAction\",\"target\":{\"@type\":\"EntryPoint\",\"urlTemplate\":\"https:\/\/www.tafeldeko.de\/news\/?s={search_term_string}\"},\"query-input\":\"required name=search_term_string\"}],\"inLanguage\":\"de-DE\"},{\"@type\":\"Person\",\"@id\":\"https:\/\/www.tafeldeko.de\/news\/#\/schema\/person\/dc309fbb6a3e380919fc08342c3cc233\",\"name\":\"Tafeldeko Deko Team\",\"image\":{\"@type\":\"ImageObject\",\"inLanguage\":\"de-DE\",\"@id\":\"https:\/\/www.tafeldeko.de\/news\/#\/schema\/person\/image\/\",\"url\":\"https:\/\/secure.gravatar.com\/avatar\/1e962f4040dc9996f0d200db31598854?s=96&d=mm&r=g\",\"contentUrl\":\"https:\/\/secure.gravatar.com\/avatar\/1e962f4040dc9996f0d200db31598854?s=96&d=mm&r=g\",\"caption\":\"Tafeldeko Deko Team\"}}]}<\/script>\n<!-- \/ Yoast SEO plugin. -->","yoast_head_json":{"title":"Geburtstagsgedichte zum \u201eRunden\u201c - Tafeldeko","description":"Geburtstagsgedichte \u2013 sie bieten die M\u00f6glichkeit, auf besondere Weise einem Geburtstagskind zu seinem Ehrentag zu gratulieren.","robots":{"index":"index","follow":"follow","max-snippet":"max-snippet:-1","max-image-preview":"max-image-preview:large","max-video-preview":"max-video-preview:-1"},"canonical":"https:\/\/www.tafeldeko.de\/news\/geburtstagsgedichte-zum-runden\/","og_locale":"de_DE","og_type":"article","og_title":"Geburtstagsgedichte zum \u201eRunden\u201c - Tafeldeko","og_description":"Geburtstagsgedichte \u2013 sie bieten die M\u00f6glichkeit, auf besondere Weise einem Geburtstagskind zu seinem Ehrentag zu gratulieren.","og_url":"https:\/\/www.tafeldeko.de\/news\/geburtstagsgedichte-zum-runden\/","og_site_name":"Tafeldeko","article_publisher":"https:\/\/www.facebook.com\/pages\/Tafeldeko-einzigartige-Tischdekoration\/174202655894","article_published_time":"2016-11-02T13:48:43+00:00","article_modified_time":"2016-11-18T13:50:01+00:00","author":"Tafeldeko Deko Team","twitter_misc":{"Verfasst von":"Tafeldeko Deko Team","Gesch\u00e4tzte Lesezeit":"2 Minuten"},"schema":{"@context":"https:\/\/schema.org","@graph":[{"@type":"WebPage","@id":"https:\/\/www.tafeldeko.de\/news\/geburtstagsgedichte-zum-runden\/","url":"https:\/\/www.tafeldeko.de\/news\/geburtstagsgedichte-zum-runden\/","name":"Geburtstagsgedichte zum \u201eRunden\u201c - Tafeldeko","isPartOf":{"@id":"https:\/\/www.tafeldeko.de\/news\/#website"},"datePublished":"2016-11-02T13:48:43+00:00","dateModified":"2016-11-18T13:50:01+00:00","author":{"@id":"https:\/\/www.tafeldeko.de\/news\/#\/schema\/person\/dc309fbb6a3e380919fc08342c3cc233"},"description":"Geburtstagsgedichte \u2013 sie bieten die M\u00f6glichkeit, auf besondere Weise einem Geburtstagskind zu seinem Ehrentag zu gratulieren.","breadcrumb":{"@id":"https:\/\/www.tafeldeko.de\/news\/geburtstagsgedichte-zum-runden\/#breadcrumb"},"inLanguage":"de-DE","potentialAction":[{"@type":"ReadAction","target":["https:\/\/www.tafeldeko.de\/news\/geburtstagsgedichte-zum-runden\/"]}]},{"@type":"BreadcrumbList","@id":"https:\/\/www.tafeldeko.de\/news\/geburtstagsgedichte-zum-runden\/#breadcrumb","itemListElement":[{"@type":"ListItem","position":1,"name":"Tafeldeko","item":"https:\/\/www.tafeldeko.de\/news\/"},{"@type":"ListItem","position":2,"name":"Alte Beitr\u00e4ge","item":"https:\/\/www.tafeldeko.de\/news\/alte-beitraege\/"},{"@type":"ListItem","position":3,"name":"Tischdeko - Blog","item":"https:\/\/www.tafeldeko.de\/news\/alte-beitraege\/tischdeko-blog\/"},{"@type":"ListItem","position":4,"name":"Geburtstagsgedichte zum \u201eRunden\u201c"}]},{"@type":"WebSite","@id":"https:\/\/www.tafeldeko.de\/news\/#website","url":"https:\/\/www.tafeldeko.de\/news\/","name":"Tafeldeko","description":"Blog mit Tischdeko und Tischdekoration Ideen","potentialAction":[{"@type":"SearchAction","target":{"@type":"EntryPoint","urlTemplate":"https:\/\/www.tafeldeko.de\/news\/?s={search_term_string}"},"query-input":"required name=search_term_string"}],"inLanguage":"de-DE"},{"@type":"Person","@id":"https:\/\/www.tafeldeko.de\/news\/#\/schema\/person\/dc309fbb6a3e380919fc08342c3cc233","name":"Tafeldeko Deko Team","image":{"@type":"ImageObject","inLanguage":"de-DE","@id":"https:\/\/www.tafeldeko.de\/news\/#\/schema\/person\/image\/","url":"https:\/\/secure.gravatar.com\/avatar\/1e962f4040dc9996f0d200db31598854?s=96&d=mm&r=g","contentUrl":"https:\/\/secure.gravatar.com\/avatar\/1e962f4040dc9996f0d200db31598854?s=96&d=mm&r=g","caption":"Tafeldeko Deko Team"}}]}},"_links":{"self":[{"href":"https:\/\/www.tafeldeko.de\/news\/wp-json\/wp\/v2\/posts\/7646"}],"collection":[{"href":"https:\/\/www.tafeldeko.de\/news\/wp-json\/wp\/v2\/posts"}],"about":[{"href":"https:\/\/www.tafeldeko.de\/news\/wp-json\/wp\/v2\/types\/post"}],"author":[{"embeddable":true,"href":"https:\/\/www.tafeldeko.de\/news\/wp-json\/wp\/v2\/users\/6"}],"replies":[{"embeddable":true,"href":"https:\/\/www.tafeldeko.de\/news\/wp-json\/wp\/v2\/comments?post=7646"}],"version-history":[{"count":1,"href":"https:\/\/www.tafeldeko.de\/news\/wp-json\/wp\/v2\/posts\/7646\/revisions"}],"predecessor-version":[{"id":7647,"href":"https:\/\/www.tafeldeko.de\/news\/wp-json\/wp\/v2\/posts\/7646\/revisions\/7647"}],"wp:attachment":[{"href":"https:\/\/www.tafeldeko.de\/news\/wp-json\/wp\/v2\/media?parent=7646"}],"wp:term":[{"taxonomy":"category","embeddable":true,"href":"https:\/\/www.tafeldeko.de\/news\/wp-json\/wp\/v2\/categories?post=7646"},{"taxonomy":"post_tag","embeddable":true,"href":"https:\/\/www.tafeldeko.de\/news\/wp-json\/wp\/v2\/tags?post=7646"}],"curies":[{"name":"wp","href":"https:\/\/api.w.org\/{rel}","templated":true}]}}