{"id":761,"date":"2012-10-10T21:08:17","date_gmt":"2012-10-10T19:08:17","guid":{"rendered":"http:\/\/www.tafeldeko.de\/news\/?p=761"},"modified":"2012-10-10T21:08:17","modified_gmt":"2012-10-10T19:08:17","slug":"beeindruckende-tischdeko-fuer-das-firmenjubilaeum-in-schwarz-weiss","status":"publish","type":"post","link":"https:\/\/www.tafeldeko.de\/news\/beeindruckende-tischdeko-fuer-das-firmenjubilaeum-in-schwarz-weiss\/","title":{"rendered":"Beeindruckende Tischdeko f\u00fcr das Firmenjubil\u00e4um in Schwarz-Wei\u00df"},"content":{"rendered":"<div class=\"textumfliessenrechts\"><img decoding=\"async\" loading=\"lazy\" src=\"https:\/\/www.tafeldeko.de\/news\/media\/users\/schnurchristian\/black_white.jpg\" alt=\"Tischdeko schwarz-wei\u00df\" title=\"Tischdeko schwarz-wei\u00df\" width=\"225\" height=\"153\"\/><br \/><a href=\"https:\/\/www.tafeldeko.de\/index.php\/cat\/c1166_Motivservietten-Black---White.html\" title=\"Hier Tischdeko Firmenjubil\u00e4um\"><b>Hier Tischdeko Firmenjubil\u00e4um<\/b><\/a><\/div>\n<p> <b>Firmenjubil\u00e4en <\/b>z\u00e4hlen zu den besonderen Anl\u00e4ssen. Je l\u00e4nger ein Unternehmen am Markt ist, umso deutlicher zeigt sich, dass das Unternehmen, seine Gesch\u00e4ftsf\u00fchrung und die Mitarbeiter sich gegen die Konkurrenz behaupten k\u00f6nnen und etwas leisten und bewegen.<br \/>\nWer ein Firmenjubil\u00e4um feiern darf, kann stolz sein.<br \/>\n5 Jahre, 10 Jahre, 15 Jahre und noch l\u00e4nger \u2013 jedes Jubil\u00e4um ist ein Grund zu Feiern. Der Einsatz der Mitarbeiter, eventuell gute Kunden sollen mit der Feier anl\u00e4sslich des Firmenjubil\u00e4ums gew\u00fcrdigt werden.<br \/>\nDas hei\u00dft, anl\u00e4sslich des Jubil\u00e4ums findet eine sch\u00f6ne Feier statt, inklusive passender Tischdeko. Zu solch<b> besonderem Anlass <\/b>darf die Tischdeko auch gerne etwas au\u00dfergew\u00f6hnlicher sein. <\/p>\n<p><b>Wie w\u00e4re es mit einer schwarz-wei\u00dfen Tischdekoration zum Firmenjubil\u00e4um?<\/b><br \/>\nEin toller Kontrast, der sich auf den Tischen pr\u00e4sentiert, der ganz besondere Akzente setzt und das besondere Fest unterstreicht. Denn klassische Tischdekorationen auftischen, Motto-Tischdekorationen und kleinere Arrangements zaubern, das kann jeder \u2013 doch Sie m\u00f6chten sich mit dem Unternehmen und der Feier von den anderen abheben, oder etwa nicht?<br \/>\nWas macht die <b>schwarz-wei\u00dfe Tischdeko<\/b> aus, welche Accessoires lassen die Tafel in einem besonderen Look erscheinen?<br \/>\nTischsets in schwarz, wei\u00dfe Teller, schwarz-wei\u00dfe Servietten, schwarze und wei\u00dfe <b><a href=\"https:\/\/www.tafeldeko.de\/index.php\/cat\/c528_Runde-Stumpenkerzen.html\" title=\"Kerzen\">Kerzen<\/a><\/b> und weitere Accessoires in diesen beiden Farben geben der Festtafel zum Firmenjubil\u00e4um das gewisse Etwas.<br \/>\nDer schwarze Untergrund und die schwarz-wei\u00dfen Servietten verleihen wei\u00dfen, schlichten Tellern ein ganz besonderes Feeling, von Langeweile keine Spur. Mit Accessoires und <b><a href=\"https:\/\/www.tafeldeko.de\/index.php\/cat\/c1810_Streudeko.html\" title=\"Streudeko\">Streudeko<\/a><\/b> wird den Tischen noch eine gewisse Optik verliehen und den G\u00e4sten des Firmenjubil\u00e4ums pr\u00e4sentiert sich ein tolles Bild.<br \/>\nSo wird diese Jubil\u00e4um garantiert nicht so schnell vergessen, zum einen, weil sie mit einer solch <b>beeindruckenden Tischdeko<\/b> empfangen haben und zum anderen, weil sie auch mit dieser sch\u00f6nen Dekoration Danke gesagt haben. <\/p>\n","protected":false},"excerpt":{"rendered":"<p>Firmenjubil\u00e4en z\u00e4hlen zu den besonderen Anl\u00e4ssen. Je l\u00e4nger ein Unternehmen am Markt ist, umso deutlicher zeigt sich, dass das Unternehmen, seine Gesch\u00e4ftsf\u00fchrung und die Mitarbeiter sich gegen die Konkurrenz behaupten k\u00f6nnen und etwas leisten und bewegen.<br \/>\nWer ein Firmenjubil\u00e4um feiern darf, kann stolz sein.<br \/>\n5 Jahre, 10 Jahre, 15 Jahre und noch l\u00e4nger \u2013 jedes Jubil\u00e4um ist ein Grund zu Feiern. Der Einsatz der Mitarbeiter, eventuell gute Kunden sollen mit der Feier anl\u00e4sslich des Firmenjubil\u00e4ums gew\u00fcrdigt werden.<br \/>\nDas hei\u00dft, anl\u00e4sslich des Jubil\u00e4ums findet eine sch\u00f6ne Feier statt, inklusive passender Tischdeko. Zu solch besonderem Anlass darf die Tischdeko auch gerne etwas au\u00dfergew\u00f6hnlicher sein. <\/p>\n<p>Wie w\u00e4re es mit einer schwarz-wei\u00dfen Tischdekoration zum Firmenjubil\u00e4um?<\/p>\n","protected":false},"author":2,"featured_media":762,"comment_status":"open","ping_status":"open","sticky":false,"template":"","format":"standard","meta":{"footnotes":""},"categories":[1],"tags":[],"yoast_head":"<!-- This site is optimized with the Yoast SEO plugin v20.4 - https:\/\/yoast.com\/wordpress\/plugins\/seo\/ -->\n<title>Beeindruckende Tischdeko f\u00fcr das Firmenjubil\u00e4um in Schwarz-Wei\u00df - Tafeldeko<\/title>\n<meta name=\"description\" content=\"Wie w&#xE4;re es mit einer schwarz-wei&#xDF;en Tischdekoration zum Firmenjubil&#xE4;um? Ein echter Blickfang, der die G&#xE4;ste begeistern wird.\" \/>\n<meta name=\"robots\" content=\"index, follow, max-snippet:-1, max-image-preview:large, max-video-preview:-1\" \/>\n<link rel=\"canonical\" href=\"https:\/\/www.tafeldeko.de\/news\/beeindruckende-tischdeko-fuer-das-firmenjubilaeum-in-schwarz-weiss\/\" \/>\n<meta property=\"og:locale\" content=\"de_DE\" \/>\n<meta property=\"og:type\" content=\"article\" \/>\n<meta property=\"og:title\" content=\"Beeindruckende Tischdeko f\u00fcr das Firmenjubil\u00e4um in Schwarz-Wei\u00df - Tafeldeko\" \/>\n<meta property=\"og:description\" content=\"Wie w&#xE4;re es mit einer schwarz-wei&#xDF;en Tischdekoration zum Firmenjubil&#xE4;um? Ein echter Blickfang, der die G&#xE4;ste begeistern wird.\" \/>\n<meta property=\"og:url\" content=\"https:\/\/www.tafeldeko.de\/news\/beeindruckende-tischdeko-fuer-das-firmenjubilaeum-in-schwarz-weiss\/\" \/>\n<meta property=\"og:site_name\" content=\"Tafeldeko\" \/>\n<meta property=\"article:publisher\" content=\"https:\/\/www.facebook.com\/pages\/Tafeldeko-einzigartige-Tischdekoration\/174202655894\" \/>\n<meta property=\"article:published_time\" content=\"2012-10-10T19:08:17+00:00\" \/>\n<meta property=\"og:image\" content=\"https:\/\/www.tafeldeko.de\/news\/wp-content\/uploads\/2014\/09\/black_white.jpg\" \/>\n\t<meta property=\"og:image:width\" content=\"225\" \/>\n\t<meta property=\"og:image:height\" content=\"153\" \/>\n\t<meta property=\"og:image:type\" content=\"image\/jpeg\" \/>\n<meta name=\"author\" content=\"Christiane Stein\" \/>\n<meta name=\"twitter:label1\" content=\"Verfasst von\" \/>\n\t<meta name=\"twitter:data1\" content=\"Christiane Stein\" \/>\n\t<meta name=\"twitter:label2\" content=\"Gesch\u00e4tzte Lesezeit\" \/>\n\t<meta name=\"twitter:data2\" content=\"2 Minuten\" \/>\n<script type=\"application\/ld+json\" class=\"yoast-schema-graph\">{\"@context\":\"https:\/\/schema.org\",\"@graph\":[{\"@type\":\"WebPage\",\"@id\":\"https:\/\/www.tafeldeko.de\/news\/beeindruckende-tischdeko-fuer-das-firmenjubilaeum-in-schwarz-weiss\/\",\"url\":\"https:\/\/www.tafeldeko.de\/news\/beeindruckende-tischdeko-fuer-das-firmenjubilaeum-in-schwarz-weiss\/\",\"name\":\"Beeindruckende Tischdeko f\u00fcr das Firmenjubil\u00e4um in Schwarz-Wei\u00df - Tafeldeko\",\"isPartOf\":{\"@id\":\"https:\/\/www.tafeldeko.de\/news\/#website\"},\"datePublished\":\"2012-10-10T19:08:17+00:00\",\"dateModified\":\"2012-10-10T19:08:17+00:00\",\"author\":{\"@id\":\"https:\/\/www.tafeldeko.de\/news\/#\/schema\/person\/d2acd86447ed0b6336089a8ba83164a0\"},\"description\":\"Wie w&#xE4;re es mit einer schwarz-wei&#xDF;en Tischdekoration zum Firmenjubil&#xE4;um? Ein echter Blickfang, der die G&#xE4;ste begeistern wird.\",\"breadcrumb\":{\"@id\":\"https:\/\/www.tafeldeko.de\/news\/beeindruckende-tischdeko-fuer-das-firmenjubilaeum-in-schwarz-weiss\/#breadcrumb\"},\"inLanguage\":\"de-DE\",\"potentialAction\":[{\"@type\":\"ReadAction\",\"target\":[\"https:\/\/www.tafeldeko.de\/news\/beeindruckende-tischdeko-fuer-das-firmenjubilaeum-in-schwarz-weiss\/\"]}]},{\"@type\":\"BreadcrumbList\",\"@id\":\"https:\/\/www.tafeldeko.de\/news\/beeindruckende-tischdeko-fuer-das-firmenjubilaeum-in-schwarz-weiss\/#breadcrumb\",\"itemListElement\":[{\"@type\":\"ListItem\",\"position\":1,\"name\":\"Tafeldeko\",\"item\":\"https:\/\/www.tafeldeko.de\/news\/\"},{\"@type\":\"ListItem\",\"position\":2,\"name\":\"Alte Beitr\u00e4ge\",\"item\":\"https:\/\/www.tafeldeko.de\/news\/alte-beitraege\/\"},{\"@type\":\"ListItem\",\"position\":3,\"name\":\"Tischdeko - Blog\",\"item\":\"https:\/\/www.tafeldeko.de\/news\/alte-beitraege\/tischdeko-blog\/\"},{\"@type\":\"ListItem\",\"position\":4,\"name\":\"Beeindruckende Tischdeko f\u00fcr das Firmenjubil\u00e4um in Schwarz-Wei\u00df\"}]},{\"@type\":\"WebSite\",\"@id\":\"https:\/\/www.tafeldeko.de\/news\/#website\",\"url\":\"https:\/\/www.tafeldeko.de\/news\/\",\"name\":\"Tafeldeko\",\"description\":\"Blog mit Tischdeko und Tischdekoration Ideen\",\"potentialAction\":[{\"@type\":\"SearchAction\",\"target\":{\"@type\":\"EntryPoint\",\"urlTemplate\":\"https:\/\/www.tafeldeko.de\/news\/?s={search_term_string}\"},\"query-input\":\"required name=search_term_string\"}],\"inLanguage\":\"de-DE\"},{\"@type\":\"Person\",\"@id\":\"https:\/\/www.tafeldeko.de\/news\/#\/schema\/person\/d2acd86447ed0b6336089a8ba83164a0\",\"name\":\"Christiane Stein\",\"image\":{\"@type\":\"ImageObject\",\"inLanguage\":\"de-DE\",\"@id\":\"https:\/\/www.tafeldeko.de\/news\/#\/schema\/person\/image\/\",\"url\":\"https:\/\/secure.gravatar.com\/avatar\/2054729fbfd1ebc9d3cf1fd55361d0b6?s=96&d=mm&r=g\",\"contentUrl\":\"https:\/\/secure.gravatar.com\/avatar\/2054729fbfd1ebc9d3cf1fd55361d0b6?s=96&d=mm&r=g\",\"caption\":\"Christiane Stein\"}}]}<\/script>\n<!-- \/ Yoast SEO plugin. -->","yoast_head_json":{"title":"Beeindruckende Tischdeko f\u00fcr das Firmenjubil\u00e4um in Schwarz-Wei\u00df - Tafeldeko","description":"Wie w&#xE4;re es mit einer schwarz-wei&#xDF;en Tischdekoration zum Firmenjubil&#xE4;um? Ein echter Blickfang, der die G&#xE4;ste begeistern wird.","robots":{"index":"index","follow":"follow","max-snippet":"max-snippet:-1","max-image-preview":"max-image-preview:large","max-video-preview":"max-video-preview:-1"},"canonical":"https:\/\/www.tafeldeko.de\/news\/beeindruckende-tischdeko-fuer-das-firmenjubilaeum-in-schwarz-weiss\/","og_locale":"de_DE","og_type":"article","og_title":"Beeindruckende Tischdeko f\u00fcr das Firmenjubil\u00e4um in Schwarz-Wei\u00df - Tafeldeko","og_description":"Wie w&#xE4;re es mit einer schwarz-wei&#xDF;en Tischdekoration zum Firmenjubil&#xE4;um? Ein echter Blickfang, der die G&#xE4;ste begeistern wird.","og_url":"https:\/\/www.tafeldeko.de\/news\/beeindruckende-tischdeko-fuer-das-firmenjubilaeum-in-schwarz-weiss\/","og_site_name":"Tafeldeko","article_publisher":"https:\/\/www.facebook.com\/pages\/Tafeldeko-einzigartige-Tischdekoration\/174202655894","article_published_time":"2012-10-10T19:08:17+00:00","og_image":[{"width":225,"height":153,"url":"https:\/\/www.tafeldeko.de\/news\/wp-content\/uploads\/2014\/09\/black_white.jpg","type":"image\/jpeg"}],"author":"Christiane Stein","twitter_misc":{"Verfasst von":"Christiane Stein","Gesch\u00e4tzte Lesezeit":"2 Minuten"},"schema":{"@context":"https:\/\/schema.org","@graph":[{"@type":"WebPage","@id":"https:\/\/www.tafeldeko.de\/news\/beeindruckende-tischdeko-fuer-das-firmenjubilaeum-in-schwarz-weiss\/","url":"https:\/\/www.tafeldeko.de\/news\/beeindruckende-tischdeko-fuer-das-firmenjubilaeum-in-schwarz-weiss\/","name":"Beeindruckende Tischdeko f\u00fcr das Firmenjubil\u00e4um in Schwarz-Wei\u00df - Tafeldeko","isPartOf":{"@id":"https:\/\/www.tafeldeko.de\/news\/#website"},"datePublished":"2012-10-10T19:08:17+00:00","dateModified":"2012-10-10T19:08:17+00:00","author":{"@id":"https:\/\/www.tafeldeko.de\/news\/#\/schema\/person\/d2acd86447ed0b6336089a8ba83164a0"},"description":"Wie w&#xE4;re es mit einer schwarz-wei&#xDF;en Tischdekoration zum Firmenjubil&#xE4;um? Ein echter Blickfang, der die G&#xE4;ste begeistern wird.","breadcrumb":{"@id":"https:\/\/www.tafeldeko.de\/news\/beeindruckende-tischdeko-fuer-das-firmenjubilaeum-in-schwarz-weiss\/#breadcrumb"},"inLanguage":"de-DE","potentialAction":[{"@type":"ReadAction","target":["https:\/\/www.tafeldeko.de\/news\/beeindruckende-tischdeko-fuer-das-firmenjubilaeum-in-schwarz-weiss\/"]}]},{"@type":"BreadcrumbList","@id":"https:\/\/www.tafeldeko.de\/news\/beeindruckende-tischdeko-fuer-das-firmenjubilaeum-in-schwarz-weiss\/#breadcrumb","itemListElement":[{"@type":"ListItem","position":1,"name":"Tafeldeko","item":"https:\/\/www.tafeldeko.de\/news\/"},{"@type":"ListItem","position":2,"name":"Alte Beitr\u00e4ge","item":"https:\/\/www.tafeldeko.de\/news\/alte-beitraege\/"},{"@type":"ListItem","position":3,"name":"Tischdeko - Blog","item":"https:\/\/www.tafeldeko.de\/news\/alte-beitraege\/tischdeko-blog\/"},{"@type":"ListItem","position":4,"name":"Beeindruckende Tischdeko f\u00fcr das Firmenjubil\u00e4um in Schwarz-Wei\u00df"}]},{"@type":"WebSite","@id":"https:\/\/www.tafeldeko.de\/news\/#website","url":"https:\/\/www.tafeldeko.de\/news\/","name":"Tafeldeko","description":"Blog mit Tischdeko und Tischdekoration Ideen","potentialAction":[{"@type":"SearchAction","target":{"@type":"EntryPoint","urlTemplate":"https:\/\/www.tafeldeko.de\/news\/?s={search_term_string}"},"query-input":"required name=search_term_string"}],"inLanguage":"de-DE"},{"@type":"Person","@id":"https:\/\/www.tafeldeko.de\/news\/#\/schema\/person\/d2acd86447ed0b6336089a8ba83164a0","name":"Christiane Stein","image":{"@type":"ImageObject","inLanguage":"de-DE","@id":"https:\/\/www.tafeldeko.de\/news\/#\/schema\/person\/image\/","url":"https:\/\/secure.gravatar.com\/avatar\/2054729fbfd1ebc9d3cf1fd55361d0b6?s=96&d=mm&r=g","contentUrl":"https:\/\/secure.gravatar.com\/avatar\/2054729fbfd1ebc9d3cf1fd55361d0b6?s=96&d=mm&r=g","caption":"Christiane Stein"}}]}},"_links":{"self":[{"href":"https:\/\/www.tafeldeko.de\/news\/wp-json\/wp\/v2\/posts\/761"}],"collection":[{"href":"https:\/\/www.tafeldeko.de\/news\/wp-json\/wp\/v2\/posts"}],"about":[{"href":"https:\/\/www.tafeldeko.de\/news\/wp-json\/wp\/v2\/types\/post"}],"author":[{"embeddable":true,"href":"https:\/\/www.tafeldeko.de\/news\/wp-json\/wp\/v2\/users\/2"}],"replies":[{"embeddable":true,"href":"https:\/\/www.tafeldeko.de\/news\/wp-json\/wp\/v2\/comments?post=761"}],"version-history":[{"count":0,"href":"https:\/\/www.tafeldeko.de\/news\/wp-json\/wp\/v2\/posts\/761\/revisions"}],"wp:featuredmedia":[{"embeddable":true,"href":"https:\/\/www.tafeldeko.de\/news\/wp-json\/wp\/v2\/media\/762"}],"wp:attachment":[{"href":"https:\/\/www.tafeldeko.de\/news\/wp-json\/wp\/v2\/media?parent=761"}],"wp:term":[{"taxonomy":"category","embeddable":true,"href":"https:\/\/www.tafeldeko.de\/news\/wp-json\/wp\/v2\/categories?post=761"},{"taxonomy":"post_tag","embeddable":true,"href":"https:\/\/www.tafeldeko.de\/news\/wp-json\/wp\/v2\/tags?post=761"}],"curies":[{"name":"wp","href":"https:\/\/api.w.org\/{rel}","templated":true}]}}