{"id":7598,"date":"2016-10-19T10:48:17","date_gmt":"2016-10-19T08:48:17","guid":{"rendered":"https:\/\/www.tafeldeko.de\/news\/?p=7598"},"modified":"2022-11-07T10:55:49","modified_gmt":"2022-11-07T09:55:49","slug":"deko-mit-kontrasten","status":"publish","type":"post","link":"https:\/\/www.tafeldeko.de\/news\/deko-mit-kontrasten\/","title":{"rendered":"Deko mit Kontrasten \u2026."},"content":{"rendered":"<p>Keine Dekoration wird ausdrucksst\u00e4rker sein, als die <strong>Deko mit Kontrasten<\/strong> und tollen Farbeffekten. Kombiniert man Farben, die einen Kontrast bilden, hat man auch schnell einen Wow-Effekt hervorgerufen. Wer sich f\u00fcr diese Art des Dekorierens entscheidet, der wird schnell begeistert sein und jede Menge M\u00f6glichkeiten haben. Der wohl <strong>farbreichste Kontrast<\/strong> stellen die Farben Schwarz und Wei\u00df dar. Dies ist jedoch nicht die einzigste M\u00f6glichkeit, die in Betracht kommt. Zum einen kann man f\u00fcr einen sch\u00f6nen Kontrast an den W\u00e4nden sorgen und zum anderen kann man mit der Dekoration <strong>tolle Akzente<\/strong> hervorrufen. Letztlich ist es wichtig, dass man darauf achtet, dass man den Bereich, den man dekoriert, nicht mit Farben, Deko- Artikeln oder \u00c4hnlichem \u00fcberl\u00e4dt. Auf die Kombination kommt es eben an und die Deko mit Kontrasten ist durchaus eine Variante, die man in jeder Wohnung umsetzen kann. Ganz gleichg\u00fcltig, wie gro\u00df oder wie klein die Wohnung ist. Eine einzigartige und sch\u00f6ne Dekoration geh\u00f6rt in jede Wohnung und die Liebe zum Detail entscheidet dar\u00fcber, wie die Dekoration am Ende aussieht.<\/p>\n<p>\t\t\t\t\t\t\t\t\t\t\t\t<img decoding=\"async\" width=\"250\" height=\"250\" src=\"https:\/\/www.tafeldeko.de\/news\/wp-content\/uploads\/2016\/10\/dunisilk.jpg\" alt=\"Deko mit Kontrasten\" loading=\"lazy\" srcset=\"https:\/\/www.tafeldeko.de\/news\/wp-content\/uploads\/2016\/10\/dunisilk.jpg 250w, https:\/\/www.tafeldeko.de\/news\/wp-content\/uploads\/2016\/10\/dunisilk-150x150.jpg 150w\" sizes=\"(max-width: 250px) 100vw, 250px\" \/>\t\t\t\t\t\t\t\t\t\t\t\t\t\t<\/p>\n<h2>Eine sch\u00f6ne Deko mit Kontrasten kreieren<\/h2>\n<p>Wer die Deko mit Kontrasten in den eigenen vier W\u00e4nden vorfinden m\u00f6chte, sollte sich erstmals auf ein <strong>farbliches Konzept<\/strong> festlegen und sich Gedanken zur Deko im Allgemeinen machen. M\u00f6chte man eher die W\u00e4nde kontrastreich gestalten oder doch lieber das Augenmerk auf die Deko richten? Das ist nat\u00fcrlich jedem selbst \u00fcberlassen. Ist dies grunds\u00e4tzlich gekl\u00e4rt, kann man mit dem St\u00f6bern beginnen.<br \/>Konkrete Pl\u00e4ne in Punkto \u201eDeko\u201c k\u00f6nnen geschmiedet werden und man wird schnell feststellen, dass es unbegrenzte M\u00f6glichkeiten gibt.<br \/>Die Deko mit Kontrasten ist etwas sehr Sch\u00f6nes und l\u00e4dt wahrhaftig zum Experimentieren ein. Man kann sowohl mit hellen und dunklen Farben als auch mit jedem <strong>x-beliebigen Farbton<\/strong> experimentieren. M\u00f6gliche farbliche Varianten sind zum Beispiel Schwarz und Rot, Wei\u00df und Gr\u00fcn oder auch Blau und Gr\u00fcn k\u00f6nnen f\u00fcr die Deko mit Kontrasten in Frage kommen. Um mehr <strong>Inspirationen<\/strong> zu bekommen, ist das Internet sehr n\u00fctzlich und kann bei der Ideen-Recherche sehr hilfreich sein.<\/p>\n<h2>Weitere Beitr\u00e4ge:<\/h2>\n<h2>Dekoartikel von A-Z<\/h2>\n<p>\t\t\t\t\t<a href=\"https:\/\/www.tafeldeko.de\/tischdeko-artikel\/\"><br \/>\n\t\t\t\t\t\tJetzt entdecken\t\t\t\t\t<\/a><\/p>\n","protected":false},"excerpt":{"rendered":"<p>Keine Dekoration wird ausdrucksst\u00e4rker sein, als die Deko mit Kontrasten und tollen Farbeffekten. Kombiniert man Farben, die einen Kontrast bilden, hat man auch schnell einen Wow-Effekt hervorgerufen. Wer sich f\u00fcr diese Art des Dekorierens entscheidet, der wird schnell begeistert sein und jede Menge M\u00f6glichkeiten haben. Der wohl farbreichste Kontrast stellen die Farben Schwarz und Wei\u00df [&hellip;]<\/p>\n","protected":false},"author":6,"featured_media":7599,"comment_status":"closed","ping_status":"closed","sticky":false,"template":"","format":"standard","meta":{"footnotes":""},"categories":[1],"tags":[],"yoast_head":"<!-- This site is optimized with the Yoast SEO plugin v20.4 - https:\/\/yoast.com\/wordpress\/plugins\/seo\/ -->\n<title>Deko mit Kontrasten \u2026. - Tafeldeko<\/title>\n<meta name=\"description\" content=\"Wer die Deko mit Kontrasten in den eigenen vier W\u00e4nden vorfinden m\u00f6chte, sollte sich erstmals auf ein farbliches Konzept festlegen\" \/>\n<meta name=\"robots\" content=\"index, follow, max-snippet:-1, max-image-preview:large, max-video-preview:-1\" \/>\n<link rel=\"canonical\" href=\"https:\/\/www.tafeldeko.de\/news\/deko-mit-kontrasten\/\" \/>\n<meta property=\"og:locale\" content=\"de_DE\" \/>\n<meta property=\"og:type\" content=\"article\" \/>\n<meta property=\"og:title\" content=\"Deko mit Kontrasten \u2026. - Tafeldeko\" \/>\n<meta property=\"og:description\" content=\"Wer die Deko mit Kontrasten in den eigenen vier W\u00e4nden vorfinden m\u00f6chte, sollte sich erstmals auf ein farbliches Konzept festlegen\" \/>\n<meta property=\"og:url\" content=\"https:\/\/www.tafeldeko.de\/news\/deko-mit-kontrasten\/\" \/>\n<meta property=\"og:site_name\" content=\"Tafeldeko\" \/>\n<meta property=\"article:publisher\" content=\"https:\/\/www.facebook.com\/pages\/Tafeldeko-einzigartige-Tischdekoration\/174202655894\" \/>\n<meta property=\"article:published_time\" content=\"2016-10-19T08:48:17+00:00\" \/>\n<meta property=\"article:modified_time\" content=\"2022-11-07T09:55:49+00:00\" \/>\n<meta property=\"og:image\" content=\"https:\/\/www.tafeldeko.de\/news\/wp-content\/uploads\/2016\/10\/dunisilk.jpg\" \/>\n\t<meta property=\"og:image:width\" content=\"250\" \/>\n\t<meta property=\"og:image:height\" content=\"250\" \/>\n\t<meta property=\"og:image:type\" content=\"image\/jpeg\" \/>\n<meta name=\"author\" content=\"Tafeldeko Deko Team\" \/>\n<meta name=\"twitter:label1\" content=\"Verfasst von\" \/>\n\t<meta name=\"twitter:data1\" content=\"Tafeldeko Deko Team\" \/>\n\t<meta name=\"twitter:label2\" content=\"Gesch\u00e4tzte Lesezeit\" \/>\n\t<meta name=\"twitter:data2\" content=\"4 Minuten\" \/>\n<script type=\"application\/ld+json\" class=\"yoast-schema-graph\">{\"@context\":\"https:\/\/schema.org\",\"@graph\":[{\"@type\":\"WebPage\",\"@id\":\"https:\/\/www.tafeldeko.de\/news\/deko-mit-kontrasten\/\",\"url\":\"https:\/\/www.tafeldeko.de\/news\/deko-mit-kontrasten\/\",\"name\":\"Deko mit Kontrasten \u2026. - Tafeldeko\",\"isPartOf\":{\"@id\":\"https:\/\/www.tafeldeko.de\/news\/#website\"},\"datePublished\":\"2016-10-19T08:48:17+00:00\",\"dateModified\":\"2022-11-07T09:55:49+00:00\",\"author\":{\"@id\":\"https:\/\/www.tafeldeko.de\/news\/#\/schema\/person\/dc309fbb6a3e380919fc08342c3cc233\"},\"description\":\"Wer die Deko mit Kontrasten in den eigenen vier W\u00e4nden vorfinden m\u00f6chte, sollte sich erstmals auf ein farbliches Konzept festlegen\",\"breadcrumb\":{\"@id\":\"https:\/\/www.tafeldeko.de\/news\/deko-mit-kontrasten\/#breadcrumb\"},\"inLanguage\":\"de-DE\",\"potentialAction\":[{\"@type\":\"ReadAction\",\"target\":[\"https:\/\/www.tafeldeko.de\/news\/deko-mit-kontrasten\/\"]}]},{\"@type\":\"BreadcrumbList\",\"@id\":\"https:\/\/www.tafeldeko.de\/news\/deko-mit-kontrasten\/#breadcrumb\",\"itemListElement\":[{\"@type\":\"ListItem\",\"position\":1,\"name\":\"Tafeldeko\",\"item\":\"https:\/\/www.tafeldeko.de\/news\/\"},{\"@type\":\"ListItem\",\"position\":2,\"name\":\"Alte Beitr\u00e4ge\",\"item\":\"https:\/\/www.tafeldeko.de\/news\/alte-beitraege\/\"},{\"@type\":\"ListItem\",\"position\":3,\"name\":\"Tischdeko - Blog\",\"item\":\"https:\/\/www.tafeldeko.de\/news\/alte-beitraege\/tischdeko-blog\/\"},{\"@type\":\"ListItem\",\"position\":4,\"name\":\"Deko mit Kontrasten \u2026.\"}]},{\"@type\":\"WebSite\",\"@id\":\"https:\/\/www.tafeldeko.de\/news\/#website\",\"url\":\"https:\/\/www.tafeldeko.de\/news\/\",\"name\":\"Tafeldeko\",\"description\":\"Blog mit Tischdeko und Tischdekoration Ideen\",\"potentialAction\":[{\"@type\":\"SearchAction\",\"target\":{\"@type\":\"EntryPoint\",\"urlTemplate\":\"https:\/\/www.tafeldeko.de\/news\/?s={search_term_string}\"},\"query-input\":\"required name=search_term_string\"}],\"inLanguage\":\"de-DE\"},{\"@type\":\"Person\",\"@id\":\"https:\/\/www.tafeldeko.de\/news\/#\/schema\/person\/dc309fbb6a3e380919fc08342c3cc233\",\"name\":\"Tafeldeko Deko Team\",\"image\":{\"@type\":\"ImageObject\",\"inLanguage\":\"de-DE\",\"@id\":\"https:\/\/www.tafeldeko.de\/news\/#\/schema\/person\/image\/\",\"url\":\"https:\/\/secure.gravatar.com\/avatar\/1e962f4040dc9996f0d200db31598854?s=96&d=mm&r=g\",\"contentUrl\":\"https:\/\/secure.gravatar.com\/avatar\/1e962f4040dc9996f0d200db31598854?s=96&d=mm&r=g\",\"caption\":\"Tafeldeko Deko Team\"}}]}<\/script>\n<!-- \/ Yoast SEO plugin. -->","yoast_head_json":{"title":"Deko mit Kontrasten \u2026. - Tafeldeko","description":"Wer die Deko mit Kontrasten in den eigenen vier W\u00e4nden vorfinden m\u00f6chte, sollte sich erstmals auf ein farbliches Konzept festlegen","robots":{"index":"index","follow":"follow","max-snippet":"max-snippet:-1","max-image-preview":"max-image-preview:large","max-video-preview":"max-video-preview:-1"},"canonical":"https:\/\/www.tafeldeko.de\/news\/deko-mit-kontrasten\/","og_locale":"de_DE","og_type":"article","og_title":"Deko mit Kontrasten \u2026. - Tafeldeko","og_description":"Wer die Deko mit Kontrasten in den eigenen vier W\u00e4nden vorfinden m\u00f6chte, sollte sich erstmals auf ein farbliches Konzept festlegen","og_url":"https:\/\/www.tafeldeko.de\/news\/deko-mit-kontrasten\/","og_site_name":"Tafeldeko","article_publisher":"https:\/\/www.facebook.com\/pages\/Tafeldeko-einzigartige-Tischdekoration\/174202655894","article_published_time":"2016-10-19T08:48:17+00:00","article_modified_time":"2022-11-07T09:55:49+00:00","og_image":[{"width":250,"height":250,"url":"https:\/\/www.tafeldeko.de\/news\/wp-content\/uploads\/2016\/10\/dunisilk.jpg","type":"image\/jpeg"}],"author":"Tafeldeko Deko Team","twitter_misc":{"Verfasst von":"Tafeldeko Deko Team","Gesch\u00e4tzte Lesezeit":"4 Minuten"},"schema":{"@context":"https:\/\/schema.org","@graph":[{"@type":"WebPage","@id":"https:\/\/www.tafeldeko.de\/news\/deko-mit-kontrasten\/","url":"https:\/\/www.tafeldeko.de\/news\/deko-mit-kontrasten\/","name":"Deko mit Kontrasten \u2026. - Tafeldeko","isPartOf":{"@id":"https:\/\/www.tafeldeko.de\/news\/#website"},"datePublished":"2016-10-19T08:48:17+00:00","dateModified":"2022-11-07T09:55:49+00:00","author":{"@id":"https:\/\/www.tafeldeko.de\/news\/#\/schema\/person\/dc309fbb6a3e380919fc08342c3cc233"},"description":"Wer die Deko mit Kontrasten in den eigenen vier W\u00e4nden vorfinden m\u00f6chte, sollte sich erstmals auf ein farbliches Konzept festlegen","breadcrumb":{"@id":"https:\/\/www.tafeldeko.de\/news\/deko-mit-kontrasten\/#breadcrumb"},"inLanguage":"de-DE","potentialAction":[{"@type":"ReadAction","target":["https:\/\/www.tafeldeko.de\/news\/deko-mit-kontrasten\/"]}]},{"@type":"BreadcrumbList","@id":"https:\/\/www.tafeldeko.de\/news\/deko-mit-kontrasten\/#breadcrumb","itemListElement":[{"@type":"ListItem","position":1,"name":"Tafeldeko","item":"https:\/\/www.tafeldeko.de\/news\/"},{"@type":"ListItem","position":2,"name":"Alte Beitr\u00e4ge","item":"https:\/\/www.tafeldeko.de\/news\/alte-beitraege\/"},{"@type":"ListItem","position":3,"name":"Tischdeko - Blog","item":"https:\/\/www.tafeldeko.de\/news\/alte-beitraege\/tischdeko-blog\/"},{"@type":"ListItem","position":4,"name":"Deko mit Kontrasten \u2026."}]},{"@type":"WebSite","@id":"https:\/\/www.tafeldeko.de\/news\/#website","url":"https:\/\/www.tafeldeko.de\/news\/","name":"Tafeldeko","description":"Blog mit Tischdeko und Tischdekoration Ideen","potentialAction":[{"@type":"SearchAction","target":{"@type":"EntryPoint","urlTemplate":"https:\/\/www.tafeldeko.de\/news\/?s={search_term_string}"},"query-input":"required name=search_term_string"}],"inLanguage":"de-DE"},{"@type":"Person","@id":"https:\/\/www.tafeldeko.de\/news\/#\/schema\/person\/dc309fbb6a3e380919fc08342c3cc233","name":"Tafeldeko Deko Team","image":{"@type":"ImageObject","inLanguage":"de-DE","@id":"https:\/\/www.tafeldeko.de\/news\/#\/schema\/person\/image\/","url":"https:\/\/secure.gravatar.com\/avatar\/1e962f4040dc9996f0d200db31598854?s=96&d=mm&r=g","contentUrl":"https:\/\/secure.gravatar.com\/avatar\/1e962f4040dc9996f0d200db31598854?s=96&d=mm&r=g","caption":"Tafeldeko Deko Team"}}]}},"_links":{"self":[{"href":"https:\/\/www.tafeldeko.de\/news\/wp-json\/wp\/v2\/posts\/7598"}],"collection":[{"href":"https:\/\/www.tafeldeko.de\/news\/wp-json\/wp\/v2\/posts"}],"about":[{"href":"https:\/\/www.tafeldeko.de\/news\/wp-json\/wp\/v2\/types\/post"}],"author":[{"embeddable":true,"href":"https:\/\/www.tafeldeko.de\/news\/wp-json\/wp\/v2\/users\/6"}],"replies":[{"embeddable":true,"href":"https:\/\/www.tafeldeko.de\/news\/wp-json\/wp\/v2\/comments?post=7598"}],"version-history":[{"count":4,"href":"https:\/\/www.tafeldeko.de\/news\/wp-json\/wp\/v2\/posts\/7598\/revisions"}],"predecessor-version":[{"id":20328,"href":"https:\/\/www.tafeldeko.de\/news\/wp-json\/wp\/v2\/posts\/7598\/revisions\/20328"}],"wp:featuredmedia":[{"embeddable":true,"href":"https:\/\/www.tafeldeko.de\/news\/wp-json\/wp\/v2\/media\/7599"}],"wp:attachment":[{"href":"https:\/\/www.tafeldeko.de\/news\/wp-json\/wp\/v2\/media?parent=7598"}],"wp:term":[{"taxonomy":"category","embeddable":true,"href":"https:\/\/www.tafeldeko.de\/news\/wp-json\/wp\/v2\/categories?post=7598"},{"taxonomy":"post_tag","embeddable":true,"href":"https:\/\/www.tafeldeko.de\/news\/wp-json\/wp\/v2\/tags?post=7598"}],"curies":[{"name":"wp","href":"https:\/\/api.w.org\/{rel}","templated":true}]}}