{"id":759,"date":"2012-10-08T20:11:57","date_gmt":"2012-10-08T18:11:57","guid":{"rendered":"http:\/\/www.tafeldeko.de\/news\/?p=759"},"modified":"2012-10-08T20:11:57","modified_gmt":"2012-10-08T18:11:57","slug":"tischdeko-mit-dem-motto-western-bereits-die-einladung-ist-aussergewoehnlich","status":"publish","type":"post","link":"https:\/\/www.tafeldeko.de\/news\/tischdeko-mit-dem-motto-western-bereits-die-einladung-ist-aussergewoehnlich\/","title":{"rendered":"Tischdeko mit dem Motto \u201eWestern\u201c \u2013 bereits die Einladung ist au\u00dfergew\u00f6hnlich"},"content":{"rendered":"<div class=\"textumfliessenrechts\"><img decoding=\"async\" loading=\"lazy\" src=\"https:\/\/www.tafeldeko.de\/news\/media\/users\/schnurchristian\/matelllaterne_rot.JPG\" alt=\"Metalllaterne Karminrot\" title=\"Metalllaterne Karminrot\" width=\"300\" height=\"300\"\/><br \/><a href=\"https:\/\/www.tafeldeko.de\/product_info.php\/products_id\/9956_Metall-Laterne-in-kaminrot-zur-Herbstdeko.html\" title=\"Tischdeko Westernparty\"><b>Tischdeko Westernparty<\/b><\/a><\/div>\n<p>Mottopartys sind immer wieder sehr beliebt und angesagt. Eine \u201enormale\u201c Feier kann jeder feiern, doch eine Geburtstagsparty mit dem Motto \u201eWestern\u201c ist schon etwas Au\u00dfergew\u00f6hnliches.<br \/>\nWer ein Faible f\u00fcr Country und Western hat, dem kommt die Idee mit der <b>Western-Mottoparty<\/b> wohl auch sehr gelegen.<br \/>\nEntsprechende Dekorationen wie die Tischdekoration machen die Western-Party perfekt. Hat man noch einen entsprechenden Raum, in dem die Feier stattfindet, hat die Party auch noch den entsprechenden Rahmen. Mit Strohballen und allerlei Westernzubeh\u00f6r hat man im Handumdrehen dem Raum die perfekte Basis verliehen. Mit der Tischdeko im Westernstil erh\u00e4lt die Feier das entsprechende i-T\u00fcpfelchen. Nach dem Motto \u201eAuf in den wilden Westen, die Cowboys sind los\u201c, steigt die gro\u00dfe Fete anl\u00e4sslich des <b><a href=\"https:\/\/www.tafeldeko.de\/index.php\/cat\/c50_Tischdeko-Geburtstag.html\" title=\"Geburtstags\">Geburtstags<\/a><\/b>.<\/p>\n<p>Wie kann die Tischdeko f\u00fcr die Westernparty aussehen?<br \/>\nVielleicht sollte man sich \u00fcberlegen, was so typisch f\u00fcr den Western ist. Cowboys mit Revolvern, der Sheriff, der die B\u00f6sen ins Gef\u00e4ngnis bringt, Saloons und sch\u00f6ne Frauen, Westernmusik, Pferde und auch Indianer fallen wohl spontan ein. Abende im sp\u00e4rlich beleuchteten Saloon z\u00e4hlen zu den M\u00f6glichkeiten, die <b>Westernparty <\/b>in diesem Stil auszurichten. Das hei\u00dft, Kerzen und \u00d6llampen sind die Accessoires, die das perfekte D\u00e4mmerlicht spenden und dazu noch dekorativ sind. Die Metall Laterne in Karminrot ist eine sch\u00f6ne M\u00f6glichkeit, die einzelnen Tische im nachgebildeten Saloon zu <b>versch\u00f6nern<\/b>.<br \/>\nAnsonsten ist die Tischdekoration sehr sp\u00e4rlich, von Tischdecken, Tischl\u00e4ufern und Servietten halten echte Cowboys nicht viel. Stattdessen k\u00f6nnen jedoch selbst gemalte Schatzkarten f\u00fcr das raue <b>Feeling <\/b>sorgen. Country- und Westernmusik untermalen die Geburtstagsfeier und als dekorative Sitzgelegenheiten dienen neben Barhockern auch Heuballen. Kartenspiele und W\u00fcrfelspiele k\u00f6nnen zudem die Atmosph\u00e4re in einem Saloon nachbilden, schlie\u00dflich mussten sich die Cowboys ihre Zeit im Saloon vertreiben. Und neben Biertrinken geh\u00f6rte nun einmal das Kartenspiel oder das W\u00fcrfelspiel dazu.<br \/>\nEine Geburtstagsfeier nach dem Motto \u201eWilder Westen\u201c ist eine sch\u00f6ne und vor allen Dingen ungew\u00f6hnliche M\u00f6glichkeit, einen tollen Tag zu verleben. <\/p>\n","protected":false},"excerpt":{"rendered":"<p>Mottopartys sind immer wieder sehr beliebt und angesagt. Eine \u201enormale\u201c Feier kann jeder feiern, doch eine Geburtstagsparty mit dem Motto \u201eWestern\u201c ist schon etwas Au\u00dfergew\u00f6hnliches.<br \/>\nWer ein Faible f\u00fcr Country und Western hat, dem kommt die Idee mit der Western-Mottoparty wohl auch sehr gelegen.<br \/>\nEntsprechende Dekorationen wie die Tischdekoration machen die Western-Party perfekt. Hat man noch einen entsprechenden Raum, in dem die Feier stattfindet, hat die Party auch noch den entsprechenden Rahmen. Mit Strohballen und allerlei Westernzubeh\u00f6r hat man im Handumdrehen dem Raum die perfekte Basis verliehen. Mit der Tischdeko im Westernstil erh\u00e4lt die Feier das entsprechende i-T\u00fcpfelchen. Nach dem Motto \u201eAuf in den wilden Westen, die Cowboys sind los\u201c, steigt die gro\u00dfe Fete anl\u00e4sslich des .<\/p>\n<p>Wie kann die Tischdeko f\u00fcr die Westernparty aussehen?<\/p>\n","protected":false},"author":2,"featured_media":760,"comment_status":"open","ping_status":"open","sticky":false,"template":"","format":"standard","meta":{"footnotes":""},"categories":[1],"tags":[],"yoast_head":"<!-- This site is optimized with the Yoast SEO plugin v20.4 - https:\/\/yoast.com\/wordpress\/plugins\/seo\/ -->\n<title>Tischdeko mit dem Motto \u201eWestern\u201c \u2013 bereits die Einladung ist au\u00dfergew\u00f6hnlich - Tafeldeko<\/title>\n<meta name=\"description\" content=\"Eine Geburtstagsfeier nach dem Motto &#x201E;Wilder Westen&#x201C; ist eine sch&#xF6;ne und vor allen Dingen ungew&#xF6;hnliche M&#xF6;glichkeit, einen tollen Tag zu verleben.\" \/>\n<meta name=\"robots\" content=\"index, follow, max-snippet:-1, max-image-preview:large, max-video-preview:-1\" \/>\n<link rel=\"canonical\" href=\"https:\/\/www.tafeldeko.de\/news\/tischdeko-mit-dem-motto-western-bereits-die-einladung-ist-aussergewoehnlich\/\" \/>\n<meta property=\"og:locale\" content=\"de_DE\" \/>\n<meta property=\"og:type\" content=\"article\" \/>\n<meta property=\"og:title\" content=\"Tischdeko mit dem Motto \u201eWestern\u201c \u2013 bereits die Einladung ist au\u00dfergew\u00f6hnlich - Tafeldeko\" \/>\n<meta property=\"og:description\" content=\"Eine Geburtstagsfeier nach dem Motto &#x201E;Wilder Westen&#x201C; ist eine sch&#xF6;ne und vor allen Dingen ungew&#xF6;hnliche M&#xF6;glichkeit, einen tollen Tag zu verleben.\" \/>\n<meta property=\"og:url\" content=\"https:\/\/www.tafeldeko.de\/news\/tischdeko-mit-dem-motto-western-bereits-die-einladung-ist-aussergewoehnlich\/\" \/>\n<meta property=\"og:site_name\" content=\"Tafeldeko\" \/>\n<meta property=\"article:publisher\" content=\"https:\/\/www.facebook.com\/pages\/Tafeldeko-einzigartige-Tischdekoration\/174202655894\" \/>\n<meta property=\"article:published_time\" content=\"2012-10-08T18:11:57+00:00\" \/>\n<meta property=\"og:image\" content=\"https:\/\/www.tafeldeko.de\/news\/wp-content\/uploads\/2014\/09\/matelllaterne_rot.JPG\" \/>\n\t<meta property=\"og:image:width\" content=\"500\" \/>\n\t<meta property=\"og:image:height\" content=\"500\" \/>\n\t<meta property=\"og:image:type\" content=\"image\/jpeg\" \/>\n<meta name=\"author\" content=\"Christiane Stein\" \/>\n<meta name=\"twitter:label1\" content=\"Verfasst von\" \/>\n\t<meta name=\"twitter:data1\" content=\"Christiane Stein\" \/>\n\t<meta name=\"twitter:label2\" content=\"Gesch\u00e4tzte Lesezeit\" \/>\n\t<meta name=\"twitter:data2\" content=\"2 Minuten\" \/>\n<script type=\"application\/ld+json\" class=\"yoast-schema-graph\">{\"@context\":\"https:\/\/schema.org\",\"@graph\":[{\"@type\":\"WebPage\",\"@id\":\"https:\/\/www.tafeldeko.de\/news\/tischdeko-mit-dem-motto-western-bereits-die-einladung-ist-aussergewoehnlich\/\",\"url\":\"https:\/\/www.tafeldeko.de\/news\/tischdeko-mit-dem-motto-western-bereits-die-einladung-ist-aussergewoehnlich\/\",\"name\":\"Tischdeko mit dem Motto \u201eWestern\u201c \u2013 bereits die Einladung ist au\u00dfergew\u00f6hnlich - Tafeldeko\",\"isPartOf\":{\"@id\":\"https:\/\/www.tafeldeko.de\/news\/#website\"},\"datePublished\":\"2012-10-08T18:11:57+00:00\",\"dateModified\":\"2012-10-08T18:11:57+00:00\",\"author\":{\"@id\":\"https:\/\/www.tafeldeko.de\/news\/#\/schema\/person\/d2acd86447ed0b6336089a8ba83164a0\"},\"description\":\"Eine Geburtstagsfeier nach dem Motto &#x201E;Wilder Westen&#x201C; ist eine sch&#xF6;ne und vor allen Dingen ungew&#xF6;hnliche M&#xF6;glichkeit, einen tollen Tag zu verleben.\",\"breadcrumb\":{\"@id\":\"https:\/\/www.tafeldeko.de\/news\/tischdeko-mit-dem-motto-western-bereits-die-einladung-ist-aussergewoehnlich\/#breadcrumb\"},\"inLanguage\":\"de-DE\",\"potentialAction\":[{\"@type\":\"ReadAction\",\"target\":[\"https:\/\/www.tafeldeko.de\/news\/tischdeko-mit-dem-motto-western-bereits-die-einladung-ist-aussergewoehnlich\/\"]}]},{\"@type\":\"BreadcrumbList\",\"@id\":\"https:\/\/www.tafeldeko.de\/news\/tischdeko-mit-dem-motto-western-bereits-die-einladung-ist-aussergewoehnlich\/#breadcrumb\",\"itemListElement\":[{\"@type\":\"ListItem\",\"position\":1,\"name\":\"Tafeldeko\",\"item\":\"https:\/\/www.tafeldeko.de\/news\/\"},{\"@type\":\"ListItem\",\"position\":2,\"name\":\"Alte Beitr\u00e4ge\",\"item\":\"https:\/\/www.tafeldeko.de\/news\/alte-beitraege\/\"},{\"@type\":\"ListItem\",\"position\":3,\"name\":\"Tischdeko - Blog\",\"item\":\"https:\/\/www.tafeldeko.de\/news\/alte-beitraege\/tischdeko-blog\/\"},{\"@type\":\"ListItem\",\"position\":4,\"name\":\"Tischdeko mit dem Motto \u201eWestern\u201c \u2013 bereits die Einladung ist au\u00dfergew\u00f6hnlich\"}]},{\"@type\":\"WebSite\",\"@id\":\"https:\/\/www.tafeldeko.de\/news\/#website\",\"url\":\"https:\/\/www.tafeldeko.de\/news\/\",\"name\":\"Tafeldeko\",\"description\":\"Blog mit Tischdeko und Tischdekoration Ideen\",\"potentialAction\":[{\"@type\":\"SearchAction\",\"target\":{\"@type\":\"EntryPoint\",\"urlTemplate\":\"https:\/\/www.tafeldeko.de\/news\/?s={search_term_string}\"},\"query-input\":\"required name=search_term_string\"}],\"inLanguage\":\"de-DE\"},{\"@type\":\"Person\",\"@id\":\"https:\/\/www.tafeldeko.de\/news\/#\/schema\/person\/d2acd86447ed0b6336089a8ba83164a0\",\"name\":\"Christiane Stein\",\"image\":{\"@type\":\"ImageObject\",\"inLanguage\":\"de-DE\",\"@id\":\"https:\/\/www.tafeldeko.de\/news\/#\/schema\/person\/image\/\",\"url\":\"https:\/\/secure.gravatar.com\/avatar\/2054729fbfd1ebc9d3cf1fd55361d0b6?s=96&d=mm&r=g\",\"contentUrl\":\"https:\/\/secure.gravatar.com\/avatar\/2054729fbfd1ebc9d3cf1fd55361d0b6?s=96&d=mm&r=g\",\"caption\":\"Christiane Stein\"}}]}<\/script>\n<!-- \/ Yoast SEO plugin. -->","yoast_head_json":{"title":"Tischdeko mit dem Motto \u201eWestern\u201c \u2013 bereits die Einladung ist au\u00dfergew\u00f6hnlich - Tafeldeko","description":"Eine Geburtstagsfeier nach dem Motto &#x201E;Wilder Westen&#x201C; ist eine sch&#xF6;ne und vor allen Dingen ungew&#xF6;hnliche M&#xF6;glichkeit, einen tollen Tag zu verleben.","robots":{"index":"index","follow":"follow","max-snippet":"max-snippet:-1","max-image-preview":"max-image-preview:large","max-video-preview":"max-video-preview:-1"},"canonical":"https:\/\/www.tafeldeko.de\/news\/tischdeko-mit-dem-motto-western-bereits-die-einladung-ist-aussergewoehnlich\/","og_locale":"de_DE","og_type":"article","og_title":"Tischdeko mit dem Motto \u201eWestern\u201c \u2013 bereits die Einladung ist au\u00dfergew\u00f6hnlich - Tafeldeko","og_description":"Eine Geburtstagsfeier nach dem Motto &#x201E;Wilder Westen&#x201C; ist eine sch&#xF6;ne und vor allen Dingen ungew&#xF6;hnliche M&#xF6;glichkeit, einen tollen Tag zu verleben.","og_url":"https:\/\/www.tafeldeko.de\/news\/tischdeko-mit-dem-motto-western-bereits-die-einladung-ist-aussergewoehnlich\/","og_site_name":"Tafeldeko","article_publisher":"https:\/\/www.facebook.com\/pages\/Tafeldeko-einzigartige-Tischdekoration\/174202655894","article_published_time":"2012-10-08T18:11:57+00:00","og_image":[{"width":500,"height":500,"url":"https:\/\/www.tafeldeko.de\/news\/wp-content\/uploads\/2014\/09\/matelllaterne_rot.JPG","type":"image\/jpeg"}],"author":"Christiane Stein","twitter_misc":{"Verfasst von":"Christiane Stein","Gesch\u00e4tzte Lesezeit":"2 Minuten"},"schema":{"@context":"https:\/\/schema.org","@graph":[{"@type":"WebPage","@id":"https:\/\/www.tafeldeko.de\/news\/tischdeko-mit-dem-motto-western-bereits-die-einladung-ist-aussergewoehnlich\/","url":"https:\/\/www.tafeldeko.de\/news\/tischdeko-mit-dem-motto-western-bereits-die-einladung-ist-aussergewoehnlich\/","name":"Tischdeko mit dem Motto \u201eWestern\u201c \u2013 bereits die Einladung ist au\u00dfergew\u00f6hnlich - Tafeldeko","isPartOf":{"@id":"https:\/\/www.tafeldeko.de\/news\/#website"},"datePublished":"2012-10-08T18:11:57+00:00","dateModified":"2012-10-08T18:11:57+00:00","author":{"@id":"https:\/\/www.tafeldeko.de\/news\/#\/schema\/person\/d2acd86447ed0b6336089a8ba83164a0"},"description":"Eine Geburtstagsfeier nach dem Motto &#x201E;Wilder Westen&#x201C; ist eine sch&#xF6;ne und vor allen Dingen ungew&#xF6;hnliche M&#xF6;glichkeit, einen tollen Tag zu verleben.","breadcrumb":{"@id":"https:\/\/www.tafeldeko.de\/news\/tischdeko-mit-dem-motto-western-bereits-die-einladung-ist-aussergewoehnlich\/#breadcrumb"},"inLanguage":"de-DE","potentialAction":[{"@type":"ReadAction","target":["https:\/\/www.tafeldeko.de\/news\/tischdeko-mit-dem-motto-western-bereits-die-einladung-ist-aussergewoehnlich\/"]}]},{"@type":"BreadcrumbList","@id":"https:\/\/www.tafeldeko.de\/news\/tischdeko-mit-dem-motto-western-bereits-die-einladung-ist-aussergewoehnlich\/#breadcrumb","itemListElement":[{"@type":"ListItem","position":1,"name":"Tafeldeko","item":"https:\/\/www.tafeldeko.de\/news\/"},{"@type":"ListItem","position":2,"name":"Alte Beitr\u00e4ge","item":"https:\/\/www.tafeldeko.de\/news\/alte-beitraege\/"},{"@type":"ListItem","position":3,"name":"Tischdeko - Blog","item":"https:\/\/www.tafeldeko.de\/news\/alte-beitraege\/tischdeko-blog\/"},{"@type":"ListItem","position":4,"name":"Tischdeko mit dem Motto \u201eWestern\u201c \u2013 bereits die Einladung ist au\u00dfergew\u00f6hnlich"}]},{"@type":"WebSite","@id":"https:\/\/www.tafeldeko.de\/news\/#website","url":"https:\/\/www.tafeldeko.de\/news\/","name":"Tafeldeko","description":"Blog mit Tischdeko und Tischdekoration Ideen","potentialAction":[{"@type":"SearchAction","target":{"@type":"EntryPoint","urlTemplate":"https:\/\/www.tafeldeko.de\/news\/?s={search_term_string}"},"query-input":"required name=search_term_string"}],"inLanguage":"de-DE"},{"@type":"Person","@id":"https:\/\/www.tafeldeko.de\/news\/#\/schema\/person\/d2acd86447ed0b6336089a8ba83164a0","name":"Christiane Stein","image":{"@type":"ImageObject","inLanguage":"de-DE","@id":"https:\/\/www.tafeldeko.de\/news\/#\/schema\/person\/image\/","url":"https:\/\/secure.gravatar.com\/avatar\/2054729fbfd1ebc9d3cf1fd55361d0b6?s=96&d=mm&r=g","contentUrl":"https:\/\/secure.gravatar.com\/avatar\/2054729fbfd1ebc9d3cf1fd55361d0b6?s=96&d=mm&r=g","caption":"Christiane Stein"}}]}},"_links":{"self":[{"href":"https:\/\/www.tafeldeko.de\/news\/wp-json\/wp\/v2\/posts\/759"}],"collection":[{"href":"https:\/\/www.tafeldeko.de\/news\/wp-json\/wp\/v2\/posts"}],"about":[{"href":"https:\/\/www.tafeldeko.de\/news\/wp-json\/wp\/v2\/types\/post"}],"author":[{"embeddable":true,"href":"https:\/\/www.tafeldeko.de\/news\/wp-json\/wp\/v2\/users\/2"}],"replies":[{"embeddable":true,"href":"https:\/\/www.tafeldeko.de\/news\/wp-json\/wp\/v2\/comments?post=759"}],"version-history":[{"count":0,"href":"https:\/\/www.tafeldeko.de\/news\/wp-json\/wp\/v2\/posts\/759\/revisions"}],"wp:featuredmedia":[{"embeddable":true,"href":"https:\/\/www.tafeldeko.de\/news\/wp-json\/wp\/v2\/media\/760"}],"wp:attachment":[{"href":"https:\/\/www.tafeldeko.de\/news\/wp-json\/wp\/v2\/media?parent=759"}],"wp:term":[{"taxonomy":"category","embeddable":true,"href":"https:\/\/www.tafeldeko.de\/news\/wp-json\/wp\/v2\/categories?post=759"},{"taxonomy":"post_tag","embeddable":true,"href":"https:\/\/www.tafeldeko.de\/news\/wp-json\/wp\/v2\/tags?post=759"}],"curies":[{"name":"wp","href":"https:\/\/api.w.org\/{rel}","templated":true}]}}