{"id":7587,"date":"2016-10-24T12:28:24","date_gmt":"2016-10-24T10:28:24","guid":{"rendered":"https:\/\/www.tafeldeko.de\/news\/?p=7587"},"modified":"2022-11-07T10:27:36","modified_gmt":"2022-11-07T09:27:36","slug":"laendliche-tischdeko-zu-weihnachten","status":"publish","type":"post","link":"https:\/\/www.tafeldeko.de\/news\/laendliche-tischdeko-zu-weihnachten\/","title":{"rendered":"L\u00e4ndliche Tischdeko zu Weihnachten"},"content":{"rendered":"<p>Die <strong>l\u00e4ndliche Tischdeko zu Weihnachten<\/strong> gibt dem Fest mit der Familie den passenden Rahmen. Das Weihnachtsessen gemeinsam an einer sch\u00f6n eingedeckten Tafel einzunehmen hat was und das sollte man auch entsprechend genie\u00dfen. <a href=\"http:\/\/www.tafeldeko.de\"><strong>Tischdekorationen<\/strong><\/a> zu Weihnachten gibt es viele \u2013 die klassische Variante in Rot, Variationen in Gold oder Silber oder in kr\u00e4ftigen Farbt\u00f6nen wie Dunkelgr\u00fcn. Unter Garantie: jede einzelne dieser Tischdekorationen hat was und bietet der Familie eine sch\u00f6ne Basis an einem sch\u00f6nen Fest. Wir haben einige andere Ideen f\u00fcr Sie zusammengestellt, beispielsweise die l\u00e4ndliche Tischdeko zu Weihnachten.<\/p>\n<p>\t\t\t\t\t\t\t\t\t\t\t\t<img decoding=\"async\" width=\"800\" height=\"560\" src=\"https:\/\/www.tafeldeko.de\/news\/wp-content\/uploads\/2016\/10\/weihnachten_Braun.jpg\" alt=\"L\u00e4ndliche Tischdeko zu Weihnachten\" loading=\"lazy\" srcset=\"https:\/\/www.tafeldeko.de\/news\/wp-content\/uploads\/2016\/10\/weihnachten_Braun.jpg 1000w, https:\/\/www.tafeldeko.de\/news\/wp-content\/uploads\/2016\/10\/weihnachten_Braun-300x210.jpg 300w, https:\/\/www.tafeldeko.de\/news\/wp-content\/uploads\/2016\/10\/weihnachten_Braun-768x538.jpg 768w, https:\/\/www.tafeldeko.de\/news\/wp-content\/uploads\/2016\/10\/weihnachten_Braun-624x437.jpg 624w\" sizes=\"(max-width: 800px) 100vw, 800px\" \/>\t\t\t\t\t\t\t\t\t\t\t\t\t\t<\/p>\n<h2>Eine andere Variante: die l\u00e4ndliche Tischdeko zu Weihnachten<\/h2>\n<p>Als das Fest der Liebe steht Weihnachten bei uns in der Regel hoch im Kurs. Mit der Familie werden sch\u00f6ne und erholsame Weihnachtstage verbracht, die Ruhe genossen.<br \/>Wer in diesem Jahr zu Weihnachten mal eine andere Art der Tischdekoration arrangieren m\u00f6chte, sollte sich unseren <strong>Mustertisch mit dem l\u00e4ndlichen Touch<\/strong> einmal genauer ansehen.<br \/>Auf dem Mustertisch haben wir l\u00e4ndliche Accessoires wie beispielsweise die <strong>Deko Hirsche<\/strong> in Bronze glitzernd, Kiefernzapfen in Natur und den Natur Deko Mix Weihnachten, Advent arrangiert. Ein Hauch Nat\u00fcrlichkeit liegt in der Luft. Getrocknete <strong>Orangenscheiben und Apfelscheiben<\/strong> k\u00f6nnen f\u00fcr weitere sch\u00f6ne Akzente innerhalb Ihrer Tischdekoration verantwortlich sein. Und f\u00fcr die feine, f\u00fcr Weihnachten typische Duftnote, k\u00f6nnen Sie Deko Sternanis Weihnachten Advent, getrocknet, auf dem Tisch verteilen.<br \/>F\u00fcr den ganz besonderen l\u00e4ndlichen Touch innerhalb dieser Tischdeko zu Weihnachten k\u00f6nnen Sie mit dem <strong>Tannenbaum mit Jutesack<\/strong>, Schnee und Glitzer sorgen. Den mittig auf dem Tisch arrangiert und Sie haben einen wundervollen Eyecatcher.<br \/>Die l\u00e4ndliche Tischdeko zu Weihnachten \u2013 sie kann nat\u00fcrlich auch ganz anders arrangiert werden. Accessoires daf\u00fcr erhalten Sie in unserem Onlineshop. Ob <strong>Naturmaterialien<\/strong>, Dekofiguren im l\u00e4ndlichen Stil oder Servietten mit l\u00e4ndlichen Motiven \u2013 bei uns finden Sie alles f\u00fcr die Tischdekoration.<br \/>Ganz gleich, wie Sie Ihre Weihnachtstischdeko in diesem Jahr arrangieren, wir w\u00fcnschen Ihnen frohe Weihnachten, besinnliche Tage mit Ihren Lieben.<\/p>\n<h2>Weitere Beitr\u00e4ge:<\/h2>\n<h2>Dekoartikel von A-Z<\/h2>\n<p>\t\t\t\t\t<a href=\"https:\/\/www.tafeldeko.de\/tischdeko-artikel\/\"><br \/>\n\t\t\t\t\t\tJetzt entdecken\t\t\t\t\t<\/a><\/p>\n","protected":false},"excerpt":{"rendered":"<p>Die l\u00e4ndliche Tischdeko zu Weihnachten gibt dem Fest mit der Familie den passenden Rahmen. Das Weihnachtsessen gemeinsam an einer sch\u00f6n eingedeckten Tafel einzunehmen hat was und das sollte man auch entsprechend genie\u00dfen. Tischdekorationen zu Weihnachten gibt es viele \u2013 die klassische Variante in Rot, Variationen in Gold oder Silber oder in kr\u00e4ftigen Farbt\u00f6nen wie Dunkelgr\u00fcn. [&hellip;]<\/p>\n","protected":false},"author":6,"featured_media":7588,"comment_status":"closed","ping_status":"closed","sticky":false,"template":"","format":"standard","meta":{"footnotes":""},"categories":[1],"tags":[],"yoast_head":"<!-- This site is optimized with the Yoast SEO plugin v20.4 - https:\/\/yoast.com\/wordpress\/plugins\/seo\/ -->\n<title>L\u00e4ndliche Tischdeko zu Weihnachten - Tafeldeko<\/title>\n<meta name=\"description\" content=\"Wir haben einige andere Ideen f\u00fcr Sie zusammengestellt, beispielsweise die l\u00e4ndliche Tischdeko zu Weihnachten.\" \/>\n<meta name=\"robots\" content=\"index, follow, max-snippet:-1, max-image-preview:large, max-video-preview:-1\" \/>\n<link rel=\"canonical\" href=\"https:\/\/www.tafeldeko.de\/news\/laendliche-tischdeko-zu-weihnachten\/\" \/>\n<meta property=\"og:locale\" content=\"de_DE\" \/>\n<meta property=\"og:type\" content=\"article\" \/>\n<meta property=\"og:title\" content=\"L\u00e4ndliche Tischdeko zu Weihnachten - Tafeldeko\" \/>\n<meta property=\"og:description\" content=\"Wir haben einige andere Ideen f\u00fcr Sie zusammengestellt, beispielsweise die l\u00e4ndliche Tischdeko zu Weihnachten.\" \/>\n<meta property=\"og:url\" content=\"https:\/\/www.tafeldeko.de\/news\/laendliche-tischdeko-zu-weihnachten\/\" \/>\n<meta property=\"og:site_name\" content=\"Tafeldeko\" \/>\n<meta property=\"article:publisher\" content=\"https:\/\/www.facebook.com\/pages\/Tafeldeko-einzigartige-Tischdekoration\/174202655894\" \/>\n<meta property=\"article:published_time\" content=\"2016-10-24T10:28:24+00:00\" \/>\n<meta property=\"article:modified_time\" content=\"2022-11-07T09:27:36+00:00\" \/>\n<meta property=\"og:image\" content=\"https:\/\/www.tafeldeko.de\/news\/wp-content\/uploads\/2016\/10\/weihnachten_Braun.jpg\" \/>\n\t<meta property=\"og:image:width\" content=\"1000\" \/>\n\t<meta property=\"og:image:height\" content=\"700\" \/>\n\t<meta property=\"og:image:type\" content=\"image\/jpeg\" \/>\n<meta name=\"author\" content=\"Tafeldeko Deko Team\" \/>\n<meta name=\"twitter:label1\" content=\"Verfasst von\" \/>\n\t<meta name=\"twitter:data1\" content=\"Tafeldeko Deko Team\" \/>\n\t<meta name=\"twitter:label2\" content=\"Gesch\u00e4tzte Lesezeit\" \/>\n\t<meta name=\"twitter:data2\" content=\"4 Minuten\" \/>\n<script type=\"application\/ld+json\" class=\"yoast-schema-graph\">{\"@context\":\"https:\/\/schema.org\",\"@graph\":[{\"@type\":\"WebPage\",\"@id\":\"https:\/\/www.tafeldeko.de\/news\/laendliche-tischdeko-zu-weihnachten\/\",\"url\":\"https:\/\/www.tafeldeko.de\/news\/laendliche-tischdeko-zu-weihnachten\/\",\"name\":\"L\u00e4ndliche Tischdeko zu Weihnachten - Tafeldeko\",\"isPartOf\":{\"@id\":\"https:\/\/www.tafeldeko.de\/news\/#website\"},\"datePublished\":\"2016-10-24T10:28:24+00:00\",\"dateModified\":\"2022-11-07T09:27:36+00:00\",\"author\":{\"@id\":\"https:\/\/www.tafeldeko.de\/news\/#\/schema\/person\/dc309fbb6a3e380919fc08342c3cc233\"},\"description\":\"Wir haben einige andere Ideen f\u00fcr Sie zusammengestellt, beispielsweise die l\u00e4ndliche Tischdeko zu Weihnachten.\",\"breadcrumb\":{\"@id\":\"https:\/\/www.tafeldeko.de\/news\/laendliche-tischdeko-zu-weihnachten\/#breadcrumb\"},\"inLanguage\":\"de-DE\",\"potentialAction\":[{\"@type\":\"ReadAction\",\"target\":[\"https:\/\/www.tafeldeko.de\/news\/laendliche-tischdeko-zu-weihnachten\/\"]}]},{\"@type\":\"BreadcrumbList\",\"@id\":\"https:\/\/www.tafeldeko.de\/news\/laendliche-tischdeko-zu-weihnachten\/#breadcrumb\",\"itemListElement\":[{\"@type\":\"ListItem\",\"position\":1,\"name\":\"Tafeldeko\",\"item\":\"https:\/\/www.tafeldeko.de\/news\/\"},{\"@type\":\"ListItem\",\"position\":2,\"name\":\"Alte Beitr\u00e4ge\",\"item\":\"https:\/\/www.tafeldeko.de\/news\/alte-beitraege\/\"},{\"@type\":\"ListItem\",\"position\":3,\"name\":\"Tischdeko - Blog\",\"item\":\"https:\/\/www.tafeldeko.de\/news\/alte-beitraege\/tischdeko-blog\/\"},{\"@type\":\"ListItem\",\"position\":4,\"name\":\"L\u00e4ndliche Tischdeko zu Weihnachten\"}]},{\"@type\":\"WebSite\",\"@id\":\"https:\/\/www.tafeldeko.de\/news\/#website\",\"url\":\"https:\/\/www.tafeldeko.de\/news\/\",\"name\":\"Tafeldeko\",\"description\":\"Blog mit Tischdeko und Tischdekoration Ideen\",\"potentialAction\":[{\"@type\":\"SearchAction\",\"target\":{\"@type\":\"EntryPoint\",\"urlTemplate\":\"https:\/\/www.tafeldeko.de\/news\/?s={search_term_string}\"},\"query-input\":\"required name=search_term_string\"}],\"inLanguage\":\"de-DE\"},{\"@type\":\"Person\",\"@id\":\"https:\/\/www.tafeldeko.de\/news\/#\/schema\/person\/dc309fbb6a3e380919fc08342c3cc233\",\"name\":\"Tafeldeko Deko Team\",\"image\":{\"@type\":\"ImageObject\",\"inLanguage\":\"de-DE\",\"@id\":\"https:\/\/www.tafeldeko.de\/news\/#\/schema\/person\/image\/\",\"url\":\"https:\/\/secure.gravatar.com\/avatar\/1e962f4040dc9996f0d200db31598854?s=96&d=mm&r=g\",\"contentUrl\":\"https:\/\/secure.gravatar.com\/avatar\/1e962f4040dc9996f0d200db31598854?s=96&d=mm&r=g\",\"caption\":\"Tafeldeko Deko Team\"}}]}<\/script>\n<!-- \/ Yoast SEO plugin. -->","yoast_head_json":{"title":"L\u00e4ndliche Tischdeko zu Weihnachten - Tafeldeko","description":"Wir haben einige andere Ideen f\u00fcr Sie zusammengestellt, beispielsweise die l\u00e4ndliche Tischdeko zu Weihnachten.","robots":{"index":"index","follow":"follow","max-snippet":"max-snippet:-1","max-image-preview":"max-image-preview:large","max-video-preview":"max-video-preview:-1"},"canonical":"https:\/\/www.tafeldeko.de\/news\/laendliche-tischdeko-zu-weihnachten\/","og_locale":"de_DE","og_type":"article","og_title":"L\u00e4ndliche Tischdeko zu Weihnachten - Tafeldeko","og_description":"Wir haben einige andere Ideen f\u00fcr Sie zusammengestellt, beispielsweise die l\u00e4ndliche Tischdeko zu Weihnachten.","og_url":"https:\/\/www.tafeldeko.de\/news\/laendliche-tischdeko-zu-weihnachten\/","og_site_name":"Tafeldeko","article_publisher":"https:\/\/www.facebook.com\/pages\/Tafeldeko-einzigartige-Tischdekoration\/174202655894","article_published_time":"2016-10-24T10:28:24+00:00","article_modified_time":"2022-11-07T09:27:36+00:00","og_image":[{"width":1000,"height":700,"url":"https:\/\/www.tafeldeko.de\/news\/wp-content\/uploads\/2016\/10\/weihnachten_Braun.jpg","type":"image\/jpeg"}],"author":"Tafeldeko Deko Team","twitter_misc":{"Verfasst von":"Tafeldeko Deko Team","Gesch\u00e4tzte Lesezeit":"4 Minuten"},"schema":{"@context":"https:\/\/schema.org","@graph":[{"@type":"WebPage","@id":"https:\/\/www.tafeldeko.de\/news\/laendliche-tischdeko-zu-weihnachten\/","url":"https:\/\/www.tafeldeko.de\/news\/laendliche-tischdeko-zu-weihnachten\/","name":"L\u00e4ndliche Tischdeko zu Weihnachten - Tafeldeko","isPartOf":{"@id":"https:\/\/www.tafeldeko.de\/news\/#website"},"datePublished":"2016-10-24T10:28:24+00:00","dateModified":"2022-11-07T09:27:36+00:00","author":{"@id":"https:\/\/www.tafeldeko.de\/news\/#\/schema\/person\/dc309fbb6a3e380919fc08342c3cc233"},"description":"Wir haben einige andere Ideen f\u00fcr Sie zusammengestellt, beispielsweise die l\u00e4ndliche Tischdeko zu Weihnachten.","breadcrumb":{"@id":"https:\/\/www.tafeldeko.de\/news\/laendliche-tischdeko-zu-weihnachten\/#breadcrumb"},"inLanguage":"de-DE","potentialAction":[{"@type":"ReadAction","target":["https:\/\/www.tafeldeko.de\/news\/laendliche-tischdeko-zu-weihnachten\/"]}]},{"@type":"BreadcrumbList","@id":"https:\/\/www.tafeldeko.de\/news\/laendliche-tischdeko-zu-weihnachten\/#breadcrumb","itemListElement":[{"@type":"ListItem","position":1,"name":"Tafeldeko","item":"https:\/\/www.tafeldeko.de\/news\/"},{"@type":"ListItem","position":2,"name":"Alte Beitr\u00e4ge","item":"https:\/\/www.tafeldeko.de\/news\/alte-beitraege\/"},{"@type":"ListItem","position":3,"name":"Tischdeko - Blog","item":"https:\/\/www.tafeldeko.de\/news\/alte-beitraege\/tischdeko-blog\/"},{"@type":"ListItem","position":4,"name":"L\u00e4ndliche Tischdeko zu Weihnachten"}]},{"@type":"WebSite","@id":"https:\/\/www.tafeldeko.de\/news\/#website","url":"https:\/\/www.tafeldeko.de\/news\/","name":"Tafeldeko","description":"Blog mit Tischdeko und Tischdekoration Ideen","potentialAction":[{"@type":"SearchAction","target":{"@type":"EntryPoint","urlTemplate":"https:\/\/www.tafeldeko.de\/news\/?s={search_term_string}"},"query-input":"required name=search_term_string"}],"inLanguage":"de-DE"},{"@type":"Person","@id":"https:\/\/www.tafeldeko.de\/news\/#\/schema\/person\/dc309fbb6a3e380919fc08342c3cc233","name":"Tafeldeko Deko Team","image":{"@type":"ImageObject","inLanguage":"de-DE","@id":"https:\/\/www.tafeldeko.de\/news\/#\/schema\/person\/image\/","url":"https:\/\/secure.gravatar.com\/avatar\/1e962f4040dc9996f0d200db31598854?s=96&d=mm&r=g","contentUrl":"https:\/\/secure.gravatar.com\/avatar\/1e962f4040dc9996f0d200db31598854?s=96&d=mm&r=g","caption":"Tafeldeko Deko Team"}}]}},"_links":{"self":[{"href":"https:\/\/www.tafeldeko.de\/news\/wp-json\/wp\/v2\/posts\/7587"}],"collection":[{"href":"https:\/\/www.tafeldeko.de\/news\/wp-json\/wp\/v2\/posts"}],"about":[{"href":"https:\/\/www.tafeldeko.de\/news\/wp-json\/wp\/v2\/types\/post"}],"author":[{"embeddable":true,"href":"https:\/\/www.tafeldeko.de\/news\/wp-json\/wp\/v2\/users\/6"}],"replies":[{"embeddable":true,"href":"https:\/\/www.tafeldeko.de\/news\/wp-json\/wp\/v2\/comments?post=7587"}],"version-history":[{"count":7,"href":"https:\/\/www.tafeldeko.de\/news\/wp-json\/wp\/v2\/posts\/7587\/revisions"}],"predecessor-version":[{"id":20313,"href":"https:\/\/www.tafeldeko.de\/news\/wp-json\/wp\/v2\/posts\/7587\/revisions\/20313"}],"wp:featuredmedia":[{"embeddable":true,"href":"https:\/\/www.tafeldeko.de\/news\/wp-json\/wp\/v2\/media\/7588"}],"wp:attachment":[{"href":"https:\/\/www.tafeldeko.de\/news\/wp-json\/wp\/v2\/media?parent=7587"}],"wp:term":[{"taxonomy":"category","embeddable":true,"href":"https:\/\/www.tafeldeko.de\/news\/wp-json\/wp\/v2\/categories?post=7587"},{"taxonomy":"post_tag","embeddable":true,"href":"https:\/\/www.tafeldeko.de\/news\/wp-json\/wp\/v2\/tags?post=7587"}],"curies":[{"name":"wp","href":"https:\/\/api.w.org\/{rel}","templated":true}]}}