{"id":7573,"date":"2016-10-05T19:36:34","date_gmt":"2016-10-05T17:36:34","guid":{"rendered":"https:\/\/www.tafeldeko.de\/news\/?p=7573"},"modified":"2016-10-25T19:38:22","modified_gmt":"2016-10-25T17:38:22","slug":"geburtstagsgedichte-fuer-die-einladung","status":"publish","type":"post","link":"https:\/\/www.tafeldeko.de\/news\/geburtstagsgedichte-fuer-die-einladung\/","title":{"rendered":"Geburtstagsgedichte f\u00fcr die Einladung"},"content":{"rendered":"<p><strong>Geburtstagsgedichte<\/strong> \u2013 es gibt sie nicht nur, um dem Geburtstagskind zu gratulieren, sondern auch um die G\u00e4ste nett einzuladen.<br \/>\nGeburtstagsgedichte auf Geburtstagseinladungen sind stets eine tolle M\u00f6glichkeit, zum einen die G\u00e4ste einzuladen und zum anderen die Geburtstagsw\u00fcnsche mitzuteilen.<br \/>\nGerade letzteres macht bei einer gr\u00f6\u00dferen Geburtstagsfeier oftmals Sinn, mit dem \u00c4u\u00dfern der Geburtstagsw\u00fcnsche erleichtert man die Suche der G\u00e4ste nach einem Geburtstagsgeschenk.<\/p>\n<h2>Ideen f\u00fcr Geburtstagsgedichte<\/h2>\n<p>Die Liste der W\u00fcnsche zum Geburtstag ist mehr als vielf\u00e4ltig. So w\u00fcnscht sich das eine Geburtstagskind Geld, um sich beispielsweise einen sch\u00f6nen Wellnessaufenthalt g\u00f6nnen zu k\u00f6nnen oder das andere Geburtstagskind m\u00f6chte sich ein <strong>E-Bike<\/strong> von dem Geburtstagsgeld kaufen.<br \/>\nUnd genau diese verschiedenartigen Geburtstagsw\u00fcnsche k\u00f6nnen in Gedichtform niedergeschrieben werden. Dabei muss das Geburtstagsgedicht nicht lang sein, sondern eben auf nette Art mitteilen, was man sich w\u00fcnscht.<\/p>\n<p><em>\u201eIch w\u00fcnsch mir was zu meinen Ehrentag,<\/em><br \/>\n<em> und diesen Wunsch ich mit euch teilen mag.<\/em><br \/>\n<em> Ich bin es leid, st\u00e4ndig in die Pedale zu treten,<\/em><br \/>\n<em> mir nach einem Anstieg die verkrampften Waden zu kneten.<\/em><br \/>\n<em> Drum w\u00fcnsch ich mir einige Groschen, Zaster, Kohlen,<\/em><br \/>\n<em> um mir von dem Geld ein E-Bike zu holen.<\/em><br \/>\n<em> Dann geht es wieder schneller voran,<\/em><br \/>\n<em> brauch nicht mehr zu fahren, alleine und hintenan.<\/em><br \/>\n<em> Ich sage schon mal recht herzlichen Dank,<\/em><br \/>\n<em> seid zur Feier willkommen, bei reichlich Speis und Trank!\u201c<\/em><\/p>\n<p>So oder so \u00e4hnlich k\u00f6nnte der Wunsch nach Geld f\u00fcr ein E-Bike formuliert werden.<br \/>\nSolche Geburtstagsgedichte lassen sich relativ einfach erstellen, mit einigen kleineren Notizen und Eckpunkten kommt das Reimen oftmals von ganz alleine. Sie k\u00f6nnen auch Familienmitglieder oder Freunde in die Erstellung des Geburtstagsgedichtes hinzunehmen \u2013 das macht oftmals die Sache des Dichtens leichter.<\/p>\n<p>Je nach <strong>Gestaltung der Geburtstagseinladung<\/strong> sollte das Geburtstagsgedicht nicht ganz so lang sein, schlie\u00dflich soll es auf die Einladung passen. Nat\u00fcrlich kann man auch den Weg umgekehrt gehen, zuerst das Geburtstagsgedicht verfassen und dann die Geburtstagseinladung von der Gr\u00f6\u00dfe her gestalten.<br \/>\nGanz gleich, welchen Weg Sie gehen, Geburtstagsgedichte f\u00fcr die Mitteilung der Geburtstagsw\u00fcnsche eignen sich perfekt.<\/p>\n","protected":false},"excerpt":{"rendered":"<p>Geburtstagsgedichte \u2013 es gibt sie nicht nur, um dem Geburtstagskind zu gratulieren, sondern auch um die G\u00e4ste nett einzuladen. Geburtstagsgedichte auf Geburtstagseinladungen sind stets eine tolle M\u00f6glichkeit, zum einen die G\u00e4ste einzuladen und zum anderen die Geburtstagsw\u00fcnsche mitzuteilen. Gerade letzteres macht bei einer gr\u00f6\u00dferen Geburtstagsfeier oftmals Sinn, mit dem \u00c4u\u00dfern der Geburtstagsw\u00fcnsche erleichtert man die [&hellip;]<\/p>\n","protected":false},"author":6,"featured_media":0,"comment_status":"closed","ping_status":"closed","sticky":false,"template":"","format":"standard","meta":{"footnotes":""},"categories":[1],"tags":[],"yoast_head":"<!-- This site is optimized with the Yoast SEO plugin v20.4 - https:\/\/yoast.com\/wordpress\/plugins\/seo\/ -->\n<title>Geburtstagsgedichte f\u00fcr die Einladung - Tafeldeko<\/title>\n<meta name=\"description\" content=\"Geburtstagsgedichte auf Geburtstagseinladungen sind stets eine tolle M\u00f6glichkeit, den G\u00e4sten den Geburtstagswunsch mitzuteilen.\" \/>\n<meta name=\"robots\" content=\"index, follow, max-snippet:-1, max-image-preview:large, max-video-preview:-1\" \/>\n<link rel=\"canonical\" href=\"https:\/\/www.tafeldeko.de\/news\/geburtstagsgedichte-fuer-die-einladung\/\" \/>\n<meta property=\"og:locale\" content=\"de_DE\" \/>\n<meta property=\"og:type\" content=\"article\" \/>\n<meta property=\"og:title\" content=\"Geburtstagsgedichte f\u00fcr die Einladung - Tafeldeko\" \/>\n<meta property=\"og:description\" content=\"Geburtstagsgedichte auf Geburtstagseinladungen sind stets eine tolle M\u00f6glichkeit, den G\u00e4sten den Geburtstagswunsch mitzuteilen.\" \/>\n<meta property=\"og:url\" content=\"https:\/\/www.tafeldeko.de\/news\/geburtstagsgedichte-fuer-die-einladung\/\" \/>\n<meta property=\"og:site_name\" content=\"Tafeldeko\" \/>\n<meta property=\"article:publisher\" content=\"https:\/\/www.facebook.com\/pages\/Tafeldeko-einzigartige-Tischdekoration\/174202655894\" \/>\n<meta property=\"article:published_time\" content=\"2016-10-05T17:36:34+00:00\" \/>\n<meta property=\"article:modified_time\" content=\"2016-10-25T17:38:22+00:00\" \/>\n<meta name=\"author\" content=\"Tafeldeko Deko Team\" \/>\n<meta name=\"twitter:label1\" content=\"Verfasst von\" \/>\n\t<meta name=\"twitter:data1\" content=\"Tafeldeko Deko Team\" \/>\n\t<meta name=\"twitter:label2\" content=\"Gesch\u00e4tzte Lesezeit\" \/>\n\t<meta name=\"twitter:data2\" content=\"2 Minuten\" \/>\n<script type=\"application\/ld+json\" class=\"yoast-schema-graph\">{\"@context\":\"https:\/\/schema.org\",\"@graph\":[{\"@type\":\"WebPage\",\"@id\":\"https:\/\/www.tafeldeko.de\/news\/geburtstagsgedichte-fuer-die-einladung\/\",\"url\":\"https:\/\/www.tafeldeko.de\/news\/geburtstagsgedichte-fuer-die-einladung\/\",\"name\":\"Geburtstagsgedichte f\u00fcr die Einladung - Tafeldeko\",\"isPartOf\":{\"@id\":\"https:\/\/www.tafeldeko.de\/news\/#website\"},\"datePublished\":\"2016-10-05T17:36:34+00:00\",\"dateModified\":\"2016-10-25T17:38:22+00:00\",\"author\":{\"@id\":\"https:\/\/www.tafeldeko.de\/news\/#\/schema\/person\/dc309fbb6a3e380919fc08342c3cc233\"},\"description\":\"Geburtstagsgedichte auf Geburtstagseinladungen sind stets eine tolle M\u00f6glichkeit, den G\u00e4sten den Geburtstagswunsch mitzuteilen.\",\"breadcrumb\":{\"@id\":\"https:\/\/www.tafeldeko.de\/news\/geburtstagsgedichte-fuer-die-einladung\/#breadcrumb\"},\"inLanguage\":\"de-DE\",\"potentialAction\":[{\"@type\":\"ReadAction\",\"target\":[\"https:\/\/www.tafeldeko.de\/news\/geburtstagsgedichte-fuer-die-einladung\/\"]}]},{\"@type\":\"BreadcrumbList\",\"@id\":\"https:\/\/www.tafeldeko.de\/news\/geburtstagsgedichte-fuer-die-einladung\/#breadcrumb\",\"itemListElement\":[{\"@type\":\"ListItem\",\"position\":1,\"name\":\"Tafeldeko\",\"item\":\"https:\/\/www.tafeldeko.de\/news\/\"},{\"@type\":\"ListItem\",\"position\":2,\"name\":\"Alte Beitr\u00e4ge\",\"item\":\"https:\/\/www.tafeldeko.de\/news\/alte-beitraege\/\"},{\"@type\":\"ListItem\",\"position\":3,\"name\":\"Tischdeko - Blog\",\"item\":\"https:\/\/www.tafeldeko.de\/news\/alte-beitraege\/tischdeko-blog\/\"},{\"@type\":\"ListItem\",\"position\":4,\"name\":\"Geburtstagsgedichte f\u00fcr die Einladung\"}]},{\"@type\":\"WebSite\",\"@id\":\"https:\/\/www.tafeldeko.de\/news\/#website\",\"url\":\"https:\/\/www.tafeldeko.de\/news\/\",\"name\":\"Tafeldeko\",\"description\":\"Blog mit Tischdeko und Tischdekoration Ideen\",\"potentialAction\":[{\"@type\":\"SearchAction\",\"target\":{\"@type\":\"EntryPoint\",\"urlTemplate\":\"https:\/\/www.tafeldeko.de\/news\/?s={search_term_string}\"},\"query-input\":\"required name=search_term_string\"}],\"inLanguage\":\"de-DE\"},{\"@type\":\"Person\",\"@id\":\"https:\/\/www.tafeldeko.de\/news\/#\/schema\/person\/dc309fbb6a3e380919fc08342c3cc233\",\"name\":\"Tafeldeko Deko Team\",\"image\":{\"@type\":\"ImageObject\",\"inLanguage\":\"de-DE\",\"@id\":\"https:\/\/www.tafeldeko.de\/news\/#\/schema\/person\/image\/\",\"url\":\"https:\/\/secure.gravatar.com\/avatar\/1e962f4040dc9996f0d200db31598854?s=96&d=mm&r=g\",\"contentUrl\":\"https:\/\/secure.gravatar.com\/avatar\/1e962f4040dc9996f0d200db31598854?s=96&d=mm&r=g\",\"caption\":\"Tafeldeko Deko Team\"}}]}<\/script>\n<!-- \/ Yoast SEO plugin. -->","yoast_head_json":{"title":"Geburtstagsgedichte f\u00fcr die Einladung - Tafeldeko","description":"Geburtstagsgedichte auf Geburtstagseinladungen sind stets eine tolle M\u00f6glichkeit, den G\u00e4sten den Geburtstagswunsch mitzuteilen.","robots":{"index":"index","follow":"follow","max-snippet":"max-snippet:-1","max-image-preview":"max-image-preview:large","max-video-preview":"max-video-preview:-1"},"canonical":"https:\/\/www.tafeldeko.de\/news\/geburtstagsgedichte-fuer-die-einladung\/","og_locale":"de_DE","og_type":"article","og_title":"Geburtstagsgedichte f\u00fcr die Einladung - Tafeldeko","og_description":"Geburtstagsgedichte auf Geburtstagseinladungen sind stets eine tolle M\u00f6glichkeit, den G\u00e4sten den Geburtstagswunsch mitzuteilen.","og_url":"https:\/\/www.tafeldeko.de\/news\/geburtstagsgedichte-fuer-die-einladung\/","og_site_name":"Tafeldeko","article_publisher":"https:\/\/www.facebook.com\/pages\/Tafeldeko-einzigartige-Tischdekoration\/174202655894","article_published_time":"2016-10-05T17:36:34+00:00","article_modified_time":"2016-10-25T17:38:22+00:00","author":"Tafeldeko Deko Team","twitter_misc":{"Verfasst von":"Tafeldeko Deko Team","Gesch\u00e4tzte Lesezeit":"2 Minuten"},"schema":{"@context":"https:\/\/schema.org","@graph":[{"@type":"WebPage","@id":"https:\/\/www.tafeldeko.de\/news\/geburtstagsgedichte-fuer-die-einladung\/","url":"https:\/\/www.tafeldeko.de\/news\/geburtstagsgedichte-fuer-die-einladung\/","name":"Geburtstagsgedichte f\u00fcr die Einladung - Tafeldeko","isPartOf":{"@id":"https:\/\/www.tafeldeko.de\/news\/#website"},"datePublished":"2016-10-05T17:36:34+00:00","dateModified":"2016-10-25T17:38:22+00:00","author":{"@id":"https:\/\/www.tafeldeko.de\/news\/#\/schema\/person\/dc309fbb6a3e380919fc08342c3cc233"},"description":"Geburtstagsgedichte auf Geburtstagseinladungen sind stets eine tolle M\u00f6glichkeit, den G\u00e4sten den Geburtstagswunsch mitzuteilen.","breadcrumb":{"@id":"https:\/\/www.tafeldeko.de\/news\/geburtstagsgedichte-fuer-die-einladung\/#breadcrumb"},"inLanguage":"de-DE","potentialAction":[{"@type":"ReadAction","target":["https:\/\/www.tafeldeko.de\/news\/geburtstagsgedichte-fuer-die-einladung\/"]}]},{"@type":"BreadcrumbList","@id":"https:\/\/www.tafeldeko.de\/news\/geburtstagsgedichte-fuer-die-einladung\/#breadcrumb","itemListElement":[{"@type":"ListItem","position":1,"name":"Tafeldeko","item":"https:\/\/www.tafeldeko.de\/news\/"},{"@type":"ListItem","position":2,"name":"Alte Beitr\u00e4ge","item":"https:\/\/www.tafeldeko.de\/news\/alte-beitraege\/"},{"@type":"ListItem","position":3,"name":"Tischdeko - Blog","item":"https:\/\/www.tafeldeko.de\/news\/alte-beitraege\/tischdeko-blog\/"},{"@type":"ListItem","position":4,"name":"Geburtstagsgedichte f\u00fcr die Einladung"}]},{"@type":"WebSite","@id":"https:\/\/www.tafeldeko.de\/news\/#website","url":"https:\/\/www.tafeldeko.de\/news\/","name":"Tafeldeko","description":"Blog mit Tischdeko und Tischdekoration Ideen","potentialAction":[{"@type":"SearchAction","target":{"@type":"EntryPoint","urlTemplate":"https:\/\/www.tafeldeko.de\/news\/?s={search_term_string}"},"query-input":"required name=search_term_string"}],"inLanguage":"de-DE"},{"@type":"Person","@id":"https:\/\/www.tafeldeko.de\/news\/#\/schema\/person\/dc309fbb6a3e380919fc08342c3cc233","name":"Tafeldeko Deko Team","image":{"@type":"ImageObject","inLanguage":"de-DE","@id":"https:\/\/www.tafeldeko.de\/news\/#\/schema\/person\/image\/","url":"https:\/\/secure.gravatar.com\/avatar\/1e962f4040dc9996f0d200db31598854?s=96&d=mm&r=g","contentUrl":"https:\/\/secure.gravatar.com\/avatar\/1e962f4040dc9996f0d200db31598854?s=96&d=mm&r=g","caption":"Tafeldeko Deko Team"}}]}},"_links":{"self":[{"href":"https:\/\/www.tafeldeko.de\/news\/wp-json\/wp\/v2\/posts\/7573"}],"collection":[{"href":"https:\/\/www.tafeldeko.de\/news\/wp-json\/wp\/v2\/posts"}],"about":[{"href":"https:\/\/www.tafeldeko.de\/news\/wp-json\/wp\/v2\/types\/post"}],"author":[{"embeddable":true,"href":"https:\/\/www.tafeldeko.de\/news\/wp-json\/wp\/v2\/users\/6"}],"replies":[{"embeddable":true,"href":"https:\/\/www.tafeldeko.de\/news\/wp-json\/wp\/v2\/comments?post=7573"}],"version-history":[{"count":3,"href":"https:\/\/www.tafeldeko.de\/news\/wp-json\/wp\/v2\/posts\/7573\/revisions"}],"predecessor-version":[{"id":7576,"href":"https:\/\/www.tafeldeko.de\/news\/wp-json\/wp\/v2\/posts\/7573\/revisions\/7576"}],"wp:attachment":[{"href":"https:\/\/www.tafeldeko.de\/news\/wp-json\/wp\/v2\/media?parent=7573"}],"wp:term":[{"taxonomy":"category","embeddable":true,"href":"https:\/\/www.tafeldeko.de\/news\/wp-json\/wp\/v2\/categories?post=7573"},{"taxonomy":"post_tag","embeddable":true,"href":"https:\/\/www.tafeldeko.de\/news\/wp-json\/wp\/v2\/tags?post=7573"}],"curies":[{"name":"wp","href":"https:\/\/api.w.org\/{rel}","templated":true}]}}