{"id":7571,"date":"2016-10-05T19:04:36","date_gmt":"2016-10-05T17:04:36","guid":{"rendered":"https:\/\/www.tafeldeko.de\/news\/?p=7571"},"modified":"2022-11-07T15:14:02","modified_gmt":"2022-11-07T14:14:02","slug":"deko-herbst-im-aussenbereich","status":"publish","type":"post","link":"https:\/\/www.tafeldeko.de\/news\/deko-herbst-im-aussenbereich\/","title":{"rendered":"Deko Herbst im Au\u00dfenbereich"},"content":{"rendered":"<p>Die<strong> Deko Herbst im Au\u00dfenbereich<\/strong> ist genauso wichtig, wie die Deko im Innenbereich. Nicht nur drinnen in der Wohnung soll es sch\u00f6n und gem\u00fctlich sein, sondern auch drau\u00dfen sollte man sich an einem warmen Herbsttag wohlf\u00fchlen. F\u00fcr die Deko Herbst Au\u00dfenbereich kann man ganz unterschiedliche Deko-Artikel und Materialen, auch die aus der Natur, miteinander kombinieren. Ob Balkon, Terrasse oder auch der <strong>Eingangsbereich<\/strong> &#8211; alles kann im herbstlichen Look erscheinen. Die Farben des Herbstes lassen sich perfekt f\u00fcr die Dekoration im Herbst verwenden und man wird sich \u00fcber das Endergebnis mehr als freuen.<\/p>\n<p><img decoding=\"async\" loading=\"lazy\" src=\"https:\/\/www.tafeldeko.de\/news\/wp-content\/uploads\/2020\/02\/MG_5589-1024x683.jpg\" sizes=\"(max-width: 800px) 100vw, 800px\" srcset=\"https:\/\/www.tafeldeko.de\/news\/wp-content\/uploads\/2020\/02\/MG_5589-1024x683.jpg 1024w, https:\/\/www.tafeldeko.de\/news\/wp-content\/uploads\/2020\/02\/MG_5589-300x200.jpg 300w, https:\/\/www.tafeldeko.de\/news\/wp-content\/uploads\/2020\/02\/MG_5589-768x512.jpg 768w, https:\/\/www.tafeldeko.de\/news\/wp-content\/uploads\/2020\/02\/MG_5589-1536x1024.jpg 1536w, https:\/\/www.tafeldeko.de\/news\/wp-content\/uploads\/2020\/02\/MG_5589-2048x1365.jpg 2048w, https:\/\/www.tafeldeko.de\/news\/wp-content\/uploads\/2020\/02\/MG_5589-640x427.jpg 640w\" alt=\"Deko Herbst im Au\u00dfenbereich\" width=\"800\" height=\"534\" \/><\/p>\n<h2>Deko Herbst im Au\u00dfenbereich &#8211; hier kommen ein paar Ideen<\/h2>\n<p>F\u00fcr die Deko Herbst gibt es eine Vielzahl von M\u00f6glichkeiten, die man in die Tat umsetzen kann. So kann man beispielsweise einen gro\u00dfen K\u00fcrbis kaufen und diesen aush\u00f6hlen. Nachdem man ein gruseliges oder auch lustiges Gesicht hinein geschnitzt hat, kann dieser mit einer <strong>Kerze vor der Haust\u00fcr<\/strong> platziert werden. Dar\u00fcber wird sich jeder freuen, der den K\u00fcrbiskopf zu Gesicht bekommt. F\u00fcr die Deko Herbst sind Vogelscheuchen, Gespenster und Skelette ebenfalls etwas Sch\u00f6nes und passen auch ideal zu Halloween. Halloween ist f\u00fcr viele Menschen ein wahres Spektakel und eine Zeit, der voller Vorfreude entgegen geblickt wird. Deshalb ist der<strong> Mix aus Halloween<\/strong> und herbstlicher Dekoration genau das Richtige.<br \/>\nF\u00fcr die Deko Herbst im Au\u00dfenbereich hat man somit jede Menge M\u00f6glichkeiten, die nach Lust und Laune und eigenem Geschmack umgesetzt werden k\u00f6nnen. Der Herbst ist keinesfalls eine trostlose Jahreszeit &#8211; ganz im Gegenteil. Wer sich mit der Herbstdekoration widmet, der wird merken, dass es unz\u00e4hlige kreative Ideen gibt. Ist man handwerklich etwas begabt, kann man seine Deko f\u00fcr den Herbst auch durchaus selbst herstellen und gestalten. Des Weiteren k\u00f6nnen gekaufte Deko-Utensilien auch <strong>individuell aufgepeppt<\/strong> werden und so ein tolles Unikat darstellen. Wer Liebe zum Detail zeigt, kann sich auf eine au\u00dfergew\u00f6hnliche und einzigartige Dekoration freuen. Nur Mut zum Dekorieren.<\/p>\n<h2>Weitere Beitr\u00e4ge:<\/h2>\n<h2>Dekoartikel von A-Z<\/h2>\n<p><a href=\"https:\/\/www.tafeldeko.de\/tischdeko-artikel\/\"><br \/>\nJetzt entdecken <\/a><\/p>\n","protected":false},"excerpt":{"rendered":"<p>Die Deko Herbst im Au\u00dfenbereich ist genauso wichtig, wie die Deko im Innenbereich. Nicht nur drinnen in der Wohnung soll es sch\u00f6n und gem\u00fctlich sein, sondern auch drau\u00dfen sollte man sich an einem warmen Herbsttag wohlf\u00fchlen. F\u00fcr die Deko Herbst Au\u00dfenbereich kann man ganz unterschiedliche Deko-Artikel und Materialen, auch die aus der Natur, miteinander kombinieren. [&hellip;]<\/p>\n","protected":false},"author":6,"featured_media":11651,"comment_status":"closed","ping_status":"closed","sticky":false,"template":"","format":"standard","meta":{"footnotes":""},"categories":[1],"tags":[],"yoast_head":"<!-- This site is optimized with the Yoast SEO plugin v20.4 - https:\/\/yoast.com\/wordpress\/plugins\/seo\/ -->\n<title>Deko Herbst im Au\u00dfenbereich - Tafeldeko<\/title>\n<meta name=\"description\" content=\"F\u00fcr die Deko Herbst im Au\u00dfenbereich sind Vogelscheuchen, Gespenster und Skelette hervorragend geeignet. All das erhalten Sie hier.\" \/>\n<meta name=\"robots\" content=\"index, follow, max-snippet:-1, max-image-preview:large, max-video-preview:-1\" \/>\n<link rel=\"canonical\" href=\"https:\/\/www.tafeldeko.de\/news\/deko-herbst-im-aussenbereich\/\" \/>\n<meta property=\"og:locale\" content=\"de_DE\" \/>\n<meta property=\"og:type\" content=\"article\" \/>\n<meta property=\"og:title\" content=\"Deko Herbst im Au\u00dfenbereich - Tafeldeko\" \/>\n<meta property=\"og:description\" content=\"F\u00fcr die Deko Herbst im Au\u00dfenbereich sind Vogelscheuchen, Gespenster und Skelette hervorragend geeignet. All das erhalten Sie hier.\" \/>\n<meta property=\"og:url\" content=\"https:\/\/www.tafeldeko.de\/news\/deko-herbst-im-aussenbereich\/\" \/>\n<meta property=\"og:site_name\" content=\"Tafeldeko\" \/>\n<meta property=\"article:publisher\" content=\"https:\/\/www.facebook.com\/pages\/Tafeldeko-einzigartige-Tischdekoration\/174202655894\" \/>\n<meta property=\"article:published_time\" content=\"2016-10-05T17:04:36+00:00\" \/>\n<meta property=\"article:modified_time\" content=\"2022-11-07T14:14:02+00:00\" \/>\n<meta property=\"og:image\" content=\"https:\/\/www.tafeldeko.de\/news\/wp-content\/uploads\/2020\/02\/MG_5589-scaled.jpg\" \/>\n\t<meta property=\"og:image:width\" content=\"2560\" \/>\n\t<meta property=\"og:image:height\" content=\"1707\" \/>\n\t<meta property=\"og:image:type\" content=\"image\/jpeg\" \/>\n<meta name=\"author\" content=\"Tafeldeko Deko Team\" \/>\n<meta name=\"twitter:label1\" content=\"Verfasst von\" \/>\n\t<meta name=\"twitter:data1\" content=\"Tafeldeko Deko Team\" \/>\n\t<meta name=\"twitter:label2\" content=\"Gesch\u00e4tzte Lesezeit\" \/>\n\t<meta name=\"twitter:data2\" content=\"2 Minuten\" \/>\n<script type=\"application\/ld+json\" class=\"yoast-schema-graph\">{\"@context\":\"https:\/\/schema.org\",\"@graph\":[{\"@type\":\"WebPage\",\"@id\":\"https:\/\/www.tafeldeko.de\/news\/deko-herbst-im-aussenbereich\/\",\"url\":\"https:\/\/www.tafeldeko.de\/news\/deko-herbst-im-aussenbereich\/\",\"name\":\"Deko Herbst im Au\u00dfenbereich - Tafeldeko\",\"isPartOf\":{\"@id\":\"https:\/\/www.tafeldeko.de\/news\/#website\"},\"datePublished\":\"2016-10-05T17:04:36+00:00\",\"dateModified\":\"2022-11-07T14:14:02+00:00\",\"author\":{\"@id\":\"https:\/\/www.tafeldeko.de\/news\/#\/schema\/person\/dc309fbb6a3e380919fc08342c3cc233\"},\"description\":\"F\u00fcr die Deko Herbst im Au\u00dfenbereich sind Vogelscheuchen, Gespenster und Skelette hervorragend geeignet. All das erhalten Sie hier.\",\"breadcrumb\":{\"@id\":\"https:\/\/www.tafeldeko.de\/news\/deko-herbst-im-aussenbereich\/#breadcrumb\"},\"inLanguage\":\"de-DE\",\"potentialAction\":[{\"@type\":\"ReadAction\",\"target\":[\"https:\/\/www.tafeldeko.de\/news\/deko-herbst-im-aussenbereich\/\"]}]},{\"@type\":\"BreadcrumbList\",\"@id\":\"https:\/\/www.tafeldeko.de\/news\/deko-herbst-im-aussenbereich\/#breadcrumb\",\"itemListElement\":[{\"@type\":\"ListItem\",\"position\":1,\"name\":\"Tafeldeko\",\"item\":\"https:\/\/www.tafeldeko.de\/news\/\"},{\"@type\":\"ListItem\",\"position\":2,\"name\":\"Alte Beitr\u00e4ge\",\"item\":\"https:\/\/www.tafeldeko.de\/news\/alte-beitraege\/\"},{\"@type\":\"ListItem\",\"position\":3,\"name\":\"Tischdeko - Blog\",\"item\":\"https:\/\/www.tafeldeko.de\/news\/alte-beitraege\/tischdeko-blog\/\"},{\"@type\":\"ListItem\",\"position\":4,\"name\":\"Deko Herbst im Au\u00dfenbereich\"}]},{\"@type\":\"WebSite\",\"@id\":\"https:\/\/www.tafeldeko.de\/news\/#website\",\"url\":\"https:\/\/www.tafeldeko.de\/news\/\",\"name\":\"Tafeldeko\",\"description\":\"Blog mit Tischdeko und Tischdekoration Ideen\",\"potentialAction\":[{\"@type\":\"SearchAction\",\"target\":{\"@type\":\"EntryPoint\",\"urlTemplate\":\"https:\/\/www.tafeldeko.de\/news\/?s={search_term_string}\"},\"query-input\":\"required name=search_term_string\"}],\"inLanguage\":\"de-DE\"},{\"@type\":\"Person\",\"@id\":\"https:\/\/www.tafeldeko.de\/news\/#\/schema\/person\/dc309fbb6a3e380919fc08342c3cc233\",\"name\":\"Tafeldeko Deko Team\",\"image\":{\"@type\":\"ImageObject\",\"inLanguage\":\"de-DE\",\"@id\":\"https:\/\/www.tafeldeko.de\/news\/#\/schema\/person\/image\/\",\"url\":\"https:\/\/secure.gravatar.com\/avatar\/1e962f4040dc9996f0d200db31598854?s=96&d=mm&r=g\",\"contentUrl\":\"https:\/\/secure.gravatar.com\/avatar\/1e962f4040dc9996f0d200db31598854?s=96&d=mm&r=g\",\"caption\":\"Tafeldeko Deko Team\"}}]}<\/script>\n<!-- \/ Yoast SEO plugin. -->","yoast_head_json":{"title":"Deko Herbst im Au\u00dfenbereich - Tafeldeko","description":"F\u00fcr die Deko Herbst im Au\u00dfenbereich sind Vogelscheuchen, Gespenster und Skelette hervorragend geeignet. All das erhalten Sie hier.","robots":{"index":"index","follow":"follow","max-snippet":"max-snippet:-1","max-image-preview":"max-image-preview:large","max-video-preview":"max-video-preview:-1"},"canonical":"https:\/\/www.tafeldeko.de\/news\/deko-herbst-im-aussenbereich\/","og_locale":"de_DE","og_type":"article","og_title":"Deko Herbst im Au\u00dfenbereich - Tafeldeko","og_description":"F\u00fcr die Deko Herbst im Au\u00dfenbereich sind Vogelscheuchen, Gespenster und Skelette hervorragend geeignet. All das erhalten Sie hier.","og_url":"https:\/\/www.tafeldeko.de\/news\/deko-herbst-im-aussenbereich\/","og_site_name":"Tafeldeko","article_publisher":"https:\/\/www.facebook.com\/pages\/Tafeldeko-einzigartige-Tischdekoration\/174202655894","article_published_time":"2016-10-05T17:04:36+00:00","article_modified_time":"2022-11-07T14:14:02+00:00","og_image":[{"width":2560,"height":1707,"url":"https:\/\/www.tafeldeko.de\/news\/wp-content\/uploads\/2020\/02\/MG_5589-scaled.jpg","type":"image\/jpeg"}],"author":"Tafeldeko Deko Team","twitter_misc":{"Verfasst von":"Tafeldeko Deko Team","Gesch\u00e4tzte Lesezeit":"2 Minuten"},"schema":{"@context":"https:\/\/schema.org","@graph":[{"@type":"WebPage","@id":"https:\/\/www.tafeldeko.de\/news\/deko-herbst-im-aussenbereich\/","url":"https:\/\/www.tafeldeko.de\/news\/deko-herbst-im-aussenbereich\/","name":"Deko Herbst im Au\u00dfenbereich - Tafeldeko","isPartOf":{"@id":"https:\/\/www.tafeldeko.de\/news\/#website"},"datePublished":"2016-10-05T17:04:36+00:00","dateModified":"2022-11-07T14:14:02+00:00","author":{"@id":"https:\/\/www.tafeldeko.de\/news\/#\/schema\/person\/dc309fbb6a3e380919fc08342c3cc233"},"description":"F\u00fcr die Deko Herbst im Au\u00dfenbereich sind Vogelscheuchen, Gespenster und Skelette hervorragend geeignet. All das erhalten Sie hier.","breadcrumb":{"@id":"https:\/\/www.tafeldeko.de\/news\/deko-herbst-im-aussenbereich\/#breadcrumb"},"inLanguage":"de-DE","potentialAction":[{"@type":"ReadAction","target":["https:\/\/www.tafeldeko.de\/news\/deko-herbst-im-aussenbereich\/"]}]},{"@type":"BreadcrumbList","@id":"https:\/\/www.tafeldeko.de\/news\/deko-herbst-im-aussenbereich\/#breadcrumb","itemListElement":[{"@type":"ListItem","position":1,"name":"Tafeldeko","item":"https:\/\/www.tafeldeko.de\/news\/"},{"@type":"ListItem","position":2,"name":"Alte Beitr\u00e4ge","item":"https:\/\/www.tafeldeko.de\/news\/alte-beitraege\/"},{"@type":"ListItem","position":3,"name":"Tischdeko - Blog","item":"https:\/\/www.tafeldeko.de\/news\/alte-beitraege\/tischdeko-blog\/"},{"@type":"ListItem","position":4,"name":"Deko Herbst im Au\u00dfenbereich"}]},{"@type":"WebSite","@id":"https:\/\/www.tafeldeko.de\/news\/#website","url":"https:\/\/www.tafeldeko.de\/news\/","name":"Tafeldeko","description":"Blog mit Tischdeko und Tischdekoration Ideen","potentialAction":[{"@type":"SearchAction","target":{"@type":"EntryPoint","urlTemplate":"https:\/\/www.tafeldeko.de\/news\/?s={search_term_string}"},"query-input":"required name=search_term_string"}],"inLanguage":"de-DE"},{"@type":"Person","@id":"https:\/\/www.tafeldeko.de\/news\/#\/schema\/person\/dc309fbb6a3e380919fc08342c3cc233","name":"Tafeldeko Deko Team","image":{"@type":"ImageObject","inLanguage":"de-DE","@id":"https:\/\/www.tafeldeko.de\/news\/#\/schema\/person\/image\/","url":"https:\/\/secure.gravatar.com\/avatar\/1e962f4040dc9996f0d200db31598854?s=96&d=mm&r=g","contentUrl":"https:\/\/secure.gravatar.com\/avatar\/1e962f4040dc9996f0d200db31598854?s=96&d=mm&r=g","caption":"Tafeldeko Deko Team"}}]}},"_links":{"self":[{"href":"https:\/\/www.tafeldeko.de\/news\/wp-json\/wp\/v2\/posts\/7571"}],"collection":[{"href":"https:\/\/www.tafeldeko.de\/news\/wp-json\/wp\/v2\/posts"}],"about":[{"href":"https:\/\/www.tafeldeko.de\/news\/wp-json\/wp\/v2\/types\/post"}],"author":[{"embeddable":true,"href":"https:\/\/www.tafeldeko.de\/news\/wp-json\/wp\/v2\/users\/6"}],"replies":[{"embeddable":true,"href":"https:\/\/www.tafeldeko.de\/news\/wp-json\/wp\/v2\/comments?post=7571"}],"version-history":[{"count":5,"href":"https:\/\/www.tafeldeko.de\/news\/wp-json\/wp\/v2\/posts\/7571\/revisions"}],"predecessor-version":[{"id":20372,"href":"https:\/\/www.tafeldeko.de\/news\/wp-json\/wp\/v2\/posts\/7571\/revisions\/20372"}],"wp:featuredmedia":[{"embeddable":true,"href":"https:\/\/www.tafeldeko.de\/news\/wp-json\/wp\/v2\/media\/11651"}],"wp:attachment":[{"href":"https:\/\/www.tafeldeko.de\/news\/wp-json\/wp\/v2\/media?parent=7571"}],"wp:term":[{"taxonomy":"category","embeddable":true,"href":"https:\/\/www.tafeldeko.de\/news\/wp-json\/wp\/v2\/categories?post=7571"},{"taxonomy":"post_tag","embeddable":true,"href":"https:\/\/www.tafeldeko.de\/news\/wp-json\/wp\/v2\/tags?post=7571"}],"curies":[{"name":"wp","href":"https:\/\/api.w.org\/{rel}","templated":true}]}}