{"id":7553,"date":"2016-10-10T13:12:01","date_gmt":"2016-10-10T11:12:01","guid":{"rendered":"https:\/\/www.tafeldeko.de\/news\/?p=7553"},"modified":"2022-11-07T14:45:19","modified_gmt":"2022-11-07T13:45:19","slug":"herbst-tischdeko-ein-herbstgruss","status":"publish","type":"post","link":"https:\/\/www.tafeldeko.de\/news\/herbst-tischdeko-ein-herbstgruss\/","title":{"rendered":"Herbst Tischdeko \u2013 ein Herbstgru\u00df"},"content":{"rendered":"<p>Mit der <strong>Herbst Tischdeko<\/strong> k\u00f6nnen Sie farbenfrohe Akzente in Ihre Wohnung und R\u00e4umlichkeiten einbringen. Ob mit oder ohne Fest \u2013 eine herbstliche Dekoration sorgt f\u00fcr sch\u00f6ne Hingucker und eine gewisse <strong>Wohlf\u00fchlatmosph\u00e4re<\/strong>. Dabei k\u00f6nnen Sie mit verschiedenen Accessoires und Stilrichtungen eine abwechslungsreiche und au\u00dfergew\u00f6hnliche Herbst Tischdeko arrangieren \u2013 je nachdem, was Ihnen am besten gef\u00e4llt. Wir haben einige Ideen f\u00fcr die Herbst Tischdeko zusammengestellt und stellen Ihnen zudem einige <strong>wundersch\u00f6ne, herbstliche Accessoires<\/strong> vor.<\/p>\n<p><img decoding=\"async\" loading=\"lazy\" src=\"https:\/\/www.tafeldeko.de\/news\/wp-content\/uploads\/2016\/10\/kermik_igel.jpg\" sizes=\"(max-width: 250px) 100vw, 250px\" srcset=\"https:\/\/www.tafeldeko.de\/news\/wp-content\/uploads\/2016\/10\/kermik_igel.jpg 250w, https:\/\/www.tafeldeko.de\/news\/wp-content\/uploads\/2016\/10\/kermik_igel-150x150.jpg 150w\" alt=\"Herbstdeko\" width=\"250\" height=\"250\" \/><\/p>\n<h2>Accessoires f\u00fcr die Herbst Tischdeko<\/h2>\n<p>In unserem Onlineshop erhalten Sie eine gro\u00dfe Auswahl an Deko-Accessoires f\u00fcr diese Jahreszeit. Von herbstlich gestalteten Servietten \u00fcber Streudeko bis hin zu Dekofiguren haben Sie sozusagen die Qual der Wahl.<br \/>\nWir finden die 2 <strong>Keramik Igel<\/strong> mit zarten Stacheln s\u00fc\u00df und wundersch\u00f6n f\u00fcr die Herbst Tischdeko. Inmitten von Naturmaterialien wie Wurzeln oder Raumrinde arrangiert, machen sich diese zwei Igel hervorragend. Mit ihrem L\u00e4cheln verspr\u00fchen sie gute Laune und zaubern ein L\u00e4cheln in unsere Gesichter. Nicht nur Kinder werden von diesen beiden Igeln begeistert sein. Kastanien, bunte Beeren und die Igel lassen eine wundersch\u00f6ne herbstlich arrangierte Dekoration entstehen.<br \/>\n<strong>K\u00fcrbisse<\/strong> geh\u00f6ren nat\u00fcrlich ebenfalls zum Herbst und sind von daher oft Bestandteil von herbstlichen Dekorationen. Auch wir haben K\u00fcrbisse in verschiedenen Gr\u00f6\u00dfen und Farben, die Ihre Herbstdeko aufpeppen k\u00f6nnen. Eulen, kleine V\u00f6gel und Vogelscheuchen als Keramikstecker geh\u00f6ren zu unserem Sortiment.<br \/>\nUnd in den Abendstunden, wenn man gem\u00fctlich auf der Couch sitzt, sorgt der Kerzenschein f\u00fcr etwas <strong>Romantik und Gem\u00fctlichkeit<\/strong>. Teelichthalter in herbstlichen Farbt\u00f6nen wie Braun, Dunkelgr\u00fcn oder Orange, Teelichtgl\u00e4ser mit echter Birkenholzrinde oder Kerzengl\u00e4ser gefrostet sind nur einige der tollen Accessoires, mit denen Sie dem Herbst die kalte Schulter zeigen k\u00f6nnen.<br \/>\nMit unseren Accessoires k\u00f6nnen Sie eine wahre <strong>Herbstlandschaft<\/strong> zaubern, die Ihre Fensterbank oder eine Ecke Ihres Esstisches verzaubert. Mit Pilzen aus Keramik, Birkenholzrinde, kleinen Kr\u00e4nzen, Wichtelm\u00e4nnchen und verschiedenen Filzstreuteilen k\u00f6nnen Sie Ihre <a href=\"http:\/\/www.tafeldeko.de\"><strong>Tischdeko<\/strong><\/a> im Herbst wunderbar arrangieren.<br \/>\nGenie\u00dfen Sie die Sch\u00f6nheit und Nat\u00fcrlichkeit des Herbstes \u2013 zu Hause in Form der Herbst Tischdeko und drau\u00dfen in der Natur bei Spazierg\u00e4ngen.<\/p>\n<h2>Weitere Beitr\u00e4ge:<\/h2>\n<h2>Dekoartikel von A-Z<\/h2>\n<p><a href=\"https:\/\/www.tafeldeko.de\/tischdeko-artikel\/\"><br \/>\nJetzt entdecken <\/a><\/p>\n","protected":false},"excerpt":{"rendered":"<p>Mit der Herbst Tischdeko k\u00f6nnen Sie farbenfrohe Akzente in Ihre Wohnung und R\u00e4umlichkeiten einbringen. Ob mit oder ohne Fest \u2013 eine herbstliche Dekoration sorgt f\u00fcr sch\u00f6ne Hingucker und eine gewisse Wohlf\u00fchlatmosph\u00e4re. Dabei k\u00f6nnen Sie mit verschiedenen Accessoires und Stilrichtungen eine abwechslungsreiche und au\u00dfergew\u00f6hnliche Herbst Tischdeko arrangieren \u2013 je nachdem, was Ihnen am besten gef\u00e4llt. Wir [&hellip;]<\/p>\n","protected":false},"author":6,"featured_media":7554,"comment_status":"closed","ping_status":"closed","sticky":false,"template":"","format":"standard","meta":{"footnotes":""},"categories":[1],"tags":[],"yoast_head":"<!-- This site is optimized with the Yoast SEO plugin v20.4 - https:\/\/yoast.com\/wordpress\/plugins\/seo\/ -->\n<title>Herbst Tischdeko \u2013 ein Herbstgru\u00df - Tafeldeko<\/title>\n<meta name=\"description\" content=\"Genie\u00dfen Sie die Sch\u00f6nheit und Nat\u00fcrlichkeit des Herbstes \u2013 zu Hause in Form der Herbst Tischdeko und drau\u00dfen bei Spazierg\u00e4ngen.\" \/>\n<meta name=\"robots\" content=\"index, follow, max-snippet:-1, max-image-preview:large, max-video-preview:-1\" \/>\n<link rel=\"canonical\" href=\"https:\/\/www.tafeldeko.de\/news\/herbst-tischdeko-ein-herbstgruss\/\" \/>\n<meta property=\"og:locale\" content=\"de_DE\" \/>\n<meta property=\"og:type\" content=\"article\" \/>\n<meta property=\"og:title\" content=\"Herbst Tischdeko \u2013 ein Herbstgru\u00df - Tafeldeko\" \/>\n<meta property=\"og:description\" content=\"Genie\u00dfen Sie die Sch\u00f6nheit und Nat\u00fcrlichkeit des Herbstes \u2013 zu Hause in Form der Herbst Tischdeko und drau\u00dfen bei Spazierg\u00e4ngen.\" \/>\n<meta property=\"og:url\" content=\"https:\/\/www.tafeldeko.de\/news\/herbst-tischdeko-ein-herbstgruss\/\" \/>\n<meta property=\"og:site_name\" content=\"Tafeldeko\" \/>\n<meta property=\"article:publisher\" content=\"https:\/\/www.facebook.com\/pages\/Tafeldeko-einzigartige-Tischdekoration\/174202655894\" \/>\n<meta property=\"article:published_time\" content=\"2016-10-10T11:12:01+00:00\" \/>\n<meta property=\"article:modified_time\" content=\"2022-11-07T13:45:19+00:00\" \/>\n<meta property=\"og:image\" content=\"https:\/\/www.tafeldeko.de\/news\/wp-content\/uploads\/2016\/10\/kermik_igel.jpg\" \/>\n\t<meta property=\"og:image:width\" content=\"250\" \/>\n\t<meta property=\"og:image:height\" content=\"250\" \/>\n\t<meta property=\"og:image:type\" content=\"image\/jpeg\" \/>\n<meta name=\"author\" content=\"Tafeldeko Deko Team\" \/>\n<meta name=\"twitter:label1\" content=\"Verfasst von\" \/>\n\t<meta name=\"twitter:data1\" content=\"Tafeldeko Deko Team\" \/>\n\t<meta name=\"twitter:label2\" content=\"Gesch\u00e4tzte Lesezeit\" \/>\n\t<meta name=\"twitter:data2\" content=\"3 Minuten\" \/>\n<script type=\"application\/ld+json\" class=\"yoast-schema-graph\">{\"@context\":\"https:\/\/schema.org\",\"@graph\":[{\"@type\":\"WebPage\",\"@id\":\"https:\/\/www.tafeldeko.de\/news\/herbst-tischdeko-ein-herbstgruss\/\",\"url\":\"https:\/\/www.tafeldeko.de\/news\/herbst-tischdeko-ein-herbstgruss\/\",\"name\":\"Herbst Tischdeko \u2013 ein Herbstgru\u00df - Tafeldeko\",\"isPartOf\":{\"@id\":\"https:\/\/www.tafeldeko.de\/news\/#website\"},\"datePublished\":\"2016-10-10T11:12:01+00:00\",\"dateModified\":\"2022-11-07T13:45:19+00:00\",\"author\":{\"@id\":\"https:\/\/www.tafeldeko.de\/news\/#\/schema\/person\/dc309fbb6a3e380919fc08342c3cc233\"},\"description\":\"Genie\u00dfen Sie die Sch\u00f6nheit und Nat\u00fcrlichkeit des Herbstes \u2013 zu Hause in Form der Herbst Tischdeko und drau\u00dfen bei Spazierg\u00e4ngen.\",\"breadcrumb\":{\"@id\":\"https:\/\/www.tafeldeko.de\/news\/herbst-tischdeko-ein-herbstgruss\/#breadcrumb\"},\"inLanguage\":\"de-DE\",\"potentialAction\":[{\"@type\":\"ReadAction\",\"target\":[\"https:\/\/www.tafeldeko.de\/news\/herbst-tischdeko-ein-herbstgruss\/\"]}]},{\"@type\":\"BreadcrumbList\",\"@id\":\"https:\/\/www.tafeldeko.de\/news\/herbst-tischdeko-ein-herbstgruss\/#breadcrumb\",\"itemListElement\":[{\"@type\":\"ListItem\",\"position\":1,\"name\":\"Tafeldeko\",\"item\":\"https:\/\/www.tafeldeko.de\/news\/\"},{\"@type\":\"ListItem\",\"position\":2,\"name\":\"Alte Beitr\u00e4ge\",\"item\":\"https:\/\/www.tafeldeko.de\/news\/alte-beitraege\/\"},{\"@type\":\"ListItem\",\"position\":3,\"name\":\"Tischdeko - Blog\",\"item\":\"https:\/\/www.tafeldeko.de\/news\/alte-beitraege\/tischdeko-blog\/\"},{\"@type\":\"ListItem\",\"position\":4,\"name\":\"Herbst Tischdeko \u2013 ein Herbstgru\u00df\"}]},{\"@type\":\"WebSite\",\"@id\":\"https:\/\/www.tafeldeko.de\/news\/#website\",\"url\":\"https:\/\/www.tafeldeko.de\/news\/\",\"name\":\"Tafeldeko\",\"description\":\"Blog mit Tischdeko und Tischdekoration Ideen\",\"potentialAction\":[{\"@type\":\"SearchAction\",\"target\":{\"@type\":\"EntryPoint\",\"urlTemplate\":\"https:\/\/www.tafeldeko.de\/news\/?s={search_term_string}\"},\"query-input\":\"required name=search_term_string\"}],\"inLanguage\":\"de-DE\"},{\"@type\":\"Person\",\"@id\":\"https:\/\/www.tafeldeko.de\/news\/#\/schema\/person\/dc309fbb6a3e380919fc08342c3cc233\",\"name\":\"Tafeldeko Deko Team\",\"image\":{\"@type\":\"ImageObject\",\"inLanguage\":\"de-DE\",\"@id\":\"https:\/\/www.tafeldeko.de\/news\/#\/schema\/person\/image\/\",\"url\":\"https:\/\/secure.gravatar.com\/avatar\/1e962f4040dc9996f0d200db31598854?s=96&d=mm&r=g\",\"contentUrl\":\"https:\/\/secure.gravatar.com\/avatar\/1e962f4040dc9996f0d200db31598854?s=96&d=mm&r=g\",\"caption\":\"Tafeldeko Deko Team\"}}]}<\/script>\n<!-- \/ Yoast SEO plugin. -->","yoast_head_json":{"title":"Herbst Tischdeko \u2013 ein Herbstgru\u00df - Tafeldeko","description":"Genie\u00dfen Sie die Sch\u00f6nheit und Nat\u00fcrlichkeit des Herbstes \u2013 zu Hause in Form der Herbst Tischdeko und drau\u00dfen bei Spazierg\u00e4ngen.","robots":{"index":"index","follow":"follow","max-snippet":"max-snippet:-1","max-image-preview":"max-image-preview:large","max-video-preview":"max-video-preview:-1"},"canonical":"https:\/\/www.tafeldeko.de\/news\/herbst-tischdeko-ein-herbstgruss\/","og_locale":"de_DE","og_type":"article","og_title":"Herbst Tischdeko \u2013 ein Herbstgru\u00df - Tafeldeko","og_description":"Genie\u00dfen Sie die Sch\u00f6nheit und Nat\u00fcrlichkeit des Herbstes \u2013 zu Hause in Form der Herbst Tischdeko und drau\u00dfen bei Spazierg\u00e4ngen.","og_url":"https:\/\/www.tafeldeko.de\/news\/herbst-tischdeko-ein-herbstgruss\/","og_site_name":"Tafeldeko","article_publisher":"https:\/\/www.facebook.com\/pages\/Tafeldeko-einzigartige-Tischdekoration\/174202655894","article_published_time":"2016-10-10T11:12:01+00:00","article_modified_time":"2022-11-07T13:45:19+00:00","og_image":[{"width":250,"height":250,"url":"https:\/\/www.tafeldeko.de\/news\/wp-content\/uploads\/2016\/10\/kermik_igel.jpg","type":"image\/jpeg"}],"author":"Tafeldeko Deko Team","twitter_misc":{"Verfasst von":"Tafeldeko Deko Team","Gesch\u00e4tzte Lesezeit":"3 Minuten"},"schema":{"@context":"https:\/\/schema.org","@graph":[{"@type":"WebPage","@id":"https:\/\/www.tafeldeko.de\/news\/herbst-tischdeko-ein-herbstgruss\/","url":"https:\/\/www.tafeldeko.de\/news\/herbst-tischdeko-ein-herbstgruss\/","name":"Herbst Tischdeko \u2013 ein Herbstgru\u00df - Tafeldeko","isPartOf":{"@id":"https:\/\/www.tafeldeko.de\/news\/#website"},"datePublished":"2016-10-10T11:12:01+00:00","dateModified":"2022-11-07T13:45:19+00:00","author":{"@id":"https:\/\/www.tafeldeko.de\/news\/#\/schema\/person\/dc309fbb6a3e380919fc08342c3cc233"},"description":"Genie\u00dfen Sie die Sch\u00f6nheit und Nat\u00fcrlichkeit des Herbstes \u2013 zu Hause in Form der Herbst Tischdeko und drau\u00dfen bei Spazierg\u00e4ngen.","breadcrumb":{"@id":"https:\/\/www.tafeldeko.de\/news\/herbst-tischdeko-ein-herbstgruss\/#breadcrumb"},"inLanguage":"de-DE","potentialAction":[{"@type":"ReadAction","target":["https:\/\/www.tafeldeko.de\/news\/herbst-tischdeko-ein-herbstgruss\/"]}]},{"@type":"BreadcrumbList","@id":"https:\/\/www.tafeldeko.de\/news\/herbst-tischdeko-ein-herbstgruss\/#breadcrumb","itemListElement":[{"@type":"ListItem","position":1,"name":"Tafeldeko","item":"https:\/\/www.tafeldeko.de\/news\/"},{"@type":"ListItem","position":2,"name":"Alte Beitr\u00e4ge","item":"https:\/\/www.tafeldeko.de\/news\/alte-beitraege\/"},{"@type":"ListItem","position":3,"name":"Tischdeko - Blog","item":"https:\/\/www.tafeldeko.de\/news\/alte-beitraege\/tischdeko-blog\/"},{"@type":"ListItem","position":4,"name":"Herbst Tischdeko \u2013 ein Herbstgru\u00df"}]},{"@type":"WebSite","@id":"https:\/\/www.tafeldeko.de\/news\/#website","url":"https:\/\/www.tafeldeko.de\/news\/","name":"Tafeldeko","description":"Blog mit Tischdeko und Tischdekoration Ideen","potentialAction":[{"@type":"SearchAction","target":{"@type":"EntryPoint","urlTemplate":"https:\/\/www.tafeldeko.de\/news\/?s={search_term_string}"},"query-input":"required name=search_term_string"}],"inLanguage":"de-DE"},{"@type":"Person","@id":"https:\/\/www.tafeldeko.de\/news\/#\/schema\/person\/dc309fbb6a3e380919fc08342c3cc233","name":"Tafeldeko Deko Team","image":{"@type":"ImageObject","inLanguage":"de-DE","@id":"https:\/\/www.tafeldeko.de\/news\/#\/schema\/person\/image\/","url":"https:\/\/secure.gravatar.com\/avatar\/1e962f4040dc9996f0d200db31598854?s=96&d=mm&r=g","contentUrl":"https:\/\/secure.gravatar.com\/avatar\/1e962f4040dc9996f0d200db31598854?s=96&d=mm&r=g","caption":"Tafeldeko Deko Team"}}]}},"_links":{"self":[{"href":"https:\/\/www.tafeldeko.de\/news\/wp-json\/wp\/v2\/posts\/7553"}],"collection":[{"href":"https:\/\/www.tafeldeko.de\/news\/wp-json\/wp\/v2\/posts"}],"about":[{"href":"https:\/\/www.tafeldeko.de\/news\/wp-json\/wp\/v2\/types\/post"}],"author":[{"embeddable":true,"href":"https:\/\/www.tafeldeko.de\/news\/wp-json\/wp\/v2\/users\/6"}],"replies":[{"embeddable":true,"href":"https:\/\/www.tafeldeko.de\/news\/wp-json\/wp\/v2\/comments?post=7553"}],"version-history":[{"count":5,"href":"https:\/\/www.tafeldeko.de\/news\/wp-json\/wp\/v2\/posts\/7553\/revisions"}],"predecessor-version":[{"id":20355,"href":"https:\/\/www.tafeldeko.de\/news\/wp-json\/wp\/v2\/posts\/7553\/revisions\/20355"}],"wp:featuredmedia":[{"embeddable":true,"href":"https:\/\/www.tafeldeko.de\/news\/wp-json\/wp\/v2\/media\/7554"}],"wp:attachment":[{"href":"https:\/\/www.tafeldeko.de\/news\/wp-json\/wp\/v2\/media?parent=7553"}],"wp:term":[{"taxonomy":"category","embeddable":true,"href":"https:\/\/www.tafeldeko.de\/news\/wp-json\/wp\/v2\/categories?post=7553"},{"taxonomy":"post_tag","embeddable":true,"href":"https:\/\/www.tafeldeko.de\/news\/wp-json\/wp\/v2\/tags?post=7553"}],"curies":[{"name":"wp","href":"https:\/\/api.w.org\/{rel}","templated":true}]}}