{"id":7543,"date":"2016-10-03T15:26:41","date_gmt":"2016-10-03T13:26:41","guid":{"rendered":"https:\/\/www.tafeldeko.de\/news\/?p=7543"},"modified":"2022-11-08T08:57:14","modified_gmt":"2022-11-08T07:57:14","slug":"tischdeko-geburtstag-mit-eulen","status":"publish","type":"post","link":"https:\/\/www.tafeldeko.de\/news\/tischdeko-geburtstag-mit-eulen\/","title":{"rendered":"Tischdeko Geburtstag mit Eulen"},"content":{"rendered":"<p>Mit der <strong>Tischdeko Geburtstag mit Eulen<\/strong> empfangen Sie Ihre G\u00e4ste auf eine sch\u00f6ne Art und Weise. Gerade jetzt, in den k\u00fchlen Herbsttagen, kann eine wundersch\u00f6ne, bunte <a href=\"http:\/\/www.tafeldeko.de\"><strong>Tischdekoration<\/strong><\/a> gute Laune verspr\u00fchen. Die Tischdeko Geburtstag mit den Eulen ist ein echter Hingucker und farbenfroh dazu.<br \/>\nDie Farbkombination dieser Tischdeko pr\u00e4sentiert zum einen den <strong>Herbst<\/strong>, zum anderen setzt sie tolle Kontraste.<\/p>\n<p><img decoding=\"async\" loading=\"lazy\" src=\"https:\/\/www.tafeldeko.de\/news\/wp-content\/uploads\/2016\/10\/geburtstag_eulen.jpg\" sizes=\"(max-width: 800px) 100vw, 800px\" srcset=\"https:\/\/www.tafeldeko.de\/news\/wp-content\/uploads\/2016\/10\/geburtstag_eulen.jpg 1000w, https:\/\/www.tafeldeko.de\/news\/wp-content\/uploads\/2016\/10\/geburtstag_eulen-300x210.jpg 300w, https:\/\/www.tafeldeko.de\/news\/wp-content\/uploads\/2016\/10\/geburtstag_eulen-768x538.jpg 768w, https:\/\/www.tafeldeko.de\/news\/wp-content\/uploads\/2016\/10\/geburtstag_eulen-624x437.jpg 624w\" alt=\"Tischdeko Geburtstag\" width=\"800\" height=\"560\" \/><\/p>\n<h2>Die Tischdeko Geburtstag mit Eulen \u2013 ein absoluter Hingucker<\/h2>\n<p><strong>Eulen<\/strong> \u2013 sie sind gerade mehr als angesagt und trendy. Eulen in allen Varianten und Farben k\u00f6nnen Sie erwerben \u2013 auch in unserem Onlineshop f\u00fchren wir die Eulen in verschiedenen Ausf\u00fchrungen.<br \/>\nUnd ob Sie nun den Tisch f\u00fcr eine Geburtstagsfeier oder einfach nur herbstlich dekorieren, die Eulen geh\u00f6ren eindeutig zu den Accessoires, mit denen Sie eine gewisse <strong>Sch\u00f6nheit in die Tischdeko<\/strong> einbringen k\u00f6nnen.<br \/>\nUnseren Mustertisch schm\u00fccken die Keramik Eule in Gr\u00fcn\/Braun glasiert und die Keramik Eule in Braun\/Creme. Wenn Sie mehr auf Naturelemente stehen, empfehlen wir Ihnen die beiden entz\u00fcckenden Holzoptik Eulen mit Wolle \u2013 die beiden sind echte Hingucker.<br \/>\nAls weitere <strong>Highlights<\/strong> dieser Tischdeko Geburtstag finden Sie Mooskugeln in verschiedenen Gr\u00f6\u00dfen, die Sie wahllos auf dem Tisch arrangieren k\u00f6nnen. Kleine Marienk\u00e4fer, Gartenzwerge aus Holz mit Herz und Deko Tulpen in Rot auf Baumstamm mit Vogel schm\u00fccken die Festtagstafel.<br \/>\nIn der Tischmitte haben wir ein Arrangement aus der Glas Vase f\u00fcr Kerzen und Blumen in Gr\u00fcn mit Sisalkordel, einem feinen Rebenkranz, einer Kunstblume Dahlie in Wei\u00df und einem Kunstgras Wedel in Gr\u00fcn. Dadurch spielt sich nicht alles was die Deko betrifft direkt auf dem Tisch ab, sondern streckt die Deko etwas.<br \/>\nMit Accessoires aus <strong>Naturmaterialien<\/strong> wie beispielsweise die Reben Herz mit Schweif in Braun, Herzen aus Birkenholzrinde, Sisal Herzen in Dunkelgr\u00fcn, Baumrinden natur und Baumscheibenstreu.<br \/>\nEine solche Tischdeko Geburtstag wird Ihre G\u00e4ste begeistern und auf jeden Fall dem grauen, k\u00fchlen Herbst trotzen. Denn so farbenfroh und stilvoll wie sich diese Tischdekoration pr\u00e4sentiert, werden sich die G\u00e4ste wohlf\u00fchlen und die Feier genie\u00dfen.<\/p>\n<h2>Weitere Beitr\u00e4ge:<\/h2>\n<h2>Dekoartikel von A-Z<\/h2>\n<p><a href=\"https:\/\/www.tafeldeko.de\/tischdeko-artikel\/\"><br \/>\nJetzt entdecken <\/a><\/p>\n","protected":false},"excerpt":{"rendered":"<p>Mit der Tischdeko Geburtstag mit Eulen empfangen Sie Ihre G\u00e4ste auf eine sch\u00f6ne Art und Weise. Gerade jetzt, in den k\u00fchlen Herbsttagen, kann eine wundersch\u00f6ne, bunte Tischdekoration gute Laune verspr\u00fchen. Die Tischdeko Geburtstag mit den Eulen ist ein echter Hingucker und farbenfroh dazu. Die Farbkombination dieser Tischdeko pr\u00e4sentiert zum einen den Herbst, zum anderen setzt [&hellip;]<\/p>\n","protected":false},"author":6,"featured_media":7544,"comment_status":"closed","ping_status":"closed","sticky":false,"template":"","format":"standard","meta":{"footnotes":""},"categories":[1],"tags":[],"yoast_head":"<!-- This site is optimized with the Yoast SEO plugin v20.4 - https:\/\/yoast.com\/wordpress\/plugins\/seo\/ -->\n<title>Tischdeko Geburtstag mit Eulen - Tafeldeko<\/title>\n<meta name=\"description\" content=\"Eine solche Tischdeko Geburtstag mit Eulen wird Ihre G\u00e4ste begeistern und auf jeden Fall dem grauen, k\u00fchlen Herbst trotzen.\" \/>\n<meta name=\"robots\" content=\"index, follow, max-snippet:-1, max-image-preview:large, max-video-preview:-1\" \/>\n<link rel=\"canonical\" href=\"https:\/\/www.tafeldeko.de\/news\/tischdeko-geburtstag-mit-eulen\/\" \/>\n<meta property=\"og:locale\" content=\"de_DE\" \/>\n<meta property=\"og:type\" content=\"article\" \/>\n<meta property=\"og:title\" content=\"Tischdeko Geburtstag mit Eulen - Tafeldeko\" \/>\n<meta property=\"og:description\" content=\"Eine solche Tischdeko Geburtstag mit Eulen wird Ihre G\u00e4ste begeistern und auf jeden Fall dem grauen, k\u00fchlen Herbst trotzen.\" \/>\n<meta property=\"og:url\" content=\"https:\/\/www.tafeldeko.de\/news\/tischdeko-geburtstag-mit-eulen\/\" \/>\n<meta property=\"og:site_name\" content=\"Tafeldeko\" \/>\n<meta property=\"article:publisher\" content=\"https:\/\/www.facebook.com\/pages\/Tafeldeko-einzigartige-Tischdekoration\/174202655894\" \/>\n<meta property=\"article:published_time\" content=\"2016-10-03T13:26:41+00:00\" \/>\n<meta property=\"article:modified_time\" content=\"2022-11-08T07:57:14+00:00\" \/>\n<meta property=\"og:image\" content=\"https:\/\/www.tafeldeko.de\/news\/wp-content\/uploads\/2016\/10\/geburtstag_eulen.jpg\" \/>\n\t<meta property=\"og:image:width\" content=\"1000\" \/>\n\t<meta property=\"og:image:height\" content=\"700\" \/>\n\t<meta property=\"og:image:type\" content=\"image\/jpeg\" \/>\n<meta name=\"author\" content=\"Tafeldeko Deko Team\" \/>\n<meta name=\"twitter:label1\" content=\"Verfasst von\" \/>\n\t<meta name=\"twitter:data1\" content=\"Tafeldeko Deko Team\" \/>\n\t<meta name=\"twitter:label2\" content=\"Gesch\u00e4tzte Lesezeit\" \/>\n\t<meta name=\"twitter:data2\" content=\"2 Minuten\" \/>\n<script type=\"application\/ld+json\" class=\"yoast-schema-graph\">{\"@context\":\"https:\/\/schema.org\",\"@graph\":[{\"@type\":\"WebPage\",\"@id\":\"https:\/\/www.tafeldeko.de\/news\/tischdeko-geburtstag-mit-eulen\/\",\"url\":\"https:\/\/www.tafeldeko.de\/news\/tischdeko-geburtstag-mit-eulen\/\",\"name\":\"Tischdeko Geburtstag mit Eulen - Tafeldeko\",\"isPartOf\":{\"@id\":\"https:\/\/www.tafeldeko.de\/news\/#website\"},\"datePublished\":\"2016-10-03T13:26:41+00:00\",\"dateModified\":\"2022-11-08T07:57:14+00:00\",\"author\":{\"@id\":\"https:\/\/www.tafeldeko.de\/news\/#\/schema\/person\/dc309fbb6a3e380919fc08342c3cc233\"},\"description\":\"Eine solche Tischdeko Geburtstag mit Eulen wird Ihre G\u00e4ste begeistern und auf jeden Fall dem grauen, k\u00fchlen Herbst trotzen.\",\"breadcrumb\":{\"@id\":\"https:\/\/www.tafeldeko.de\/news\/tischdeko-geburtstag-mit-eulen\/#breadcrumb\"},\"inLanguage\":\"de-DE\",\"potentialAction\":[{\"@type\":\"ReadAction\",\"target\":[\"https:\/\/www.tafeldeko.de\/news\/tischdeko-geburtstag-mit-eulen\/\"]}]},{\"@type\":\"BreadcrumbList\",\"@id\":\"https:\/\/www.tafeldeko.de\/news\/tischdeko-geburtstag-mit-eulen\/#breadcrumb\",\"itemListElement\":[{\"@type\":\"ListItem\",\"position\":1,\"name\":\"Tafeldeko\",\"item\":\"https:\/\/www.tafeldeko.de\/news\/\"},{\"@type\":\"ListItem\",\"position\":2,\"name\":\"Alte Beitr\u00e4ge\",\"item\":\"https:\/\/www.tafeldeko.de\/news\/alte-beitraege\/\"},{\"@type\":\"ListItem\",\"position\":3,\"name\":\"Tischdeko - Blog\",\"item\":\"https:\/\/www.tafeldeko.de\/news\/alte-beitraege\/tischdeko-blog\/\"},{\"@type\":\"ListItem\",\"position\":4,\"name\":\"Tischdeko Geburtstag mit Eulen\"}]},{\"@type\":\"WebSite\",\"@id\":\"https:\/\/www.tafeldeko.de\/news\/#website\",\"url\":\"https:\/\/www.tafeldeko.de\/news\/\",\"name\":\"Tafeldeko\",\"description\":\"Blog mit Tischdeko und Tischdekoration Ideen\",\"potentialAction\":[{\"@type\":\"SearchAction\",\"target\":{\"@type\":\"EntryPoint\",\"urlTemplate\":\"https:\/\/www.tafeldeko.de\/news\/?s={search_term_string}\"},\"query-input\":\"required name=search_term_string\"}],\"inLanguage\":\"de-DE\"},{\"@type\":\"Person\",\"@id\":\"https:\/\/www.tafeldeko.de\/news\/#\/schema\/person\/dc309fbb6a3e380919fc08342c3cc233\",\"name\":\"Tafeldeko Deko Team\",\"image\":{\"@type\":\"ImageObject\",\"inLanguage\":\"de-DE\",\"@id\":\"https:\/\/www.tafeldeko.de\/news\/#\/schema\/person\/image\/\",\"url\":\"https:\/\/secure.gravatar.com\/avatar\/1e962f4040dc9996f0d200db31598854?s=96&d=mm&r=g\",\"contentUrl\":\"https:\/\/secure.gravatar.com\/avatar\/1e962f4040dc9996f0d200db31598854?s=96&d=mm&r=g\",\"caption\":\"Tafeldeko Deko Team\"}}]}<\/script>\n<!-- \/ Yoast SEO plugin. -->","yoast_head_json":{"title":"Tischdeko Geburtstag mit Eulen - Tafeldeko","description":"Eine solche Tischdeko Geburtstag mit Eulen wird Ihre G\u00e4ste begeistern und auf jeden Fall dem grauen, k\u00fchlen Herbst trotzen.","robots":{"index":"index","follow":"follow","max-snippet":"max-snippet:-1","max-image-preview":"max-image-preview:large","max-video-preview":"max-video-preview:-1"},"canonical":"https:\/\/www.tafeldeko.de\/news\/tischdeko-geburtstag-mit-eulen\/","og_locale":"de_DE","og_type":"article","og_title":"Tischdeko Geburtstag mit Eulen - Tafeldeko","og_description":"Eine solche Tischdeko Geburtstag mit Eulen wird Ihre G\u00e4ste begeistern und auf jeden Fall dem grauen, k\u00fchlen Herbst trotzen.","og_url":"https:\/\/www.tafeldeko.de\/news\/tischdeko-geburtstag-mit-eulen\/","og_site_name":"Tafeldeko","article_publisher":"https:\/\/www.facebook.com\/pages\/Tafeldeko-einzigartige-Tischdekoration\/174202655894","article_published_time":"2016-10-03T13:26:41+00:00","article_modified_time":"2022-11-08T07:57:14+00:00","og_image":[{"width":1000,"height":700,"url":"https:\/\/www.tafeldeko.de\/news\/wp-content\/uploads\/2016\/10\/geburtstag_eulen.jpg","type":"image\/jpeg"}],"author":"Tafeldeko Deko Team","twitter_misc":{"Verfasst von":"Tafeldeko Deko Team","Gesch\u00e4tzte Lesezeit":"2 Minuten"},"schema":{"@context":"https:\/\/schema.org","@graph":[{"@type":"WebPage","@id":"https:\/\/www.tafeldeko.de\/news\/tischdeko-geburtstag-mit-eulen\/","url":"https:\/\/www.tafeldeko.de\/news\/tischdeko-geburtstag-mit-eulen\/","name":"Tischdeko Geburtstag mit Eulen - Tafeldeko","isPartOf":{"@id":"https:\/\/www.tafeldeko.de\/news\/#website"},"datePublished":"2016-10-03T13:26:41+00:00","dateModified":"2022-11-08T07:57:14+00:00","author":{"@id":"https:\/\/www.tafeldeko.de\/news\/#\/schema\/person\/dc309fbb6a3e380919fc08342c3cc233"},"description":"Eine solche Tischdeko Geburtstag mit Eulen wird Ihre G\u00e4ste begeistern und auf jeden Fall dem grauen, k\u00fchlen Herbst trotzen.","breadcrumb":{"@id":"https:\/\/www.tafeldeko.de\/news\/tischdeko-geburtstag-mit-eulen\/#breadcrumb"},"inLanguage":"de-DE","potentialAction":[{"@type":"ReadAction","target":["https:\/\/www.tafeldeko.de\/news\/tischdeko-geburtstag-mit-eulen\/"]}]},{"@type":"BreadcrumbList","@id":"https:\/\/www.tafeldeko.de\/news\/tischdeko-geburtstag-mit-eulen\/#breadcrumb","itemListElement":[{"@type":"ListItem","position":1,"name":"Tafeldeko","item":"https:\/\/www.tafeldeko.de\/news\/"},{"@type":"ListItem","position":2,"name":"Alte Beitr\u00e4ge","item":"https:\/\/www.tafeldeko.de\/news\/alte-beitraege\/"},{"@type":"ListItem","position":3,"name":"Tischdeko - Blog","item":"https:\/\/www.tafeldeko.de\/news\/alte-beitraege\/tischdeko-blog\/"},{"@type":"ListItem","position":4,"name":"Tischdeko Geburtstag mit Eulen"}]},{"@type":"WebSite","@id":"https:\/\/www.tafeldeko.de\/news\/#website","url":"https:\/\/www.tafeldeko.de\/news\/","name":"Tafeldeko","description":"Blog mit Tischdeko und Tischdekoration Ideen","potentialAction":[{"@type":"SearchAction","target":{"@type":"EntryPoint","urlTemplate":"https:\/\/www.tafeldeko.de\/news\/?s={search_term_string}"},"query-input":"required name=search_term_string"}],"inLanguage":"de-DE"},{"@type":"Person","@id":"https:\/\/www.tafeldeko.de\/news\/#\/schema\/person\/dc309fbb6a3e380919fc08342c3cc233","name":"Tafeldeko Deko Team","image":{"@type":"ImageObject","inLanguage":"de-DE","@id":"https:\/\/www.tafeldeko.de\/news\/#\/schema\/person\/image\/","url":"https:\/\/secure.gravatar.com\/avatar\/1e962f4040dc9996f0d200db31598854?s=96&d=mm&r=g","contentUrl":"https:\/\/secure.gravatar.com\/avatar\/1e962f4040dc9996f0d200db31598854?s=96&d=mm&r=g","caption":"Tafeldeko Deko Team"}}]}},"_links":{"self":[{"href":"https:\/\/www.tafeldeko.de\/news\/wp-json\/wp\/v2\/posts\/7543"}],"collection":[{"href":"https:\/\/www.tafeldeko.de\/news\/wp-json\/wp\/v2\/posts"}],"about":[{"href":"https:\/\/www.tafeldeko.de\/news\/wp-json\/wp\/v2\/types\/post"}],"author":[{"embeddable":true,"href":"https:\/\/www.tafeldeko.de\/news\/wp-json\/wp\/v2\/users\/6"}],"replies":[{"embeddable":true,"href":"https:\/\/www.tafeldeko.de\/news\/wp-json\/wp\/v2\/comments?post=7543"}],"version-history":[{"count":5,"href":"https:\/\/www.tafeldeko.de\/news\/wp-json\/wp\/v2\/posts\/7543\/revisions"}],"predecessor-version":[{"id":20454,"href":"https:\/\/www.tafeldeko.de\/news\/wp-json\/wp\/v2\/posts\/7543\/revisions\/20454"}],"wp:featuredmedia":[{"embeddable":true,"href":"https:\/\/www.tafeldeko.de\/news\/wp-json\/wp\/v2\/media\/7544"}],"wp:attachment":[{"href":"https:\/\/www.tafeldeko.de\/news\/wp-json\/wp\/v2\/media?parent=7543"}],"wp:term":[{"taxonomy":"category","embeddable":true,"href":"https:\/\/www.tafeldeko.de\/news\/wp-json\/wp\/v2\/categories?post=7543"},{"taxonomy":"post_tag","embeddable":true,"href":"https:\/\/www.tafeldeko.de\/news\/wp-json\/wp\/v2\/tags?post=7543"}],"curies":[{"name":"wp","href":"https:\/\/api.w.org\/{rel}","templated":true}]}}