{"id":7537,"date":"2016-09-29T13:34:23","date_gmt":"2016-09-29T11:34:23","guid":{"rendered":"https:\/\/www.tafeldeko.de\/news\/?p=7537"},"modified":"2022-11-08T09:06:12","modified_gmt":"2022-11-08T08:06:12","slug":"deko-im-herbst-im-aussenbereich","status":"publish","type":"post","link":"https:\/\/www.tafeldeko.de\/news\/deko-im-herbst-im-aussenbereich\/","title":{"rendered":"Deko im Herbst im Au\u00dfenbereich"},"content":{"rendered":"<p>Mit der <strong>Deko im Herbst im Au\u00dfenbereich<\/strong> l\u00e4sst sich so mancher gruselige Hingucker arrangieren. Die Deko in und um unser Haus oder unsere Wohnungen ist heutzutage ein nicht unwichtiges Thema \u2013 schlie\u00dflich haben wir es gerne gem\u00fctlich und ansprechend dekoriert.<br \/>\nDer Herbst bietet uns <strong>wundersch\u00f6ne Accessoires<\/strong>, mit denen wir die Deko in Szene setzen oder sogar komplett ausstatten k\u00f6nnen. Dabei sind Wurzeln, Baumrinden, \u00c4ste, Beeren, Kastanien und vor allem K\u00fcrbisse die wahren Dekohelden. Ein Arrangement mit diesen Accessoires bringt<strong> Farbe und Natur<\/strong> in unsere R\u00e4ume \u2013 einfach sch\u00f6n.<\/p>\n<p><img decoding=\"async\" loading=\"lazy\" src=\"https:\/\/www.tafeldeko.de\/news\/wp-content\/uploads\/2016\/09\/windlicht_kuerbis.jpg\" sizes=\"(max-width: 250px) 100vw, 250px\" srcset=\"https:\/\/www.tafeldeko.de\/news\/wp-content\/uploads\/2016\/09\/windlicht_kuerbis.jpg 250w, https:\/\/www.tafeldeko.de\/news\/wp-content\/uploads\/2016\/09\/windlicht_kuerbis-150x150.jpg 150w\" alt=\"Deko im Herbst im Au\u00dfenbereich\" width=\"250\" height=\"250\" \/><\/p>\n<h2>Die Deko im Herbst im Au\u00dfenbereich \u2013 Ideen<\/h2>\n<p>Ausgeh\u00f6hlte oder <strong>bemalte K\u00fcrbisse<\/strong> k\u00f6nnen die Deko im Au\u00dfenbereich ausschm\u00fccken. Sch\u00f6n sieht es auch aus, wenn Sie kleine K\u00f6rbchen mit K\u00fcrbissen bef\u00fcllen, dazu Kastanien, Beerenstr\u00e4u\u00dfe und bunte Schleifen arrangieren. Diese auf der Fensterbank oder auf der Treppenstufe platziert, sieht wundersch\u00f6n aus.<br \/>\nAuch der Boden, beispielsweise der <strong>Treppenbereich<\/strong> oder der Hauseingang, kann herbstlich dekoriert werden. Wer die schnelle Deko im Herbst im Au\u00dfenbereich mag, platziert K\u00fcrbisse in verschiedenen Farben, <strong>Wurzelst\u00fccke<\/strong> und vielleicht das eine oder andere Windlicht, welches in den Abendstunden f\u00fcr das \u201egruselige\u201c Licht sorgt. In unserem Onlineshop k\u00f6nnen Sie dazu das Keramik Windlicht Halloween K\u00fcrbis bestellen, das sowohl im Innen- als auch im Au\u00dfenbereich f\u00fcr tolle Akzente sorgt. Inmitten von K\u00fcrbissen und anderen herbstlichen Fr\u00fcchten macht sich dieses K\u00fcrbis-Windlicht hervorragend.<br \/>\nWie w\u00e4re <strong>eine etwas andere Deko<\/strong> im Herbst im Au\u00dfenbereich, aber auch mit einem K\u00fcrbis \u2013 allerdings bemalt und \u201eangezogen\u201c?<br \/>\nNehmen Sie einen gro\u00dfen K\u00fcrbis, malen Sie ihm ein Gesicht auf. Was Sie f\u00fcr die Deko brauchen: Baseball-Cap, alte Jeanshose und ein Paar Schuhe. Die Jeanshose schneiden Sie ab, so dass sie vom Verh\u00e4ltnis zum K\u00fcrbis passt. Den K\u00fcrbis arrangieren Sie auf die Jeanshose, so dass es aussieht, als h\u00e4tte der K\u00fcrbis die Jeanshose an. An den Beinenden der Hose platzieren Sie die Schuhe und die Base-Cap bekommt der K\u00fcrbis \u201eauf den Kopf\u201c. Eine tolle Deko im Herbst im Au\u00dfenbereich, die garantiert die Blicke auf sich ziehen wird.<\/p>\n<h2>Weitere Beitr\u00e4ge:<\/h2>\n<h2>Dekoartikel von A-Z<\/h2>\n<p><a href=\"https:\/\/www.tafeldeko.de\/tischdeko-artikel\/\"><br \/>\nJetzt entdecken <\/a><\/p>\n","protected":false},"excerpt":{"rendered":"<p>Mit der Deko im Herbst im Au\u00dfenbereich l\u00e4sst sich so mancher gruselige Hingucker arrangieren. Die Deko in und um unser Haus oder unsere Wohnungen ist heutzutage ein nicht unwichtiges Thema \u2013 schlie\u00dflich haben wir es gerne gem\u00fctlich und ansprechend dekoriert. Der Herbst bietet uns wundersch\u00f6ne Accessoires, mit denen wir die Deko in Szene setzen oder [&hellip;]<\/p>\n","protected":false},"author":6,"featured_media":7538,"comment_status":"closed","ping_status":"closed","sticky":false,"template":"","format":"standard","meta":{"footnotes":""},"categories":[1],"tags":[],"yoast_head":"<!-- This site is optimized with the Yoast SEO plugin v20.4 - https:\/\/yoast.com\/wordpress\/plugins\/seo\/ -->\n<title>Deko im Herbst im Au\u00dfenbereich - Tafeldeko<\/title>\n<meta name=\"description\" content=\"Wer die schnelle Deko im Herbst im Au\u00dfenbereich mag, platziert K\u00fcrbisse in verschiedenen Farben, Wurzelst\u00fccke und andere Accessoires.\" \/>\n<meta name=\"robots\" content=\"index, follow, max-snippet:-1, max-image-preview:large, max-video-preview:-1\" \/>\n<link rel=\"canonical\" href=\"https:\/\/www.tafeldeko.de\/news\/deko-im-herbst-im-aussenbereich\/\" \/>\n<meta property=\"og:locale\" content=\"de_DE\" \/>\n<meta property=\"og:type\" content=\"article\" \/>\n<meta property=\"og:title\" content=\"Deko im Herbst im Au\u00dfenbereich - Tafeldeko\" \/>\n<meta property=\"og:description\" content=\"Wer die schnelle Deko im Herbst im Au\u00dfenbereich mag, platziert K\u00fcrbisse in verschiedenen Farben, Wurzelst\u00fccke und andere Accessoires.\" \/>\n<meta property=\"og:url\" content=\"https:\/\/www.tafeldeko.de\/news\/deko-im-herbst-im-aussenbereich\/\" \/>\n<meta property=\"og:site_name\" content=\"Tafeldeko\" \/>\n<meta property=\"article:publisher\" content=\"https:\/\/www.facebook.com\/pages\/Tafeldeko-einzigartige-Tischdekoration\/174202655894\" \/>\n<meta property=\"article:published_time\" content=\"2016-09-29T11:34:23+00:00\" \/>\n<meta property=\"article:modified_time\" content=\"2022-11-08T08:06:12+00:00\" \/>\n<meta property=\"og:image\" content=\"https:\/\/www.tafeldeko.de\/news\/wp-content\/uploads\/2016\/09\/windlicht_kuerbis.jpg\" \/>\n\t<meta property=\"og:image:width\" content=\"250\" \/>\n\t<meta property=\"og:image:height\" content=\"250\" \/>\n\t<meta property=\"og:image:type\" content=\"image\/jpeg\" \/>\n<meta name=\"author\" content=\"Tafeldeko Deko Team\" \/>\n<meta name=\"twitter:label1\" content=\"Verfasst von\" \/>\n\t<meta name=\"twitter:data1\" content=\"Tafeldeko Deko Team\" \/>\n\t<meta name=\"twitter:label2\" content=\"Gesch\u00e4tzte Lesezeit\" \/>\n\t<meta name=\"twitter:data2\" content=\"3 Minuten\" \/>\n<script type=\"application\/ld+json\" class=\"yoast-schema-graph\">{\"@context\":\"https:\/\/schema.org\",\"@graph\":[{\"@type\":\"WebPage\",\"@id\":\"https:\/\/www.tafeldeko.de\/news\/deko-im-herbst-im-aussenbereich\/\",\"url\":\"https:\/\/www.tafeldeko.de\/news\/deko-im-herbst-im-aussenbereich\/\",\"name\":\"Deko im Herbst im Au\u00dfenbereich - Tafeldeko\",\"isPartOf\":{\"@id\":\"https:\/\/www.tafeldeko.de\/news\/#website\"},\"datePublished\":\"2016-09-29T11:34:23+00:00\",\"dateModified\":\"2022-11-08T08:06:12+00:00\",\"author\":{\"@id\":\"https:\/\/www.tafeldeko.de\/news\/#\/schema\/person\/dc309fbb6a3e380919fc08342c3cc233\"},\"description\":\"Wer die schnelle Deko im Herbst im Au\u00dfenbereich mag, platziert K\u00fcrbisse in verschiedenen Farben, Wurzelst\u00fccke und andere Accessoires.\",\"breadcrumb\":{\"@id\":\"https:\/\/www.tafeldeko.de\/news\/deko-im-herbst-im-aussenbereich\/#breadcrumb\"},\"inLanguage\":\"de-DE\",\"potentialAction\":[{\"@type\":\"ReadAction\",\"target\":[\"https:\/\/www.tafeldeko.de\/news\/deko-im-herbst-im-aussenbereich\/\"]}]},{\"@type\":\"BreadcrumbList\",\"@id\":\"https:\/\/www.tafeldeko.de\/news\/deko-im-herbst-im-aussenbereich\/#breadcrumb\",\"itemListElement\":[{\"@type\":\"ListItem\",\"position\":1,\"name\":\"Tafeldeko\",\"item\":\"https:\/\/www.tafeldeko.de\/news\/\"},{\"@type\":\"ListItem\",\"position\":2,\"name\":\"Alte Beitr\u00e4ge\",\"item\":\"https:\/\/www.tafeldeko.de\/news\/alte-beitraege\/\"},{\"@type\":\"ListItem\",\"position\":3,\"name\":\"Tischdeko - Blog\",\"item\":\"https:\/\/www.tafeldeko.de\/news\/alte-beitraege\/tischdeko-blog\/\"},{\"@type\":\"ListItem\",\"position\":4,\"name\":\"Deko im Herbst im Au\u00dfenbereich\"}]},{\"@type\":\"WebSite\",\"@id\":\"https:\/\/www.tafeldeko.de\/news\/#website\",\"url\":\"https:\/\/www.tafeldeko.de\/news\/\",\"name\":\"Tafeldeko\",\"description\":\"Blog mit Tischdeko und Tischdekoration Ideen\",\"potentialAction\":[{\"@type\":\"SearchAction\",\"target\":{\"@type\":\"EntryPoint\",\"urlTemplate\":\"https:\/\/www.tafeldeko.de\/news\/?s={search_term_string}\"},\"query-input\":\"required name=search_term_string\"}],\"inLanguage\":\"de-DE\"},{\"@type\":\"Person\",\"@id\":\"https:\/\/www.tafeldeko.de\/news\/#\/schema\/person\/dc309fbb6a3e380919fc08342c3cc233\",\"name\":\"Tafeldeko Deko Team\",\"image\":{\"@type\":\"ImageObject\",\"inLanguage\":\"de-DE\",\"@id\":\"https:\/\/www.tafeldeko.de\/news\/#\/schema\/person\/image\/\",\"url\":\"https:\/\/secure.gravatar.com\/avatar\/1e962f4040dc9996f0d200db31598854?s=96&d=mm&r=g\",\"contentUrl\":\"https:\/\/secure.gravatar.com\/avatar\/1e962f4040dc9996f0d200db31598854?s=96&d=mm&r=g\",\"caption\":\"Tafeldeko Deko Team\"}}]}<\/script>\n<!-- \/ Yoast SEO plugin. -->","yoast_head_json":{"title":"Deko im Herbst im Au\u00dfenbereich - Tafeldeko","description":"Wer die schnelle Deko im Herbst im Au\u00dfenbereich mag, platziert K\u00fcrbisse in verschiedenen Farben, Wurzelst\u00fccke und andere Accessoires.","robots":{"index":"index","follow":"follow","max-snippet":"max-snippet:-1","max-image-preview":"max-image-preview:large","max-video-preview":"max-video-preview:-1"},"canonical":"https:\/\/www.tafeldeko.de\/news\/deko-im-herbst-im-aussenbereich\/","og_locale":"de_DE","og_type":"article","og_title":"Deko im Herbst im Au\u00dfenbereich - Tafeldeko","og_description":"Wer die schnelle Deko im Herbst im Au\u00dfenbereich mag, platziert K\u00fcrbisse in verschiedenen Farben, Wurzelst\u00fccke und andere Accessoires.","og_url":"https:\/\/www.tafeldeko.de\/news\/deko-im-herbst-im-aussenbereich\/","og_site_name":"Tafeldeko","article_publisher":"https:\/\/www.facebook.com\/pages\/Tafeldeko-einzigartige-Tischdekoration\/174202655894","article_published_time":"2016-09-29T11:34:23+00:00","article_modified_time":"2022-11-08T08:06:12+00:00","og_image":[{"width":250,"height":250,"url":"https:\/\/www.tafeldeko.de\/news\/wp-content\/uploads\/2016\/09\/windlicht_kuerbis.jpg","type":"image\/jpeg"}],"author":"Tafeldeko Deko Team","twitter_misc":{"Verfasst von":"Tafeldeko Deko Team","Gesch\u00e4tzte Lesezeit":"3 Minuten"},"schema":{"@context":"https:\/\/schema.org","@graph":[{"@type":"WebPage","@id":"https:\/\/www.tafeldeko.de\/news\/deko-im-herbst-im-aussenbereich\/","url":"https:\/\/www.tafeldeko.de\/news\/deko-im-herbst-im-aussenbereich\/","name":"Deko im Herbst im Au\u00dfenbereich - Tafeldeko","isPartOf":{"@id":"https:\/\/www.tafeldeko.de\/news\/#website"},"datePublished":"2016-09-29T11:34:23+00:00","dateModified":"2022-11-08T08:06:12+00:00","author":{"@id":"https:\/\/www.tafeldeko.de\/news\/#\/schema\/person\/dc309fbb6a3e380919fc08342c3cc233"},"description":"Wer die schnelle Deko im Herbst im Au\u00dfenbereich mag, platziert K\u00fcrbisse in verschiedenen Farben, Wurzelst\u00fccke und andere Accessoires.","breadcrumb":{"@id":"https:\/\/www.tafeldeko.de\/news\/deko-im-herbst-im-aussenbereich\/#breadcrumb"},"inLanguage":"de-DE","potentialAction":[{"@type":"ReadAction","target":["https:\/\/www.tafeldeko.de\/news\/deko-im-herbst-im-aussenbereich\/"]}]},{"@type":"BreadcrumbList","@id":"https:\/\/www.tafeldeko.de\/news\/deko-im-herbst-im-aussenbereich\/#breadcrumb","itemListElement":[{"@type":"ListItem","position":1,"name":"Tafeldeko","item":"https:\/\/www.tafeldeko.de\/news\/"},{"@type":"ListItem","position":2,"name":"Alte Beitr\u00e4ge","item":"https:\/\/www.tafeldeko.de\/news\/alte-beitraege\/"},{"@type":"ListItem","position":3,"name":"Tischdeko - Blog","item":"https:\/\/www.tafeldeko.de\/news\/alte-beitraege\/tischdeko-blog\/"},{"@type":"ListItem","position":4,"name":"Deko im Herbst im Au\u00dfenbereich"}]},{"@type":"WebSite","@id":"https:\/\/www.tafeldeko.de\/news\/#website","url":"https:\/\/www.tafeldeko.de\/news\/","name":"Tafeldeko","description":"Blog mit Tischdeko und Tischdekoration Ideen","potentialAction":[{"@type":"SearchAction","target":{"@type":"EntryPoint","urlTemplate":"https:\/\/www.tafeldeko.de\/news\/?s={search_term_string}"},"query-input":"required name=search_term_string"}],"inLanguage":"de-DE"},{"@type":"Person","@id":"https:\/\/www.tafeldeko.de\/news\/#\/schema\/person\/dc309fbb6a3e380919fc08342c3cc233","name":"Tafeldeko Deko Team","image":{"@type":"ImageObject","inLanguage":"de-DE","@id":"https:\/\/www.tafeldeko.de\/news\/#\/schema\/person\/image\/","url":"https:\/\/secure.gravatar.com\/avatar\/1e962f4040dc9996f0d200db31598854?s=96&d=mm&r=g","contentUrl":"https:\/\/secure.gravatar.com\/avatar\/1e962f4040dc9996f0d200db31598854?s=96&d=mm&r=g","caption":"Tafeldeko Deko Team"}}]}},"_links":{"self":[{"href":"https:\/\/www.tafeldeko.de\/news\/wp-json\/wp\/v2\/posts\/7537"}],"collection":[{"href":"https:\/\/www.tafeldeko.de\/news\/wp-json\/wp\/v2\/posts"}],"about":[{"href":"https:\/\/www.tafeldeko.de\/news\/wp-json\/wp\/v2\/types\/post"}],"author":[{"embeddable":true,"href":"https:\/\/www.tafeldeko.de\/news\/wp-json\/wp\/v2\/users\/6"}],"replies":[{"embeddable":true,"href":"https:\/\/www.tafeldeko.de\/news\/wp-json\/wp\/v2\/comments?post=7537"}],"version-history":[{"count":5,"href":"https:\/\/www.tafeldeko.de\/news\/wp-json\/wp\/v2\/posts\/7537\/revisions"}],"predecessor-version":[{"id":20466,"href":"https:\/\/www.tafeldeko.de\/news\/wp-json\/wp\/v2\/posts\/7537\/revisions\/20466"}],"wp:featuredmedia":[{"embeddable":true,"href":"https:\/\/www.tafeldeko.de\/news\/wp-json\/wp\/v2\/media\/7538"}],"wp:attachment":[{"href":"https:\/\/www.tafeldeko.de\/news\/wp-json\/wp\/v2\/media?parent=7537"}],"wp:term":[{"taxonomy":"category","embeddable":true,"href":"https:\/\/www.tafeldeko.de\/news\/wp-json\/wp\/v2\/categories?post=7537"},{"taxonomy":"post_tag","embeddable":true,"href":"https:\/\/www.tafeldeko.de\/news\/wp-json\/wp\/v2\/tags?post=7537"}],"curies":[{"name":"wp","href":"https:\/\/api.w.org\/{rel}","templated":true}]}}