{"id":7534,"date":"2016-09-21T11:21:56","date_gmt":"2016-09-21T09:21:56","guid":{"rendered":"https:\/\/www.tafeldeko.de\/news\/?p=7534"},"modified":"2022-11-07T10:24:51","modified_gmt":"2022-11-07T09:24:51","slug":"deko-im-herbst","status":"publish","type":"post","link":"https:\/\/www.tafeldeko.de\/news\/deko-im-herbst\/","title":{"rendered":"Deko im Herbst &#8211; einfach wundersch\u00f6n!"},"content":{"rendered":"<p>Die <strong>Deko im Herbst<\/strong> darf nat\u00fcrlich nicht fehlen. Wenn sich der Sommer dem Ende neigt, wird es allerh\u00f6chste Zeit f\u00fcr eine sch\u00f6ne Herbstdekoration. Der Herbst bringt herrliche Farben mit sich und diese kann man hervorragend f\u00fcr die Deko im Herbst verwenden. Wer es schafft, die <strong>Farben des Herbstes<\/strong> einzufangen und diese entsprechend in Szene zu setzen, kann sich auf eine tolle Dekoration freuen. Dekorative Accessoires lassen Gem\u00fctlichkeit aufkommen, machen das Eigenheim zu etwas Besonderem und der Langweile wird somit auf Wiedersehen gesagt.<\/p>\n<p>\t\t\t\t\t\t\t\t\t\t\t\t<img decoding=\"async\" width=\"250\" height=\"250\" src=\"https:\/\/www.tafeldeko.de\/news\/wp-content\/uploads\/2016\/09\/physalis.jpg\" alt=\"Deko im Herbst\" loading=\"lazy\" srcset=\"https:\/\/www.tafeldeko.de\/news\/wp-content\/uploads\/2016\/09\/physalis.jpg 250w, https:\/\/www.tafeldeko.de\/news\/wp-content\/uploads\/2016\/09\/physalis-150x150.jpg 150w\" sizes=\"(max-width: 250px) 100vw, 250px\" \/>\t\t\t\t\t\t\t\t\t\t\t\t\t\t<\/p>\n<h2>Deko im Herbst &#8211; nun wird Zuhause dekoriert<\/h2>\n<p>Um die durchaus sch\u00f6ne Zeit des Herbstes zu genie\u00dfen, ist die Deko im Herbst genau das Richtige. Man kann sowohl seinen Au\u00dfenbereich als auch seine eigenen vier W\u00e4nde einen herbstlichen Look verpassen und hierf\u00fcr kommen vielerlei Deko-Artikel in Frage.<br \/>F\u00fcr drau\u00dfen kann man beispielsweise zu Solar-Gartensteckern, <strong>Lichterketten<\/strong> oder anderen Leuchtelementen greifen, die den Herbst auf eine ganz besondere Art und Weise auf erleben lassen. Schlie\u00dflich kann man sich an einem warmen Herbsttag durchaus sch\u00f6ne Stunden im Freien verbringen und dann ist solch eine Deko etwas sehr Sch\u00f6nes.<br \/>Die Herbstdeko f\u00fcr den <strong>Innenbereich<\/strong> kann auch eine Vielzahl von dekorativen Accessoires aufgreifen, die f\u00fcr ein tolles Ambiente sorgen.<br \/>F\u00fcr die Dekoration kann man zum Beispiel Zierk\u00fcrbisse, <strong>Wichtel<\/strong>, Gespenster, Materialien aus der Natur und vieles mehr ins rechte Licht r\u00fccken.<br \/>Auf die Kombi kommt es an und wer mit Liebe zum Detail dekoriert, befindet sich auf dem richtigen Weg und kann sich auf eine au\u00dfergew\u00f6hnliche und tolle Herbstdeko freuen.<br \/>Die ausgew\u00e4hlten dekorativen Accessoires kann man auf dem Tisch, dem Regel oder auch im Flur platzieren &#8211; die Deko f\u00fcr diese Jahreszeit ist eine wundersch\u00f6ne Aufgabe, der man sich am besten noch heute widmet. Nicht nur die G\u00e4ste werden begeistert sein, oder auch f\u00fcr einen selbst ist es ein <strong>sch\u00f6ner Anblick<\/strong>.<\/p>\n<h2>Weitere Beitr\u00e4ge:<\/h2>\n<h2>Dekoartikel von A-Z<\/h2>\n<p>\t\t\t\t\t<a href=\"https:\/\/www.tafeldeko.de\/tischdeko-artikel\/\"><br \/>\n\t\t\t\t\t\tJetzt entdecken\t\t\t\t\t<\/a><\/p>\n","protected":false},"excerpt":{"rendered":"<p>Die Deko im Herbst darf nat\u00fcrlich nicht fehlen. Wenn sich der Sommer dem Ende neigt, wird es allerh\u00f6chste Zeit f\u00fcr eine sch\u00f6ne Herbstdekoration. Der Herbst bringt herrliche Farben mit sich und diese kann man hervorragend f\u00fcr die Deko im Herbst verwenden. Wer es schafft, die Farben des Herbstes einzufangen und diese entsprechend in Szene zu [&hellip;]<\/p>\n","protected":false},"author":6,"featured_media":7535,"comment_status":"closed","ping_status":"closed","sticky":false,"template":"","format":"standard","meta":{"footnotes":""},"categories":[1],"tags":[],"yoast_head":"<!-- This site is optimized with the Yoast SEO plugin v20.4 - https:\/\/yoast.com\/wordpress\/plugins\/seo\/ -->\n<title>Deko im Herbst - einfach wundersch\u00f6n! - Tafeldeko<\/title>\n<meta name=\"description\" content=\"Um die durchaus sch\u00f6ne Zeit des Herbstes zu genie\u00dfen, ist die Deko im Herbst genau das Richtige. Accessoires erhalten Sie in unserem Shop\" \/>\n<meta name=\"robots\" content=\"index, follow, max-snippet:-1, max-image-preview:large, max-video-preview:-1\" \/>\n<link rel=\"canonical\" href=\"https:\/\/www.tafeldeko.de\/news\/deko-im-herbst\/\" \/>\n<meta property=\"og:locale\" content=\"de_DE\" \/>\n<meta property=\"og:type\" content=\"article\" \/>\n<meta property=\"og:title\" content=\"Deko im Herbst - einfach wundersch\u00f6n! - Tafeldeko\" \/>\n<meta property=\"og:description\" content=\"Um die durchaus sch\u00f6ne Zeit des Herbstes zu genie\u00dfen, ist die Deko im Herbst genau das Richtige. Accessoires erhalten Sie in unserem Shop\" \/>\n<meta property=\"og:url\" content=\"https:\/\/www.tafeldeko.de\/news\/deko-im-herbst\/\" \/>\n<meta property=\"og:site_name\" content=\"Tafeldeko\" \/>\n<meta property=\"article:publisher\" content=\"https:\/\/www.facebook.com\/pages\/Tafeldeko-einzigartige-Tischdekoration\/174202655894\" \/>\n<meta property=\"article:published_time\" content=\"2016-09-21T09:21:56+00:00\" \/>\n<meta property=\"article:modified_time\" content=\"2022-11-07T09:24:51+00:00\" \/>\n<meta property=\"og:image\" content=\"https:\/\/www.tafeldeko.de\/news\/wp-content\/uploads\/2016\/09\/physalis.jpg\" \/>\n\t<meta property=\"og:image:width\" content=\"250\" \/>\n\t<meta property=\"og:image:height\" content=\"250\" \/>\n\t<meta property=\"og:image:type\" content=\"image\/jpeg\" \/>\n<meta name=\"author\" content=\"Tafeldeko Deko Team\" \/>\n<meta name=\"twitter:label1\" content=\"Verfasst von\" \/>\n\t<meta name=\"twitter:data1\" content=\"Tafeldeko Deko Team\" \/>\n\t<meta name=\"twitter:label2\" content=\"Gesch\u00e4tzte Lesezeit\" \/>\n\t<meta name=\"twitter:data2\" content=\"4 Minuten\" \/>\n<script type=\"application\/ld+json\" class=\"yoast-schema-graph\">{\"@context\":\"https:\/\/schema.org\",\"@graph\":[{\"@type\":\"WebPage\",\"@id\":\"https:\/\/www.tafeldeko.de\/news\/deko-im-herbst\/\",\"url\":\"https:\/\/www.tafeldeko.de\/news\/deko-im-herbst\/\",\"name\":\"Deko im Herbst - einfach wundersch\u00f6n! - Tafeldeko\",\"isPartOf\":{\"@id\":\"https:\/\/www.tafeldeko.de\/news\/#website\"},\"datePublished\":\"2016-09-21T09:21:56+00:00\",\"dateModified\":\"2022-11-07T09:24:51+00:00\",\"author\":{\"@id\":\"https:\/\/www.tafeldeko.de\/news\/#\/schema\/person\/dc309fbb6a3e380919fc08342c3cc233\"},\"description\":\"Um die durchaus sch\u00f6ne Zeit des Herbstes zu genie\u00dfen, ist die Deko im Herbst genau das Richtige. Accessoires erhalten Sie in unserem Shop\",\"breadcrumb\":{\"@id\":\"https:\/\/www.tafeldeko.de\/news\/deko-im-herbst\/#breadcrumb\"},\"inLanguage\":\"de-DE\",\"potentialAction\":[{\"@type\":\"ReadAction\",\"target\":[\"https:\/\/www.tafeldeko.de\/news\/deko-im-herbst\/\"]}]},{\"@type\":\"BreadcrumbList\",\"@id\":\"https:\/\/www.tafeldeko.de\/news\/deko-im-herbst\/#breadcrumb\",\"itemListElement\":[{\"@type\":\"ListItem\",\"position\":1,\"name\":\"Tafeldeko\",\"item\":\"https:\/\/www.tafeldeko.de\/news\/\"},{\"@type\":\"ListItem\",\"position\":2,\"name\":\"Alte Beitr\u00e4ge\",\"item\":\"https:\/\/www.tafeldeko.de\/news\/alte-beitraege\/\"},{\"@type\":\"ListItem\",\"position\":3,\"name\":\"Tischdeko - Blog\",\"item\":\"https:\/\/www.tafeldeko.de\/news\/alte-beitraege\/tischdeko-blog\/\"},{\"@type\":\"ListItem\",\"position\":4,\"name\":\"Deko im Herbst &#8211; einfach wundersch\u00f6n!\"}]},{\"@type\":\"WebSite\",\"@id\":\"https:\/\/www.tafeldeko.de\/news\/#website\",\"url\":\"https:\/\/www.tafeldeko.de\/news\/\",\"name\":\"Tafeldeko\",\"description\":\"Blog mit Tischdeko und Tischdekoration Ideen\",\"potentialAction\":[{\"@type\":\"SearchAction\",\"target\":{\"@type\":\"EntryPoint\",\"urlTemplate\":\"https:\/\/www.tafeldeko.de\/news\/?s={search_term_string}\"},\"query-input\":\"required name=search_term_string\"}],\"inLanguage\":\"de-DE\"},{\"@type\":\"Person\",\"@id\":\"https:\/\/www.tafeldeko.de\/news\/#\/schema\/person\/dc309fbb6a3e380919fc08342c3cc233\",\"name\":\"Tafeldeko Deko Team\",\"image\":{\"@type\":\"ImageObject\",\"inLanguage\":\"de-DE\",\"@id\":\"https:\/\/www.tafeldeko.de\/news\/#\/schema\/person\/image\/\",\"url\":\"https:\/\/secure.gravatar.com\/avatar\/1e962f4040dc9996f0d200db31598854?s=96&d=mm&r=g\",\"contentUrl\":\"https:\/\/secure.gravatar.com\/avatar\/1e962f4040dc9996f0d200db31598854?s=96&d=mm&r=g\",\"caption\":\"Tafeldeko Deko Team\"}}]}<\/script>\n<!-- \/ Yoast SEO plugin. -->","yoast_head_json":{"title":"Deko im Herbst - einfach wundersch\u00f6n! - Tafeldeko","description":"Um die durchaus sch\u00f6ne Zeit des Herbstes zu genie\u00dfen, ist die Deko im Herbst genau das Richtige. Accessoires erhalten Sie in unserem Shop","robots":{"index":"index","follow":"follow","max-snippet":"max-snippet:-1","max-image-preview":"max-image-preview:large","max-video-preview":"max-video-preview:-1"},"canonical":"https:\/\/www.tafeldeko.de\/news\/deko-im-herbst\/","og_locale":"de_DE","og_type":"article","og_title":"Deko im Herbst - einfach wundersch\u00f6n! - Tafeldeko","og_description":"Um die durchaus sch\u00f6ne Zeit des Herbstes zu genie\u00dfen, ist die Deko im Herbst genau das Richtige. Accessoires erhalten Sie in unserem Shop","og_url":"https:\/\/www.tafeldeko.de\/news\/deko-im-herbst\/","og_site_name":"Tafeldeko","article_publisher":"https:\/\/www.facebook.com\/pages\/Tafeldeko-einzigartige-Tischdekoration\/174202655894","article_published_time":"2016-09-21T09:21:56+00:00","article_modified_time":"2022-11-07T09:24:51+00:00","og_image":[{"width":250,"height":250,"url":"https:\/\/www.tafeldeko.de\/news\/wp-content\/uploads\/2016\/09\/physalis.jpg","type":"image\/jpeg"}],"author":"Tafeldeko Deko Team","twitter_misc":{"Verfasst von":"Tafeldeko Deko Team","Gesch\u00e4tzte Lesezeit":"4 Minuten"},"schema":{"@context":"https:\/\/schema.org","@graph":[{"@type":"WebPage","@id":"https:\/\/www.tafeldeko.de\/news\/deko-im-herbst\/","url":"https:\/\/www.tafeldeko.de\/news\/deko-im-herbst\/","name":"Deko im Herbst - einfach wundersch\u00f6n! - Tafeldeko","isPartOf":{"@id":"https:\/\/www.tafeldeko.de\/news\/#website"},"datePublished":"2016-09-21T09:21:56+00:00","dateModified":"2022-11-07T09:24:51+00:00","author":{"@id":"https:\/\/www.tafeldeko.de\/news\/#\/schema\/person\/dc309fbb6a3e380919fc08342c3cc233"},"description":"Um die durchaus sch\u00f6ne Zeit des Herbstes zu genie\u00dfen, ist die Deko im Herbst genau das Richtige. Accessoires erhalten Sie in unserem Shop","breadcrumb":{"@id":"https:\/\/www.tafeldeko.de\/news\/deko-im-herbst\/#breadcrumb"},"inLanguage":"de-DE","potentialAction":[{"@type":"ReadAction","target":["https:\/\/www.tafeldeko.de\/news\/deko-im-herbst\/"]}]},{"@type":"BreadcrumbList","@id":"https:\/\/www.tafeldeko.de\/news\/deko-im-herbst\/#breadcrumb","itemListElement":[{"@type":"ListItem","position":1,"name":"Tafeldeko","item":"https:\/\/www.tafeldeko.de\/news\/"},{"@type":"ListItem","position":2,"name":"Alte Beitr\u00e4ge","item":"https:\/\/www.tafeldeko.de\/news\/alte-beitraege\/"},{"@type":"ListItem","position":3,"name":"Tischdeko - Blog","item":"https:\/\/www.tafeldeko.de\/news\/alte-beitraege\/tischdeko-blog\/"},{"@type":"ListItem","position":4,"name":"Deko im Herbst &#8211; einfach wundersch\u00f6n!"}]},{"@type":"WebSite","@id":"https:\/\/www.tafeldeko.de\/news\/#website","url":"https:\/\/www.tafeldeko.de\/news\/","name":"Tafeldeko","description":"Blog mit Tischdeko und Tischdekoration Ideen","potentialAction":[{"@type":"SearchAction","target":{"@type":"EntryPoint","urlTemplate":"https:\/\/www.tafeldeko.de\/news\/?s={search_term_string}"},"query-input":"required name=search_term_string"}],"inLanguage":"de-DE"},{"@type":"Person","@id":"https:\/\/www.tafeldeko.de\/news\/#\/schema\/person\/dc309fbb6a3e380919fc08342c3cc233","name":"Tafeldeko Deko Team","image":{"@type":"ImageObject","inLanguage":"de-DE","@id":"https:\/\/www.tafeldeko.de\/news\/#\/schema\/person\/image\/","url":"https:\/\/secure.gravatar.com\/avatar\/1e962f4040dc9996f0d200db31598854?s=96&d=mm&r=g","contentUrl":"https:\/\/secure.gravatar.com\/avatar\/1e962f4040dc9996f0d200db31598854?s=96&d=mm&r=g","caption":"Tafeldeko Deko Team"}}]}},"_links":{"self":[{"href":"https:\/\/www.tafeldeko.de\/news\/wp-json\/wp\/v2\/posts\/7534"}],"collection":[{"href":"https:\/\/www.tafeldeko.de\/news\/wp-json\/wp\/v2\/posts"}],"about":[{"href":"https:\/\/www.tafeldeko.de\/news\/wp-json\/wp\/v2\/types\/post"}],"author":[{"embeddable":true,"href":"https:\/\/www.tafeldeko.de\/news\/wp-json\/wp\/v2\/users\/6"}],"replies":[{"embeddable":true,"href":"https:\/\/www.tafeldeko.de\/news\/wp-json\/wp\/v2\/comments?post=7534"}],"version-history":[{"count":14,"href":"https:\/\/www.tafeldeko.de\/news\/wp-json\/wp\/v2\/posts\/7534\/revisions"}],"predecessor-version":[{"id":20307,"href":"https:\/\/www.tafeldeko.de\/news\/wp-json\/wp\/v2\/posts\/7534\/revisions\/20307"}],"wp:featuredmedia":[{"embeddable":true,"href":"https:\/\/www.tafeldeko.de\/news\/wp-json\/wp\/v2\/media\/7535"}],"wp:attachment":[{"href":"https:\/\/www.tafeldeko.de\/news\/wp-json\/wp\/v2\/media?parent=7534"}],"wp:term":[{"taxonomy":"category","embeddable":true,"href":"https:\/\/www.tafeldeko.de\/news\/wp-json\/wp\/v2\/categories?post=7534"},{"taxonomy":"post_tag","embeddable":true,"href":"https:\/\/www.tafeldeko.de\/news\/wp-json\/wp\/v2\/tags?post=7534"}],"curies":[{"name":"wp","href":"https:\/\/api.w.org\/{rel}","templated":true}]}}