{"id":7524,"date":"2016-09-28T15:54:41","date_gmt":"2016-09-28T13:54:41","guid":{"rendered":"https:\/\/www.tafeldeko.de\/news\/?p=7524"},"modified":"2022-11-08T09:15:08","modified_gmt":"2022-11-08T08:15:08","slug":"oktoberfest-tischdeko-tolle-farbkombi","status":"publish","type":"post","link":"https:\/\/www.tafeldeko.de\/news\/oktoberfest-tischdeko-tolle-farbkombi\/","title":{"rendered":"Oktoberfest Tischdeko \u2013 tolle Farbkombi"},"content":{"rendered":"<p>Die <strong>Oktoberfest Tischdeko<\/strong> Farbkombi \u2013 sie geh\u00f6rt zu einem z\u00fcnftigen Fest in dieser Jahreszeit dazu. M\u00fcnchener Oktoberfest, Cannstatter Wasen und viele andere \u201eOktoberfeste\u201c starten \u2013 oder sind bereits gestartet. Wer zu Hause ein tolles, rauschendes Fest, beispielsweise zum Geburtstag erleben m\u00f6chte, k\u00f6nnte sich das Motto \u201eOktoberfest\u201c ausw\u00e4hlen. So haben Sie einen roten Faden, der sich von der <strong>Einladung<\/strong>, \u00fcber das Essen, die Getr\u00e4nke bis hin zu der Tischdekoration durchzieht. \u00dcberlegungen, welche M\u00f6glichkeiten man zum Beispiel in punkto Tischdeko hat, sind hinf\u00e4llig, da es f\u00fcr die Oktoberfest Tischdeko viele tolle Vorschl\u00e4ge und Ideen gibt. Auch wir haben wundervolle <strong>Mustertische<\/strong> zum Thema Oktoberfest Tischdeko Farbkombi f\u00fcr Sie zusammengestellt.<\/p>\n<p><img decoding=\"async\" loading=\"lazy\" src=\"https:\/\/www.tafeldeko.de\/news\/wp-content\/uploads\/2016\/09\/Oktoberfest.jpg\" sizes=\"(max-width: 800px) 100vw, 800px\" srcset=\"https:\/\/www.tafeldeko.de\/news\/wp-content\/uploads\/2016\/09\/Oktoberfest.jpg 1000w, https:\/\/www.tafeldeko.de\/news\/wp-content\/uploads\/2016\/09\/Oktoberfest-300x210.jpg 300w, https:\/\/www.tafeldeko.de\/news\/wp-content\/uploads\/2016\/09\/Oktoberfest-768x538.jpg 768w, https:\/\/www.tafeldeko.de\/news\/wp-content\/uploads\/2016\/09\/Oktoberfest-624x437.jpg 624w\" alt=\"Oktoberfest Tischdeko\" width=\"800\" height=\"560\" \/><\/p>\n<h2>Die Oktoberfest Tischdeko Farbkombi in Blau, Wei\u00df und Braun<\/h2>\n<p>Denkt man an die Oktoberfest Tischdeko und ihre Farbkombinationen, denkt man in erster Linie an die typisch bayrischen blau-wei\u00dfen Karos, die den Tisch und die R\u00e4umlichkeit schm\u00fccken. Dabei kann sich die Oktoberfest Tischdeko so vielf\u00e4ltig und anders pr\u00e4sentieren, beispielsweise aus der Mischung \u201etypisch blau-wei\u00df\u201c und einigen tollen, <strong>l\u00e4ndlichen Akzenten<\/strong> in Braun \u2013 eben so, wie unser Mustertisch.<\/p>\n<p>Dabei haben wir einen Airlaid Papier Tischl\u00e4ufer bayrische Raute in der Tischmitte arrangiert, darauf finden zwei Filz Tischsets Ornament Herz in Braun meliert ihren Platz, in deren Mitte ein Arrangement aus einem Birkenreisig Flechten Kranz und der <strong>Tischkerze<\/strong> Oktoberfest, Bayern Raute, platziert wurde.<br \/>\nUm dem Tisch etwas Lockerheit und eben das typische Oktoberfestflair zu verleihen, haben wir mit <strong>Streudekoteilen<\/strong> \u201enachgeholfen\u201c. Dazu z\u00e4hlen die Brezeln aus Filz, die Ma\u00dfkr\u00fcge mi Schaum aus Filz, die Lederhosen und die Trachtenh\u00fcte. Diese werden beliebig auf dem Tisch arrangiert.<br \/>\nBei den Servietten geht es im blau-wei\u00dfen-Karomuster weiter, jedoch im Kombination mit braunen Duni Dunilin <strong>Premiumservietten<\/strong> in Chestnut. Wer der <a href=\"http:\/\/www.tafeldeko.de\"><strong>Tischdeko<\/strong><\/a> einen liebevollen Effekt verleihen m\u00f6chte, kann die Serviettenkombination in Form von Herzen falten und mit einer Margeritenbl\u00fcte schm\u00fccken.<br \/>\nSie sehen, die Oktoberfest Tischdeko in Blau\/Wei\u00df hat was, doch mit braunen Accessoires im rustikalen Stil erh\u00e4lt sie einen extravaganten Touch.<\/p>\n<h2>Weitere Beitr\u00e4ge:<\/h2>\n","protected":false},"excerpt":{"rendered":"<p>Die Oktoberfest Tischdeko Farbkombi \u2013 sie geh\u00f6rt zu einem z\u00fcnftigen Fest in dieser Jahreszeit dazu. M\u00fcnchener Oktoberfest, Cannstatter Wasen und viele andere \u201eOktoberfeste\u201c starten \u2013 oder sind bereits gestartet. Wer zu Hause ein tolles, rauschendes Fest, beispielsweise zum Geburtstag erleben m\u00f6chte, k\u00f6nnte sich das Motto \u201eOktoberfest\u201c ausw\u00e4hlen. So haben Sie einen roten Faden, der sich [&hellip;]<\/p>\n","protected":false},"author":6,"featured_media":7525,"comment_status":"closed","ping_status":"closed","sticky":false,"template":"","format":"standard","meta":{"footnotes":""},"categories":[1],"tags":[],"yoast_head":"<!-- This site is optimized with the Yoast SEO plugin v20.4 - https:\/\/yoast.com\/wordpress\/plugins\/seo\/ -->\n<title>Oktoberfest Tischdeko \u2013 tolle Farbkombi - Tafeldeko<\/title>\n<meta name=\"description\" content=\"Denkt man an die Oktoberfest Tischdeko und m\u00f6gliche Farbkombinationen, denkt man in erster Linie an die typisch bayrischen blau-wei\u00dfen Karos.\" \/>\n<meta name=\"robots\" content=\"index, follow, max-snippet:-1, max-image-preview:large, max-video-preview:-1\" \/>\n<link rel=\"canonical\" href=\"https:\/\/www.tafeldeko.de\/news\/oktoberfest-tischdeko-tolle-farbkombi\/\" \/>\n<meta property=\"og:locale\" content=\"de_DE\" \/>\n<meta property=\"og:type\" content=\"article\" \/>\n<meta property=\"og:title\" content=\"Oktoberfest Tischdeko \u2013 tolle Farbkombi - Tafeldeko\" \/>\n<meta property=\"og:description\" content=\"Denkt man an die Oktoberfest Tischdeko und m\u00f6gliche Farbkombinationen, denkt man in erster Linie an die typisch bayrischen blau-wei\u00dfen Karos.\" \/>\n<meta property=\"og:url\" content=\"https:\/\/www.tafeldeko.de\/news\/oktoberfest-tischdeko-tolle-farbkombi\/\" \/>\n<meta property=\"og:site_name\" content=\"Tafeldeko\" \/>\n<meta property=\"article:publisher\" content=\"https:\/\/www.facebook.com\/pages\/Tafeldeko-einzigartige-Tischdekoration\/174202655894\" \/>\n<meta property=\"article:published_time\" content=\"2016-09-28T13:54:41+00:00\" \/>\n<meta property=\"article:modified_time\" content=\"2022-11-08T08:15:08+00:00\" \/>\n<meta property=\"og:image\" content=\"https:\/\/www.tafeldeko.de\/news\/wp-content\/uploads\/2016\/09\/Oktoberfest.jpg\" \/>\n\t<meta property=\"og:image:width\" content=\"1000\" \/>\n\t<meta property=\"og:image:height\" content=\"700\" \/>\n\t<meta property=\"og:image:type\" content=\"image\/jpeg\" \/>\n<meta name=\"author\" content=\"Tafeldeko Deko Team\" \/>\n<meta name=\"twitter:label1\" content=\"Verfasst von\" \/>\n\t<meta name=\"twitter:data1\" content=\"Tafeldeko Deko Team\" \/>\n\t<meta name=\"twitter:label2\" content=\"Gesch\u00e4tzte Lesezeit\" \/>\n\t<meta name=\"twitter:data2\" content=\"2 Minuten\" \/>\n<script type=\"application\/ld+json\" class=\"yoast-schema-graph\">{\"@context\":\"https:\/\/schema.org\",\"@graph\":[{\"@type\":\"WebPage\",\"@id\":\"https:\/\/www.tafeldeko.de\/news\/oktoberfest-tischdeko-tolle-farbkombi\/\",\"url\":\"https:\/\/www.tafeldeko.de\/news\/oktoberfest-tischdeko-tolle-farbkombi\/\",\"name\":\"Oktoberfest Tischdeko \u2013 tolle Farbkombi - Tafeldeko\",\"isPartOf\":{\"@id\":\"https:\/\/www.tafeldeko.de\/news\/#website\"},\"datePublished\":\"2016-09-28T13:54:41+00:00\",\"dateModified\":\"2022-11-08T08:15:08+00:00\",\"author\":{\"@id\":\"https:\/\/www.tafeldeko.de\/news\/#\/schema\/person\/dc309fbb6a3e380919fc08342c3cc233\"},\"description\":\"Denkt man an die Oktoberfest Tischdeko und m\u00f6gliche Farbkombinationen, denkt man in erster Linie an die typisch bayrischen blau-wei\u00dfen Karos.\",\"breadcrumb\":{\"@id\":\"https:\/\/www.tafeldeko.de\/news\/oktoberfest-tischdeko-tolle-farbkombi\/#breadcrumb\"},\"inLanguage\":\"de-DE\",\"potentialAction\":[{\"@type\":\"ReadAction\",\"target\":[\"https:\/\/www.tafeldeko.de\/news\/oktoberfest-tischdeko-tolle-farbkombi\/\"]}]},{\"@type\":\"BreadcrumbList\",\"@id\":\"https:\/\/www.tafeldeko.de\/news\/oktoberfest-tischdeko-tolle-farbkombi\/#breadcrumb\",\"itemListElement\":[{\"@type\":\"ListItem\",\"position\":1,\"name\":\"Tafeldeko\",\"item\":\"https:\/\/www.tafeldeko.de\/news\/\"},{\"@type\":\"ListItem\",\"position\":2,\"name\":\"Alte Beitr\u00e4ge\",\"item\":\"https:\/\/www.tafeldeko.de\/news\/alte-beitraege\/\"},{\"@type\":\"ListItem\",\"position\":3,\"name\":\"Tischdeko - Blog\",\"item\":\"https:\/\/www.tafeldeko.de\/news\/alte-beitraege\/tischdeko-blog\/\"},{\"@type\":\"ListItem\",\"position\":4,\"name\":\"Oktoberfest Tischdeko \u2013 tolle Farbkombi\"}]},{\"@type\":\"WebSite\",\"@id\":\"https:\/\/www.tafeldeko.de\/news\/#website\",\"url\":\"https:\/\/www.tafeldeko.de\/news\/\",\"name\":\"Tafeldeko\",\"description\":\"Blog mit Tischdeko und Tischdekoration Ideen\",\"potentialAction\":[{\"@type\":\"SearchAction\",\"target\":{\"@type\":\"EntryPoint\",\"urlTemplate\":\"https:\/\/www.tafeldeko.de\/news\/?s={search_term_string}\"},\"query-input\":\"required name=search_term_string\"}],\"inLanguage\":\"de-DE\"},{\"@type\":\"Person\",\"@id\":\"https:\/\/www.tafeldeko.de\/news\/#\/schema\/person\/dc309fbb6a3e380919fc08342c3cc233\",\"name\":\"Tafeldeko Deko Team\",\"image\":{\"@type\":\"ImageObject\",\"inLanguage\":\"de-DE\",\"@id\":\"https:\/\/www.tafeldeko.de\/news\/#\/schema\/person\/image\/\",\"url\":\"https:\/\/secure.gravatar.com\/avatar\/1e962f4040dc9996f0d200db31598854?s=96&d=mm&r=g\",\"contentUrl\":\"https:\/\/secure.gravatar.com\/avatar\/1e962f4040dc9996f0d200db31598854?s=96&d=mm&r=g\",\"caption\":\"Tafeldeko Deko Team\"}}]}<\/script>\n<!-- \/ Yoast SEO plugin. -->","yoast_head_json":{"title":"Oktoberfest Tischdeko \u2013 tolle Farbkombi - Tafeldeko","description":"Denkt man an die Oktoberfest Tischdeko und m\u00f6gliche Farbkombinationen, denkt man in erster Linie an die typisch bayrischen blau-wei\u00dfen Karos.","robots":{"index":"index","follow":"follow","max-snippet":"max-snippet:-1","max-image-preview":"max-image-preview:large","max-video-preview":"max-video-preview:-1"},"canonical":"https:\/\/www.tafeldeko.de\/news\/oktoberfest-tischdeko-tolle-farbkombi\/","og_locale":"de_DE","og_type":"article","og_title":"Oktoberfest Tischdeko \u2013 tolle Farbkombi - Tafeldeko","og_description":"Denkt man an die Oktoberfest Tischdeko und m\u00f6gliche Farbkombinationen, denkt man in erster Linie an die typisch bayrischen blau-wei\u00dfen Karos.","og_url":"https:\/\/www.tafeldeko.de\/news\/oktoberfest-tischdeko-tolle-farbkombi\/","og_site_name":"Tafeldeko","article_publisher":"https:\/\/www.facebook.com\/pages\/Tafeldeko-einzigartige-Tischdekoration\/174202655894","article_published_time":"2016-09-28T13:54:41+00:00","article_modified_time":"2022-11-08T08:15:08+00:00","og_image":[{"width":1000,"height":700,"url":"https:\/\/www.tafeldeko.de\/news\/wp-content\/uploads\/2016\/09\/Oktoberfest.jpg","type":"image\/jpeg"}],"author":"Tafeldeko Deko Team","twitter_misc":{"Verfasst von":"Tafeldeko Deko Team","Gesch\u00e4tzte Lesezeit":"2 Minuten"},"schema":{"@context":"https:\/\/schema.org","@graph":[{"@type":"WebPage","@id":"https:\/\/www.tafeldeko.de\/news\/oktoberfest-tischdeko-tolle-farbkombi\/","url":"https:\/\/www.tafeldeko.de\/news\/oktoberfest-tischdeko-tolle-farbkombi\/","name":"Oktoberfest Tischdeko \u2013 tolle Farbkombi - Tafeldeko","isPartOf":{"@id":"https:\/\/www.tafeldeko.de\/news\/#website"},"datePublished":"2016-09-28T13:54:41+00:00","dateModified":"2022-11-08T08:15:08+00:00","author":{"@id":"https:\/\/www.tafeldeko.de\/news\/#\/schema\/person\/dc309fbb6a3e380919fc08342c3cc233"},"description":"Denkt man an die Oktoberfest Tischdeko und m\u00f6gliche Farbkombinationen, denkt man in erster Linie an die typisch bayrischen blau-wei\u00dfen Karos.","breadcrumb":{"@id":"https:\/\/www.tafeldeko.de\/news\/oktoberfest-tischdeko-tolle-farbkombi\/#breadcrumb"},"inLanguage":"de-DE","potentialAction":[{"@type":"ReadAction","target":["https:\/\/www.tafeldeko.de\/news\/oktoberfest-tischdeko-tolle-farbkombi\/"]}]},{"@type":"BreadcrumbList","@id":"https:\/\/www.tafeldeko.de\/news\/oktoberfest-tischdeko-tolle-farbkombi\/#breadcrumb","itemListElement":[{"@type":"ListItem","position":1,"name":"Tafeldeko","item":"https:\/\/www.tafeldeko.de\/news\/"},{"@type":"ListItem","position":2,"name":"Alte Beitr\u00e4ge","item":"https:\/\/www.tafeldeko.de\/news\/alte-beitraege\/"},{"@type":"ListItem","position":3,"name":"Tischdeko - Blog","item":"https:\/\/www.tafeldeko.de\/news\/alte-beitraege\/tischdeko-blog\/"},{"@type":"ListItem","position":4,"name":"Oktoberfest Tischdeko \u2013 tolle Farbkombi"}]},{"@type":"WebSite","@id":"https:\/\/www.tafeldeko.de\/news\/#website","url":"https:\/\/www.tafeldeko.de\/news\/","name":"Tafeldeko","description":"Blog mit Tischdeko und Tischdekoration Ideen","potentialAction":[{"@type":"SearchAction","target":{"@type":"EntryPoint","urlTemplate":"https:\/\/www.tafeldeko.de\/news\/?s={search_term_string}"},"query-input":"required name=search_term_string"}],"inLanguage":"de-DE"},{"@type":"Person","@id":"https:\/\/www.tafeldeko.de\/news\/#\/schema\/person\/dc309fbb6a3e380919fc08342c3cc233","name":"Tafeldeko Deko Team","image":{"@type":"ImageObject","inLanguage":"de-DE","@id":"https:\/\/www.tafeldeko.de\/news\/#\/schema\/person\/image\/","url":"https:\/\/secure.gravatar.com\/avatar\/1e962f4040dc9996f0d200db31598854?s=96&d=mm&r=g","contentUrl":"https:\/\/secure.gravatar.com\/avatar\/1e962f4040dc9996f0d200db31598854?s=96&d=mm&r=g","caption":"Tafeldeko Deko Team"}}]}},"_links":{"self":[{"href":"https:\/\/www.tafeldeko.de\/news\/wp-json\/wp\/v2\/posts\/7524"}],"collection":[{"href":"https:\/\/www.tafeldeko.de\/news\/wp-json\/wp\/v2\/posts"}],"about":[{"href":"https:\/\/www.tafeldeko.de\/news\/wp-json\/wp\/v2\/types\/post"}],"author":[{"embeddable":true,"href":"https:\/\/www.tafeldeko.de\/news\/wp-json\/wp\/v2\/users\/6"}],"replies":[{"embeddable":true,"href":"https:\/\/www.tafeldeko.de\/news\/wp-json\/wp\/v2\/comments?post=7524"}],"version-history":[{"count":11,"href":"https:\/\/www.tafeldeko.de\/news\/wp-json\/wp\/v2\/posts\/7524\/revisions"}],"predecessor-version":[{"id":20476,"href":"https:\/\/www.tafeldeko.de\/news\/wp-json\/wp\/v2\/posts\/7524\/revisions\/20476"}],"wp:featuredmedia":[{"embeddable":true,"href":"https:\/\/www.tafeldeko.de\/news\/wp-json\/wp\/v2\/media\/7525"}],"wp:attachment":[{"href":"https:\/\/www.tafeldeko.de\/news\/wp-json\/wp\/v2\/media?parent=7524"}],"wp:term":[{"taxonomy":"category","embeddable":true,"href":"https:\/\/www.tafeldeko.de\/news\/wp-json\/wp\/v2\/categories?post=7524"},{"taxonomy":"post_tag","embeddable":true,"href":"https:\/\/www.tafeldeko.de\/news\/wp-json\/wp\/v2\/tags?post=7524"}],"curies":[{"name":"wp","href":"https:\/\/api.w.org\/{rel}","templated":true}]}}