{"id":7514,"date":"2016-09-21T16:15:31","date_gmt":"2016-09-21T14:15:31","guid":{"rendered":"https:\/\/www.tafeldeko.de\/news\/?p=7514"},"modified":"2022-11-08T09:27:17","modified_gmt":"2022-11-08T08:27:17","slug":"laendliche-tischdeko-im-herbst","status":"publish","type":"post","link":"https:\/\/www.tafeldeko.de\/news\/laendliche-tischdeko-im-herbst\/","title":{"rendered":"L\u00e4ndliche Tischdeko im Herbst"},"content":{"rendered":"<p>Der Herbst kommt nun mit gro\u00dfen Schritten \u2013 f\u00fcr uns Grund genug, eine <strong>l\u00e4ndliche Tischdeko<\/strong> im Herbst zu arrangieren. Wir m\u00f6chten mit leuchtenden Farben Akzente setzen und mit den entsprechenden, l\u00e4ndlich ausgerichteten Accessoires f\u00fcr das sch\u00f6ne Gesamtbild sorgen. Unser <strong>Mustertisch<\/strong> \u201el\u00e4ndliche Tischdeko im Herbst\u201c beinhaltet all das \u2013 Farbe, tolle Optik und ausdrucksstarke Accessoires.<\/p>\n<p>\u00a0<\/p>\n<p>\t\t\t\t\t\t\t\t\t\t\t\t<img decoding=\"async\" width=\"800\" height=\"560\" src=\"https:\/\/www.tafeldeko.de\/news\/wp-content\/uploads\/2016\/09\/herbst_rot_beeren.jpg\" alt=\"l\u00e4ndliche Tischdeko im Herbst\" loading=\"lazy\" srcset=\"https:\/\/www.tafeldeko.de\/news\/wp-content\/uploads\/2016\/09\/herbst_rot_beeren.jpg 1000w, https:\/\/www.tafeldeko.de\/news\/wp-content\/uploads\/2016\/09\/herbst_rot_beeren-300x210.jpg 300w, https:\/\/www.tafeldeko.de\/news\/wp-content\/uploads\/2016\/09\/herbst_rot_beeren-768x538.jpg 768w, https:\/\/www.tafeldeko.de\/news\/wp-content\/uploads\/2016\/09\/herbst_rot_beeren-624x437.jpg 624w\" sizes=\"(max-width: 800px) 100vw, 800px\" \/>\t\t\t\t\t\t\t\t\t\t\t\t\t\t<\/p>\n<h2>Der Mustertisch \u201el\u00e4ndliche Tischdeko\u201c im Herbst<\/h2>\n<p>Alles andere als herbstlich und trist zeigt sich dieser Mustertisch in der Farbkombination wei\u00df, grau und rot. Tolle Accessoires als Bestandteil der Tischdekoration setzen den Tisch perfekt in Szene und verleihen ihm einen <strong>l\u00e4ndlich, rustikalen Touch<\/strong>.<br \/>Dabei ziert die Tischmitte ein Tischl\u00e4ufer Karo grau, der durch den Filzstoff in Dunkelrot einen leuchtenden Hingucker erh\u00e4lt. Die Tischmitte zieht durch einen gro\u00dfen Natur Kranz gewei\u00dft, dem gro\u00dfen Kerzenst\u00e4nder Kerzenst\u00e4nder Keramik Crackle f\u00fcr Stumpen- und Kugelkerzen und einer roten Stumpenkerze die Blicke der G\u00e4ste auf sich. <strong>Beerenzweige<\/strong> in Rot k\u00f6nnen Sie locker auf dem Kranz drapieren, was nochmals einen tollen Blickfang ergibt.<br \/>Streudekoteile beleben die l\u00e4ndliche Tischdeko \u2013 sie sorgen f\u00fcr die gewisse Auflockerung. Dazu haben wir Trachtenh\u00fcte und Lederhosen aus Filz ausgew\u00e4hlt, wobei erstere auch auf den Einladungen und der Men\u00fckarte zu sehen sind. Als weitere Streudekoteile finden sich die bayrischen <strong>Trachtenh\u00fcte<\/strong> aus Filz in Bordeaux, Streudeko Holzscheiben mit Filz Hirsch und Elch, bayrische Filz Herzen mit Ornamenten in Rot und Streudeko Edelweiss aus Holz. All diese Accessoires stehen f\u00fcr die L\u00e4ndlichkeit, f\u00fcr Bayern und sind somit die idealen Elemente, um dem Tisch die pers\u00f6nliche Note zu verleihen.<br \/>Zwei Bestandteile, die bei keiner <a href=\"http:\/\/www.tafeldeko.de\"><strong>Tischdeko<\/strong><\/a> fehlen d\u00fcrfen, sind Servietten und Kerzen. Bei den Servietten ist unsere Wahl auf die Servietten Beerenkranz gefallen, bei den Kerzen auf die Kombination Windlichtglas im Reisigkranz und einer roten Kugelkerze.<br \/>Sie sehen, die M\u00f6glichkeiten, eine l\u00e4ndliche Tischdeko im Herbst auszustatten, sind immens. Mit den entsprechenden Accessoires haben Sie diese Art der Deko \u2013 ob mit oder ohne Fest \u2013 schnell arrangiert.<\/p>\n<h2>Weitere Beitr\u00e4ge:<\/h2>\n<h2>Dekoartikel von A-Z<\/h2>\n<p>\t\t\t\t\t<a href=\"https:\/\/www.tafeldeko.de\/tischdeko-artikel\/\"><br \/>\n\t\t\t\t\t\tJetzt entdecken\t\t\t\t\t<\/a><\/p>\n","protected":false},"excerpt":{"rendered":"<p>Der Herbst kommt nun mit gro\u00dfen Schritten \u2013 f\u00fcr uns Grund genug, eine l\u00e4ndliche Tischdeko im Herbst zu arrangieren. Wir m\u00f6chten mit leuchtenden Farben Akzente setzen und mit den entsprechenden, l\u00e4ndlich ausgerichteten Accessoires f\u00fcr das sch\u00f6ne Gesamtbild sorgen. Unser Mustertisch \u201el\u00e4ndliche Tischdeko im Herbst\u201c beinhaltet all das \u2013 Farbe, tolle Optik und ausdrucksstarke Accessoires. \u00a0 [&hellip;]<\/p>\n","protected":false},"author":6,"featured_media":7515,"comment_status":"closed","ping_status":"closed","sticky":false,"template":"","format":"standard","meta":{"footnotes":""},"categories":[1],"tags":[],"yoast_head":"<!-- This site is optimized with the Yoast SEO plugin v20.4 - https:\/\/yoast.com\/wordpress\/plugins\/seo\/ -->\n<title>L\u00e4ndliche Tischdeko im Herbst - Tafeldeko<\/title>\n<meta name=\"description\" content=\"Streudekoteile beleben die l\u00e4ndliche Tischdeko im Herbst \u2013 sie sorgen f\u00fcr die gewisse Auflockerung und f\u00fcr tolle Blickf\u00e4nge.\" \/>\n<meta name=\"robots\" content=\"index, follow, max-snippet:-1, max-image-preview:large, max-video-preview:-1\" \/>\n<link rel=\"canonical\" href=\"https:\/\/www.tafeldeko.de\/news\/laendliche-tischdeko-im-herbst\/\" \/>\n<meta property=\"og:locale\" content=\"de_DE\" \/>\n<meta property=\"og:type\" content=\"article\" \/>\n<meta property=\"og:title\" content=\"L\u00e4ndliche Tischdeko im Herbst - Tafeldeko\" \/>\n<meta property=\"og:description\" content=\"Streudekoteile beleben die l\u00e4ndliche Tischdeko im Herbst \u2013 sie sorgen f\u00fcr die gewisse Auflockerung und f\u00fcr tolle Blickf\u00e4nge.\" \/>\n<meta property=\"og:url\" content=\"https:\/\/www.tafeldeko.de\/news\/laendliche-tischdeko-im-herbst\/\" \/>\n<meta property=\"og:site_name\" content=\"Tafeldeko\" \/>\n<meta property=\"article:publisher\" content=\"https:\/\/www.facebook.com\/pages\/Tafeldeko-einzigartige-Tischdekoration\/174202655894\" \/>\n<meta property=\"article:published_time\" content=\"2016-09-21T14:15:31+00:00\" \/>\n<meta property=\"article:modified_time\" content=\"2022-11-08T08:27:17+00:00\" \/>\n<meta property=\"og:image\" content=\"https:\/\/www.tafeldeko.de\/news\/wp-content\/uploads\/2016\/09\/herbst_rot_beeren.jpg\" \/>\n\t<meta property=\"og:image:width\" content=\"1000\" \/>\n\t<meta property=\"og:image:height\" content=\"700\" \/>\n\t<meta property=\"og:image:type\" content=\"image\/jpeg\" \/>\n<meta name=\"author\" content=\"Tafeldeko Deko Team\" \/>\n<meta name=\"twitter:label1\" content=\"Verfasst von\" \/>\n\t<meta name=\"twitter:data1\" content=\"Tafeldeko Deko Team\" \/>\n\t<meta name=\"twitter:label2\" content=\"Gesch\u00e4tzte Lesezeit\" \/>\n\t<meta name=\"twitter:data2\" content=\"4 Minuten\" \/>\n<script type=\"application\/ld+json\" class=\"yoast-schema-graph\">{\"@context\":\"https:\/\/schema.org\",\"@graph\":[{\"@type\":\"WebPage\",\"@id\":\"https:\/\/www.tafeldeko.de\/news\/laendliche-tischdeko-im-herbst\/\",\"url\":\"https:\/\/www.tafeldeko.de\/news\/laendliche-tischdeko-im-herbst\/\",\"name\":\"L\u00e4ndliche Tischdeko im Herbst - Tafeldeko\",\"isPartOf\":{\"@id\":\"https:\/\/www.tafeldeko.de\/news\/#website\"},\"datePublished\":\"2016-09-21T14:15:31+00:00\",\"dateModified\":\"2022-11-08T08:27:17+00:00\",\"author\":{\"@id\":\"https:\/\/www.tafeldeko.de\/news\/#\/schema\/person\/dc309fbb6a3e380919fc08342c3cc233\"},\"description\":\"Streudekoteile beleben die l\u00e4ndliche Tischdeko im Herbst \u2013 sie sorgen f\u00fcr die gewisse Auflockerung und f\u00fcr tolle Blickf\u00e4nge.\",\"breadcrumb\":{\"@id\":\"https:\/\/www.tafeldeko.de\/news\/laendliche-tischdeko-im-herbst\/#breadcrumb\"},\"inLanguage\":\"de-DE\",\"potentialAction\":[{\"@type\":\"ReadAction\",\"target\":[\"https:\/\/www.tafeldeko.de\/news\/laendliche-tischdeko-im-herbst\/\"]}]},{\"@type\":\"BreadcrumbList\",\"@id\":\"https:\/\/www.tafeldeko.de\/news\/laendliche-tischdeko-im-herbst\/#breadcrumb\",\"itemListElement\":[{\"@type\":\"ListItem\",\"position\":1,\"name\":\"Tafeldeko\",\"item\":\"https:\/\/www.tafeldeko.de\/news\/\"},{\"@type\":\"ListItem\",\"position\":2,\"name\":\"Alte Beitr\u00e4ge\",\"item\":\"https:\/\/www.tafeldeko.de\/news\/alte-beitraege\/\"},{\"@type\":\"ListItem\",\"position\":3,\"name\":\"Tischdeko - Blog\",\"item\":\"https:\/\/www.tafeldeko.de\/news\/alte-beitraege\/tischdeko-blog\/\"},{\"@type\":\"ListItem\",\"position\":4,\"name\":\"L\u00e4ndliche Tischdeko im Herbst\"}]},{\"@type\":\"WebSite\",\"@id\":\"https:\/\/www.tafeldeko.de\/news\/#website\",\"url\":\"https:\/\/www.tafeldeko.de\/news\/\",\"name\":\"Tafeldeko\",\"description\":\"Blog mit Tischdeko und Tischdekoration Ideen\",\"potentialAction\":[{\"@type\":\"SearchAction\",\"target\":{\"@type\":\"EntryPoint\",\"urlTemplate\":\"https:\/\/www.tafeldeko.de\/news\/?s={search_term_string}\"},\"query-input\":\"required name=search_term_string\"}],\"inLanguage\":\"de-DE\"},{\"@type\":\"Person\",\"@id\":\"https:\/\/www.tafeldeko.de\/news\/#\/schema\/person\/dc309fbb6a3e380919fc08342c3cc233\",\"name\":\"Tafeldeko Deko Team\",\"image\":{\"@type\":\"ImageObject\",\"inLanguage\":\"de-DE\",\"@id\":\"https:\/\/www.tafeldeko.de\/news\/#\/schema\/person\/image\/\",\"url\":\"https:\/\/secure.gravatar.com\/avatar\/1e962f4040dc9996f0d200db31598854?s=96&d=mm&r=g\",\"contentUrl\":\"https:\/\/secure.gravatar.com\/avatar\/1e962f4040dc9996f0d200db31598854?s=96&d=mm&r=g\",\"caption\":\"Tafeldeko Deko Team\"}}]}<\/script>\n<!-- \/ Yoast SEO plugin. -->","yoast_head_json":{"title":"L\u00e4ndliche Tischdeko im Herbst - Tafeldeko","description":"Streudekoteile beleben die l\u00e4ndliche Tischdeko im Herbst \u2013 sie sorgen f\u00fcr die gewisse Auflockerung und f\u00fcr tolle Blickf\u00e4nge.","robots":{"index":"index","follow":"follow","max-snippet":"max-snippet:-1","max-image-preview":"max-image-preview:large","max-video-preview":"max-video-preview:-1"},"canonical":"https:\/\/www.tafeldeko.de\/news\/laendliche-tischdeko-im-herbst\/","og_locale":"de_DE","og_type":"article","og_title":"L\u00e4ndliche Tischdeko im Herbst - Tafeldeko","og_description":"Streudekoteile beleben die l\u00e4ndliche Tischdeko im Herbst \u2013 sie sorgen f\u00fcr die gewisse Auflockerung und f\u00fcr tolle Blickf\u00e4nge.","og_url":"https:\/\/www.tafeldeko.de\/news\/laendliche-tischdeko-im-herbst\/","og_site_name":"Tafeldeko","article_publisher":"https:\/\/www.facebook.com\/pages\/Tafeldeko-einzigartige-Tischdekoration\/174202655894","article_published_time":"2016-09-21T14:15:31+00:00","article_modified_time":"2022-11-08T08:27:17+00:00","og_image":[{"width":1000,"height":700,"url":"https:\/\/www.tafeldeko.de\/news\/wp-content\/uploads\/2016\/09\/herbst_rot_beeren.jpg","type":"image\/jpeg"}],"author":"Tafeldeko Deko Team","twitter_misc":{"Verfasst von":"Tafeldeko Deko Team","Gesch\u00e4tzte Lesezeit":"4 Minuten"},"schema":{"@context":"https:\/\/schema.org","@graph":[{"@type":"WebPage","@id":"https:\/\/www.tafeldeko.de\/news\/laendliche-tischdeko-im-herbst\/","url":"https:\/\/www.tafeldeko.de\/news\/laendliche-tischdeko-im-herbst\/","name":"L\u00e4ndliche Tischdeko im Herbst - Tafeldeko","isPartOf":{"@id":"https:\/\/www.tafeldeko.de\/news\/#website"},"datePublished":"2016-09-21T14:15:31+00:00","dateModified":"2022-11-08T08:27:17+00:00","author":{"@id":"https:\/\/www.tafeldeko.de\/news\/#\/schema\/person\/dc309fbb6a3e380919fc08342c3cc233"},"description":"Streudekoteile beleben die l\u00e4ndliche Tischdeko im Herbst \u2013 sie sorgen f\u00fcr die gewisse Auflockerung und f\u00fcr tolle Blickf\u00e4nge.","breadcrumb":{"@id":"https:\/\/www.tafeldeko.de\/news\/laendliche-tischdeko-im-herbst\/#breadcrumb"},"inLanguage":"de-DE","potentialAction":[{"@type":"ReadAction","target":["https:\/\/www.tafeldeko.de\/news\/laendliche-tischdeko-im-herbst\/"]}]},{"@type":"BreadcrumbList","@id":"https:\/\/www.tafeldeko.de\/news\/laendliche-tischdeko-im-herbst\/#breadcrumb","itemListElement":[{"@type":"ListItem","position":1,"name":"Tafeldeko","item":"https:\/\/www.tafeldeko.de\/news\/"},{"@type":"ListItem","position":2,"name":"Alte Beitr\u00e4ge","item":"https:\/\/www.tafeldeko.de\/news\/alte-beitraege\/"},{"@type":"ListItem","position":3,"name":"Tischdeko - Blog","item":"https:\/\/www.tafeldeko.de\/news\/alte-beitraege\/tischdeko-blog\/"},{"@type":"ListItem","position":4,"name":"L\u00e4ndliche Tischdeko im Herbst"}]},{"@type":"WebSite","@id":"https:\/\/www.tafeldeko.de\/news\/#website","url":"https:\/\/www.tafeldeko.de\/news\/","name":"Tafeldeko","description":"Blog mit Tischdeko und Tischdekoration Ideen","potentialAction":[{"@type":"SearchAction","target":{"@type":"EntryPoint","urlTemplate":"https:\/\/www.tafeldeko.de\/news\/?s={search_term_string}"},"query-input":"required name=search_term_string"}],"inLanguage":"de-DE"},{"@type":"Person","@id":"https:\/\/www.tafeldeko.de\/news\/#\/schema\/person\/dc309fbb6a3e380919fc08342c3cc233","name":"Tafeldeko Deko Team","image":{"@type":"ImageObject","inLanguage":"de-DE","@id":"https:\/\/www.tafeldeko.de\/news\/#\/schema\/person\/image\/","url":"https:\/\/secure.gravatar.com\/avatar\/1e962f4040dc9996f0d200db31598854?s=96&d=mm&r=g","contentUrl":"https:\/\/secure.gravatar.com\/avatar\/1e962f4040dc9996f0d200db31598854?s=96&d=mm&r=g","caption":"Tafeldeko Deko Team"}}]}},"_links":{"self":[{"href":"https:\/\/www.tafeldeko.de\/news\/wp-json\/wp\/v2\/posts\/7514"}],"collection":[{"href":"https:\/\/www.tafeldeko.de\/news\/wp-json\/wp\/v2\/posts"}],"about":[{"href":"https:\/\/www.tafeldeko.de\/news\/wp-json\/wp\/v2\/types\/post"}],"author":[{"embeddable":true,"href":"https:\/\/www.tafeldeko.de\/news\/wp-json\/wp\/v2\/users\/6"}],"replies":[{"embeddable":true,"href":"https:\/\/www.tafeldeko.de\/news\/wp-json\/wp\/v2\/comments?post=7514"}],"version-history":[{"count":10,"href":"https:\/\/www.tafeldeko.de\/news\/wp-json\/wp\/v2\/posts\/7514\/revisions"}],"predecessor-version":[{"id":20498,"href":"https:\/\/www.tafeldeko.de\/news\/wp-json\/wp\/v2\/posts\/7514\/revisions\/20498"}],"wp:featuredmedia":[{"embeddable":true,"href":"https:\/\/www.tafeldeko.de\/news\/wp-json\/wp\/v2\/media\/7515"}],"wp:attachment":[{"href":"https:\/\/www.tafeldeko.de\/news\/wp-json\/wp\/v2\/media?parent=7514"}],"wp:term":[{"taxonomy":"category","embeddable":true,"href":"https:\/\/www.tafeldeko.de\/news\/wp-json\/wp\/v2\/categories?post=7514"},{"taxonomy":"post_tag","embeddable":true,"href":"https:\/\/www.tafeldeko.de\/news\/wp-json\/wp\/v2\/tags?post=7514"}],"curies":[{"name":"wp","href":"https:\/\/api.w.org\/{rel}","templated":true}]}}