{"id":7490,"date":"2016-09-14T15:41:10","date_gmt":"2016-09-14T13:41:10","guid":{"rendered":"https:\/\/www.tafeldeko.de\/news\/?p=7490"},"modified":"2022-11-08T10:08:40","modified_gmt":"2022-11-08T09:08:40","slug":"tischdeko-oktoberfest-mal-anders","status":"publish","type":"post","link":"https:\/\/www.tafeldeko.de\/news\/tischdeko-oktoberfest-mal-anders\/","title":{"rendered":"Tischdeko Oktoberfest mal anders"},"content":{"rendered":"<p>Jetzt ist die Zeit wieder gekommen, in der z\u00fcnftig die Oktoberfeste inklusive einer tollen <strong>Tischdeko Oktoberfest mal anders<\/strong> gefeiert werden. Auch zu Hause startet so manches Oktoberfest, z\u00fcnftig und nat\u00fcrlich mit passendem <strong>Oktoberfest-Outfit<\/strong>. Die Damen im Dirndl, die Herren in der feschen \u201eLederhosen\u201c. In punkto Essen wird der Gaumen mit all dem verw\u00f6hnt, was es auch auf dem Oktoberfest so gibt. Musikalisch erfolgt die Untermalung wie auf dem \u201eechten\u201c Oktoberfest \u2013 Blasmusik selbstverst\u00e4ndlich.<\/p>\n<p>\t\t\t\t\t\t\t\t\t\t\t\t<img decoding=\"async\" width=\"800\" height=\"560\" src=\"https:\/\/www.tafeldeko.de\/news\/wp-content\/uploads\/2016\/09\/gebu_blau.jpg\" alt=\"Tischdeko Oktoberfest\" loading=\"lazy\" srcset=\"https:\/\/www.tafeldeko.de\/news\/wp-content\/uploads\/2016\/09\/gebu_blau.jpg 1000w, https:\/\/www.tafeldeko.de\/news\/wp-content\/uploads\/2016\/09\/gebu_blau-300x210.jpg 300w, https:\/\/www.tafeldeko.de\/news\/wp-content\/uploads\/2016\/09\/gebu_blau-768x538.jpg 768w, https:\/\/www.tafeldeko.de\/news\/wp-content\/uploads\/2016\/09\/gebu_blau-624x437.jpg 624w\" sizes=\"(max-width: 800px) 100vw, 800px\" \/>\t\t\t\t\t\t\t\t\t\t\t\t\t\t<\/p>\n<h2>Ideen f\u00fcr die Tischdeko Oktoberfest mal anders<\/h2>\n<p>Zu Hause darf die <a href=\"http:\/\/www.tafeldeko.de\"><strong>Tischdeko<\/strong><\/a> Oktoberfest auf jeden Fall etwas \u00fcppiger ausfallen als bei den Festen, die in gro\u00dfen Zelten gefeiert werden. Den G\u00e4sten eine sch\u00f6ne <strong>Gesamtatmosph\u00e4re<\/strong> bieten, so dass alles zusammen passt, das geht eben nur zu Hause.<br \/>Basis unseres Mustertisches ist eine wei\u00dfe Tischdecke, auf die Sie jedoch auch verzichten k\u00f6nnen. Mittig wurde ein blaues Sizoweb Tischband mit dem Satin Tischband Adria in Wei\u00df und dem <strong>Tischband Vichy Karo Muster<\/strong> in Rot\/Wei\u00df aufgelegt. Allein diese Kombination verleiht dem Tisch und damit der Tischdeko Oktoberfest einen sch\u00f6nen Hingucker. Und auf dieses Arrangement aus B\u00e4ndern finden weitere, \u201eOktoberfest-typische\u201c Accessoires ihren Platz. <strong><br \/><\/strong><\/p>\n<p><strong>\u00a0<\/strong><\/p>\n<h3>Die Accessoires zur Tischdeko<strong><br \/><\/strong><\/h3>\n<p><strong>Heuherzen<\/strong> und Streudekoteile wie zum Beispiel die Brezeln aus Filz, oder Filzh\u00fcte, Dirndl oder Lederhosen runden das Bild perfekt ab.<br \/>Farbtupfer auf dem Tisch verleihen der Deko das gewisse Etwas \u2013 wie in diesem Falle hier rote Mohnblumen, die in hohen, schlanken Glasvasen auf den Tisch gestellt werden.<br \/>Die <strong>Kerzen<\/strong> haben wir in diesem Falle sozusagen \u201eetwas gesch\u00fctzt\u201c, damit sie beim \u201eSchunkeln\u201c nicht direkt ausgehen. Blaue Stumpenkerzen in ein Kerzenglas gegeben, den oberen Rand des Glases umwickeln Sie mit Bastband und befestigen daran ein rotes Heuherz \u2013 und fertig ist der tolle Hingucker und Farbklecks.<br \/>Die <strong>Servietten<\/strong> sollen selbstverst\u00e4ndlich ebenfalls ins Bild passen und aus diesem Grund haben wir die Servietten Oktoberfest, Bayern Raute, ausgew\u00e4hlt. In unserem Shop finden Sie nat\u00fcrlich weitere, zum Thema Oktoberfest, passende Servietten. Reinschauen und st\u00f6bern lohnt sich auf jeden Fall \u2013 nicht nur, wenn Sie Deko-Accessoires f\u00fcr die Oktoberfest Tischdeko suchen.<\/p>\n<h2>Weitere Beitr\u00e4ge:<\/h2>\n<h2>Dekoartikel von A-Z<\/h2>\n<p>\t\t\t\t\t<a href=\"https:\/\/www.tafeldeko.de\/tischdeko-artikel\/\"><br \/>\n\t\t\t\t\t\tJetzt entdecken\t\t\t\t\t<\/a><\/p>\n","protected":false},"excerpt":{"rendered":"<p>Jetzt ist die Zeit wieder gekommen, in der z\u00fcnftig die Oktoberfeste inklusive einer tollen Tischdeko Oktoberfest mal anders gefeiert werden. Auch zu Hause startet so manches Oktoberfest, z\u00fcnftig und nat\u00fcrlich mit passendem Oktoberfest-Outfit. Die Damen im Dirndl, die Herren in der feschen \u201eLederhosen\u201c. In punkto Essen wird der Gaumen mit all dem verw\u00f6hnt, was es [&hellip;]<\/p>\n","protected":false},"author":6,"featured_media":7491,"comment_status":"closed","ping_status":"closed","sticky":false,"template":"","format":"standard","meta":{"footnotes":""},"categories":[1],"tags":[],"yoast_head":"<!-- This site is optimized with the Yoast SEO plugin v20.4 - https:\/\/yoast.com\/wordpress\/plugins\/seo\/ -->\n<title>Tischdeko Oktoberfest mal anders - Tafeldeko<\/title>\n<meta name=\"description\" content=\"Allein diese Kombination an B\u00e4ndern verleiht dem Tisch und damit der Tischdeko Oktoberfest mal anders einen sch\u00f6nen Hingucker.\" \/>\n<meta name=\"robots\" content=\"index, follow, max-snippet:-1, max-image-preview:large, max-video-preview:-1\" \/>\n<link rel=\"canonical\" href=\"https:\/\/www.tafeldeko.de\/news\/tischdeko-oktoberfest-mal-anders\/\" \/>\n<meta property=\"og:locale\" content=\"de_DE\" \/>\n<meta property=\"og:type\" content=\"article\" \/>\n<meta property=\"og:title\" content=\"Tischdeko Oktoberfest mal anders - Tafeldeko\" \/>\n<meta property=\"og:description\" content=\"Allein diese Kombination an B\u00e4ndern verleiht dem Tisch und damit der Tischdeko Oktoberfest mal anders einen sch\u00f6nen Hingucker.\" \/>\n<meta property=\"og:url\" content=\"https:\/\/www.tafeldeko.de\/news\/tischdeko-oktoberfest-mal-anders\/\" \/>\n<meta property=\"og:site_name\" content=\"Tafeldeko\" \/>\n<meta property=\"article:publisher\" content=\"https:\/\/www.facebook.com\/pages\/Tafeldeko-einzigartige-Tischdekoration\/174202655894\" \/>\n<meta property=\"article:published_time\" content=\"2016-09-14T13:41:10+00:00\" \/>\n<meta property=\"article:modified_time\" content=\"2022-11-08T09:08:40+00:00\" \/>\n<meta property=\"og:image\" content=\"https:\/\/www.tafeldeko.de\/news\/wp-content\/uploads\/2016\/09\/gebu_blau.jpg\" \/>\n\t<meta property=\"og:image:width\" content=\"1000\" \/>\n\t<meta property=\"og:image:height\" content=\"700\" \/>\n\t<meta property=\"og:image:type\" content=\"image\/jpeg\" \/>\n<meta name=\"author\" content=\"Tafeldeko Deko Team\" \/>\n<meta name=\"twitter:label1\" content=\"Verfasst von\" \/>\n\t<meta name=\"twitter:data1\" content=\"Tafeldeko Deko Team\" \/>\n\t<meta name=\"twitter:label2\" content=\"Gesch\u00e4tzte Lesezeit\" \/>\n\t<meta name=\"twitter:data2\" content=\"4 Minuten\" \/>\n<script type=\"application\/ld+json\" class=\"yoast-schema-graph\">{\"@context\":\"https:\/\/schema.org\",\"@graph\":[{\"@type\":\"WebPage\",\"@id\":\"https:\/\/www.tafeldeko.de\/news\/tischdeko-oktoberfest-mal-anders\/\",\"url\":\"https:\/\/www.tafeldeko.de\/news\/tischdeko-oktoberfest-mal-anders\/\",\"name\":\"Tischdeko Oktoberfest mal anders - Tafeldeko\",\"isPartOf\":{\"@id\":\"https:\/\/www.tafeldeko.de\/news\/#website\"},\"datePublished\":\"2016-09-14T13:41:10+00:00\",\"dateModified\":\"2022-11-08T09:08:40+00:00\",\"author\":{\"@id\":\"https:\/\/www.tafeldeko.de\/news\/#\/schema\/person\/dc309fbb6a3e380919fc08342c3cc233\"},\"description\":\"Allein diese Kombination an B\u00e4ndern verleiht dem Tisch und damit der Tischdeko Oktoberfest mal anders einen sch\u00f6nen Hingucker.\",\"breadcrumb\":{\"@id\":\"https:\/\/www.tafeldeko.de\/news\/tischdeko-oktoberfest-mal-anders\/#breadcrumb\"},\"inLanguage\":\"de-DE\",\"potentialAction\":[{\"@type\":\"ReadAction\",\"target\":[\"https:\/\/www.tafeldeko.de\/news\/tischdeko-oktoberfest-mal-anders\/\"]}]},{\"@type\":\"BreadcrumbList\",\"@id\":\"https:\/\/www.tafeldeko.de\/news\/tischdeko-oktoberfest-mal-anders\/#breadcrumb\",\"itemListElement\":[{\"@type\":\"ListItem\",\"position\":1,\"name\":\"Tafeldeko\",\"item\":\"https:\/\/www.tafeldeko.de\/news\/\"},{\"@type\":\"ListItem\",\"position\":2,\"name\":\"Alte Beitr\u00e4ge\",\"item\":\"https:\/\/www.tafeldeko.de\/news\/alte-beitraege\/\"},{\"@type\":\"ListItem\",\"position\":3,\"name\":\"Tischdeko - Blog\",\"item\":\"https:\/\/www.tafeldeko.de\/news\/alte-beitraege\/tischdeko-blog\/\"},{\"@type\":\"ListItem\",\"position\":4,\"name\":\"Tischdeko Oktoberfest mal anders\"}]},{\"@type\":\"WebSite\",\"@id\":\"https:\/\/www.tafeldeko.de\/news\/#website\",\"url\":\"https:\/\/www.tafeldeko.de\/news\/\",\"name\":\"Tafeldeko\",\"description\":\"Blog mit Tischdeko und Tischdekoration Ideen\",\"potentialAction\":[{\"@type\":\"SearchAction\",\"target\":{\"@type\":\"EntryPoint\",\"urlTemplate\":\"https:\/\/www.tafeldeko.de\/news\/?s={search_term_string}\"},\"query-input\":\"required name=search_term_string\"}],\"inLanguage\":\"de-DE\"},{\"@type\":\"Person\",\"@id\":\"https:\/\/www.tafeldeko.de\/news\/#\/schema\/person\/dc309fbb6a3e380919fc08342c3cc233\",\"name\":\"Tafeldeko Deko Team\",\"image\":{\"@type\":\"ImageObject\",\"inLanguage\":\"de-DE\",\"@id\":\"https:\/\/www.tafeldeko.de\/news\/#\/schema\/person\/image\/\",\"url\":\"https:\/\/secure.gravatar.com\/avatar\/1e962f4040dc9996f0d200db31598854?s=96&d=mm&r=g\",\"contentUrl\":\"https:\/\/secure.gravatar.com\/avatar\/1e962f4040dc9996f0d200db31598854?s=96&d=mm&r=g\",\"caption\":\"Tafeldeko Deko Team\"}}]}<\/script>\n<!-- \/ Yoast SEO plugin. -->","yoast_head_json":{"title":"Tischdeko Oktoberfest mal anders - Tafeldeko","description":"Allein diese Kombination an B\u00e4ndern verleiht dem Tisch und damit der Tischdeko Oktoberfest mal anders einen sch\u00f6nen Hingucker.","robots":{"index":"index","follow":"follow","max-snippet":"max-snippet:-1","max-image-preview":"max-image-preview:large","max-video-preview":"max-video-preview:-1"},"canonical":"https:\/\/www.tafeldeko.de\/news\/tischdeko-oktoberfest-mal-anders\/","og_locale":"de_DE","og_type":"article","og_title":"Tischdeko Oktoberfest mal anders - Tafeldeko","og_description":"Allein diese Kombination an B\u00e4ndern verleiht dem Tisch und damit der Tischdeko Oktoberfest mal anders einen sch\u00f6nen Hingucker.","og_url":"https:\/\/www.tafeldeko.de\/news\/tischdeko-oktoberfest-mal-anders\/","og_site_name":"Tafeldeko","article_publisher":"https:\/\/www.facebook.com\/pages\/Tafeldeko-einzigartige-Tischdekoration\/174202655894","article_published_time":"2016-09-14T13:41:10+00:00","article_modified_time":"2022-11-08T09:08:40+00:00","og_image":[{"width":1000,"height":700,"url":"https:\/\/www.tafeldeko.de\/news\/wp-content\/uploads\/2016\/09\/gebu_blau.jpg","type":"image\/jpeg"}],"author":"Tafeldeko Deko Team","twitter_misc":{"Verfasst von":"Tafeldeko Deko Team","Gesch\u00e4tzte Lesezeit":"4 Minuten"},"schema":{"@context":"https:\/\/schema.org","@graph":[{"@type":"WebPage","@id":"https:\/\/www.tafeldeko.de\/news\/tischdeko-oktoberfest-mal-anders\/","url":"https:\/\/www.tafeldeko.de\/news\/tischdeko-oktoberfest-mal-anders\/","name":"Tischdeko Oktoberfest mal anders - Tafeldeko","isPartOf":{"@id":"https:\/\/www.tafeldeko.de\/news\/#website"},"datePublished":"2016-09-14T13:41:10+00:00","dateModified":"2022-11-08T09:08:40+00:00","author":{"@id":"https:\/\/www.tafeldeko.de\/news\/#\/schema\/person\/dc309fbb6a3e380919fc08342c3cc233"},"description":"Allein diese Kombination an B\u00e4ndern verleiht dem Tisch und damit der Tischdeko Oktoberfest mal anders einen sch\u00f6nen Hingucker.","breadcrumb":{"@id":"https:\/\/www.tafeldeko.de\/news\/tischdeko-oktoberfest-mal-anders\/#breadcrumb"},"inLanguage":"de-DE","potentialAction":[{"@type":"ReadAction","target":["https:\/\/www.tafeldeko.de\/news\/tischdeko-oktoberfest-mal-anders\/"]}]},{"@type":"BreadcrumbList","@id":"https:\/\/www.tafeldeko.de\/news\/tischdeko-oktoberfest-mal-anders\/#breadcrumb","itemListElement":[{"@type":"ListItem","position":1,"name":"Tafeldeko","item":"https:\/\/www.tafeldeko.de\/news\/"},{"@type":"ListItem","position":2,"name":"Alte Beitr\u00e4ge","item":"https:\/\/www.tafeldeko.de\/news\/alte-beitraege\/"},{"@type":"ListItem","position":3,"name":"Tischdeko - Blog","item":"https:\/\/www.tafeldeko.de\/news\/alte-beitraege\/tischdeko-blog\/"},{"@type":"ListItem","position":4,"name":"Tischdeko Oktoberfest mal anders"}]},{"@type":"WebSite","@id":"https:\/\/www.tafeldeko.de\/news\/#website","url":"https:\/\/www.tafeldeko.de\/news\/","name":"Tafeldeko","description":"Blog mit Tischdeko und Tischdekoration Ideen","potentialAction":[{"@type":"SearchAction","target":{"@type":"EntryPoint","urlTemplate":"https:\/\/www.tafeldeko.de\/news\/?s={search_term_string}"},"query-input":"required name=search_term_string"}],"inLanguage":"de-DE"},{"@type":"Person","@id":"https:\/\/www.tafeldeko.de\/news\/#\/schema\/person\/dc309fbb6a3e380919fc08342c3cc233","name":"Tafeldeko Deko Team","image":{"@type":"ImageObject","inLanguage":"de-DE","@id":"https:\/\/www.tafeldeko.de\/news\/#\/schema\/person\/image\/","url":"https:\/\/secure.gravatar.com\/avatar\/1e962f4040dc9996f0d200db31598854?s=96&d=mm&r=g","contentUrl":"https:\/\/secure.gravatar.com\/avatar\/1e962f4040dc9996f0d200db31598854?s=96&d=mm&r=g","caption":"Tafeldeko Deko Team"}}]}},"_links":{"self":[{"href":"https:\/\/www.tafeldeko.de\/news\/wp-json\/wp\/v2\/posts\/7490"}],"collection":[{"href":"https:\/\/www.tafeldeko.de\/news\/wp-json\/wp\/v2\/posts"}],"about":[{"href":"https:\/\/www.tafeldeko.de\/news\/wp-json\/wp\/v2\/types\/post"}],"author":[{"embeddable":true,"href":"https:\/\/www.tafeldeko.de\/news\/wp-json\/wp\/v2\/users\/6"}],"replies":[{"embeddable":true,"href":"https:\/\/www.tafeldeko.de\/news\/wp-json\/wp\/v2\/comments?post=7490"}],"version-history":[{"count":17,"href":"https:\/\/www.tafeldeko.de\/news\/wp-json\/wp\/v2\/posts\/7490\/revisions"}],"predecessor-version":[{"id":20525,"href":"https:\/\/www.tafeldeko.de\/news\/wp-json\/wp\/v2\/posts\/7490\/revisions\/20525"}],"wp:featuredmedia":[{"embeddable":true,"href":"https:\/\/www.tafeldeko.de\/news\/wp-json\/wp\/v2\/media\/7491"}],"wp:attachment":[{"href":"https:\/\/www.tafeldeko.de\/news\/wp-json\/wp\/v2\/media?parent=7490"}],"wp:term":[{"taxonomy":"category","embeddable":true,"href":"https:\/\/www.tafeldeko.de\/news\/wp-json\/wp\/v2\/categories?post=7490"},{"taxonomy":"post_tag","embeddable":true,"href":"https:\/\/www.tafeldeko.de\/news\/wp-json\/wp\/v2\/tags?post=7490"}],"curies":[{"name":"wp","href":"https:\/\/api.w.org\/{rel}","templated":true}]}}