{"id":748,"date":"2012-06-28T16:59:10","date_gmt":"2012-06-28T14:59:10","guid":{"rendered":"http:\/\/www.tafeldeko.de\/news\/?p=748"},"modified":"2012-06-28T16:59:10","modified_gmt":"2012-06-28T14:59:10","slug":"spanische-tischdeko-nicht-nur-fuer-die-geburtstagsparty-schoen","status":"publish","type":"post","link":"https:\/\/www.tafeldeko.de\/news\/spanische-tischdeko-nicht-nur-fuer-die-geburtstagsparty-schoen\/","title":{"rendered":"Spanische Tischdeko \u2013 nicht nur f\u00fcr die Geburtstagsparty sch\u00f6n"},"content":{"rendered":"<div class=\"textumfliessenrechts\"><img decoding=\"async\" loading=\"lazy\" src=\"https:\/\/www.tafeldeko.de\/news\/media\/users\/schnurchristian\/teelichtglas_gelb.jpg\" alt=\"Teelichtglas gr\u00fcn\" title=\"Teelichtglas gr\u00fcn\" width=\"213\" height=\"213\"\/><br \/><a href=\"https:\/\/www.tafeldeko.de\/product_info.php\/products_id\/7521_6-Teelichtgl%C3%A4ser-in-dunkelgr%C3%BCn.html\" title=\"spanische Tischdeko\"><b>spanische Tischdeko<\/b><\/a><\/div>\n<p> <b>Spanien <\/b>\u2013 wundersch\u00f6nes Reiseland f\u00fcr Jung und Alt. Das spanische Flair, die Gastfreundschaft der Bewohner und vor allen Dingen die spanischen Gerichte mit langer Tradition, gereicht mit leckeren Getr\u00e4nken, ziehen Jahr f\u00fcr Jahr Tausende nach Spanien. Paella, Tortillas, Calamares mit Aioli, der \u00fcber die Landesgrenzen hinaus bekannte Ceranoschinken und die verschiedenen Tapas-Berichte sind nur einige der spanischen Leckereien. Nur allzu gerne holt man sich Spanien in die eigenen vier W\u00e4nde, vor allem dann, wenn man gerade einen Urlaub in Spanien verleben durfte.<br \/>\nEin spanischer Abend ist genau das Richtige, um die Freunde an diesem sch\u00f6nen Urlaub teilhaben zu k\u00f6nnen. Eingeladen wird zu einem <b>spanischen Abend<\/b> \u2013 ob schriftlich mit <b><a href=\"https:\/\/www.tafeldeko.de\/index.php\/cat\/c1251_Einladungskarten-Geburtstag.html\" title=\"Einladungskarten\">Einladungskarten<\/a> <\/b>oder m\u00fcndlich \u2013 das kommt auf Sie an.<br \/>\nF\u00fcr den spanischen Abend darf die Tischdeko gerne \u00e0 la \u201eFiesta Latina\u201c ausgerichtet sein. Die landestypischen Farben Gelb und Rot d\u00fcrfen sich gerne auf dem Tisch wiederspiegeln, den G\u00e4sten das spanische Feeling vermitteln.<br \/>\nBei einer Einladung zum spanischen Abend sollte alles spanisch ausgerichtet sein. Das hei\u00dft, neben der Tischdeko und dem Essen sollten auch die Getr\u00e4nke auf Spanien ausgerichtet sein. In Spanien trinkt man zum Essen gerne Wein und als kleinen Willkommensgru\u00df darf es auch ruhig ein selbst angesetzter \u201eSangria\u201c sein.<br \/>\nDoch zur\u00fcck zu der spanischen Tischdeko.<br \/>\nEine rote Tischdecke, verziert mit gelbem <b><a href=\"https:\/\/www.tafeldeko.de\/index.php\/cat\/c441_Organza-Stoffe.html\" title=\"Organzastoff\">Organzastoff<\/a><\/b> oder einem gelben Satin-Tischband bildet die Grundlage der <b>spanischen Tischdekoration<\/b>. Teelichtgl\u00e4ser in Sonnengelb sorgen f\u00fcr den <b>Kerzenschein <\/b>beim spanischen Abend. Ein Arrangement aus roten und gelben Servietten ziert die Teller der G\u00e4ste. Rote und gelbe Raindrops Deko Tautropfen erg\u00e4nzen das gelb-rote Farbenspiel auf dem Tisch.<br \/>\nServiert man den G\u00e4sten die ber\u00fchmten Tapas, ohne die ein spanischer Abend nicht stattfinden darf, reicht man dazu Brot. Das Brot kann in K\u00f6rbchen auf dem Tisch gestellt werden, die mit roten und gelben Servietten ausgelegt sind.<br \/>\nDiese wundersch\u00f6ne spanische Tischdeko ist auch f\u00fcr Geburtstage immer wieder eine sch\u00f6ne Basis.<\/p>\n","protected":false},"excerpt":{"rendered":"<p>Spanien \u2013 wundersch\u00f6nes Reiseland f\u00fcr Jung und Alt. Das spanische Flair, die Gastfreundschaft der Bewohner und vor allen Dingen die spanischen Gerichte mit langer Tradition, gereicht mit leckeren Getr\u00e4nken, ziehen Jahr f\u00fcr Jahr Tausende nach Spanien. Paella, Tortillas, Calamares mit Aioli, der \u00fcber die Landesgrenzen hinaus bekannte Ceranoschinken und die verschiedenen Tapas-Berichte sind nur einige der spanischen Leckereien. Nur allzu gerne holt man sich Spanien in die eigenen vier W\u00e4nde, vor allem dann, wenn man gerade einen Urlaub in Spanien verleben durfte.<br \/>\nEin spanischer Abend ist genau das Richtige, um die Freunde an diesem sch\u00f6nen Urlaub teilhaben zu k\u00f6nnen. Eingeladen wird zu einem spanischen Abend \u2013 ob schriftlich mit  oder m\u00fcndlich \u2013 das kommt auf Sie an.<\/p>\n","protected":false},"author":2,"featured_media":379,"comment_status":"open","ping_status":"open","sticky":false,"template":"","format":"standard","meta":{"footnotes":""},"categories":[1],"tags":[],"yoast_head":"<!-- This site is optimized with the Yoast SEO plugin v20.4 - https:\/\/yoast.com\/wordpress\/plugins\/seo\/ -->\n<title>Spanische Tischdeko \u2013 nicht nur f\u00fcr die Geburtstagsparty sch\u00f6n - Tafeldeko<\/title>\n<meta name=\"description\" content=\"Eine rote Tischdecke, verziert mit gelbem Organzastoff oder einem gelben Satin-Tischband bildet die Grundlage der spanischen Tischdekoration.\" \/>\n<meta name=\"robots\" content=\"index, follow, max-snippet:-1, max-image-preview:large, max-video-preview:-1\" \/>\n<link rel=\"canonical\" href=\"https:\/\/www.tafeldeko.de\/news\/spanische-tischdeko-nicht-nur-fuer-die-geburtstagsparty-schoen\/\" \/>\n<meta property=\"og:locale\" content=\"de_DE\" \/>\n<meta property=\"og:type\" content=\"article\" \/>\n<meta property=\"og:title\" content=\"Spanische Tischdeko \u2013 nicht nur f\u00fcr die Geburtstagsparty sch\u00f6n - Tafeldeko\" \/>\n<meta property=\"og:description\" content=\"Eine rote Tischdecke, verziert mit gelbem Organzastoff oder einem gelben Satin-Tischband bildet die Grundlage der spanischen Tischdekoration.\" \/>\n<meta property=\"og:url\" content=\"https:\/\/www.tafeldeko.de\/news\/spanische-tischdeko-nicht-nur-fuer-die-geburtstagsparty-schoen\/\" \/>\n<meta property=\"og:site_name\" content=\"Tafeldeko\" \/>\n<meta property=\"article:publisher\" content=\"https:\/\/www.facebook.com\/pages\/Tafeldeko-einzigartige-Tischdekoration\/174202655894\" \/>\n<meta property=\"article:published_time\" content=\"2012-06-28T14:59:10+00:00\" \/>\n<meta property=\"og:image\" content=\"https:\/\/www.tafeldeko.de\/news\/wp-content\/uploads\/2014\/09\/teelichtglas_gelb.jpg\" \/>\n\t<meta property=\"og:image:width\" content=\"213\" \/>\n\t<meta property=\"og:image:height\" content=\"213\" \/>\n\t<meta property=\"og:image:type\" content=\"image\/jpeg\" \/>\n<meta name=\"author\" content=\"Christiane Stein\" \/>\n<meta name=\"twitter:label1\" content=\"Verfasst von\" \/>\n\t<meta name=\"twitter:data1\" content=\"Christiane Stein\" \/>\n\t<meta name=\"twitter:label2\" content=\"Gesch\u00e4tzte Lesezeit\" \/>\n\t<meta name=\"twitter:data2\" content=\"2 Minuten\" \/>\n<script type=\"application\/ld+json\" class=\"yoast-schema-graph\">{\"@context\":\"https:\/\/schema.org\",\"@graph\":[{\"@type\":\"WebPage\",\"@id\":\"https:\/\/www.tafeldeko.de\/news\/spanische-tischdeko-nicht-nur-fuer-die-geburtstagsparty-schoen\/\",\"url\":\"https:\/\/www.tafeldeko.de\/news\/spanische-tischdeko-nicht-nur-fuer-die-geburtstagsparty-schoen\/\",\"name\":\"Spanische Tischdeko \u2013 nicht nur f\u00fcr die Geburtstagsparty sch\u00f6n - Tafeldeko\",\"isPartOf\":{\"@id\":\"https:\/\/www.tafeldeko.de\/news\/#website\"},\"datePublished\":\"2012-06-28T14:59:10+00:00\",\"dateModified\":\"2012-06-28T14:59:10+00:00\",\"author\":{\"@id\":\"https:\/\/www.tafeldeko.de\/news\/#\/schema\/person\/d2acd86447ed0b6336089a8ba83164a0\"},\"description\":\"Eine rote Tischdecke, verziert mit gelbem Organzastoff oder einem gelben Satin-Tischband bildet die Grundlage der spanischen Tischdekoration.\",\"breadcrumb\":{\"@id\":\"https:\/\/www.tafeldeko.de\/news\/spanische-tischdeko-nicht-nur-fuer-die-geburtstagsparty-schoen\/#breadcrumb\"},\"inLanguage\":\"de-DE\",\"potentialAction\":[{\"@type\":\"ReadAction\",\"target\":[\"https:\/\/www.tafeldeko.de\/news\/spanische-tischdeko-nicht-nur-fuer-die-geburtstagsparty-schoen\/\"]}]},{\"@type\":\"BreadcrumbList\",\"@id\":\"https:\/\/www.tafeldeko.de\/news\/spanische-tischdeko-nicht-nur-fuer-die-geburtstagsparty-schoen\/#breadcrumb\",\"itemListElement\":[{\"@type\":\"ListItem\",\"position\":1,\"name\":\"Tafeldeko\",\"item\":\"https:\/\/www.tafeldeko.de\/news\/\"},{\"@type\":\"ListItem\",\"position\":2,\"name\":\"Alte Beitr\u00e4ge\",\"item\":\"https:\/\/www.tafeldeko.de\/news\/alte-beitraege\/\"},{\"@type\":\"ListItem\",\"position\":3,\"name\":\"Tischdeko - Blog\",\"item\":\"https:\/\/www.tafeldeko.de\/news\/alte-beitraege\/tischdeko-blog\/\"},{\"@type\":\"ListItem\",\"position\":4,\"name\":\"Spanische Tischdeko \u2013 nicht nur f\u00fcr die Geburtstagsparty sch\u00f6n\"}]},{\"@type\":\"WebSite\",\"@id\":\"https:\/\/www.tafeldeko.de\/news\/#website\",\"url\":\"https:\/\/www.tafeldeko.de\/news\/\",\"name\":\"Tafeldeko\",\"description\":\"Blog mit Tischdeko und Tischdekoration Ideen\",\"potentialAction\":[{\"@type\":\"SearchAction\",\"target\":{\"@type\":\"EntryPoint\",\"urlTemplate\":\"https:\/\/www.tafeldeko.de\/news\/?s={search_term_string}\"},\"query-input\":\"required name=search_term_string\"}],\"inLanguage\":\"de-DE\"},{\"@type\":\"Person\",\"@id\":\"https:\/\/www.tafeldeko.de\/news\/#\/schema\/person\/d2acd86447ed0b6336089a8ba83164a0\",\"name\":\"Christiane Stein\",\"image\":{\"@type\":\"ImageObject\",\"inLanguage\":\"de-DE\",\"@id\":\"https:\/\/www.tafeldeko.de\/news\/#\/schema\/person\/image\/\",\"url\":\"https:\/\/secure.gravatar.com\/avatar\/2054729fbfd1ebc9d3cf1fd55361d0b6?s=96&d=mm&r=g\",\"contentUrl\":\"https:\/\/secure.gravatar.com\/avatar\/2054729fbfd1ebc9d3cf1fd55361d0b6?s=96&d=mm&r=g\",\"caption\":\"Christiane Stein\"}}]}<\/script>\n<!-- \/ Yoast SEO plugin. -->","yoast_head_json":{"title":"Spanische Tischdeko \u2013 nicht nur f\u00fcr die Geburtstagsparty sch\u00f6n - Tafeldeko","description":"Eine rote Tischdecke, verziert mit gelbem Organzastoff oder einem gelben Satin-Tischband bildet die Grundlage der spanischen Tischdekoration.","robots":{"index":"index","follow":"follow","max-snippet":"max-snippet:-1","max-image-preview":"max-image-preview:large","max-video-preview":"max-video-preview:-1"},"canonical":"https:\/\/www.tafeldeko.de\/news\/spanische-tischdeko-nicht-nur-fuer-die-geburtstagsparty-schoen\/","og_locale":"de_DE","og_type":"article","og_title":"Spanische Tischdeko \u2013 nicht nur f\u00fcr die Geburtstagsparty sch\u00f6n - Tafeldeko","og_description":"Eine rote Tischdecke, verziert mit gelbem Organzastoff oder einem gelben Satin-Tischband bildet die Grundlage der spanischen Tischdekoration.","og_url":"https:\/\/www.tafeldeko.de\/news\/spanische-tischdeko-nicht-nur-fuer-die-geburtstagsparty-schoen\/","og_site_name":"Tafeldeko","article_publisher":"https:\/\/www.facebook.com\/pages\/Tafeldeko-einzigartige-Tischdekoration\/174202655894","article_published_time":"2012-06-28T14:59:10+00:00","og_image":[{"width":213,"height":213,"url":"https:\/\/www.tafeldeko.de\/news\/wp-content\/uploads\/2014\/09\/teelichtglas_gelb.jpg","type":"image\/jpeg"}],"author":"Christiane Stein","twitter_misc":{"Verfasst von":"Christiane Stein","Gesch\u00e4tzte Lesezeit":"2 Minuten"},"schema":{"@context":"https:\/\/schema.org","@graph":[{"@type":"WebPage","@id":"https:\/\/www.tafeldeko.de\/news\/spanische-tischdeko-nicht-nur-fuer-die-geburtstagsparty-schoen\/","url":"https:\/\/www.tafeldeko.de\/news\/spanische-tischdeko-nicht-nur-fuer-die-geburtstagsparty-schoen\/","name":"Spanische Tischdeko \u2013 nicht nur f\u00fcr die Geburtstagsparty sch\u00f6n - Tafeldeko","isPartOf":{"@id":"https:\/\/www.tafeldeko.de\/news\/#website"},"datePublished":"2012-06-28T14:59:10+00:00","dateModified":"2012-06-28T14:59:10+00:00","author":{"@id":"https:\/\/www.tafeldeko.de\/news\/#\/schema\/person\/d2acd86447ed0b6336089a8ba83164a0"},"description":"Eine rote Tischdecke, verziert mit gelbem Organzastoff oder einem gelben Satin-Tischband bildet die Grundlage der spanischen Tischdekoration.","breadcrumb":{"@id":"https:\/\/www.tafeldeko.de\/news\/spanische-tischdeko-nicht-nur-fuer-die-geburtstagsparty-schoen\/#breadcrumb"},"inLanguage":"de-DE","potentialAction":[{"@type":"ReadAction","target":["https:\/\/www.tafeldeko.de\/news\/spanische-tischdeko-nicht-nur-fuer-die-geburtstagsparty-schoen\/"]}]},{"@type":"BreadcrumbList","@id":"https:\/\/www.tafeldeko.de\/news\/spanische-tischdeko-nicht-nur-fuer-die-geburtstagsparty-schoen\/#breadcrumb","itemListElement":[{"@type":"ListItem","position":1,"name":"Tafeldeko","item":"https:\/\/www.tafeldeko.de\/news\/"},{"@type":"ListItem","position":2,"name":"Alte Beitr\u00e4ge","item":"https:\/\/www.tafeldeko.de\/news\/alte-beitraege\/"},{"@type":"ListItem","position":3,"name":"Tischdeko - Blog","item":"https:\/\/www.tafeldeko.de\/news\/alte-beitraege\/tischdeko-blog\/"},{"@type":"ListItem","position":4,"name":"Spanische Tischdeko \u2013 nicht nur f\u00fcr die Geburtstagsparty sch\u00f6n"}]},{"@type":"WebSite","@id":"https:\/\/www.tafeldeko.de\/news\/#website","url":"https:\/\/www.tafeldeko.de\/news\/","name":"Tafeldeko","description":"Blog mit Tischdeko und Tischdekoration Ideen","potentialAction":[{"@type":"SearchAction","target":{"@type":"EntryPoint","urlTemplate":"https:\/\/www.tafeldeko.de\/news\/?s={search_term_string}"},"query-input":"required name=search_term_string"}],"inLanguage":"de-DE"},{"@type":"Person","@id":"https:\/\/www.tafeldeko.de\/news\/#\/schema\/person\/d2acd86447ed0b6336089a8ba83164a0","name":"Christiane Stein","image":{"@type":"ImageObject","inLanguage":"de-DE","@id":"https:\/\/www.tafeldeko.de\/news\/#\/schema\/person\/image\/","url":"https:\/\/secure.gravatar.com\/avatar\/2054729fbfd1ebc9d3cf1fd55361d0b6?s=96&d=mm&r=g","contentUrl":"https:\/\/secure.gravatar.com\/avatar\/2054729fbfd1ebc9d3cf1fd55361d0b6?s=96&d=mm&r=g","caption":"Christiane Stein"}}]}},"_links":{"self":[{"href":"https:\/\/www.tafeldeko.de\/news\/wp-json\/wp\/v2\/posts\/748"}],"collection":[{"href":"https:\/\/www.tafeldeko.de\/news\/wp-json\/wp\/v2\/posts"}],"about":[{"href":"https:\/\/www.tafeldeko.de\/news\/wp-json\/wp\/v2\/types\/post"}],"author":[{"embeddable":true,"href":"https:\/\/www.tafeldeko.de\/news\/wp-json\/wp\/v2\/users\/2"}],"replies":[{"embeddable":true,"href":"https:\/\/www.tafeldeko.de\/news\/wp-json\/wp\/v2\/comments?post=748"}],"version-history":[{"count":0,"href":"https:\/\/www.tafeldeko.de\/news\/wp-json\/wp\/v2\/posts\/748\/revisions"}],"wp:featuredmedia":[{"embeddable":true,"href":"https:\/\/www.tafeldeko.de\/news\/wp-json\/wp\/v2\/media\/379"}],"wp:attachment":[{"href":"https:\/\/www.tafeldeko.de\/news\/wp-json\/wp\/v2\/media?parent=748"}],"wp:term":[{"taxonomy":"category","embeddable":true,"href":"https:\/\/www.tafeldeko.de\/news\/wp-json\/wp\/v2\/categories?post=748"},{"taxonomy":"post_tag","embeddable":true,"href":"https:\/\/www.tafeldeko.de\/news\/wp-json\/wp\/v2\/tags?post=748"}],"curies":[{"name":"wp","href":"https:\/\/api.w.org\/{rel}","templated":true}]}}