{"id":7476,"date":"2016-09-07T18:05:12","date_gmt":"2016-09-07T16:05:12","guid":{"rendered":"http:\/\/www.tafeldeko.de\/news\/?p=7476"},"modified":"2022-11-08T10:25:53","modified_gmt":"2022-11-08T09:25:53","slug":"tischdeko-taufe-in-hellblau","status":"publish","type":"post","link":"https:\/\/www.tafeldeko.de\/news\/tischdeko-taufe-in-hellblau\/","title":{"rendered":"Tischdeko Taufe in Hellblau"},"content":{"rendered":"<p>Die Taufe ist f\u00fcr alle Beteiligten ein ganz besonderer Moment, der mit einer wundersch\u00f6n umrahmenden <strong>Tischdeko Taufe in Hellblau<\/strong> geb\u00fchrend gefeiert wird. Nach der Taufe in der Kirche geht es mit den Paten und der Familie nach Hause oder in ein Restaurant, um gemeinsam sch\u00f6ne Stunden zu verbringen. Mit einer ganz bestimmten Person im Mittelpunkt: dem kleinen Baby.<br \/>Dieses bekommt von all dem Rummel und Trubel kaum etwas mit, verschl\u00e4ft vielleicht alles. Doch das ist egal, der Anlass ist besonders, schlie\u00dflich wird mit der Taufe der kleine Mensch Mitglied der Kirche, wird in die <strong>Glaubensgemeinschaft aufgenommen<\/strong>.<\/p>\n<p>\t\t\t\t\t\t\t\t\t\t\t\t<img decoding=\"async\" width=\"800\" height=\"560\" src=\"https:\/\/www.tafeldeko.de\/news\/wp-content\/uploads\/2016\/09\/taufe_blau.jpg\" alt=\"Tischdeko Taufe\" loading=\"lazy\" srcset=\"https:\/\/www.tafeldeko.de\/news\/wp-content\/uploads\/2016\/09\/taufe_blau.jpg 1000w, https:\/\/www.tafeldeko.de\/news\/wp-content\/uploads\/2016\/09\/taufe_blau-300x210.jpg 300w, https:\/\/www.tafeldeko.de\/news\/wp-content\/uploads\/2016\/09\/taufe_blau-768x538.jpg 768w, https:\/\/www.tafeldeko.de\/news\/wp-content\/uploads\/2016\/09\/taufe_blau-624x437.jpg 624w\" sizes=\"(max-width: 800px) 100vw, 800px\" \/>\t\t\t\t\t\t\t\t\t\t\t\t\t\t<\/p>\n<h2>Ideen f\u00fcr die <strong>Tischdeko Taufe<\/strong><\/h2>\n<p>Die Tischdeko Taufe soll die Feierlichkeit unterstreichen, soll gleichzeitig klar machen, welcher Mensch bei diesem Fest im Mittelpunkt steht. Aus diesem Grund pr\u00e4sentiert sich die <a href=\"https:\/\/www.tafeldeko.de\"><strong>Tischdekoration<\/strong><\/a> bei der Taufe oftmals sehr kindlich und verspielt.<br \/>Auch wenn die klassische Abstufung bei der Farbwahl \u2013 Hellblau f\u00fcr einen Jungen, Rosa f\u00fcr ein M\u00e4dchen \u2013 nicht mehr zeitgem\u00e4\u00df ist und durch andere Farben abgel\u00f6st wurde, sieht eine <strong>Tischdeko Taufe in Hellblau<\/strong> sehr sch\u00f6n aus.<br \/>Und vielleicht trifft unser Mustertisch Ihren Geschmack und Sie haben die passende Tischdekoration f\u00fcr die Taufe des kleinen Jungen gefunden.<br \/>Der Tisch zur Taufe strahlt in einem wundersch\u00f6nen Hellblau, etwas dunklere Elemente sorgen f\u00fcr <strong>einen harmonischen Kontrast<\/strong> \u2013 ebenso das Tischband Fripe in Cappuccino, das locker mit der Organza Rolle in T\u00fcrkis verschlungen, in der Tischmitte drapiert wird.<br \/>Accessoires wie die transparenten Babyschnuller in Hellblau, Babyfl\u00e4schchen in Hellblau als Streuteile, Keramik Baby Schuhe zur Taufe in Hellblau und Baby Junge vom Storch getragen setzen die \u201eTauf-Zeichen\u201c. Etwas Romantik darf auch bei dieser Tischdekoration nicht fehlen, von daher d\u00fcrfen auch hier etliche <strong>Kerzen<\/strong> arrangiert werden. Die Teelichthalter Keramik Herz mit Fl\u00fcgel in Taupe oder der Glas Kerzenteller rund mit einer Stumpenkerze Rustic in Taupe, lassen die Tafel festlich erstrahlen.<br \/>F\u00fcr weitere <strong>Akzente<\/strong> k\u00f6nnen das Arrangement mit dem Holztablett in der Tischmitte oder die Vase mit den Kunstblumen Hortensien sorgen.<\/p>\n<h2>Weitere Beitr\u00e4ge:<\/h2>\n<h2>Dekoartikel von A-Z<\/h2>\n<p>\t\t\t\t\t<a href=\"https:\/\/www.tafeldeko.de\/tischdeko-artikel\/\"><br \/>\n\t\t\t\t\t\tJetzt entdecken\t\t\t\t\t<\/a><\/p>\n","protected":false},"excerpt":{"rendered":"<p>Die Taufe ist f\u00fcr alle Beteiligten ein ganz besonderer Moment, der mit einer wundersch\u00f6n umrahmenden Tischdeko Taufe in Hellblau geb\u00fchrend gefeiert wird. Nach der Taufe in der Kirche geht es mit den Paten und der Familie nach Hause oder in ein Restaurant, um gemeinsam sch\u00f6ne Stunden zu verbringen. Mit einer ganz bestimmten Person im Mittelpunkt: [&hellip;]<\/p>\n","protected":false},"author":6,"featured_media":7477,"comment_status":"closed","ping_status":"closed","sticky":false,"template":"","format":"standard","meta":{"footnotes":""},"categories":[1],"tags":[],"yoast_head":"<!-- This site is optimized with the Yoast SEO plugin v20.4 - https:\/\/yoast.com\/wordpress\/plugins\/seo\/ -->\n<title>Tischdeko Taufe in Hellblau - Tafeldeko<\/title>\n<meta name=\"description\" content=\"Die Tischdeko Taufe in Hellblau soll die Feierlichkeit unterstreichen, soll gleichzeitig klar machen, welcher Mensch bei diesem Fest im ...\" \/>\n<meta name=\"robots\" content=\"index, follow, max-snippet:-1, max-image-preview:large, max-video-preview:-1\" \/>\n<link rel=\"canonical\" href=\"https:\/\/www.tafeldeko.de\/news\/tischdeko-taufe-in-hellblau\/\" \/>\n<meta property=\"og:locale\" content=\"de_DE\" \/>\n<meta property=\"og:type\" content=\"article\" \/>\n<meta property=\"og:title\" content=\"Tischdeko Taufe in Hellblau - Tafeldeko\" \/>\n<meta property=\"og:description\" content=\"Die Tischdeko Taufe in Hellblau soll die Feierlichkeit unterstreichen, soll gleichzeitig klar machen, welcher Mensch bei diesem Fest im ...\" \/>\n<meta property=\"og:url\" content=\"https:\/\/www.tafeldeko.de\/news\/tischdeko-taufe-in-hellblau\/\" \/>\n<meta property=\"og:site_name\" content=\"Tafeldeko\" \/>\n<meta property=\"article:publisher\" content=\"https:\/\/www.facebook.com\/pages\/Tafeldeko-einzigartige-Tischdekoration\/174202655894\" \/>\n<meta property=\"article:published_time\" content=\"2016-09-07T16:05:12+00:00\" \/>\n<meta property=\"article:modified_time\" content=\"2022-11-08T09:25:53+00:00\" \/>\n<meta property=\"og:image\" content=\"https:\/\/www.tafeldeko.de\/news\/wp-content\/uploads\/2016\/09\/taufe_blau.jpg\" \/>\n\t<meta property=\"og:image:width\" content=\"1000\" \/>\n\t<meta property=\"og:image:height\" content=\"700\" \/>\n\t<meta property=\"og:image:type\" content=\"image\/jpeg\" \/>\n<meta name=\"author\" content=\"Tafeldeko Deko Team\" \/>\n<meta name=\"twitter:label1\" content=\"Verfasst von\" \/>\n\t<meta name=\"twitter:data1\" content=\"Tafeldeko Deko Team\" \/>\n\t<meta name=\"twitter:label2\" content=\"Gesch\u00e4tzte Lesezeit\" \/>\n\t<meta name=\"twitter:data2\" content=\"4 Minuten\" \/>\n<script type=\"application\/ld+json\" class=\"yoast-schema-graph\">{\"@context\":\"https:\/\/schema.org\",\"@graph\":[{\"@type\":\"WebPage\",\"@id\":\"https:\/\/www.tafeldeko.de\/news\/tischdeko-taufe-in-hellblau\/\",\"url\":\"https:\/\/www.tafeldeko.de\/news\/tischdeko-taufe-in-hellblau\/\",\"name\":\"Tischdeko Taufe in Hellblau - Tafeldeko\",\"isPartOf\":{\"@id\":\"https:\/\/www.tafeldeko.de\/news\/#website\"},\"datePublished\":\"2016-09-07T16:05:12+00:00\",\"dateModified\":\"2022-11-08T09:25:53+00:00\",\"author\":{\"@id\":\"https:\/\/www.tafeldeko.de\/news\/#\/schema\/person\/dc309fbb6a3e380919fc08342c3cc233\"},\"description\":\"Die Tischdeko Taufe in Hellblau soll die Feierlichkeit unterstreichen, soll gleichzeitig klar machen, welcher Mensch bei diesem Fest im ...\",\"breadcrumb\":{\"@id\":\"https:\/\/www.tafeldeko.de\/news\/tischdeko-taufe-in-hellblau\/#breadcrumb\"},\"inLanguage\":\"de-DE\",\"potentialAction\":[{\"@type\":\"ReadAction\",\"target\":[\"https:\/\/www.tafeldeko.de\/news\/tischdeko-taufe-in-hellblau\/\"]}]},{\"@type\":\"BreadcrumbList\",\"@id\":\"https:\/\/www.tafeldeko.de\/news\/tischdeko-taufe-in-hellblau\/#breadcrumb\",\"itemListElement\":[{\"@type\":\"ListItem\",\"position\":1,\"name\":\"Tafeldeko\",\"item\":\"https:\/\/www.tafeldeko.de\/news\/\"},{\"@type\":\"ListItem\",\"position\":2,\"name\":\"Alte Beitr\u00e4ge\",\"item\":\"https:\/\/www.tafeldeko.de\/news\/alte-beitraege\/\"},{\"@type\":\"ListItem\",\"position\":3,\"name\":\"Tischdeko - Blog\",\"item\":\"https:\/\/www.tafeldeko.de\/news\/alte-beitraege\/tischdeko-blog\/\"},{\"@type\":\"ListItem\",\"position\":4,\"name\":\"Tischdeko Taufe in Hellblau\"}]},{\"@type\":\"WebSite\",\"@id\":\"https:\/\/www.tafeldeko.de\/news\/#website\",\"url\":\"https:\/\/www.tafeldeko.de\/news\/\",\"name\":\"Tafeldeko\",\"description\":\"Blog mit Tischdeko und Tischdekoration Ideen\",\"potentialAction\":[{\"@type\":\"SearchAction\",\"target\":{\"@type\":\"EntryPoint\",\"urlTemplate\":\"https:\/\/www.tafeldeko.de\/news\/?s={search_term_string}\"},\"query-input\":\"required name=search_term_string\"}],\"inLanguage\":\"de-DE\"},{\"@type\":\"Person\",\"@id\":\"https:\/\/www.tafeldeko.de\/news\/#\/schema\/person\/dc309fbb6a3e380919fc08342c3cc233\",\"name\":\"Tafeldeko Deko Team\",\"image\":{\"@type\":\"ImageObject\",\"inLanguage\":\"de-DE\",\"@id\":\"https:\/\/www.tafeldeko.de\/news\/#\/schema\/person\/image\/\",\"url\":\"https:\/\/secure.gravatar.com\/avatar\/1e962f4040dc9996f0d200db31598854?s=96&d=mm&r=g\",\"contentUrl\":\"https:\/\/secure.gravatar.com\/avatar\/1e962f4040dc9996f0d200db31598854?s=96&d=mm&r=g\",\"caption\":\"Tafeldeko Deko Team\"}}]}<\/script>\n<!-- \/ Yoast SEO plugin. -->","yoast_head_json":{"title":"Tischdeko Taufe in Hellblau - Tafeldeko","description":"Die Tischdeko Taufe in Hellblau soll die Feierlichkeit unterstreichen, soll gleichzeitig klar machen, welcher Mensch bei diesem Fest im ...","robots":{"index":"index","follow":"follow","max-snippet":"max-snippet:-1","max-image-preview":"max-image-preview:large","max-video-preview":"max-video-preview:-1"},"canonical":"https:\/\/www.tafeldeko.de\/news\/tischdeko-taufe-in-hellblau\/","og_locale":"de_DE","og_type":"article","og_title":"Tischdeko Taufe in Hellblau - Tafeldeko","og_description":"Die Tischdeko Taufe in Hellblau soll die Feierlichkeit unterstreichen, soll gleichzeitig klar machen, welcher Mensch bei diesem Fest im ...","og_url":"https:\/\/www.tafeldeko.de\/news\/tischdeko-taufe-in-hellblau\/","og_site_name":"Tafeldeko","article_publisher":"https:\/\/www.facebook.com\/pages\/Tafeldeko-einzigartige-Tischdekoration\/174202655894","article_published_time":"2016-09-07T16:05:12+00:00","article_modified_time":"2022-11-08T09:25:53+00:00","og_image":[{"width":1000,"height":700,"url":"https:\/\/www.tafeldeko.de\/news\/wp-content\/uploads\/2016\/09\/taufe_blau.jpg","type":"image\/jpeg"}],"author":"Tafeldeko Deko Team","twitter_misc":{"Verfasst von":"Tafeldeko Deko Team","Gesch\u00e4tzte Lesezeit":"4 Minuten"},"schema":{"@context":"https:\/\/schema.org","@graph":[{"@type":"WebPage","@id":"https:\/\/www.tafeldeko.de\/news\/tischdeko-taufe-in-hellblau\/","url":"https:\/\/www.tafeldeko.de\/news\/tischdeko-taufe-in-hellblau\/","name":"Tischdeko Taufe in Hellblau - Tafeldeko","isPartOf":{"@id":"https:\/\/www.tafeldeko.de\/news\/#website"},"datePublished":"2016-09-07T16:05:12+00:00","dateModified":"2022-11-08T09:25:53+00:00","author":{"@id":"https:\/\/www.tafeldeko.de\/news\/#\/schema\/person\/dc309fbb6a3e380919fc08342c3cc233"},"description":"Die Tischdeko Taufe in Hellblau soll die Feierlichkeit unterstreichen, soll gleichzeitig klar machen, welcher Mensch bei diesem Fest im ...","breadcrumb":{"@id":"https:\/\/www.tafeldeko.de\/news\/tischdeko-taufe-in-hellblau\/#breadcrumb"},"inLanguage":"de-DE","potentialAction":[{"@type":"ReadAction","target":["https:\/\/www.tafeldeko.de\/news\/tischdeko-taufe-in-hellblau\/"]}]},{"@type":"BreadcrumbList","@id":"https:\/\/www.tafeldeko.de\/news\/tischdeko-taufe-in-hellblau\/#breadcrumb","itemListElement":[{"@type":"ListItem","position":1,"name":"Tafeldeko","item":"https:\/\/www.tafeldeko.de\/news\/"},{"@type":"ListItem","position":2,"name":"Alte Beitr\u00e4ge","item":"https:\/\/www.tafeldeko.de\/news\/alte-beitraege\/"},{"@type":"ListItem","position":3,"name":"Tischdeko - Blog","item":"https:\/\/www.tafeldeko.de\/news\/alte-beitraege\/tischdeko-blog\/"},{"@type":"ListItem","position":4,"name":"Tischdeko Taufe in Hellblau"}]},{"@type":"WebSite","@id":"https:\/\/www.tafeldeko.de\/news\/#website","url":"https:\/\/www.tafeldeko.de\/news\/","name":"Tafeldeko","description":"Blog mit Tischdeko und Tischdekoration Ideen","potentialAction":[{"@type":"SearchAction","target":{"@type":"EntryPoint","urlTemplate":"https:\/\/www.tafeldeko.de\/news\/?s={search_term_string}"},"query-input":"required name=search_term_string"}],"inLanguage":"de-DE"},{"@type":"Person","@id":"https:\/\/www.tafeldeko.de\/news\/#\/schema\/person\/dc309fbb6a3e380919fc08342c3cc233","name":"Tafeldeko Deko Team","image":{"@type":"ImageObject","inLanguage":"de-DE","@id":"https:\/\/www.tafeldeko.de\/news\/#\/schema\/person\/image\/","url":"https:\/\/secure.gravatar.com\/avatar\/1e962f4040dc9996f0d200db31598854?s=96&d=mm&r=g","contentUrl":"https:\/\/secure.gravatar.com\/avatar\/1e962f4040dc9996f0d200db31598854?s=96&d=mm&r=g","caption":"Tafeldeko Deko Team"}}]}},"_links":{"self":[{"href":"https:\/\/www.tafeldeko.de\/news\/wp-json\/wp\/v2\/posts\/7476"}],"collection":[{"href":"https:\/\/www.tafeldeko.de\/news\/wp-json\/wp\/v2\/posts"}],"about":[{"href":"https:\/\/www.tafeldeko.de\/news\/wp-json\/wp\/v2\/types\/post"}],"author":[{"embeddable":true,"href":"https:\/\/www.tafeldeko.de\/news\/wp-json\/wp\/v2\/users\/6"}],"replies":[{"embeddable":true,"href":"https:\/\/www.tafeldeko.de\/news\/wp-json\/wp\/v2\/comments?post=7476"}],"version-history":[{"count":7,"href":"https:\/\/www.tafeldeko.de\/news\/wp-json\/wp\/v2\/posts\/7476\/revisions"}],"predecessor-version":[{"id":20537,"href":"https:\/\/www.tafeldeko.de\/news\/wp-json\/wp\/v2\/posts\/7476\/revisions\/20537"}],"wp:featuredmedia":[{"embeddable":true,"href":"https:\/\/www.tafeldeko.de\/news\/wp-json\/wp\/v2\/media\/7477"}],"wp:attachment":[{"href":"https:\/\/www.tafeldeko.de\/news\/wp-json\/wp\/v2\/media?parent=7476"}],"wp:term":[{"taxonomy":"category","embeddable":true,"href":"https:\/\/www.tafeldeko.de\/news\/wp-json\/wp\/v2\/categories?post=7476"},{"taxonomy":"post_tag","embeddable":true,"href":"https:\/\/www.tafeldeko.de\/news\/wp-json\/wp\/v2\/tags?post=7476"}],"curies":[{"name":"wp","href":"https:\/\/api.w.org\/{rel}","templated":true}]}}