{"id":7472,"date":"2016-09-01T08:27:52","date_gmt":"2016-09-01T06:27:52","guid":{"rendered":"http:\/\/www.tafeldeko.de\/news\/?p=7472"},"modified":"2016-09-09T08:30:13","modified_gmt":"2016-09-09T06:30:13","slug":"geburtstagswuensche-auf-schoene-art-aeussern","status":"publish","type":"post","link":"https:\/\/www.tafeldeko.de\/news\/geburtstagswuensche-auf-schoene-art-aeussern\/","title":{"rendered":"Geburtstagsw\u00fcnsche auf sch\u00f6ne Art \u00e4u\u00dfern"},"content":{"rendered":"<p><strong>Geburtstagsw\u00fcnsche<\/strong> sind die W\u00fcnsche, die Geburtstagskinder haben. Diese W\u00fcnsche werden entweder im Vorfeld m\u00fcndlich auf Nachfragen hin, ge\u00e4u\u00dfert oder vielleicht mit der Einladung zur Geburtstagsfeier \u00fcberreicht. Letztere Variante bietet sich an, wenn ein runder Geburtstag auf dem Terminkalender steht. Dieser wird in der Regel etwas gr\u00f6\u00dfer gefeiert und die eingeladenen G\u00e4ste sind oftmals dankbar, wenn sie einen Geburtstagswunsch mitgeteilt bekommen.<\/p>\n<h2>Die Geburtstagsw\u00fcnsche des Geburtstagskindes<\/h2>\n<p>Nat\u00fcrlich ist nicht jedes Geburtstagskind davon begeistert, seine Geburtstagsw\u00fcnsche auf der Einladung mitzuteilen. Die Geburtstagsw\u00fcnsche zu \u00e4u\u00dfern, hat f\u00fcr manche einen faden Beigeschmack, vor allem dann, wenn man mit der Einladung dann sozusagen mit der T\u00fcr ins Haus f\u00e4llt. Dabei ist das gar nicht notwendig, denn die G\u00e4ste sind froh, wenn ihnen einige Ideen in punkto <strong>Geburtstagsgeschenke<\/strong> geliefert werden. Und selbst wenn der ge\u00e4u\u00dferte Geburtstagswunsch \u201eGeld\u201c ist, auch dieses kann wundersch\u00f6n verpackt werden.<br \/>\nUnd dann kommt es ja darauf an, wie man die Geburtstagsw\u00fcnsche mitteilt. Nach dem Motto \u201esch\u00f6n verpackt\u201c k\u00f6nnen die W\u00fcnsche zum Geburtstag in kleinen, netten Versen und Reimen die Einladungskarte zieren.<br \/>\nWenn da ein kleiner, netter Vers zu lesen ist, dann sagt bestimmt niemand von den G\u00e4sten nein.<br \/>\nM\u00f6chte das Geburtstagskind zum Beispiel ein <strong>e-Bike<\/strong>, k\u00f6nnte der kleine Vers so aussehen:<\/p>\n<p><em>\u201eMein Wunsch ist ziemlich gro\u00df und recht teuer,<\/em><br \/>\n<em> hat zwei R\u00e4der und ein Steuer,<\/em><br \/>\n<em> hat nen Akku und Pedale,<\/em><br \/>\n<em> habs schon getestet einige Male.<\/em><br \/>\n<em> Doch ein eigenes m\u00f6chte ich nun besitzen,<\/em><br \/>\n<em> und damit durch die Lande flitzen.<\/em><br \/>\n<em> Ich w\u00fcrde mich sehr dar\u00fcber freun,<\/em><br \/>\n<em> w\u00fcrdet ihr paar Euro dazu steu\u2019rn.\u201c<\/em><\/p>\n<p>So in etwa k\u00f6nnen die W\u00fcnsche sch\u00f6n umschrieben auf der Einladung platziert werden. Dadurch haben die G\u00e4ste einen Anhaltspunkt, was sich das Geburtstagskind w\u00fcnscht und k\u00f6nnen sich daran orientieren. Auch wenn <strong>Geldgeschenke<\/strong> einen etwas unpers\u00f6nlichen Charakter haben, sch\u00f6n verpackt, sind sie alles andere als das.<br \/>\nEine Idee zum Geld verschenken: kaufen Sie ein Spielzeugfahrrad und befestigen Sie daran das Geld \u2013 ein tolles und vor allen Dingen passendes Geldgeschenk zum Geburtstag.<\/p>\n","protected":false},"excerpt":{"rendered":"<p>Geburtstagsw\u00fcnsche sind die W\u00fcnsche, die Geburtstagskinder haben. Diese W\u00fcnsche werden entweder im Vorfeld m\u00fcndlich auf Nachfragen hin, ge\u00e4u\u00dfert oder vielleicht mit der Einladung zur Geburtstagsfeier \u00fcberreicht. Letztere Variante bietet sich an, wenn ein runder Geburtstag auf dem Terminkalender steht. Dieser wird in der Regel etwas gr\u00f6\u00dfer gefeiert und die eingeladenen G\u00e4ste sind oftmals dankbar, wenn [&hellip;]<\/p>\n","protected":false},"author":6,"featured_media":0,"comment_status":"closed","ping_status":"closed","sticky":false,"template":"","format":"standard","meta":{"footnotes":""},"categories":[1],"tags":[],"yoast_head":"<!-- This site is optimized with the Yoast SEO plugin v20.4 - https:\/\/yoast.com\/wordpress\/plugins\/seo\/ -->\n<title>Geburtstagsw\u00fcnsche auf sch\u00f6ne Art \u00e4u\u00dfern - Tafeldeko<\/title>\n<meta name=\"description\" content=\"Geburtstagsw\u00fcnsche d\u00fcrfen gerne auf der Einladung zum Geburtstag ge\u00e4u\u00dfert werden. Dies ist f\u00fcr die G\u00e4ste hilfreich und ein guter Ansatzpunkt.\" \/>\n<meta name=\"robots\" content=\"index, follow, max-snippet:-1, max-image-preview:large, max-video-preview:-1\" \/>\n<link rel=\"canonical\" href=\"https:\/\/www.tafeldeko.de\/news\/geburtstagswuensche-auf-schoene-art-aeussern\/\" \/>\n<meta property=\"og:locale\" content=\"de_DE\" \/>\n<meta property=\"og:type\" content=\"article\" \/>\n<meta property=\"og:title\" content=\"Geburtstagsw\u00fcnsche auf sch\u00f6ne Art \u00e4u\u00dfern - Tafeldeko\" \/>\n<meta property=\"og:description\" content=\"Geburtstagsw\u00fcnsche d\u00fcrfen gerne auf der Einladung zum Geburtstag ge\u00e4u\u00dfert werden. Dies ist f\u00fcr die G\u00e4ste hilfreich und ein guter Ansatzpunkt.\" \/>\n<meta property=\"og:url\" content=\"https:\/\/www.tafeldeko.de\/news\/geburtstagswuensche-auf-schoene-art-aeussern\/\" \/>\n<meta property=\"og:site_name\" content=\"Tafeldeko\" \/>\n<meta property=\"article:publisher\" content=\"https:\/\/www.facebook.com\/pages\/Tafeldeko-einzigartige-Tischdekoration\/174202655894\" \/>\n<meta property=\"article:published_time\" content=\"2016-09-01T06:27:52+00:00\" \/>\n<meta property=\"article:modified_time\" content=\"2016-09-09T06:30:13+00:00\" \/>\n<meta name=\"author\" content=\"Tafeldeko Deko Team\" \/>\n<meta name=\"twitter:label1\" content=\"Verfasst von\" \/>\n\t<meta name=\"twitter:data1\" content=\"Tafeldeko Deko Team\" \/>\n\t<meta name=\"twitter:label2\" content=\"Gesch\u00e4tzte Lesezeit\" \/>\n\t<meta name=\"twitter:data2\" content=\"2 Minuten\" \/>\n<script type=\"application\/ld+json\" class=\"yoast-schema-graph\">{\"@context\":\"https:\/\/schema.org\",\"@graph\":[{\"@type\":\"WebPage\",\"@id\":\"https:\/\/www.tafeldeko.de\/news\/geburtstagswuensche-auf-schoene-art-aeussern\/\",\"url\":\"https:\/\/www.tafeldeko.de\/news\/geburtstagswuensche-auf-schoene-art-aeussern\/\",\"name\":\"Geburtstagsw\u00fcnsche auf sch\u00f6ne Art \u00e4u\u00dfern - Tafeldeko\",\"isPartOf\":{\"@id\":\"https:\/\/www.tafeldeko.de\/news\/#website\"},\"datePublished\":\"2016-09-01T06:27:52+00:00\",\"dateModified\":\"2016-09-09T06:30:13+00:00\",\"author\":{\"@id\":\"https:\/\/www.tafeldeko.de\/news\/#\/schema\/person\/dc309fbb6a3e380919fc08342c3cc233\"},\"description\":\"Geburtstagsw\u00fcnsche d\u00fcrfen gerne auf der Einladung zum Geburtstag ge\u00e4u\u00dfert werden. Dies ist f\u00fcr die G\u00e4ste hilfreich und ein guter Ansatzpunkt.\",\"breadcrumb\":{\"@id\":\"https:\/\/www.tafeldeko.de\/news\/geburtstagswuensche-auf-schoene-art-aeussern\/#breadcrumb\"},\"inLanguage\":\"de-DE\",\"potentialAction\":[{\"@type\":\"ReadAction\",\"target\":[\"https:\/\/www.tafeldeko.de\/news\/geburtstagswuensche-auf-schoene-art-aeussern\/\"]}]},{\"@type\":\"BreadcrumbList\",\"@id\":\"https:\/\/www.tafeldeko.de\/news\/geburtstagswuensche-auf-schoene-art-aeussern\/#breadcrumb\",\"itemListElement\":[{\"@type\":\"ListItem\",\"position\":1,\"name\":\"Tafeldeko\",\"item\":\"https:\/\/www.tafeldeko.de\/news\/\"},{\"@type\":\"ListItem\",\"position\":2,\"name\":\"Alte Beitr\u00e4ge\",\"item\":\"https:\/\/www.tafeldeko.de\/news\/alte-beitraege\/\"},{\"@type\":\"ListItem\",\"position\":3,\"name\":\"Tischdeko - Blog\",\"item\":\"https:\/\/www.tafeldeko.de\/news\/alte-beitraege\/tischdeko-blog\/\"},{\"@type\":\"ListItem\",\"position\":4,\"name\":\"Geburtstagsw\u00fcnsche auf sch\u00f6ne Art \u00e4u\u00dfern\"}]},{\"@type\":\"WebSite\",\"@id\":\"https:\/\/www.tafeldeko.de\/news\/#website\",\"url\":\"https:\/\/www.tafeldeko.de\/news\/\",\"name\":\"Tafeldeko\",\"description\":\"Blog mit Tischdeko und Tischdekoration Ideen\",\"potentialAction\":[{\"@type\":\"SearchAction\",\"target\":{\"@type\":\"EntryPoint\",\"urlTemplate\":\"https:\/\/www.tafeldeko.de\/news\/?s={search_term_string}\"},\"query-input\":\"required name=search_term_string\"}],\"inLanguage\":\"de-DE\"},{\"@type\":\"Person\",\"@id\":\"https:\/\/www.tafeldeko.de\/news\/#\/schema\/person\/dc309fbb6a3e380919fc08342c3cc233\",\"name\":\"Tafeldeko Deko Team\",\"image\":{\"@type\":\"ImageObject\",\"inLanguage\":\"de-DE\",\"@id\":\"https:\/\/www.tafeldeko.de\/news\/#\/schema\/person\/image\/\",\"url\":\"https:\/\/secure.gravatar.com\/avatar\/1e962f4040dc9996f0d200db31598854?s=96&d=mm&r=g\",\"contentUrl\":\"https:\/\/secure.gravatar.com\/avatar\/1e962f4040dc9996f0d200db31598854?s=96&d=mm&r=g\",\"caption\":\"Tafeldeko Deko Team\"}}]}<\/script>\n<!-- \/ Yoast SEO plugin. -->","yoast_head_json":{"title":"Geburtstagsw\u00fcnsche auf sch\u00f6ne Art \u00e4u\u00dfern - Tafeldeko","description":"Geburtstagsw\u00fcnsche d\u00fcrfen gerne auf der Einladung zum Geburtstag ge\u00e4u\u00dfert werden. Dies ist f\u00fcr die G\u00e4ste hilfreich und ein guter Ansatzpunkt.","robots":{"index":"index","follow":"follow","max-snippet":"max-snippet:-1","max-image-preview":"max-image-preview:large","max-video-preview":"max-video-preview:-1"},"canonical":"https:\/\/www.tafeldeko.de\/news\/geburtstagswuensche-auf-schoene-art-aeussern\/","og_locale":"de_DE","og_type":"article","og_title":"Geburtstagsw\u00fcnsche auf sch\u00f6ne Art \u00e4u\u00dfern - Tafeldeko","og_description":"Geburtstagsw\u00fcnsche d\u00fcrfen gerne auf der Einladung zum Geburtstag ge\u00e4u\u00dfert werden. Dies ist f\u00fcr die G\u00e4ste hilfreich und ein guter Ansatzpunkt.","og_url":"https:\/\/www.tafeldeko.de\/news\/geburtstagswuensche-auf-schoene-art-aeussern\/","og_site_name":"Tafeldeko","article_publisher":"https:\/\/www.facebook.com\/pages\/Tafeldeko-einzigartige-Tischdekoration\/174202655894","article_published_time":"2016-09-01T06:27:52+00:00","article_modified_time":"2016-09-09T06:30:13+00:00","author":"Tafeldeko Deko Team","twitter_misc":{"Verfasst von":"Tafeldeko Deko Team","Gesch\u00e4tzte Lesezeit":"2 Minuten"},"schema":{"@context":"https:\/\/schema.org","@graph":[{"@type":"WebPage","@id":"https:\/\/www.tafeldeko.de\/news\/geburtstagswuensche-auf-schoene-art-aeussern\/","url":"https:\/\/www.tafeldeko.de\/news\/geburtstagswuensche-auf-schoene-art-aeussern\/","name":"Geburtstagsw\u00fcnsche auf sch\u00f6ne Art \u00e4u\u00dfern - Tafeldeko","isPartOf":{"@id":"https:\/\/www.tafeldeko.de\/news\/#website"},"datePublished":"2016-09-01T06:27:52+00:00","dateModified":"2016-09-09T06:30:13+00:00","author":{"@id":"https:\/\/www.tafeldeko.de\/news\/#\/schema\/person\/dc309fbb6a3e380919fc08342c3cc233"},"description":"Geburtstagsw\u00fcnsche d\u00fcrfen gerne auf der Einladung zum Geburtstag ge\u00e4u\u00dfert werden. Dies ist f\u00fcr die G\u00e4ste hilfreich und ein guter Ansatzpunkt.","breadcrumb":{"@id":"https:\/\/www.tafeldeko.de\/news\/geburtstagswuensche-auf-schoene-art-aeussern\/#breadcrumb"},"inLanguage":"de-DE","potentialAction":[{"@type":"ReadAction","target":["https:\/\/www.tafeldeko.de\/news\/geburtstagswuensche-auf-schoene-art-aeussern\/"]}]},{"@type":"BreadcrumbList","@id":"https:\/\/www.tafeldeko.de\/news\/geburtstagswuensche-auf-schoene-art-aeussern\/#breadcrumb","itemListElement":[{"@type":"ListItem","position":1,"name":"Tafeldeko","item":"https:\/\/www.tafeldeko.de\/news\/"},{"@type":"ListItem","position":2,"name":"Alte Beitr\u00e4ge","item":"https:\/\/www.tafeldeko.de\/news\/alte-beitraege\/"},{"@type":"ListItem","position":3,"name":"Tischdeko - Blog","item":"https:\/\/www.tafeldeko.de\/news\/alte-beitraege\/tischdeko-blog\/"},{"@type":"ListItem","position":4,"name":"Geburtstagsw\u00fcnsche auf sch\u00f6ne Art \u00e4u\u00dfern"}]},{"@type":"WebSite","@id":"https:\/\/www.tafeldeko.de\/news\/#website","url":"https:\/\/www.tafeldeko.de\/news\/","name":"Tafeldeko","description":"Blog mit Tischdeko und Tischdekoration Ideen","potentialAction":[{"@type":"SearchAction","target":{"@type":"EntryPoint","urlTemplate":"https:\/\/www.tafeldeko.de\/news\/?s={search_term_string}"},"query-input":"required name=search_term_string"}],"inLanguage":"de-DE"},{"@type":"Person","@id":"https:\/\/www.tafeldeko.de\/news\/#\/schema\/person\/dc309fbb6a3e380919fc08342c3cc233","name":"Tafeldeko Deko Team","image":{"@type":"ImageObject","inLanguage":"de-DE","@id":"https:\/\/www.tafeldeko.de\/news\/#\/schema\/person\/image\/","url":"https:\/\/secure.gravatar.com\/avatar\/1e962f4040dc9996f0d200db31598854?s=96&d=mm&r=g","contentUrl":"https:\/\/secure.gravatar.com\/avatar\/1e962f4040dc9996f0d200db31598854?s=96&d=mm&r=g","caption":"Tafeldeko Deko Team"}}]}},"_links":{"self":[{"href":"https:\/\/www.tafeldeko.de\/news\/wp-json\/wp\/v2\/posts\/7472"}],"collection":[{"href":"https:\/\/www.tafeldeko.de\/news\/wp-json\/wp\/v2\/posts"}],"about":[{"href":"https:\/\/www.tafeldeko.de\/news\/wp-json\/wp\/v2\/types\/post"}],"author":[{"embeddable":true,"href":"https:\/\/www.tafeldeko.de\/news\/wp-json\/wp\/v2\/users\/6"}],"replies":[{"embeddable":true,"href":"https:\/\/www.tafeldeko.de\/news\/wp-json\/wp\/v2\/comments?post=7472"}],"version-history":[{"count":1,"href":"https:\/\/www.tafeldeko.de\/news\/wp-json\/wp\/v2\/posts\/7472\/revisions"}],"predecessor-version":[{"id":7473,"href":"https:\/\/www.tafeldeko.de\/news\/wp-json\/wp\/v2\/posts\/7472\/revisions\/7473"}],"wp:attachment":[{"href":"https:\/\/www.tafeldeko.de\/news\/wp-json\/wp\/v2\/media?parent=7472"}],"wp:term":[{"taxonomy":"category","embeddable":true,"href":"https:\/\/www.tafeldeko.de\/news\/wp-json\/wp\/v2\/categories?post=7472"},{"taxonomy":"post_tag","embeddable":true,"href":"https:\/\/www.tafeldeko.de\/news\/wp-json\/wp\/v2\/tags?post=7472"}],"curies":[{"name":"wp","href":"https:\/\/api.w.org\/{rel}","templated":true}]}}