{"id":7461,"date":"2016-09-02T10:07:43","date_gmt":"2016-09-02T08:07:43","guid":{"rendered":"http:\/\/www.tafeldeko.de\/news\/?p=7461"},"modified":"2022-11-08T10:30:20","modified_gmt":"2022-11-08T09:30:20","slug":"tischdeko-herbst-so-schoen","status":"publish","type":"post","link":"https:\/\/www.tafeldeko.de\/news\/tischdeko-herbst-so-schoen\/","title":{"rendered":"Tischdeko Herbst \u2013 so sch\u00f6n"},"content":{"rendered":"<p>Die <strong>Tischdeko Herbst<\/strong> \u2013 mit ihr haben Sie die M\u00f6glichkeit, sich die pure Freude und Natur auf den Tisch zu holen. Es stimmt nicht, dass der Herbst grau und trist sein muss \u2013 vielleicht drau\u00dfen, aber auf keinem Fall drinnen in der Wohnung. Im Innenbereich, beispielsweise auf dem Tisch, zeigt sich der Herbst von seiner farbenfrohen und pr\u00e4chtigen Seite \u2013 Oranget\u00f6ne, Braunt\u00f6ne und Gelbt\u00f6ne versprechen <strong>ein buntes Stelldichein<\/strong> im Herbst.<\/p>\n<p><img decoding=\"async\" loading=\"lazy\" src=\"https:\/\/www.tafeldeko.de\/news\/wp-content\/uploads\/2017\/09\/tischdeko-erntedank.jpg\" sizes=\"(max-width: 800px) 100vw, 800px\" srcset=\"https:\/\/www.tafeldeko.de\/news\/wp-content\/uploads\/2017\/09\/tischdeko-erntedank.jpg 1000w, https:\/\/www.tafeldeko.de\/news\/wp-content\/uploads\/2017\/09\/tischdeko-erntedank-300x210.jpg 300w, https:\/\/www.tafeldeko.de\/news\/wp-content\/uploads\/2017\/09\/tischdeko-erntedank-768x538.jpg 768w, https:\/\/www.tafeldeko.de\/news\/wp-content\/uploads\/2017\/09\/tischdeko-erntedank-624x437.jpg 624w\" alt=\"Herbst Tischdeko\" width=\"800\" height=\"560\" \/><\/p>\n<h2>Eine wundersch\u00f6ne Tischdeko Herbst<\/h2>\n<p>Auf unserem Mustertisch haben wir wohl so ziemlich alle Farben des Herbstes arrangiert. Ein buntes Allerlei ist das Ergebnis, das auch Ihren Tisch anl\u00e4sslich der n\u00e4chsten Feier schm\u00fccken kann.<br \/>\nBei dieser <a href=\"https:\/\/www.tafeldeko.de\"><strong>Tischdeko<\/strong><\/a> Herbst setzen wir auf ganz viele Elemente, die wir auf dem Tisch arrangieren. So finden Sie die Keramik Deko \u00c4pfel in Orange-Rot in verschiedenen Gr\u00f6\u00dfen, Deko K\u00fcrbisse aus Keramik, Physalis Lampionblumen Herbst, Sonnenblumen als Streudeko, kleine Deko K\u00fcrbisse, Ahornlaub Streu in Gr\u00fcn\/Orange\/Rot, Deko \u00c4pfel am Draht f\u00fcr Adventskr\u00e4nze und Gestecke, bunte Filz Bl\u00e4tter mit Klebepunkten und diverse <strong>Dekofiguren<\/strong> Apfelkind und Vogelscheuchen. All diese Accessoires haben wir auf dem Jute Tischl\u00e4ufer in Natur, den wir l\u00e4ngs \u00fcber die Tischmitte aufgelegt haben, arrangiert. Um dem Tisch etwas Abwechslung und einen h\u00f6heren <strong>Hingucker<\/strong> zu verleihen, stellen wir Sonnenblumen in eine hohe Vase, die wir in einen Birkenreisig Flechten Kranz gestellt haben. Schnell kreiert mit toller Wirkung.<br \/>\nAuch herbstlich geht es bei den <strong>Servietten<\/strong> weiter. Die Duni Dunilin Premiumservietten in Honey werden mit den Servietten Herbst K\u00fcrbisse zusammengelegt. So erhalten Sie an den Sitzpl\u00e4tzen Ihrer G\u00e4ste einen weiteren, sch\u00f6nen Hingucker. Die Tischkarten mit Herbstlaub verraten Ihren G\u00e4sten, wo sie ihren Platz einnehmen d\u00fcrfen.<br \/>\nDie Tischdeko Herbst kommt nat\u00fcrlich nicht ohne <strong>Kerzen<\/strong> aus. Bei diesem Mustertisch haben wir Ihnen verschiedene Kerzen und Kerzengl\u00e4ser als Anregung arrangiert. Sie k\u00f6nnen entweder die Stumpenkerze Rustic in Orange, durchgef\u00e4rbt auf dem Kerzenteller, Tablett dicke Holzscheibe aufstellen oder mit den Herbst Windlicht mit Eulen Optik in Safran f\u00fcr die leuchtenden Akzente sorgen.<br \/>\nEine Tischdeko Herbst, wie sie bunter und sch\u00f6ner nicht sein kann.<\/p>\n<h2>Weitere Beitr\u00e4ge:<\/h2>\n<h2>Dekoartikel von A-Z<\/h2>\n<p><a href=\"https:\/\/www.tafeldeko.de\/tischdeko-artikel\/\"><br \/>\nJetzt entdecken <\/a><\/p>\n","protected":false},"excerpt":{"rendered":"<p>Die Tischdeko Herbst \u2013 mit ihr haben Sie die M\u00f6glichkeit, sich die pure Freude und Natur auf den Tisch zu holen. Es stimmt nicht, dass der Herbst grau und trist sein muss \u2013 vielleicht drau\u00dfen, aber auf keinem Fall drinnen in der Wohnung. Im Innenbereich, beispielsweise auf dem Tisch, zeigt sich der Herbst von seiner [&hellip;]<\/p>\n","protected":false},"author":6,"featured_media":7462,"comment_status":"closed","ping_status":"closed","sticky":false,"template":"","format":"standard","meta":{"footnotes":""},"categories":[1],"tags":[],"yoast_head":"<!-- This site is optimized with the Yoast SEO plugin v20.4 - https:\/\/yoast.com\/wordpress\/plugins\/seo\/ -->\n<title>Tischdeko Herbst \u2013 so sch\u00f6n - Tafeldeko<\/title>\n<meta name=\"description\" content=\"Bei dieser Tischdeko Herbst setzen wir auf ganz viele bunte, herbstliche Elemente, die dem Tisch das ganz besondere Etwas verleihen.\" \/>\n<meta name=\"robots\" content=\"index, follow, max-snippet:-1, max-image-preview:large, max-video-preview:-1\" \/>\n<link rel=\"canonical\" href=\"https:\/\/www.tafeldeko.de\/news\/tischdeko-herbst-so-schoen\/\" \/>\n<meta property=\"og:locale\" content=\"de_DE\" \/>\n<meta property=\"og:type\" content=\"article\" \/>\n<meta property=\"og:title\" content=\"Tischdeko Herbst \u2013 so sch\u00f6n - Tafeldeko\" \/>\n<meta property=\"og:description\" content=\"Bei dieser Tischdeko Herbst setzen wir auf ganz viele bunte, herbstliche Elemente, die dem Tisch das ganz besondere Etwas verleihen.\" \/>\n<meta property=\"og:url\" content=\"https:\/\/www.tafeldeko.de\/news\/tischdeko-herbst-so-schoen\/\" \/>\n<meta property=\"og:site_name\" content=\"Tafeldeko\" \/>\n<meta property=\"article:publisher\" content=\"https:\/\/www.facebook.com\/pages\/Tafeldeko-einzigartige-Tischdekoration\/174202655894\" \/>\n<meta property=\"article:published_time\" content=\"2016-09-02T08:07:43+00:00\" \/>\n<meta property=\"article:modified_time\" content=\"2022-11-08T09:30:20+00:00\" \/>\n<meta property=\"og:image\" content=\"https:\/\/www.tafeldeko.de\/news\/wp-content\/uploads\/2016\/09\/herbst_kuerbis.jpg\" \/>\n\t<meta property=\"og:image:width\" content=\"1000\" \/>\n\t<meta property=\"og:image:height\" content=\"700\" \/>\n\t<meta property=\"og:image:type\" content=\"image\/jpeg\" \/>\n<meta name=\"author\" content=\"Tafeldeko Deko Team\" \/>\n<meta name=\"twitter:label1\" content=\"Verfasst von\" \/>\n\t<meta name=\"twitter:data1\" content=\"Tafeldeko Deko Team\" \/>\n\t<meta name=\"twitter:label2\" content=\"Gesch\u00e4tzte Lesezeit\" \/>\n\t<meta name=\"twitter:data2\" content=\"3 Minuten\" \/>\n<script type=\"application\/ld+json\" class=\"yoast-schema-graph\">{\"@context\":\"https:\/\/schema.org\",\"@graph\":[{\"@type\":\"WebPage\",\"@id\":\"https:\/\/www.tafeldeko.de\/news\/tischdeko-herbst-so-schoen\/\",\"url\":\"https:\/\/www.tafeldeko.de\/news\/tischdeko-herbst-so-schoen\/\",\"name\":\"Tischdeko Herbst \u2013 so sch\u00f6n - Tafeldeko\",\"isPartOf\":{\"@id\":\"https:\/\/www.tafeldeko.de\/news\/#website\"},\"datePublished\":\"2016-09-02T08:07:43+00:00\",\"dateModified\":\"2022-11-08T09:30:20+00:00\",\"author\":{\"@id\":\"https:\/\/www.tafeldeko.de\/news\/#\/schema\/person\/dc309fbb6a3e380919fc08342c3cc233\"},\"description\":\"Bei dieser Tischdeko Herbst setzen wir auf ganz viele bunte, herbstliche Elemente, die dem Tisch das ganz besondere Etwas verleihen.\",\"breadcrumb\":{\"@id\":\"https:\/\/www.tafeldeko.de\/news\/tischdeko-herbst-so-schoen\/#breadcrumb\"},\"inLanguage\":\"de-DE\",\"potentialAction\":[{\"@type\":\"ReadAction\",\"target\":[\"https:\/\/www.tafeldeko.de\/news\/tischdeko-herbst-so-schoen\/\"]}]},{\"@type\":\"BreadcrumbList\",\"@id\":\"https:\/\/www.tafeldeko.de\/news\/tischdeko-herbst-so-schoen\/#breadcrumb\",\"itemListElement\":[{\"@type\":\"ListItem\",\"position\":1,\"name\":\"Tafeldeko\",\"item\":\"https:\/\/www.tafeldeko.de\/news\/\"},{\"@type\":\"ListItem\",\"position\":2,\"name\":\"Alte Beitr\u00e4ge\",\"item\":\"https:\/\/www.tafeldeko.de\/news\/alte-beitraege\/\"},{\"@type\":\"ListItem\",\"position\":3,\"name\":\"Tischdeko - Blog\",\"item\":\"https:\/\/www.tafeldeko.de\/news\/alte-beitraege\/tischdeko-blog\/\"},{\"@type\":\"ListItem\",\"position\":4,\"name\":\"Tischdeko Herbst \u2013 so sch\u00f6n\"}]},{\"@type\":\"WebSite\",\"@id\":\"https:\/\/www.tafeldeko.de\/news\/#website\",\"url\":\"https:\/\/www.tafeldeko.de\/news\/\",\"name\":\"Tafeldeko\",\"description\":\"Blog mit Tischdeko und Tischdekoration Ideen\",\"potentialAction\":[{\"@type\":\"SearchAction\",\"target\":{\"@type\":\"EntryPoint\",\"urlTemplate\":\"https:\/\/www.tafeldeko.de\/news\/?s={search_term_string}\"},\"query-input\":\"required name=search_term_string\"}],\"inLanguage\":\"de-DE\"},{\"@type\":\"Person\",\"@id\":\"https:\/\/www.tafeldeko.de\/news\/#\/schema\/person\/dc309fbb6a3e380919fc08342c3cc233\",\"name\":\"Tafeldeko Deko Team\",\"image\":{\"@type\":\"ImageObject\",\"inLanguage\":\"de-DE\",\"@id\":\"https:\/\/www.tafeldeko.de\/news\/#\/schema\/person\/image\/\",\"url\":\"https:\/\/secure.gravatar.com\/avatar\/1e962f4040dc9996f0d200db31598854?s=96&d=mm&r=g\",\"contentUrl\":\"https:\/\/secure.gravatar.com\/avatar\/1e962f4040dc9996f0d200db31598854?s=96&d=mm&r=g\",\"caption\":\"Tafeldeko Deko Team\"}}]}<\/script>\n<!-- \/ Yoast SEO plugin. -->","yoast_head_json":{"title":"Tischdeko Herbst \u2013 so sch\u00f6n - Tafeldeko","description":"Bei dieser Tischdeko Herbst setzen wir auf ganz viele bunte, herbstliche Elemente, die dem Tisch das ganz besondere Etwas verleihen.","robots":{"index":"index","follow":"follow","max-snippet":"max-snippet:-1","max-image-preview":"max-image-preview:large","max-video-preview":"max-video-preview:-1"},"canonical":"https:\/\/www.tafeldeko.de\/news\/tischdeko-herbst-so-schoen\/","og_locale":"de_DE","og_type":"article","og_title":"Tischdeko Herbst \u2013 so sch\u00f6n - Tafeldeko","og_description":"Bei dieser Tischdeko Herbst setzen wir auf ganz viele bunte, herbstliche Elemente, die dem Tisch das ganz besondere Etwas verleihen.","og_url":"https:\/\/www.tafeldeko.de\/news\/tischdeko-herbst-so-schoen\/","og_site_name":"Tafeldeko","article_publisher":"https:\/\/www.facebook.com\/pages\/Tafeldeko-einzigartige-Tischdekoration\/174202655894","article_published_time":"2016-09-02T08:07:43+00:00","article_modified_time":"2022-11-08T09:30:20+00:00","og_image":[{"width":1000,"height":700,"url":"https:\/\/www.tafeldeko.de\/news\/wp-content\/uploads\/2016\/09\/herbst_kuerbis.jpg","type":"image\/jpeg"}],"author":"Tafeldeko Deko Team","twitter_misc":{"Verfasst von":"Tafeldeko Deko Team","Gesch\u00e4tzte Lesezeit":"3 Minuten"},"schema":{"@context":"https:\/\/schema.org","@graph":[{"@type":"WebPage","@id":"https:\/\/www.tafeldeko.de\/news\/tischdeko-herbst-so-schoen\/","url":"https:\/\/www.tafeldeko.de\/news\/tischdeko-herbst-so-schoen\/","name":"Tischdeko Herbst \u2013 so sch\u00f6n - Tafeldeko","isPartOf":{"@id":"https:\/\/www.tafeldeko.de\/news\/#website"},"datePublished":"2016-09-02T08:07:43+00:00","dateModified":"2022-11-08T09:30:20+00:00","author":{"@id":"https:\/\/www.tafeldeko.de\/news\/#\/schema\/person\/dc309fbb6a3e380919fc08342c3cc233"},"description":"Bei dieser Tischdeko Herbst setzen wir auf ganz viele bunte, herbstliche Elemente, die dem Tisch das ganz besondere Etwas verleihen.","breadcrumb":{"@id":"https:\/\/www.tafeldeko.de\/news\/tischdeko-herbst-so-schoen\/#breadcrumb"},"inLanguage":"de-DE","potentialAction":[{"@type":"ReadAction","target":["https:\/\/www.tafeldeko.de\/news\/tischdeko-herbst-so-schoen\/"]}]},{"@type":"BreadcrumbList","@id":"https:\/\/www.tafeldeko.de\/news\/tischdeko-herbst-so-schoen\/#breadcrumb","itemListElement":[{"@type":"ListItem","position":1,"name":"Tafeldeko","item":"https:\/\/www.tafeldeko.de\/news\/"},{"@type":"ListItem","position":2,"name":"Alte Beitr\u00e4ge","item":"https:\/\/www.tafeldeko.de\/news\/alte-beitraege\/"},{"@type":"ListItem","position":3,"name":"Tischdeko - Blog","item":"https:\/\/www.tafeldeko.de\/news\/alte-beitraege\/tischdeko-blog\/"},{"@type":"ListItem","position":4,"name":"Tischdeko Herbst \u2013 so sch\u00f6n"}]},{"@type":"WebSite","@id":"https:\/\/www.tafeldeko.de\/news\/#website","url":"https:\/\/www.tafeldeko.de\/news\/","name":"Tafeldeko","description":"Blog mit Tischdeko und Tischdekoration Ideen","potentialAction":[{"@type":"SearchAction","target":{"@type":"EntryPoint","urlTemplate":"https:\/\/www.tafeldeko.de\/news\/?s={search_term_string}"},"query-input":"required name=search_term_string"}],"inLanguage":"de-DE"},{"@type":"Person","@id":"https:\/\/www.tafeldeko.de\/news\/#\/schema\/person\/dc309fbb6a3e380919fc08342c3cc233","name":"Tafeldeko Deko Team","image":{"@type":"ImageObject","inLanguage":"de-DE","@id":"https:\/\/www.tafeldeko.de\/news\/#\/schema\/person\/image\/","url":"https:\/\/secure.gravatar.com\/avatar\/1e962f4040dc9996f0d200db31598854?s=96&d=mm&r=g","contentUrl":"https:\/\/secure.gravatar.com\/avatar\/1e962f4040dc9996f0d200db31598854?s=96&d=mm&r=g","caption":"Tafeldeko Deko Team"}}]}},"_links":{"self":[{"href":"https:\/\/www.tafeldeko.de\/news\/wp-json\/wp\/v2\/posts\/7461"}],"collection":[{"href":"https:\/\/www.tafeldeko.de\/news\/wp-json\/wp\/v2\/posts"}],"about":[{"href":"https:\/\/www.tafeldeko.de\/news\/wp-json\/wp\/v2\/types\/post"}],"author":[{"embeddable":true,"href":"https:\/\/www.tafeldeko.de\/news\/wp-json\/wp\/v2\/users\/6"}],"replies":[{"embeddable":true,"href":"https:\/\/www.tafeldeko.de\/news\/wp-json\/wp\/v2\/comments?post=7461"}],"version-history":[{"count":5,"href":"https:\/\/www.tafeldeko.de\/news\/wp-json\/wp\/v2\/posts\/7461\/revisions"}],"predecessor-version":[{"id":20542,"href":"https:\/\/www.tafeldeko.de\/news\/wp-json\/wp\/v2\/posts\/7461\/revisions\/20542"}],"wp:featuredmedia":[{"embeddable":true,"href":"https:\/\/www.tafeldeko.de\/news\/wp-json\/wp\/v2\/media\/7462"}],"wp:attachment":[{"href":"https:\/\/www.tafeldeko.de\/news\/wp-json\/wp\/v2\/media?parent=7461"}],"wp:term":[{"taxonomy":"category","embeddable":true,"href":"https:\/\/www.tafeldeko.de\/news\/wp-json\/wp\/v2\/categories?post=7461"},{"taxonomy":"post_tag","embeddable":true,"href":"https:\/\/www.tafeldeko.de\/news\/wp-json\/wp\/v2\/tags?post=7461"}],"curies":[{"name":"wp","href":"https:\/\/api.w.org\/{rel}","templated":true}]}}