{"id":7457,"date":"2016-08-31T20:19:05","date_gmt":"2016-08-31T18:19:05","guid":{"rendered":"http:\/\/www.tafeldeko.de\/news\/?p=7457"},"modified":"2022-11-08T11:19:06","modified_gmt":"2022-11-08T10:19:06","slug":"deko-september-mit-kerzenglaesern","status":"publish","type":"post","link":"https:\/\/www.tafeldeko.de\/news\/deko-september-mit-kerzenglaesern\/","title":{"rendered":"Deko September \u2013 mit Kerzengl\u00e4sern"},"content":{"rendered":"<p>Die <strong>Deko September<\/strong> mit Kerzengl\u00e4ser zeigt sich von ihrer sch\u00f6nsten Seite \u2013 n\u00e4mlich der farbenfrohen und au\u00dfergew\u00f6hnlichen. Die Abende, die nun wieder l\u00e4nger werden, erhalten durch den romantischen Kerzenschein einen gem\u00fctlichen Touch und die <strong>Wohlf\u00fchl-Oase<\/strong> zu Hause gewinnt wieder an Bedeutung. Die Vielfalt an Kerzen, Kerzengl\u00e4sern, Kerzenhaltern und Windlichtern ist enorm, und oft f\u00e4llt es schwer, sich f\u00fcr eines dieser Exemplare zu entscheiden. So ist es auch mit den <strong>Duni Switch &amp; Shine Rope oder Cork<\/strong>, mit Nachf\u00fcller in Wei\u00df. Dies sind zwei wundersch\u00f6ne Kerzengl\u00e4ser, die f\u00fcr tolle Effekte im Kerzenschein sorgen.<\/p>\n<p>\u00a0<\/p>\n<p>\t\t\t\t\t\t\t\t\t\t\t\t<img decoding=\"async\" width=\"250\" height=\"250\" src=\"https:\/\/www.tafeldeko.de\/news\/wp-content\/uploads\/2016\/08\/switsch_kork.jpg\" alt=\"Deko September Kerzengl\u00e4ser\" loading=\"lazy\" srcset=\"https:\/\/www.tafeldeko.de\/news\/wp-content\/uploads\/2016\/08\/switsch_kork.jpg 250w, https:\/\/www.tafeldeko.de\/news\/wp-content\/uploads\/2016\/08\/switsch_kork-150x150.jpg 150w\" sizes=\"(max-width: 250px) 100vw, 250px\" \/>\t\t\t\t\t\t\t\t\t\t\t\t\t\t<\/p>\n<h2>Ideen f\u00fcr die Deko September mit Kerzengl\u00e4ser<\/h2>\n<p>Mit den genannten Kerzengl\u00e4sern k\u00f6nnen Sie Ihrer Wohlf\u00fchl-Oase das gewisse Etwas verleihen. Ob auf dem Wohnzimmertisch oder auf dem Sideboard \u2013 die Kerzengl\u00e4ser sind schon so wundersch\u00f6n anzuschauen. Und nat\u00fcrlich zeigen sie sich von ihrer sch\u00f6nsten Seite, wenn die Kerzen darin leuchten.<br \/>Sie genie\u00dfen die Abendstunden auf dem Balkon oder der Terrasse? Auch hier machen sich die Kerzengl\u00e4ser Switch &amp; Shine Rope oder Cork hervorragend. Es bedarf kaum weiterer Accessoires, um f\u00fcr <strong>die tollen Effekte<\/strong> zu sorgen.<\/p>\n<p><strong>Kugelkerzen<\/strong>, eckige oder runde <strong>Stumpenkerzen<\/strong> bieten ebenfalls tolle M\u00f6glichkeiten, die Deko September auszustatten oder aufzuh\u00fcbschen. In unserem Onlineshop finden Sie beispielsweise Lampionkerzen mit den passenden Servietten. Blumenwiesen, Schmetterlinge und G\u00e4nsebl\u00fcmchen, Sonnenblumen und Rosen \u2013 f\u00fcr eine Feier sind diese Kombinationen wundersch\u00f6n und au\u00dfergew\u00f6hnlich. Mit wenigen Handgriffen haben Sie eine ausdrucksstarke und keinesfalls gew\u00f6hnliche Deko geschaffen.<\/p>\n<p>Die Deko September kann auch mit den ersten Boten aus der Natur ausgestattet werden. Beim Spaziergang in den etwas k\u00fchleren Abendstunden, w\u00e4hrend man den Sonnenuntergang genie\u00dfen darf, findet man garantiert wundersch\u00f6ne Accessoires, um die Deko September auszustatten. Beeren, Laub, \u00c4ste, Baumrinden und Wurzeln sind nur einige der Errungenschaften, die f\u00fcr eine <strong>bezaubernde Deko September<\/strong> mit Kerzengl\u00e4ser sorgen k\u00f6nnen. Wenn Sie gerne basteln, k\u00f6nnen Sie nat\u00fcrlich auch aus den gesammelten Fr\u00fcchten ein Gesteck kreieren, das f\u00fcr einen sch\u00f6nen Hingucker auf dem Tisch sorgt. Und ein kleines Kerzenglas mit Teelicht darin, verleiht dem Ganzen noch <strong>das romantische Licht<\/strong>.<\/p>\n<h2>Weitere Beitr\u00e4ge:<\/h2>\n<h2>Dekoartikel von A-Z<\/h2>\n<p>\t\t\t\t\t<a href=\"https:\/\/www.tafeldeko.de\/tischdeko-artikel\/\"><br \/>\n\t\t\t\t\t\tJetzt entdecken\t\t\t\t\t<\/a><\/p>\n","protected":false},"excerpt":{"rendered":"<p>Die Deko September mit Kerzengl\u00e4ser zeigt sich von ihrer sch\u00f6nsten Seite \u2013 n\u00e4mlich der farbenfrohen und au\u00dfergew\u00f6hnlichen. Die Abende, die nun wieder l\u00e4nger werden, erhalten durch den romantischen Kerzenschein einen gem\u00fctlichen Touch und die Wohlf\u00fchl-Oase zu Hause gewinnt wieder an Bedeutung. Die Vielfalt an Kerzen, Kerzengl\u00e4sern, Kerzenhaltern und Windlichtern ist enorm, und oft f\u00e4llt es [&hellip;]<\/p>\n","protected":false},"author":6,"featured_media":7458,"comment_status":"closed","ping_status":"closed","sticky":false,"template":"","format":"standard","meta":{"footnotes":""},"categories":[1],"tags":[],"yoast_head":"<!-- This site is optimized with the Yoast SEO plugin v20.4 - https:\/\/yoast.com\/wordpress\/plugins\/seo\/ -->\n<title>Deko September \u2013 mit Kerzengl\u00e4sern - Tafeldeko<\/title>\n<meta name=\"description\" content=\"Die Deko September mit Kerzengl\u00e4ser kann auch mit Boten aus der Natur ausgestattet werden - oder Sie kombinieren Fundst\u00fccke und Gekauftes...\" \/>\n<meta name=\"robots\" content=\"index, follow, max-snippet:-1, max-image-preview:large, max-video-preview:-1\" \/>\n<link rel=\"canonical\" href=\"https:\/\/www.tafeldeko.de\/news\/deko-september-mit-kerzenglaesern\/\" \/>\n<meta property=\"og:locale\" content=\"de_DE\" \/>\n<meta property=\"og:type\" content=\"article\" \/>\n<meta property=\"og:title\" content=\"Deko September \u2013 mit Kerzengl\u00e4sern - Tafeldeko\" \/>\n<meta property=\"og:description\" content=\"Die Deko September mit Kerzengl\u00e4ser kann auch mit Boten aus der Natur ausgestattet werden - oder Sie kombinieren Fundst\u00fccke und Gekauftes...\" \/>\n<meta property=\"og:url\" content=\"https:\/\/www.tafeldeko.de\/news\/deko-september-mit-kerzenglaesern\/\" \/>\n<meta property=\"og:site_name\" content=\"Tafeldeko\" \/>\n<meta property=\"article:publisher\" content=\"https:\/\/www.facebook.com\/pages\/Tafeldeko-einzigartige-Tischdekoration\/174202655894\" \/>\n<meta property=\"article:published_time\" content=\"2016-08-31T18:19:05+00:00\" \/>\n<meta property=\"article:modified_time\" content=\"2022-11-08T10:19:06+00:00\" \/>\n<meta property=\"og:image\" content=\"https:\/\/www.tafeldeko.de\/news\/wp-content\/uploads\/2016\/08\/switsch_kork.jpg\" \/>\n\t<meta property=\"og:image:width\" content=\"250\" \/>\n\t<meta property=\"og:image:height\" content=\"250\" \/>\n\t<meta property=\"og:image:type\" content=\"image\/jpeg\" \/>\n<meta name=\"author\" content=\"Tafeldeko Deko Team\" \/>\n<meta name=\"twitter:label1\" content=\"Verfasst von\" \/>\n\t<meta name=\"twitter:data1\" content=\"Tafeldeko Deko Team\" \/>\n\t<meta name=\"twitter:label2\" content=\"Gesch\u00e4tzte Lesezeit\" \/>\n\t<meta name=\"twitter:data2\" content=\"4 Minuten\" \/>\n<script type=\"application\/ld+json\" class=\"yoast-schema-graph\">{\"@context\":\"https:\/\/schema.org\",\"@graph\":[{\"@type\":\"WebPage\",\"@id\":\"https:\/\/www.tafeldeko.de\/news\/deko-september-mit-kerzenglaesern\/\",\"url\":\"https:\/\/www.tafeldeko.de\/news\/deko-september-mit-kerzenglaesern\/\",\"name\":\"Deko September \u2013 mit Kerzengl\u00e4sern - Tafeldeko\",\"isPartOf\":{\"@id\":\"https:\/\/www.tafeldeko.de\/news\/#website\"},\"datePublished\":\"2016-08-31T18:19:05+00:00\",\"dateModified\":\"2022-11-08T10:19:06+00:00\",\"author\":{\"@id\":\"https:\/\/www.tafeldeko.de\/news\/#\/schema\/person\/dc309fbb6a3e380919fc08342c3cc233\"},\"description\":\"Die Deko September mit Kerzengl\u00e4ser kann auch mit Boten aus der Natur ausgestattet werden - oder Sie kombinieren Fundst\u00fccke und Gekauftes...\",\"breadcrumb\":{\"@id\":\"https:\/\/www.tafeldeko.de\/news\/deko-september-mit-kerzenglaesern\/#breadcrumb\"},\"inLanguage\":\"de-DE\",\"potentialAction\":[{\"@type\":\"ReadAction\",\"target\":[\"https:\/\/www.tafeldeko.de\/news\/deko-september-mit-kerzenglaesern\/\"]}]},{\"@type\":\"BreadcrumbList\",\"@id\":\"https:\/\/www.tafeldeko.de\/news\/deko-september-mit-kerzenglaesern\/#breadcrumb\",\"itemListElement\":[{\"@type\":\"ListItem\",\"position\":1,\"name\":\"Tafeldeko\",\"item\":\"https:\/\/www.tafeldeko.de\/news\/\"},{\"@type\":\"ListItem\",\"position\":2,\"name\":\"Alte Beitr\u00e4ge\",\"item\":\"https:\/\/www.tafeldeko.de\/news\/alte-beitraege\/\"},{\"@type\":\"ListItem\",\"position\":3,\"name\":\"Tischdeko - Blog\",\"item\":\"https:\/\/www.tafeldeko.de\/news\/alte-beitraege\/tischdeko-blog\/\"},{\"@type\":\"ListItem\",\"position\":4,\"name\":\"Deko September \u2013 mit Kerzengl\u00e4sern\"}]},{\"@type\":\"WebSite\",\"@id\":\"https:\/\/www.tafeldeko.de\/news\/#website\",\"url\":\"https:\/\/www.tafeldeko.de\/news\/\",\"name\":\"Tafeldeko\",\"description\":\"Blog mit Tischdeko und Tischdekoration Ideen\",\"potentialAction\":[{\"@type\":\"SearchAction\",\"target\":{\"@type\":\"EntryPoint\",\"urlTemplate\":\"https:\/\/www.tafeldeko.de\/news\/?s={search_term_string}\"},\"query-input\":\"required name=search_term_string\"}],\"inLanguage\":\"de-DE\"},{\"@type\":\"Person\",\"@id\":\"https:\/\/www.tafeldeko.de\/news\/#\/schema\/person\/dc309fbb6a3e380919fc08342c3cc233\",\"name\":\"Tafeldeko Deko Team\",\"image\":{\"@type\":\"ImageObject\",\"inLanguage\":\"de-DE\",\"@id\":\"https:\/\/www.tafeldeko.de\/news\/#\/schema\/person\/image\/\",\"url\":\"https:\/\/secure.gravatar.com\/avatar\/1e962f4040dc9996f0d200db31598854?s=96&d=mm&r=g\",\"contentUrl\":\"https:\/\/secure.gravatar.com\/avatar\/1e962f4040dc9996f0d200db31598854?s=96&d=mm&r=g\",\"caption\":\"Tafeldeko Deko Team\"}}]}<\/script>\n<!-- \/ Yoast SEO plugin. -->","yoast_head_json":{"title":"Deko September \u2013 mit Kerzengl\u00e4sern - Tafeldeko","description":"Die Deko September mit Kerzengl\u00e4ser kann auch mit Boten aus der Natur ausgestattet werden - oder Sie kombinieren Fundst\u00fccke und Gekauftes...","robots":{"index":"index","follow":"follow","max-snippet":"max-snippet:-1","max-image-preview":"max-image-preview:large","max-video-preview":"max-video-preview:-1"},"canonical":"https:\/\/www.tafeldeko.de\/news\/deko-september-mit-kerzenglaesern\/","og_locale":"de_DE","og_type":"article","og_title":"Deko September \u2013 mit Kerzengl\u00e4sern - Tafeldeko","og_description":"Die Deko September mit Kerzengl\u00e4ser kann auch mit Boten aus der Natur ausgestattet werden - oder Sie kombinieren Fundst\u00fccke und Gekauftes...","og_url":"https:\/\/www.tafeldeko.de\/news\/deko-september-mit-kerzenglaesern\/","og_site_name":"Tafeldeko","article_publisher":"https:\/\/www.facebook.com\/pages\/Tafeldeko-einzigartige-Tischdekoration\/174202655894","article_published_time":"2016-08-31T18:19:05+00:00","article_modified_time":"2022-11-08T10:19:06+00:00","og_image":[{"width":250,"height":250,"url":"https:\/\/www.tafeldeko.de\/news\/wp-content\/uploads\/2016\/08\/switsch_kork.jpg","type":"image\/jpeg"}],"author":"Tafeldeko Deko Team","twitter_misc":{"Verfasst von":"Tafeldeko Deko Team","Gesch\u00e4tzte Lesezeit":"4 Minuten"},"schema":{"@context":"https:\/\/schema.org","@graph":[{"@type":"WebPage","@id":"https:\/\/www.tafeldeko.de\/news\/deko-september-mit-kerzenglaesern\/","url":"https:\/\/www.tafeldeko.de\/news\/deko-september-mit-kerzenglaesern\/","name":"Deko September \u2013 mit Kerzengl\u00e4sern - Tafeldeko","isPartOf":{"@id":"https:\/\/www.tafeldeko.de\/news\/#website"},"datePublished":"2016-08-31T18:19:05+00:00","dateModified":"2022-11-08T10:19:06+00:00","author":{"@id":"https:\/\/www.tafeldeko.de\/news\/#\/schema\/person\/dc309fbb6a3e380919fc08342c3cc233"},"description":"Die Deko September mit Kerzengl\u00e4ser kann auch mit Boten aus der Natur ausgestattet werden - oder Sie kombinieren Fundst\u00fccke und Gekauftes...","breadcrumb":{"@id":"https:\/\/www.tafeldeko.de\/news\/deko-september-mit-kerzenglaesern\/#breadcrumb"},"inLanguage":"de-DE","potentialAction":[{"@type":"ReadAction","target":["https:\/\/www.tafeldeko.de\/news\/deko-september-mit-kerzenglaesern\/"]}]},{"@type":"BreadcrumbList","@id":"https:\/\/www.tafeldeko.de\/news\/deko-september-mit-kerzenglaesern\/#breadcrumb","itemListElement":[{"@type":"ListItem","position":1,"name":"Tafeldeko","item":"https:\/\/www.tafeldeko.de\/news\/"},{"@type":"ListItem","position":2,"name":"Alte Beitr\u00e4ge","item":"https:\/\/www.tafeldeko.de\/news\/alte-beitraege\/"},{"@type":"ListItem","position":3,"name":"Tischdeko - Blog","item":"https:\/\/www.tafeldeko.de\/news\/alte-beitraege\/tischdeko-blog\/"},{"@type":"ListItem","position":4,"name":"Deko September \u2013 mit Kerzengl\u00e4sern"}]},{"@type":"WebSite","@id":"https:\/\/www.tafeldeko.de\/news\/#website","url":"https:\/\/www.tafeldeko.de\/news\/","name":"Tafeldeko","description":"Blog mit Tischdeko und Tischdekoration Ideen","potentialAction":[{"@type":"SearchAction","target":{"@type":"EntryPoint","urlTemplate":"https:\/\/www.tafeldeko.de\/news\/?s={search_term_string}"},"query-input":"required name=search_term_string"}],"inLanguage":"de-DE"},{"@type":"Person","@id":"https:\/\/www.tafeldeko.de\/news\/#\/schema\/person\/dc309fbb6a3e380919fc08342c3cc233","name":"Tafeldeko Deko Team","image":{"@type":"ImageObject","inLanguage":"de-DE","@id":"https:\/\/www.tafeldeko.de\/news\/#\/schema\/person\/image\/","url":"https:\/\/secure.gravatar.com\/avatar\/1e962f4040dc9996f0d200db31598854?s=96&d=mm&r=g","contentUrl":"https:\/\/secure.gravatar.com\/avatar\/1e962f4040dc9996f0d200db31598854?s=96&d=mm&r=g","caption":"Tafeldeko Deko Team"}}]}},"_links":{"self":[{"href":"https:\/\/www.tafeldeko.de\/news\/wp-json\/wp\/v2\/posts\/7457"}],"collection":[{"href":"https:\/\/www.tafeldeko.de\/news\/wp-json\/wp\/v2\/posts"}],"about":[{"href":"https:\/\/www.tafeldeko.de\/news\/wp-json\/wp\/v2\/types\/post"}],"author":[{"embeddable":true,"href":"https:\/\/www.tafeldeko.de\/news\/wp-json\/wp\/v2\/users\/6"}],"replies":[{"embeddable":true,"href":"https:\/\/www.tafeldeko.de\/news\/wp-json\/wp\/v2\/comments?post=7457"}],"version-history":[{"count":4,"href":"https:\/\/www.tafeldeko.de\/news\/wp-json\/wp\/v2\/posts\/7457\/revisions"}],"predecessor-version":[{"id":20559,"href":"https:\/\/www.tafeldeko.de\/news\/wp-json\/wp\/v2\/posts\/7457\/revisions\/20559"}],"wp:featuredmedia":[{"embeddable":true,"href":"https:\/\/www.tafeldeko.de\/news\/wp-json\/wp\/v2\/media\/7458"}],"wp:attachment":[{"href":"https:\/\/www.tafeldeko.de\/news\/wp-json\/wp\/v2\/media?parent=7457"}],"wp:term":[{"taxonomy":"category","embeddable":true,"href":"https:\/\/www.tafeldeko.de\/news\/wp-json\/wp\/v2\/categories?post=7457"},{"taxonomy":"post_tag","embeddable":true,"href":"https:\/\/www.tafeldeko.de\/news\/wp-json\/wp\/v2\/tags?post=7457"}],"curies":[{"name":"wp","href":"https:\/\/api.w.org\/{rel}","templated":true}]}}