{"id":7451,"date":"2016-08-24T19:14:12","date_gmt":"2016-08-24T17:14:12","guid":{"rendered":"http:\/\/www.tafeldeko.de\/news\/?p=7451"},"modified":"2016-08-31T19:15:54","modified_gmt":"2016-08-31T17:15:54","slug":"geburtstagsgedichte-mit-reimen-gratulieren","status":"publish","type":"post","link":"https:\/\/www.tafeldeko.de\/news\/geburtstagsgedichte-mit-reimen-gratulieren\/","title":{"rendered":"Geburtstagsgedichte \u2013 mit Reimen gratulieren"},"content":{"rendered":"<p>Gesucht: sch\u00f6ne Gesten zum Geburtstag \u2013 und <strong>Geburtstagsgedichte<\/strong> geh\u00f6ren definitiv dazu. Mit Gedichten lassen sich viele Dinge \u00fcber und zum Geburtstagskind sagen, was in gereimter Form dann noch entsprechend super r\u00fcberkommt. Dabei kann man die Geburtstagsgedichte entweder auf einer <strong>Geburtstagskarte<\/strong>, einem Brief \u00fcbermitteln oder, bei der Geburtstagsfeier, vor dem Geburtstagskind und den G\u00e4sten vortragen. Letzteres sorgt in dem Falle f\u00fcr eine gute Unterhaltung und garantiert auch Kurzweil bei den G\u00e4sten.<br \/>\nWer Geburtstagsgedichte auf einer Geburtstagsfeier zum Besten geben m\u00f6chte, sollte jedoch einige Dinge beachten. Welche dies sind? Dazu kommen wir jetzt.<\/p>\n<h2>Geburtstagsgedichte \u2013 das sollten Sie beachten<\/h2>\n<p>So mancher tut sich gar nicht schwer, ein Geburtstagsgedicht zu schreiben. Dagegen fehlt es bei anderen an Ideen in punkto Inhalt, geschweige denn, wie man das Ganze in gereimter Form niederschreiben k\u00f6nnte.<br \/>\nGenerell sollte man, wenn man Geburtstagsgedichte bei einer Geburtstagsfeier vortragen m\u00f6chte, daran denken, dass dieses viele Menschen h\u00f6ren \u2013 also sollte man darauf achten, das Geburtstagskind nicht zu beleidigen oder in irgendeiner Form blo\u00dfzustellen. Denn dann ist der gedachte Effekt, das man mit dem Geburtstagsgedicht verbindet, dahin. Deshalb sollten Sie sich im Vorfeld stichpunktartig die m\u00f6glichen Inhalte notieren, und im zweiten Stepp zu sondieren, was passt und was vielleicht doch nicht so passend ist. Ist dies erledigt, dann geht es an die Sache des Reimens.<br \/>\nEine <strong>Faustregel<\/strong>, wie man in diesem Fall vorgehen sollte, gibt es nicht. In diesem Punkt muss man selbst herausfinden, wie das Gedicht zum Geburtstag so langsam w\u00e4chst und gedeiht und die gew\u00fcnschte Form annimmt. Vielleicht besteht auch die M\u00f6glichkeit, eine oder mehrere Personen mit ins Boot zu holen, um gemeinsam an dem <strong>Geburtstagsgedicht zu feilen<\/strong>. Bevor man an dichterische Werk geht, sollte nochmals \u00fcber die Ideen- und Inhaltssammlung geschaut werden, ob vielleicht von Seiten der \u201eBeteiligten\u201c Einw\u00e4nde bestehen.<br \/>\nIst das Gedicht fertig und der Geburtstag naht, sollte man nat\u00fcrlich das Geburtstagsgedicht auch mehrmals durchlesen, um es m\u00f6glichst frei vortragen zu k\u00f6nnen.<br \/>\nAuch wenn es etwas Arbeit ist, Geburtstagsgedichte erfreuen das Geburtstagskind.<\/p>\n","protected":false},"excerpt":{"rendered":"<p>Gesucht: sch\u00f6ne Gesten zum Geburtstag \u2013 und Geburtstagsgedichte geh\u00f6ren definitiv dazu. Mit Gedichten lassen sich viele Dinge \u00fcber und zum Geburtstagskind sagen, was in gereimter Form dann noch entsprechend super r\u00fcberkommt. Dabei kann man die Geburtstagsgedichte entweder auf einer Geburtstagskarte, einem Brief \u00fcbermitteln oder, bei der Geburtstagsfeier, vor dem Geburtstagskind und den G\u00e4sten vortragen. Letzteres [&hellip;]<\/p>\n","protected":false},"author":6,"featured_media":0,"comment_status":"closed","ping_status":"closed","sticky":false,"template":"","format":"standard","meta":{"footnotes":""},"categories":[1],"tags":[],"yoast_head":"<!-- This site is optimized with the Yoast SEO plugin v20.4 - https:\/\/yoast.com\/wordpress\/plugins\/seo\/ -->\n<title>Geburtstagsgedichte \u2013 mit Reimen gratulieren - Tafeldeko<\/title>\n<meta name=\"description\" content=\"Gesucht: sch\u00f6ne Gesten zum Geburtstag \u2013 und Geburtstagsgedichte geh\u00f6ren definitiv dazu. Sie erfreuen jedes Geburtstagskind\" \/>\n<meta name=\"robots\" content=\"index, follow, max-snippet:-1, max-image-preview:large, max-video-preview:-1\" \/>\n<link rel=\"canonical\" href=\"https:\/\/www.tafeldeko.de\/news\/geburtstagsgedichte-mit-reimen-gratulieren\/\" \/>\n<meta property=\"og:locale\" content=\"de_DE\" \/>\n<meta property=\"og:type\" content=\"article\" \/>\n<meta property=\"og:title\" content=\"Geburtstagsgedichte \u2013 mit Reimen gratulieren - Tafeldeko\" \/>\n<meta property=\"og:description\" content=\"Gesucht: sch\u00f6ne Gesten zum Geburtstag \u2013 und Geburtstagsgedichte geh\u00f6ren definitiv dazu. Sie erfreuen jedes Geburtstagskind\" \/>\n<meta property=\"og:url\" content=\"https:\/\/www.tafeldeko.de\/news\/geburtstagsgedichte-mit-reimen-gratulieren\/\" \/>\n<meta property=\"og:site_name\" content=\"Tafeldeko\" \/>\n<meta property=\"article:publisher\" content=\"https:\/\/www.facebook.com\/pages\/Tafeldeko-einzigartige-Tischdekoration\/174202655894\" \/>\n<meta property=\"article:published_time\" content=\"2016-08-24T17:14:12+00:00\" \/>\n<meta property=\"article:modified_time\" content=\"2016-08-31T17:15:54+00:00\" \/>\n<meta name=\"author\" content=\"Tafeldeko Deko Team\" \/>\n<meta name=\"twitter:label1\" content=\"Verfasst von\" \/>\n\t<meta name=\"twitter:data1\" content=\"Tafeldeko Deko Team\" \/>\n\t<meta name=\"twitter:label2\" content=\"Gesch\u00e4tzte Lesezeit\" \/>\n\t<meta name=\"twitter:data2\" content=\"2 Minuten\" \/>\n<script type=\"application\/ld+json\" class=\"yoast-schema-graph\">{\"@context\":\"https:\/\/schema.org\",\"@graph\":[{\"@type\":\"WebPage\",\"@id\":\"https:\/\/www.tafeldeko.de\/news\/geburtstagsgedichte-mit-reimen-gratulieren\/\",\"url\":\"https:\/\/www.tafeldeko.de\/news\/geburtstagsgedichte-mit-reimen-gratulieren\/\",\"name\":\"Geburtstagsgedichte \u2013 mit Reimen gratulieren - Tafeldeko\",\"isPartOf\":{\"@id\":\"https:\/\/www.tafeldeko.de\/news\/#website\"},\"datePublished\":\"2016-08-24T17:14:12+00:00\",\"dateModified\":\"2016-08-31T17:15:54+00:00\",\"author\":{\"@id\":\"https:\/\/www.tafeldeko.de\/news\/#\/schema\/person\/dc309fbb6a3e380919fc08342c3cc233\"},\"description\":\"Gesucht: sch\u00f6ne Gesten zum Geburtstag \u2013 und Geburtstagsgedichte geh\u00f6ren definitiv dazu. Sie erfreuen jedes Geburtstagskind\",\"breadcrumb\":{\"@id\":\"https:\/\/www.tafeldeko.de\/news\/geburtstagsgedichte-mit-reimen-gratulieren\/#breadcrumb\"},\"inLanguage\":\"de-DE\",\"potentialAction\":[{\"@type\":\"ReadAction\",\"target\":[\"https:\/\/www.tafeldeko.de\/news\/geburtstagsgedichte-mit-reimen-gratulieren\/\"]}]},{\"@type\":\"BreadcrumbList\",\"@id\":\"https:\/\/www.tafeldeko.de\/news\/geburtstagsgedichte-mit-reimen-gratulieren\/#breadcrumb\",\"itemListElement\":[{\"@type\":\"ListItem\",\"position\":1,\"name\":\"Tafeldeko\",\"item\":\"https:\/\/www.tafeldeko.de\/news\/\"},{\"@type\":\"ListItem\",\"position\":2,\"name\":\"Alte Beitr\u00e4ge\",\"item\":\"https:\/\/www.tafeldeko.de\/news\/alte-beitraege\/\"},{\"@type\":\"ListItem\",\"position\":3,\"name\":\"Tischdeko - Blog\",\"item\":\"https:\/\/www.tafeldeko.de\/news\/alte-beitraege\/tischdeko-blog\/\"},{\"@type\":\"ListItem\",\"position\":4,\"name\":\"Geburtstagsgedichte \u2013 mit Reimen gratulieren\"}]},{\"@type\":\"WebSite\",\"@id\":\"https:\/\/www.tafeldeko.de\/news\/#website\",\"url\":\"https:\/\/www.tafeldeko.de\/news\/\",\"name\":\"Tafeldeko\",\"description\":\"Blog mit Tischdeko und Tischdekoration Ideen\",\"potentialAction\":[{\"@type\":\"SearchAction\",\"target\":{\"@type\":\"EntryPoint\",\"urlTemplate\":\"https:\/\/www.tafeldeko.de\/news\/?s={search_term_string}\"},\"query-input\":\"required name=search_term_string\"}],\"inLanguage\":\"de-DE\"},{\"@type\":\"Person\",\"@id\":\"https:\/\/www.tafeldeko.de\/news\/#\/schema\/person\/dc309fbb6a3e380919fc08342c3cc233\",\"name\":\"Tafeldeko Deko Team\",\"image\":{\"@type\":\"ImageObject\",\"inLanguage\":\"de-DE\",\"@id\":\"https:\/\/www.tafeldeko.de\/news\/#\/schema\/person\/image\/\",\"url\":\"https:\/\/secure.gravatar.com\/avatar\/1e962f4040dc9996f0d200db31598854?s=96&d=mm&r=g\",\"contentUrl\":\"https:\/\/secure.gravatar.com\/avatar\/1e962f4040dc9996f0d200db31598854?s=96&d=mm&r=g\",\"caption\":\"Tafeldeko Deko Team\"}}]}<\/script>\n<!-- \/ Yoast SEO plugin. -->","yoast_head_json":{"title":"Geburtstagsgedichte \u2013 mit Reimen gratulieren - Tafeldeko","description":"Gesucht: sch\u00f6ne Gesten zum Geburtstag \u2013 und Geburtstagsgedichte geh\u00f6ren definitiv dazu. Sie erfreuen jedes Geburtstagskind","robots":{"index":"index","follow":"follow","max-snippet":"max-snippet:-1","max-image-preview":"max-image-preview:large","max-video-preview":"max-video-preview:-1"},"canonical":"https:\/\/www.tafeldeko.de\/news\/geburtstagsgedichte-mit-reimen-gratulieren\/","og_locale":"de_DE","og_type":"article","og_title":"Geburtstagsgedichte \u2013 mit Reimen gratulieren - Tafeldeko","og_description":"Gesucht: sch\u00f6ne Gesten zum Geburtstag \u2013 und Geburtstagsgedichte geh\u00f6ren definitiv dazu. Sie erfreuen jedes Geburtstagskind","og_url":"https:\/\/www.tafeldeko.de\/news\/geburtstagsgedichte-mit-reimen-gratulieren\/","og_site_name":"Tafeldeko","article_publisher":"https:\/\/www.facebook.com\/pages\/Tafeldeko-einzigartige-Tischdekoration\/174202655894","article_published_time":"2016-08-24T17:14:12+00:00","article_modified_time":"2016-08-31T17:15:54+00:00","author":"Tafeldeko Deko Team","twitter_misc":{"Verfasst von":"Tafeldeko Deko Team","Gesch\u00e4tzte Lesezeit":"2 Minuten"},"schema":{"@context":"https:\/\/schema.org","@graph":[{"@type":"WebPage","@id":"https:\/\/www.tafeldeko.de\/news\/geburtstagsgedichte-mit-reimen-gratulieren\/","url":"https:\/\/www.tafeldeko.de\/news\/geburtstagsgedichte-mit-reimen-gratulieren\/","name":"Geburtstagsgedichte \u2013 mit Reimen gratulieren - Tafeldeko","isPartOf":{"@id":"https:\/\/www.tafeldeko.de\/news\/#website"},"datePublished":"2016-08-24T17:14:12+00:00","dateModified":"2016-08-31T17:15:54+00:00","author":{"@id":"https:\/\/www.tafeldeko.de\/news\/#\/schema\/person\/dc309fbb6a3e380919fc08342c3cc233"},"description":"Gesucht: sch\u00f6ne Gesten zum Geburtstag \u2013 und Geburtstagsgedichte geh\u00f6ren definitiv dazu. Sie erfreuen jedes Geburtstagskind","breadcrumb":{"@id":"https:\/\/www.tafeldeko.de\/news\/geburtstagsgedichte-mit-reimen-gratulieren\/#breadcrumb"},"inLanguage":"de-DE","potentialAction":[{"@type":"ReadAction","target":["https:\/\/www.tafeldeko.de\/news\/geburtstagsgedichte-mit-reimen-gratulieren\/"]}]},{"@type":"BreadcrumbList","@id":"https:\/\/www.tafeldeko.de\/news\/geburtstagsgedichte-mit-reimen-gratulieren\/#breadcrumb","itemListElement":[{"@type":"ListItem","position":1,"name":"Tafeldeko","item":"https:\/\/www.tafeldeko.de\/news\/"},{"@type":"ListItem","position":2,"name":"Alte Beitr\u00e4ge","item":"https:\/\/www.tafeldeko.de\/news\/alte-beitraege\/"},{"@type":"ListItem","position":3,"name":"Tischdeko - Blog","item":"https:\/\/www.tafeldeko.de\/news\/alte-beitraege\/tischdeko-blog\/"},{"@type":"ListItem","position":4,"name":"Geburtstagsgedichte \u2013 mit Reimen gratulieren"}]},{"@type":"WebSite","@id":"https:\/\/www.tafeldeko.de\/news\/#website","url":"https:\/\/www.tafeldeko.de\/news\/","name":"Tafeldeko","description":"Blog mit Tischdeko und Tischdekoration Ideen","potentialAction":[{"@type":"SearchAction","target":{"@type":"EntryPoint","urlTemplate":"https:\/\/www.tafeldeko.de\/news\/?s={search_term_string}"},"query-input":"required name=search_term_string"}],"inLanguage":"de-DE"},{"@type":"Person","@id":"https:\/\/www.tafeldeko.de\/news\/#\/schema\/person\/dc309fbb6a3e380919fc08342c3cc233","name":"Tafeldeko Deko Team","image":{"@type":"ImageObject","inLanguage":"de-DE","@id":"https:\/\/www.tafeldeko.de\/news\/#\/schema\/person\/image\/","url":"https:\/\/secure.gravatar.com\/avatar\/1e962f4040dc9996f0d200db31598854?s=96&d=mm&r=g","contentUrl":"https:\/\/secure.gravatar.com\/avatar\/1e962f4040dc9996f0d200db31598854?s=96&d=mm&r=g","caption":"Tafeldeko Deko Team"}}]}},"_links":{"self":[{"href":"https:\/\/www.tafeldeko.de\/news\/wp-json\/wp\/v2\/posts\/7451"}],"collection":[{"href":"https:\/\/www.tafeldeko.de\/news\/wp-json\/wp\/v2\/posts"}],"about":[{"href":"https:\/\/www.tafeldeko.de\/news\/wp-json\/wp\/v2\/types\/post"}],"author":[{"embeddable":true,"href":"https:\/\/www.tafeldeko.de\/news\/wp-json\/wp\/v2\/users\/6"}],"replies":[{"embeddable":true,"href":"https:\/\/www.tafeldeko.de\/news\/wp-json\/wp\/v2\/comments?post=7451"}],"version-history":[{"count":1,"href":"https:\/\/www.tafeldeko.de\/news\/wp-json\/wp\/v2\/posts\/7451\/revisions"}],"predecessor-version":[{"id":7452,"href":"https:\/\/www.tafeldeko.de\/news\/wp-json\/wp\/v2\/posts\/7451\/revisions\/7452"}],"wp:attachment":[{"href":"https:\/\/www.tafeldeko.de\/news\/wp-json\/wp\/v2\/media?parent=7451"}],"wp:term":[{"taxonomy":"category","embeddable":true,"href":"https:\/\/www.tafeldeko.de\/news\/wp-json\/wp\/v2\/categories?post=7451"},{"taxonomy":"post_tag","embeddable":true,"href":"https:\/\/www.tafeldeko.de\/news\/wp-json\/wp\/v2\/tags?post=7451"}],"curies":[{"name":"wp","href":"https:\/\/api.w.org\/{rel}","templated":true}]}}