{"id":7448,"date":"2016-08-31T18:56:07","date_gmt":"2016-08-31T16:56:07","guid":{"rendered":"http:\/\/www.tafeldeko.de\/news\/?p=7448"},"modified":"2022-11-08T11:34:58","modified_gmt":"2022-11-08T10:34:58","slug":"tischdeko-sommer-bis-zuletzt-geniessen","status":"publish","type":"post","link":"https:\/\/www.tafeldeko.de\/news\/tischdeko-sommer-bis-zuletzt-geniessen\/","title":{"rendered":"Tischdeko Sommer \u2013 bis zuletzt genie\u00dfen"},"content":{"rendered":"<p>Mit der <strong>Tischdeko Sommer<\/strong> l\u00e4sst sich die Zeit der warmen, sonnigen und wundersch\u00f6nen Tage bis zuletzt genie\u00dfen. Ob nun eine Feier ansteht oder die Tischdeko \u201enur\u201c den Tisch auf der Terrasse oder im Garten schm\u00fcckt \u2013 das ist vollkommen egal. Die <a href=\"https:\/\/www.tafeldeko.de\"><strong>Tischdekoration<\/strong><\/a> zeigt generell, dass man es gerne gem\u00fctlich und sch\u00f6n hat. Wer m\u00f6chte auch schon an einem \u201enackten\u201c Tisch Platz nehmen, um beispielsweise gem\u00fctlich ein Bierchen oder einen Wein zu genie\u00dfen. Durch etwas Deko, auch wenn es nur die Kerze ist, die in den Abendstunden f\u00fcr das<strong> romantische Kerzenlicht<\/strong> sorgt, kommt eine ganz andere Atmosph\u00e4re auf.<\/p>\n<p>\t\t\t\t\t\t\t\t\t\t\t\t<img decoding=\"async\" width=\"500\" height=\"500\" src=\"https:\/\/www.tafeldeko.de\/news\/wp-content\/uploads\/2016\/08\/duni_annmargret.jpg\" alt=\"Tischdeko Sommer\" loading=\"lazy\" srcset=\"https:\/\/www.tafeldeko.de\/news\/wp-content\/uploads\/2016\/08\/duni_annmargret.jpg 500w, https:\/\/www.tafeldeko.de\/news\/wp-content\/uploads\/2016\/08\/duni_annmargret-150x150.jpg 150w, https:\/\/www.tafeldeko.de\/news\/wp-content\/uploads\/2016\/08\/duni_annmargret-300x300.jpg 300w\" sizes=\"(max-width: 500px) 100vw, 500px\" \/>\t\t\t\t\t\t\t\t\t\t\t\t\t\t<\/p>\n<h2>Ideen f\u00fcr die Tischdeko Sommer<\/h2>\n<p>Mit der Duni Serie <strong>Ann-Margret Blue<\/strong> stellen wir euch eine Serie vor, die mit wenigen Accessoires als Bestandteil der Tischdekoration auskommt und dennoch eine tolle Wirkung zeigt. Alleine die Farben der Duni-Serie versprechen Sommer, Sonne und ein <strong>besonderes Flair<\/strong>. Gerade durch das tolle <strong>Streifendesign<\/strong> wirkt die Duni-Kollektion sehr moderne und trendig. Als Ausgleich zu den Streifen, hat Duni unter dem gleichen Namen noch ein wundersch\u00f6nes <strong>Blumenmotiv<\/strong> herausgebracht. Da f\u00e4llt die Entscheidung wirklich schwer, mit welchen Accessoires nun der Tisch eingedeckt wird. Aber es ist auch vollkommen gleich, kombiniert doch einfach beide Motive miteinander. In der Tischmitte den Duni Dunicel Tischl\u00e4ufer Ann-Margret Blue und auf den Tellern eurer G\u00e4ste die Servietten Ann-Margret Blue mit dem Blumenmotiv. Eine <strong>tolle Kombination<\/strong> mit tollen Farben und Motiven.<br \/>Mit diesen wundersch\u00f6nen, leuchtenden Farben ist die Tischdeko Sommer genau richtig \u201ebest\u00fcckt\u201c. Hierzu lassen sich hervorragend die Duni Kerzengl\u00e4ser Graded kombinieren, sie passen perfekt zu der Serie.<br \/>Eine andere M\u00f6glichkeit, die Tischdeko Sommer, vor allem im Au\u00dfenbereich, zu versch\u00f6nern, bietet der Duni Kerzenhalter Mabel in Wei\u00df. Ein au\u00dfergew\u00f6hnlicher Kerzenhalter, der durch sein Lochmuster f\u00fcr <strong>atemberaubende Lichteffekte<\/strong> in den Abendstunden sorgt. Einfach perfekt f\u00fcr jeden Au\u00dfenbereich.<br \/>Mit dieser Tischdeko Sommer k\u00f6nnt ihr jederzeit noch die letzten Sommerabende und \u2013tage genie\u00dfen.<\/p>\n<h2>Das k\u00f6nnte dir auch gefallen:<\/h2>\n<h2>Dekoartikel von A-Z<\/h2>\n<p>\t\t\t\t\t<a href=\"https:\/\/www.tafeldeko.de\/tischdeko-artikel\/\"><br \/>\n\t\t\t\t\t\tJetzt entdecken\t\t\t\t\t<\/a><\/p>\n","protected":false},"excerpt":{"rendered":"<p>Mit der Tischdeko Sommer l\u00e4sst sich die Zeit der warmen, sonnigen und wundersch\u00f6nen Tage bis zuletzt genie\u00dfen. Ob nun eine Feier ansteht oder die Tischdeko \u201enur\u201c den Tisch auf der Terrasse oder im Garten schm\u00fcckt \u2013 das ist vollkommen egal. Die Tischdekoration zeigt generell, dass man es gerne gem\u00fctlich und sch\u00f6n hat. Wer m\u00f6chte auch [&hellip;]<\/p>\n","protected":false},"author":6,"featured_media":7449,"comment_status":"closed","ping_status":"closed","sticky":false,"template":"","format":"standard","meta":{"footnotes":""},"categories":[1],"tags":[],"yoast_head":"<!-- This site is optimized with the Yoast SEO plugin v20.4 - https:\/\/yoast.com\/wordpress\/plugins\/seo\/ -->\n<title>Tischdeko Sommer \u2013 bis zuletzt genie\u00dfen - Tafeldeko<\/title>\n<meta name=\"description\" content=\"Eine andere M\u00f6glichkeit, die Tischdeko Sommer, vor allem im Au\u00dfenbereich, zu versch\u00f6nern, bietet der Duni Kerzenhalter Mabel in Wei\u00df.\" \/>\n<meta name=\"robots\" content=\"index, follow, max-snippet:-1, max-image-preview:large, max-video-preview:-1\" \/>\n<link rel=\"canonical\" href=\"https:\/\/www.tafeldeko.de\/news\/tischdeko-sommer-bis-zuletzt-geniessen\/\" \/>\n<meta property=\"og:locale\" content=\"de_DE\" \/>\n<meta property=\"og:type\" content=\"article\" \/>\n<meta property=\"og:title\" content=\"Tischdeko Sommer \u2013 bis zuletzt genie\u00dfen - Tafeldeko\" \/>\n<meta property=\"og:description\" content=\"Eine andere M\u00f6glichkeit, die Tischdeko Sommer, vor allem im Au\u00dfenbereich, zu versch\u00f6nern, bietet der Duni Kerzenhalter Mabel in Wei\u00df.\" \/>\n<meta property=\"og:url\" content=\"https:\/\/www.tafeldeko.de\/news\/tischdeko-sommer-bis-zuletzt-geniessen\/\" \/>\n<meta property=\"og:site_name\" content=\"Tafeldeko\" \/>\n<meta property=\"article:publisher\" content=\"https:\/\/www.facebook.com\/pages\/Tafeldeko-einzigartige-Tischdekoration\/174202655894\" \/>\n<meta property=\"article:published_time\" content=\"2016-08-31T16:56:07+00:00\" \/>\n<meta property=\"article:modified_time\" content=\"2022-11-08T10:34:58+00:00\" \/>\n<meta property=\"og:image\" content=\"https:\/\/www.tafeldeko.de\/news\/wp-content\/uploads\/2016\/08\/duni_annmargret.jpg\" \/>\n\t<meta property=\"og:image:width\" content=\"500\" \/>\n\t<meta property=\"og:image:height\" content=\"500\" \/>\n\t<meta property=\"og:image:type\" content=\"image\/jpeg\" \/>\n<meta name=\"author\" content=\"Tafeldeko Deko Team\" \/>\n<meta name=\"twitter:label1\" content=\"Verfasst von\" \/>\n\t<meta name=\"twitter:data1\" content=\"Tafeldeko Deko Team\" \/>\n\t<meta name=\"twitter:label2\" content=\"Gesch\u00e4tzte Lesezeit\" \/>\n\t<meta name=\"twitter:data2\" content=\"4 Minuten\" \/>\n<script type=\"application\/ld+json\" class=\"yoast-schema-graph\">{\"@context\":\"https:\/\/schema.org\",\"@graph\":[{\"@type\":\"WebPage\",\"@id\":\"https:\/\/www.tafeldeko.de\/news\/tischdeko-sommer-bis-zuletzt-geniessen\/\",\"url\":\"https:\/\/www.tafeldeko.de\/news\/tischdeko-sommer-bis-zuletzt-geniessen\/\",\"name\":\"Tischdeko Sommer \u2013 bis zuletzt genie\u00dfen - Tafeldeko\",\"isPartOf\":{\"@id\":\"https:\/\/www.tafeldeko.de\/news\/#website\"},\"datePublished\":\"2016-08-31T16:56:07+00:00\",\"dateModified\":\"2022-11-08T10:34:58+00:00\",\"author\":{\"@id\":\"https:\/\/www.tafeldeko.de\/news\/#\/schema\/person\/dc309fbb6a3e380919fc08342c3cc233\"},\"description\":\"Eine andere M\u00f6glichkeit, die Tischdeko Sommer, vor allem im Au\u00dfenbereich, zu versch\u00f6nern, bietet der Duni Kerzenhalter Mabel in Wei\u00df.\",\"breadcrumb\":{\"@id\":\"https:\/\/www.tafeldeko.de\/news\/tischdeko-sommer-bis-zuletzt-geniessen\/#breadcrumb\"},\"inLanguage\":\"de-DE\",\"potentialAction\":[{\"@type\":\"ReadAction\",\"target\":[\"https:\/\/www.tafeldeko.de\/news\/tischdeko-sommer-bis-zuletzt-geniessen\/\"]}]},{\"@type\":\"BreadcrumbList\",\"@id\":\"https:\/\/www.tafeldeko.de\/news\/tischdeko-sommer-bis-zuletzt-geniessen\/#breadcrumb\",\"itemListElement\":[{\"@type\":\"ListItem\",\"position\":1,\"name\":\"Tafeldeko\",\"item\":\"https:\/\/www.tafeldeko.de\/news\/\"},{\"@type\":\"ListItem\",\"position\":2,\"name\":\"Alte Beitr\u00e4ge\",\"item\":\"https:\/\/www.tafeldeko.de\/news\/alte-beitraege\/\"},{\"@type\":\"ListItem\",\"position\":3,\"name\":\"Tischdeko - Blog\",\"item\":\"https:\/\/www.tafeldeko.de\/news\/alte-beitraege\/tischdeko-blog\/\"},{\"@type\":\"ListItem\",\"position\":4,\"name\":\"Tischdeko Sommer \u2013 bis zuletzt genie\u00dfen\"}]},{\"@type\":\"WebSite\",\"@id\":\"https:\/\/www.tafeldeko.de\/news\/#website\",\"url\":\"https:\/\/www.tafeldeko.de\/news\/\",\"name\":\"Tafeldeko\",\"description\":\"Blog mit Tischdeko und Tischdekoration Ideen\",\"potentialAction\":[{\"@type\":\"SearchAction\",\"target\":{\"@type\":\"EntryPoint\",\"urlTemplate\":\"https:\/\/www.tafeldeko.de\/news\/?s={search_term_string}\"},\"query-input\":\"required name=search_term_string\"}],\"inLanguage\":\"de-DE\"},{\"@type\":\"Person\",\"@id\":\"https:\/\/www.tafeldeko.de\/news\/#\/schema\/person\/dc309fbb6a3e380919fc08342c3cc233\",\"name\":\"Tafeldeko Deko Team\",\"image\":{\"@type\":\"ImageObject\",\"inLanguage\":\"de-DE\",\"@id\":\"https:\/\/www.tafeldeko.de\/news\/#\/schema\/person\/image\/\",\"url\":\"https:\/\/secure.gravatar.com\/avatar\/1e962f4040dc9996f0d200db31598854?s=96&d=mm&r=g\",\"contentUrl\":\"https:\/\/secure.gravatar.com\/avatar\/1e962f4040dc9996f0d200db31598854?s=96&d=mm&r=g\",\"caption\":\"Tafeldeko Deko Team\"}}]}<\/script>\n<!-- \/ Yoast SEO plugin. -->","yoast_head_json":{"title":"Tischdeko Sommer \u2013 bis zuletzt genie\u00dfen - Tafeldeko","description":"Eine andere M\u00f6glichkeit, die Tischdeko Sommer, vor allem im Au\u00dfenbereich, zu versch\u00f6nern, bietet der Duni Kerzenhalter Mabel in Wei\u00df.","robots":{"index":"index","follow":"follow","max-snippet":"max-snippet:-1","max-image-preview":"max-image-preview:large","max-video-preview":"max-video-preview:-1"},"canonical":"https:\/\/www.tafeldeko.de\/news\/tischdeko-sommer-bis-zuletzt-geniessen\/","og_locale":"de_DE","og_type":"article","og_title":"Tischdeko Sommer \u2013 bis zuletzt genie\u00dfen - Tafeldeko","og_description":"Eine andere M\u00f6glichkeit, die Tischdeko Sommer, vor allem im Au\u00dfenbereich, zu versch\u00f6nern, bietet der Duni Kerzenhalter Mabel in Wei\u00df.","og_url":"https:\/\/www.tafeldeko.de\/news\/tischdeko-sommer-bis-zuletzt-geniessen\/","og_site_name":"Tafeldeko","article_publisher":"https:\/\/www.facebook.com\/pages\/Tafeldeko-einzigartige-Tischdekoration\/174202655894","article_published_time":"2016-08-31T16:56:07+00:00","article_modified_time":"2022-11-08T10:34:58+00:00","og_image":[{"width":500,"height":500,"url":"https:\/\/www.tafeldeko.de\/news\/wp-content\/uploads\/2016\/08\/duni_annmargret.jpg","type":"image\/jpeg"}],"author":"Tafeldeko Deko Team","twitter_misc":{"Verfasst von":"Tafeldeko Deko Team","Gesch\u00e4tzte Lesezeit":"4 Minuten"},"schema":{"@context":"https:\/\/schema.org","@graph":[{"@type":"WebPage","@id":"https:\/\/www.tafeldeko.de\/news\/tischdeko-sommer-bis-zuletzt-geniessen\/","url":"https:\/\/www.tafeldeko.de\/news\/tischdeko-sommer-bis-zuletzt-geniessen\/","name":"Tischdeko Sommer \u2013 bis zuletzt genie\u00dfen - Tafeldeko","isPartOf":{"@id":"https:\/\/www.tafeldeko.de\/news\/#website"},"datePublished":"2016-08-31T16:56:07+00:00","dateModified":"2022-11-08T10:34:58+00:00","author":{"@id":"https:\/\/www.tafeldeko.de\/news\/#\/schema\/person\/dc309fbb6a3e380919fc08342c3cc233"},"description":"Eine andere M\u00f6glichkeit, die Tischdeko Sommer, vor allem im Au\u00dfenbereich, zu versch\u00f6nern, bietet der Duni Kerzenhalter Mabel in Wei\u00df.","breadcrumb":{"@id":"https:\/\/www.tafeldeko.de\/news\/tischdeko-sommer-bis-zuletzt-geniessen\/#breadcrumb"},"inLanguage":"de-DE","potentialAction":[{"@type":"ReadAction","target":["https:\/\/www.tafeldeko.de\/news\/tischdeko-sommer-bis-zuletzt-geniessen\/"]}]},{"@type":"BreadcrumbList","@id":"https:\/\/www.tafeldeko.de\/news\/tischdeko-sommer-bis-zuletzt-geniessen\/#breadcrumb","itemListElement":[{"@type":"ListItem","position":1,"name":"Tafeldeko","item":"https:\/\/www.tafeldeko.de\/news\/"},{"@type":"ListItem","position":2,"name":"Alte Beitr\u00e4ge","item":"https:\/\/www.tafeldeko.de\/news\/alte-beitraege\/"},{"@type":"ListItem","position":3,"name":"Tischdeko - Blog","item":"https:\/\/www.tafeldeko.de\/news\/alte-beitraege\/tischdeko-blog\/"},{"@type":"ListItem","position":4,"name":"Tischdeko Sommer \u2013 bis zuletzt genie\u00dfen"}]},{"@type":"WebSite","@id":"https:\/\/www.tafeldeko.de\/news\/#website","url":"https:\/\/www.tafeldeko.de\/news\/","name":"Tafeldeko","description":"Blog mit Tischdeko und Tischdekoration Ideen","potentialAction":[{"@type":"SearchAction","target":{"@type":"EntryPoint","urlTemplate":"https:\/\/www.tafeldeko.de\/news\/?s={search_term_string}"},"query-input":"required name=search_term_string"}],"inLanguage":"de-DE"},{"@type":"Person","@id":"https:\/\/www.tafeldeko.de\/news\/#\/schema\/person\/dc309fbb6a3e380919fc08342c3cc233","name":"Tafeldeko Deko Team","image":{"@type":"ImageObject","inLanguage":"de-DE","@id":"https:\/\/www.tafeldeko.de\/news\/#\/schema\/person\/image\/","url":"https:\/\/secure.gravatar.com\/avatar\/1e962f4040dc9996f0d200db31598854?s=96&d=mm&r=g","contentUrl":"https:\/\/secure.gravatar.com\/avatar\/1e962f4040dc9996f0d200db31598854?s=96&d=mm&r=g","caption":"Tafeldeko Deko Team"}}]}},"_links":{"self":[{"href":"https:\/\/www.tafeldeko.de\/news\/wp-json\/wp\/v2\/posts\/7448"}],"collection":[{"href":"https:\/\/www.tafeldeko.de\/news\/wp-json\/wp\/v2\/posts"}],"about":[{"href":"https:\/\/www.tafeldeko.de\/news\/wp-json\/wp\/v2\/types\/post"}],"author":[{"embeddable":true,"href":"https:\/\/www.tafeldeko.de\/news\/wp-json\/wp\/v2\/users\/6"}],"replies":[{"embeddable":true,"href":"https:\/\/www.tafeldeko.de\/news\/wp-json\/wp\/v2\/comments?post=7448"}],"version-history":[{"count":8,"href":"https:\/\/www.tafeldeko.de\/news\/wp-json\/wp\/v2\/posts\/7448\/revisions"}],"predecessor-version":[{"id":20562,"href":"https:\/\/www.tafeldeko.de\/news\/wp-json\/wp\/v2\/posts\/7448\/revisions\/20562"}],"wp:featuredmedia":[{"embeddable":true,"href":"https:\/\/www.tafeldeko.de\/news\/wp-json\/wp\/v2\/media\/7449"}],"wp:attachment":[{"href":"https:\/\/www.tafeldeko.de\/news\/wp-json\/wp\/v2\/media?parent=7448"}],"wp:term":[{"taxonomy":"category","embeddable":true,"href":"https:\/\/www.tafeldeko.de\/news\/wp-json\/wp\/v2\/categories?post=7448"},{"taxonomy":"post_tag","embeddable":true,"href":"https:\/\/www.tafeldeko.de\/news\/wp-json\/wp\/v2\/tags?post=7448"}],"curies":[{"name":"wp","href":"https:\/\/api.w.org\/{rel}","templated":true}]}}