{"id":7445,"date":"2016-08-29T18:37:04","date_gmt":"2016-08-29T16:37:04","guid":{"rendered":"http:\/\/www.tafeldeko.de\/news\/?p=7445"},"modified":"2022-11-08T11:44:54","modified_gmt":"2022-11-08T10:44:54","slug":"bayrische-tischdeko-es-geht-bald-los","status":"publish","type":"post","link":"https:\/\/www.tafeldeko.de\/news\/bayrische-tischdeko-es-geht-bald-los\/","title":{"rendered":"Bayrische Tischdeko \u2013 es geht bald los"},"content":{"rendered":"<p>Die Oktoberfest-Begeisterten stehen bereits in den Startl\u00f6chern und warten, dass endlich die Saison wieder beginnt \u2013 inklusive <strong>bayrische Tischdeko<\/strong>, frisch Gezapftem, Wei\u00dfw\u00fcrstchen und Brezeln. Das und die stimmungsgeladene Blasmusik stehen f\u00fcr die Oktoberfest-Saison und die zahlreichen Feste, die zu Hause oder auf dem Festplatz gefeiert werden. Ganz bekannt sind nat\u00fcrlich das M\u00fcnchener Oktoberfest oder die Wasen in Stuttgart zu nennen. Doch auch in vielen anderen Regionen, St\u00e4dten und D\u00f6rfern finden Jahr f\u00fcr Jahr diverse Feste unter dem Motto \u201eOktoberfest\u201c statt.<\/p>\n<p>\t\t\t\t\t\t\t\t\t\t\t\t<img decoding=\"async\" width=\"250\" height=\"250\" src=\"https:\/\/www.tafeldeko.de\/news\/wp-content\/uploads\/2016\/08\/stumpenkerze_alpen.jpg\" alt=\"Bayrische Tischdeko\" loading=\"lazy\" srcset=\"https:\/\/www.tafeldeko.de\/news\/wp-content\/uploads\/2016\/08\/stumpenkerze_alpen.jpg 250w, https:\/\/www.tafeldeko.de\/news\/wp-content\/uploads\/2016\/08\/stumpenkerze_alpen-150x150.jpg 150w\" sizes=\"(max-width: 250px) 100vw, 250px\" \/>\t\t\t\t\t\t\t\t\t\t\t\t\t\t<\/p>\n<h2>Die bayrische Tischdeko f\u00fcr die Feier zu Hause<\/h2>\n<p>Auch zu Hause kann eine Feier mit dem Motto \u201eOktoberfest\u201c <strong>eine z\u00fcnftige Sause<\/strong> darstellen. Mit den G\u00e4sten wird ganz urig gefeiert, frisch gezapftes Bier, Wei\u00dfw\u00fcrstchen, s\u00fc\u00dfer Senf und Brezeln werden f\u00fcr das leibliche Wohl serviert. Bei solch einer Feier sollte nat\u00fcrlich die Basis zum Motto passen. Das hei\u00dft, ein bisschen <a href=\"https:\/\/www.tafeldeko.de\"><strong>Tischdeko<\/strong><\/a> sollte nicht fehlen. Dass es aber nicht das \u201etypisch bayrische\u201c in punkto Deko sein muss, zeigen unsere diversen, wundersch\u00f6nen Accessoires in unserem Onlineshop. Eine tolle M\u00f6glichkeit, die bayrische Tischdeko mit einem tollen Hingucker zu best\u00fccken, bietet die gro\u00dfe Lampion <strong>Stumpenkerze<\/strong> Alpen Herzen, Edelwei\u00df. Die Kerze brennt im Inneren gleichm\u00e4\u00dfig ab, so dass nur der \u00e4u\u00dfere Rand \u00fcbrig bleibt. Und dieser kann wieder mit einer kleineren Stumpenkerze oder einem Teelicht bef\u00fcllt werden.<br \/>Zur Stumpenkerze passende <strong>Servietten<\/strong> finden Sie ebenfalls in unserem Shop. Wundersch\u00f6n und vom Muster und den Farben perfekt passend, ist auch das bayrische Karo Herz mit Edelwei\u00df und Spitze, welches Sie einfach auf dem Tisch arrangieren k\u00f6nnen. Die Tischmitte kann beispielsweise ein rot-wei\u00df-kariertes <strong>Tischband<\/strong> schm\u00fccken, welches mit Filz-Streudekoteilen wie Trachtenh\u00fcte, Dirndl, Brezeln oder Lederhosen locker \u201ebelegt\u201c werden kann. Wenn Sie noch den besonderen Clou f\u00fcr die bayrische Tischdeko suchen, den haben wir auch \u2013 die <strong>Streudeko Mini Ma\u00dfkr\u00fcge<\/strong>. Diese, zum Beispiel auf den Tellern oder den Servietten der G\u00e4ste sch\u00f6n platziert, verleihen der Festtafel das gewisse Etwas.<\/p>\n<h2>Weitere Beitr\u00e4ge:<\/h2>\n<h2>Dekoartikel von A-Z<\/h2>\n<p>\t\t\t\t\t<a href=\"https:\/\/www.tafeldeko.de\/tischdeko-artikel\/\"><br \/>\n\t\t\t\t\t\tJetzt entdecken\t\t\t\t\t<\/a><\/p>\n","protected":false},"excerpt":{"rendered":"<p>Die Oktoberfest-Begeisterten stehen bereits in den Startl\u00f6chern und warten, dass endlich die Saison wieder beginnt \u2013 inklusive bayrische Tischdeko, frisch Gezapftem, Wei\u00dfw\u00fcrstchen und Brezeln. Das und die stimmungsgeladene Blasmusik stehen f\u00fcr die Oktoberfest-Saison und die zahlreichen Feste, die zu Hause oder auf dem Festplatz gefeiert werden. Ganz bekannt sind nat\u00fcrlich das M\u00fcnchener Oktoberfest oder die [&hellip;]<\/p>\n","protected":false},"author":6,"featured_media":7446,"comment_status":"closed","ping_status":"closed","sticky":false,"template":"","format":"standard","meta":{"footnotes":""},"categories":[1],"tags":[],"yoast_head":"<!-- This site is optimized with the Yoast SEO plugin v20.4 - https:\/\/yoast.com\/wordpress\/plugins\/seo\/ -->\n<title>Bayrische Tischdeko \u2013 es geht bald los - Tafeldeko<\/title>\n<meta name=\"description\" content=\"Best\u00fccken Sie die bayrische Tischdeko mit einem tollen Hingucker, der gro\u00dfen Lampion Stumpenkerze Alpen Herzen, Edelwei\u00df.\" \/>\n<meta name=\"robots\" content=\"index, follow, max-snippet:-1, max-image-preview:large, max-video-preview:-1\" \/>\n<link rel=\"canonical\" href=\"https:\/\/www.tafeldeko.de\/news\/bayrische-tischdeko-es-geht-bald-los\/\" \/>\n<meta property=\"og:locale\" content=\"de_DE\" \/>\n<meta property=\"og:type\" content=\"article\" \/>\n<meta property=\"og:title\" content=\"Bayrische Tischdeko \u2013 es geht bald los - Tafeldeko\" \/>\n<meta property=\"og:description\" content=\"Best\u00fccken Sie die bayrische Tischdeko mit einem tollen Hingucker, der gro\u00dfen Lampion Stumpenkerze Alpen Herzen, Edelwei\u00df.\" \/>\n<meta property=\"og:url\" content=\"https:\/\/www.tafeldeko.de\/news\/bayrische-tischdeko-es-geht-bald-los\/\" \/>\n<meta property=\"og:site_name\" content=\"Tafeldeko\" \/>\n<meta property=\"article:publisher\" content=\"https:\/\/www.facebook.com\/pages\/Tafeldeko-einzigartige-Tischdekoration\/174202655894\" \/>\n<meta property=\"article:published_time\" content=\"2016-08-29T16:37:04+00:00\" \/>\n<meta property=\"article:modified_time\" content=\"2022-11-08T10:44:54+00:00\" \/>\n<meta property=\"og:image\" content=\"https:\/\/www.tafeldeko.de\/news\/wp-content\/uploads\/2016\/08\/stumpenkerze_alpen.jpg\" \/>\n\t<meta property=\"og:image:width\" content=\"250\" \/>\n\t<meta property=\"og:image:height\" content=\"250\" \/>\n\t<meta property=\"og:image:type\" content=\"image\/jpeg\" \/>\n<meta name=\"author\" content=\"Tafeldeko Deko Team\" \/>\n<meta name=\"twitter:label1\" content=\"Verfasst von\" \/>\n\t<meta name=\"twitter:data1\" content=\"Tafeldeko Deko Team\" \/>\n\t<meta name=\"twitter:label2\" content=\"Gesch\u00e4tzte Lesezeit\" \/>\n\t<meta name=\"twitter:data2\" content=\"4 Minuten\" \/>\n<script type=\"application\/ld+json\" class=\"yoast-schema-graph\">{\"@context\":\"https:\/\/schema.org\",\"@graph\":[{\"@type\":\"WebPage\",\"@id\":\"https:\/\/www.tafeldeko.de\/news\/bayrische-tischdeko-es-geht-bald-los\/\",\"url\":\"https:\/\/www.tafeldeko.de\/news\/bayrische-tischdeko-es-geht-bald-los\/\",\"name\":\"Bayrische Tischdeko \u2013 es geht bald los - Tafeldeko\",\"isPartOf\":{\"@id\":\"https:\/\/www.tafeldeko.de\/news\/#website\"},\"datePublished\":\"2016-08-29T16:37:04+00:00\",\"dateModified\":\"2022-11-08T10:44:54+00:00\",\"author\":{\"@id\":\"https:\/\/www.tafeldeko.de\/news\/#\/schema\/person\/dc309fbb6a3e380919fc08342c3cc233\"},\"description\":\"Best\u00fccken Sie die bayrische Tischdeko mit einem tollen Hingucker, der gro\u00dfen Lampion Stumpenkerze Alpen Herzen, Edelwei\u00df.\",\"breadcrumb\":{\"@id\":\"https:\/\/www.tafeldeko.de\/news\/bayrische-tischdeko-es-geht-bald-los\/#breadcrumb\"},\"inLanguage\":\"de-DE\",\"potentialAction\":[{\"@type\":\"ReadAction\",\"target\":[\"https:\/\/www.tafeldeko.de\/news\/bayrische-tischdeko-es-geht-bald-los\/\"]}]},{\"@type\":\"BreadcrumbList\",\"@id\":\"https:\/\/www.tafeldeko.de\/news\/bayrische-tischdeko-es-geht-bald-los\/#breadcrumb\",\"itemListElement\":[{\"@type\":\"ListItem\",\"position\":1,\"name\":\"Tafeldeko\",\"item\":\"https:\/\/www.tafeldeko.de\/news\/\"},{\"@type\":\"ListItem\",\"position\":2,\"name\":\"Alte Beitr\u00e4ge\",\"item\":\"https:\/\/www.tafeldeko.de\/news\/alte-beitraege\/\"},{\"@type\":\"ListItem\",\"position\":3,\"name\":\"Tischdeko - Blog\",\"item\":\"https:\/\/www.tafeldeko.de\/news\/alte-beitraege\/tischdeko-blog\/\"},{\"@type\":\"ListItem\",\"position\":4,\"name\":\"Bayrische Tischdeko \u2013 es geht bald los\"}]},{\"@type\":\"WebSite\",\"@id\":\"https:\/\/www.tafeldeko.de\/news\/#website\",\"url\":\"https:\/\/www.tafeldeko.de\/news\/\",\"name\":\"Tafeldeko\",\"description\":\"Blog mit Tischdeko und Tischdekoration Ideen\",\"potentialAction\":[{\"@type\":\"SearchAction\",\"target\":{\"@type\":\"EntryPoint\",\"urlTemplate\":\"https:\/\/www.tafeldeko.de\/news\/?s={search_term_string}\"},\"query-input\":\"required name=search_term_string\"}],\"inLanguage\":\"de-DE\"},{\"@type\":\"Person\",\"@id\":\"https:\/\/www.tafeldeko.de\/news\/#\/schema\/person\/dc309fbb6a3e380919fc08342c3cc233\",\"name\":\"Tafeldeko Deko Team\",\"image\":{\"@type\":\"ImageObject\",\"inLanguage\":\"de-DE\",\"@id\":\"https:\/\/www.tafeldeko.de\/news\/#\/schema\/person\/image\/\",\"url\":\"https:\/\/secure.gravatar.com\/avatar\/1e962f4040dc9996f0d200db31598854?s=96&d=mm&r=g\",\"contentUrl\":\"https:\/\/secure.gravatar.com\/avatar\/1e962f4040dc9996f0d200db31598854?s=96&d=mm&r=g\",\"caption\":\"Tafeldeko Deko Team\"}}]}<\/script>\n<!-- \/ Yoast SEO plugin. -->","yoast_head_json":{"title":"Bayrische Tischdeko \u2013 es geht bald los - Tafeldeko","description":"Best\u00fccken Sie die bayrische Tischdeko mit einem tollen Hingucker, der gro\u00dfen Lampion Stumpenkerze Alpen Herzen, Edelwei\u00df.","robots":{"index":"index","follow":"follow","max-snippet":"max-snippet:-1","max-image-preview":"max-image-preview:large","max-video-preview":"max-video-preview:-1"},"canonical":"https:\/\/www.tafeldeko.de\/news\/bayrische-tischdeko-es-geht-bald-los\/","og_locale":"de_DE","og_type":"article","og_title":"Bayrische Tischdeko \u2013 es geht bald los - Tafeldeko","og_description":"Best\u00fccken Sie die bayrische Tischdeko mit einem tollen Hingucker, der gro\u00dfen Lampion Stumpenkerze Alpen Herzen, Edelwei\u00df.","og_url":"https:\/\/www.tafeldeko.de\/news\/bayrische-tischdeko-es-geht-bald-los\/","og_site_name":"Tafeldeko","article_publisher":"https:\/\/www.facebook.com\/pages\/Tafeldeko-einzigartige-Tischdekoration\/174202655894","article_published_time":"2016-08-29T16:37:04+00:00","article_modified_time":"2022-11-08T10:44:54+00:00","og_image":[{"width":250,"height":250,"url":"https:\/\/www.tafeldeko.de\/news\/wp-content\/uploads\/2016\/08\/stumpenkerze_alpen.jpg","type":"image\/jpeg"}],"author":"Tafeldeko Deko Team","twitter_misc":{"Verfasst von":"Tafeldeko Deko Team","Gesch\u00e4tzte Lesezeit":"4 Minuten"},"schema":{"@context":"https:\/\/schema.org","@graph":[{"@type":"WebPage","@id":"https:\/\/www.tafeldeko.de\/news\/bayrische-tischdeko-es-geht-bald-los\/","url":"https:\/\/www.tafeldeko.de\/news\/bayrische-tischdeko-es-geht-bald-los\/","name":"Bayrische Tischdeko \u2013 es geht bald los - Tafeldeko","isPartOf":{"@id":"https:\/\/www.tafeldeko.de\/news\/#website"},"datePublished":"2016-08-29T16:37:04+00:00","dateModified":"2022-11-08T10:44:54+00:00","author":{"@id":"https:\/\/www.tafeldeko.de\/news\/#\/schema\/person\/dc309fbb6a3e380919fc08342c3cc233"},"description":"Best\u00fccken Sie die bayrische Tischdeko mit einem tollen Hingucker, der gro\u00dfen Lampion Stumpenkerze Alpen Herzen, Edelwei\u00df.","breadcrumb":{"@id":"https:\/\/www.tafeldeko.de\/news\/bayrische-tischdeko-es-geht-bald-los\/#breadcrumb"},"inLanguage":"de-DE","potentialAction":[{"@type":"ReadAction","target":["https:\/\/www.tafeldeko.de\/news\/bayrische-tischdeko-es-geht-bald-los\/"]}]},{"@type":"BreadcrumbList","@id":"https:\/\/www.tafeldeko.de\/news\/bayrische-tischdeko-es-geht-bald-los\/#breadcrumb","itemListElement":[{"@type":"ListItem","position":1,"name":"Tafeldeko","item":"https:\/\/www.tafeldeko.de\/news\/"},{"@type":"ListItem","position":2,"name":"Alte Beitr\u00e4ge","item":"https:\/\/www.tafeldeko.de\/news\/alte-beitraege\/"},{"@type":"ListItem","position":3,"name":"Tischdeko - Blog","item":"https:\/\/www.tafeldeko.de\/news\/alte-beitraege\/tischdeko-blog\/"},{"@type":"ListItem","position":4,"name":"Bayrische Tischdeko \u2013 es geht bald los"}]},{"@type":"WebSite","@id":"https:\/\/www.tafeldeko.de\/news\/#website","url":"https:\/\/www.tafeldeko.de\/news\/","name":"Tafeldeko","description":"Blog mit Tischdeko und Tischdekoration Ideen","potentialAction":[{"@type":"SearchAction","target":{"@type":"EntryPoint","urlTemplate":"https:\/\/www.tafeldeko.de\/news\/?s={search_term_string}"},"query-input":"required name=search_term_string"}],"inLanguage":"de-DE"},{"@type":"Person","@id":"https:\/\/www.tafeldeko.de\/news\/#\/schema\/person\/dc309fbb6a3e380919fc08342c3cc233","name":"Tafeldeko Deko Team","image":{"@type":"ImageObject","inLanguage":"de-DE","@id":"https:\/\/www.tafeldeko.de\/news\/#\/schema\/person\/image\/","url":"https:\/\/secure.gravatar.com\/avatar\/1e962f4040dc9996f0d200db31598854?s=96&d=mm&r=g","contentUrl":"https:\/\/secure.gravatar.com\/avatar\/1e962f4040dc9996f0d200db31598854?s=96&d=mm&r=g","caption":"Tafeldeko Deko Team"}}]}},"_links":{"self":[{"href":"https:\/\/www.tafeldeko.de\/news\/wp-json\/wp\/v2\/posts\/7445"}],"collection":[{"href":"https:\/\/www.tafeldeko.de\/news\/wp-json\/wp\/v2\/posts"}],"about":[{"href":"https:\/\/www.tafeldeko.de\/news\/wp-json\/wp\/v2\/types\/post"}],"author":[{"embeddable":true,"href":"https:\/\/www.tafeldeko.de\/news\/wp-json\/wp\/v2\/users\/6"}],"replies":[{"embeddable":true,"href":"https:\/\/www.tafeldeko.de\/news\/wp-json\/wp\/v2\/comments?post=7445"}],"version-history":[{"count":4,"href":"https:\/\/www.tafeldeko.de\/news\/wp-json\/wp\/v2\/posts\/7445\/revisions"}],"predecessor-version":[{"id":20566,"href":"https:\/\/www.tafeldeko.de\/news\/wp-json\/wp\/v2\/posts\/7445\/revisions\/20566"}],"wp:featuredmedia":[{"embeddable":true,"href":"https:\/\/www.tafeldeko.de\/news\/wp-json\/wp\/v2\/media\/7446"}],"wp:attachment":[{"href":"https:\/\/www.tafeldeko.de\/news\/wp-json\/wp\/v2\/media?parent=7445"}],"wp:term":[{"taxonomy":"category","embeddable":true,"href":"https:\/\/www.tafeldeko.de\/news\/wp-json\/wp\/v2\/categories?post=7445"},{"taxonomy":"post_tag","embeddable":true,"href":"https:\/\/www.tafeldeko.de\/news\/wp-json\/wp\/v2\/tags?post=7445"}],"curies":[{"name":"wp","href":"https:\/\/api.w.org\/{rel}","templated":true}]}}