{"id":7436,"date":"2016-08-21T15:51:15","date_gmt":"2016-08-21T13:51:15","guid":{"rendered":"http:\/\/www.tafeldeko.de\/news\/?p=7436"},"modified":"2022-11-08T12:32:10","modified_gmt":"2022-11-08T11:32:10","slug":"tischdeko-lavendel-verfuehrerische-lilatoene","status":"publish","type":"post","link":"https:\/\/www.tafeldeko.de\/news\/tischdeko-lavendel-verfuehrerische-lilatoene\/","title":{"rendered":"Tischdeko Lavendel \u2013 verf\u00fchrerische Lilat\u00f6ne"},"content":{"rendered":"<p>Die <strong>Tischdeko Lavendel<\/strong> pr\u00e4sentiert sich in wundersch\u00f6nen, verf\u00fchrerischen Lilat\u00f6nen und bringt das Flair der Provence auf den Tisch. Eine kleine Feier, der Grillabend im Garten, der Terrasse oder dem Balkon erh\u00e4lt mit dieser Art der Tischdekorationen ein wundersch\u00f6nes Flair. Gerade im <strong>Au\u00dfenbereich<\/strong>, wo man nicht unbedingt die \u00fcppige Tischdeko arrangieren kann, sind die richtigen Accessoires von gro\u00dfer Bedeutung. Sch\u00f6ne und ausdrucksstarke Accessoires gekonnt platziert und fertig ist die Deko f\u00fcr den Au\u00dfenbereich.<\/p>\n<p><img decoding=\"async\" loading=\"lazy\" src=\"https:\/\/www.tafeldeko.de\/news\/wp-content\/uploads\/2016\/08\/lavendelbund.jpg\" sizes=\"(max-width: 250px) 100vw, 250px\" srcset=\"https:\/\/www.tafeldeko.de\/news\/wp-content\/uploads\/2016\/08\/lavendelbund.jpg 250w, https:\/\/www.tafeldeko.de\/news\/wp-content\/uploads\/2016\/08\/lavendelbund-150x150.jpg 150w\" alt=\"Tischdeko Lavendel\" width=\"250\" height=\"250\" \/><\/p>\n<h2>Ideen f\u00fcr die Tischdeko Lavendel<\/h2>\n<p><strong>Lilat\u00f6ne<\/strong> \u2013 sie stehen f\u00fcr das mediterrane Bl\u00fctenkraut, den Lavendel. Diese Pflanze bietet tolle M\u00f6glichkeiten, Dekorationen damit auszustatten oder zu erg\u00e4nzen. Ob frisch aus dem Garten oder als Kunstblume \u2013 Lavendel ist wundersch\u00f6n anzuschauen. So auch unsere Kunstblume Lavendelbund mit Efeu, die auch Ihre Tischdekoration auf tolle Weise erg\u00e4nzen kann. Auf einem kleinen Holzteller oder in einer flachen Schale arrangiert, mit einigen Raindrops Deko Tautropfs dekoriert und fertig ist der Blickfang, der die Tischmitte schm\u00fcckt.<br \/>\nIn unserem Online-Shop erhalten Sie noch viele weitere, wundersch\u00f6ne Accessoires, die sich um den Lavendel drehen. Dazu geh\u00f6ren zum Beispiel auch die <strong>Servietten Lavendel Wei\u00df<\/strong>, mit denen Sie die Sitzpl\u00e4tze Ihrer G\u00e4ste h\u00fcbsch dekorieren k\u00f6nnen. Die Deko-Herzen Allg\u00e4u in Natur und Lila k\u00f6nnen das Tisch-Arrangement auf sch\u00f6ne Weise abrunden. Wenn Sie das Lila der Lavendelbl\u00fcten weiter in der <a href=\"https:\/\/www.tafeldeko.de\"><strong>Tischdekoration<\/strong><\/a> verfolgen m\u00f6chten, empfehlen wir Ihnen die Holz Ornament Schmetterlinge in Lila, die sie einfach zwischen den Accessoires auf den Tisch drapieren k\u00f6nnen. Oder wie w\u00e4re es mit einem kleinen Gastgeschenk passend zur Tischdeko Lavendel? Die kleine Duftkerze Lavendel ist in drei verschiedenen Aufmachungen erh\u00e4ltlich, verspr\u00fcht beim Brennen einen angenehmen Duft. Diese <strong>Duftkerzen<\/strong> an den Sitzpl\u00e4tzen Ihrer G\u00e4ste drapiert und schon ist das kleine Dankesch\u00f6n integriert.<br \/>\nStatt Gastgeschenk eignen sich diese Duftkerzen nat\u00fcrlich auch perfekt f\u00fcr die Gartenparty im Au\u00dfenbereich. Als dekorative Windlichter auf Tischen und Mauerwerk, sehen diese Gl\u00e4ser wundersch\u00f6n aus.<br \/>\nLavendel \u2013 als Thema der Tischdekoration ein sehr vielseitiges Motiv.<\/p>\n<h2>Weitere Beitr\u00e4ge:<\/h2>\n<h2>Dekoartikel von A-Z<\/h2>\n<p><a href=\"https:\/\/www.tafeldeko.de\/tischdeko-artikel\/\"><br \/>\nJetzt entdecken <\/a><\/p>\n","protected":false},"excerpt":{"rendered":"<p>Die Tischdeko Lavendel pr\u00e4sentiert sich in wundersch\u00f6nen, verf\u00fchrerischen Lilat\u00f6nen und bringt das Flair der Provence auf den Tisch. Eine kleine Feier, der Grillabend im Garten, der Terrasse oder dem Balkon erh\u00e4lt mit dieser Art der Tischdekorationen ein wundersch\u00f6nes Flair. Gerade im Au\u00dfenbereich, wo man nicht unbedingt die \u00fcppige Tischdeko arrangieren kann, sind die richtigen Accessoires [&hellip;]<\/p>\n","protected":false},"author":6,"featured_media":7437,"comment_status":"closed","ping_status":"closed","sticky":false,"template":"","format":"standard","meta":{"footnotes":""},"categories":[1],"tags":[],"yoast_head":"<!-- This site is optimized with the Yoast SEO plugin v20.4 - https:\/\/yoast.com\/wordpress\/plugins\/seo\/ -->\n<title>Tischdeko Lavendel \u2013 verf\u00fchrerische Lilat\u00f6ne - Tafeldeko<\/title>\n<meta name=\"description\" content=\"wie w\u00e4re es mit einem kleinen Gastgeschenk passend zur Tischdeko Lavendel? Die kleine Duftkerze Lavendel ist daf\u00fcr perfekt geeignet.\" \/>\n<meta name=\"robots\" content=\"index, follow, max-snippet:-1, max-image-preview:large, max-video-preview:-1\" \/>\n<link rel=\"canonical\" href=\"https:\/\/www.tafeldeko.de\/news\/tischdeko-lavendel-verfuehrerische-lilatoene\/\" \/>\n<meta property=\"og:locale\" content=\"de_DE\" \/>\n<meta property=\"og:type\" content=\"article\" \/>\n<meta property=\"og:title\" content=\"Tischdeko Lavendel \u2013 verf\u00fchrerische Lilat\u00f6ne - Tafeldeko\" \/>\n<meta property=\"og:description\" content=\"wie w\u00e4re es mit einem kleinen Gastgeschenk passend zur Tischdeko Lavendel? Die kleine Duftkerze Lavendel ist daf\u00fcr perfekt geeignet.\" \/>\n<meta property=\"og:url\" content=\"https:\/\/www.tafeldeko.de\/news\/tischdeko-lavendel-verfuehrerische-lilatoene\/\" \/>\n<meta property=\"og:site_name\" content=\"Tafeldeko\" \/>\n<meta property=\"article:publisher\" content=\"https:\/\/www.facebook.com\/pages\/Tafeldeko-einzigartige-Tischdekoration\/174202655894\" \/>\n<meta property=\"article:published_time\" content=\"2016-08-21T13:51:15+00:00\" \/>\n<meta property=\"article:modified_time\" content=\"2022-11-08T11:32:10+00:00\" \/>\n<meta property=\"og:image\" content=\"https:\/\/www.tafeldeko.de\/news\/wp-content\/uploads\/2016\/08\/lavendelbund.jpg\" \/>\n\t<meta property=\"og:image:width\" content=\"250\" \/>\n\t<meta property=\"og:image:height\" content=\"250\" \/>\n\t<meta property=\"og:image:type\" content=\"image\/jpeg\" \/>\n<meta name=\"author\" content=\"Tafeldeko Deko Team\" \/>\n<meta name=\"twitter:label1\" content=\"Verfasst von\" \/>\n\t<meta name=\"twitter:data1\" content=\"Tafeldeko Deko Team\" \/>\n\t<meta name=\"twitter:label2\" content=\"Gesch\u00e4tzte Lesezeit\" \/>\n\t<meta name=\"twitter:data2\" content=\"2 Minuten\" \/>\n<script type=\"application\/ld+json\" class=\"yoast-schema-graph\">{\"@context\":\"https:\/\/schema.org\",\"@graph\":[{\"@type\":\"WebPage\",\"@id\":\"https:\/\/www.tafeldeko.de\/news\/tischdeko-lavendel-verfuehrerische-lilatoene\/\",\"url\":\"https:\/\/www.tafeldeko.de\/news\/tischdeko-lavendel-verfuehrerische-lilatoene\/\",\"name\":\"Tischdeko Lavendel \u2013 verf\u00fchrerische Lilat\u00f6ne - Tafeldeko\",\"isPartOf\":{\"@id\":\"https:\/\/www.tafeldeko.de\/news\/#website\"},\"datePublished\":\"2016-08-21T13:51:15+00:00\",\"dateModified\":\"2022-11-08T11:32:10+00:00\",\"author\":{\"@id\":\"https:\/\/www.tafeldeko.de\/news\/#\/schema\/person\/dc309fbb6a3e380919fc08342c3cc233\"},\"description\":\"wie w\u00e4re es mit einem kleinen Gastgeschenk passend zur Tischdeko Lavendel? Die kleine Duftkerze Lavendel ist daf\u00fcr perfekt geeignet.\",\"breadcrumb\":{\"@id\":\"https:\/\/www.tafeldeko.de\/news\/tischdeko-lavendel-verfuehrerische-lilatoene\/#breadcrumb\"},\"inLanguage\":\"de-DE\",\"potentialAction\":[{\"@type\":\"ReadAction\",\"target\":[\"https:\/\/www.tafeldeko.de\/news\/tischdeko-lavendel-verfuehrerische-lilatoene\/\"]}]},{\"@type\":\"BreadcrumbList\",\"@id\":\"https:\/\/www.tafeldeko.de\/news\/tischdeko-lavendel-verfuehrerische-lilatoene\/#breadcrumb\",\"itemListElement\":[{\"@type\":\"ListItem\",\"position\":1,\"name\":\"Tafeldeko\",\"item\":\"https:\/\/www.tafeldeko.de\/news\/\"},{\"@type\":\"ListItem\",\"position\":2,\"name\":\"Alte Beitr\u00e4ge\",\"item\":\"https:\/\/www.tafeldeko.de\/news\/alte-beitraege\/\"},{\"@type\":\"ListItem\",\"position\":3,\"name\":\"Tischdeko - Blog\",\"item\":\"https:\/\/www.tafeldeko.de\/news\/alte-beitraege\/tischdeko-blog\/\"},{\"@type\":\"ListItem\",\"position\":4,\"name\":\"Tischdeko Lavendel \u2013 verf\u00fchrerische Lilat\u00f6ne\"}]},{\"@type\":\"WebSite\",\"@id\":\"https:\/\/www.tafeldeko.de\/news\/#website\",\"url\":\"https:\/\/www.tafeldeko.de\/news\/\",\"name\":\"Tafeldeko\",\"description\":\"Blog mit Tischdeko und Tischdekoration Ideen\",\"potentialAction\":[{\"@type\":\"SearchAction\",\"target\":{\"@type\":\"EntryPoint\",\"urlTemplate\":\"https:\/\/www.tafeldeko.de\/news\/?s={search_term_string}\"},\"query-input\":\"required name=search_term_string\"}],\"inLanguage\":\"de-DE\"},{\"@type\":\"Person\",\"@id\":\"https:\/\/www.tafeldeko.de\/news\/#\/schema\/person\/dc309fbb6a3e380919fc08342c3cc233\",\"name\":\"Tafeldeko Deko Team\",\"image\":{\"@type\":\"ImageObject\",\"inLanguage\":\"de-DE\",\"@id\":\"https:\/\/www.tafeldeko.de\/news\/#\/schema\/person\/image\/\",\"url\":\"https:\/\/secure.gravatar.com\/avatar\/1e962f4040dc9996f0d200db31598854?s=96&d=mm&r=g\",\"contentUrl\":\"https:\/\/secure.gravatar.com\/avatar\/1e962f4040dc9996f0d200db31598854?s=96&d=mm&r=g\",\"caption\":\"Tafeldeko Deko Team\"}}]}<\/script>\n<!-- \/ Yoast SEO plugin. -->","yoast_head_json":{"title":"Tischdeko Lavendel \u2013 verf\u00fchrerische Lilat\u00f6ne - Tafeldeko","description":"wie w\u00e4re es mit einem kleinen Gastgeschenk passend zur Tischdeko Lavendel? Die kleine Duftkerze Lavendel ist daf\u00fcr perfekt geeignet.","robots":{"index":"index","follow":"follow","max-snippet":"max-snippet:-1","max-image-preview":"max-image-preview:large","max-video-preview":"max-video-preview:-1"},"canonical":"https:\/\/www.tafeldeko.de\/news\/tischdeko-lavendel-verfuehrerische-lilatoene\/","og_locale":"de_DE","og_type":"article","og_title":"Tischdeko Lavendel \u2013 verf\u00fchrerische Lilat\u00f6ne - Tafeldeko","og_description":"wie w\u00e4re es mit einem kleinen Gastgeschenk passend zur Tischdeko Lavendel? Die kleine Duftkerze Lavendel ist daf\u00fcr perfekt geeignet.","og_url":"https:\/\/www.tafeldeko.de\/news\/tischdeko-lavendel-verfuehrerische-lilatoene\/","og_site_name":"Tafeldeko","article_publisher":"https:\/\/www.facebook.com\/pages\/Tafeldeko-einzigartige-Tischdekoration\/174202655894","article_published_time":"2016-08-21T13:51:15+00:00","article_modified_time":"2022-11-08T11:32:10+00:00","og_image":[{"width":250,"height":250,"url":"https:\/\/www.tafeldeko.de\/news\/wp-content\/uploads\/2016\/08\/lavendelbund.jpg","type":"image\/jpeg"}],"author":"Tafeldeko Deko Team","twitter_misc":{"Verfasst von":"Tafeldeko Deko Team","Gesch\u00e4tzte Lesezeit":"2 Minuten"},"schema":{"@context":"https:\/\/schema.org","@graph":[{"@type":"WebPage","@id":"https:\/\/www.tafeldeko.de\/news\/tischdeko-lavendel-verfuehrerische-lilatoene\/","url":"https:\/\/www.tafeldeko.de\/news\/tischdeko-lavendel-verfuehrerische-lilatoene\/","name":"Tischdeko Lavendel \u2013 verf\u00fchrerische Lilat\u00f6ne - Tafeldeko","isPartOf":{"@id":"https:\/\/www.tafeldeko.de\/news\/#website"},"datePublished":"2016-08-21T13:51:15+00:00","dateModified":"2022-11-08T11:32:10+00:00","author":{"@id":"https:\/\/www.tafeldeko.de\/news\/#\/schema\/person\/dc309fbb6a3e380919fc08342c3cc233"},"description":"wie w\u00e4re es mit einem kleinen Gastgeschenk passend zur Tischdeko Lavendel? Die kleine Duftkerze Lavendel ist daf\u00fcr perfekt geeignet.","breadcrumb":{"@id":"https:\/\/www.tafeldeko.de\/news\/tischdeko-lavendel-verfuehrerische-lilatoene\/#breadcrumb"},"inLanguage":"de-DE","potentialAction":[{"@type":"ReadAction","target":["https:\/\/www.tafeldeko.de\/news\/tischdeko-lavendel-verfuehrerische-lilatoene\/"]}]},{"@type":"BreadcrumbList","@id":"https:\/\/www.tafeldeko.de\/news\/tischdeko-lavendel-verfuehrerische-lilatoene\/#breadcrumb","itemListElement":[{"@type":"ListItem","position":1,"name":"Tafeldeko","item":"https:\/\/www.tafeldeko.de\/news\/"},{"@type":"ListItem","position":2,"name":"Alte Beitr\u00e4ge","item":"https:\/\/www.tafeldeko.de\/news\/alte-beitraege\/"},{"@type":"ListItem","position":3,"name":"Tischdeko - Blog","item":"https:\/\/www.tafeldeko.de\/news\/alte-beitraege\/tischdeko-blog\/"},{"@type":"ListItem","position":4,"name":"Tischdeko Lavendel \u2013 verf\u00fchrerische Lilat\u00f6ne"}]},{"@type":"WebSite","@id":"https:\/\/www.tafeldeko.de\/news\/#website","url":"https:\/\/www.tafeldeko.de\/news\/","name":"Tafeldeko","description":"Blog mit Tischdeko und Tischdekoration Ideen","potentialAction":[{"@type":"SearchAction","target":{"@type":"EntryPoint","urlTemplate":"https:\/\/www.tafeldeko.de\/news\/?s={search_term_string}"},"query-input":"required name=search_term_string"}],"inLanguage":"de-DE"},{"@type":"Person","@id":"https:\/\/www.tafeldeko.de\/news\/#\/schema\/person\/dc309fbb6a3e380919fc08342c3cc233","name":"Tafeldeko Deko Team","image":{"@type":"ImageObject","inLanguage":"de-DE","@id":"https:\/\/www.tafeldeko.de\/news\/#\/schema\/person\/image\/","url":"https:\/\/secure.gravatar.com\/avatar\/1e962f4040dc9996f0d200db31598854?s=96&d=mm&r=g","contentUrl":"https:\/\/secure.gravatar.com\/avatar\/1e962f4040dc9996f0d200db31598854?s=96&d=mm&r=g","caption":"Tafeldeko Deko Team"}}]}},"_links":{"self":[{"href":"https:\/\/www.tafeldeko.de\/news\/wp-json\/wp\/v2\/posts\/7436"}],"collection":[{"href":"https:\/\/www.tafeldeko.de\/news\/wp-json\/wp\/v2\/posts"}],"about":[{"href":"https:\/\/www.tafeldeko.de\/news\/wp-json\/wp\/v2\/types\/post"}],"author":[{"embeddable":true,"href":"https:\/\/www.tafeldeko.de\/news\/wp-json\/wp\/v2\/users\/6"}],"replies":[{"embeddable":true,"href":"https:\/\/www.tafeldeko.de\/news\/wp-json\/wp\/v2\/comments?post=7436"}],"version-history":[{"count":8,"href":"https:\/\/www.tafeldeko.de\/news\/wp-json\/wp\/v2\/posts\/7436\/revisions"}],"predecessor-version":[{"id":20583,"href":"https:\/\/www.tafeldeko.de\/news\/wp-json\/wp\/v2\/posts\/7436\/revisions\/20583"}],"wp:featuredmedia":[{"embeddable":true,"href":"https:\/\/www.tafeldeko.de\/news\/wp-json\/wp\/v2\/media\/7437"}],"wp:attachment":[{"href":"https:\/\/www.tafeldeko.de\/news\/wp-json\/wp\/v2\/media?parent=7436"}],"wp:term":[{"taxonomy":"category","embeddable":true,"href":"https:\/\/www.tafeldeko.de\/news\/wp-json\/wp\/v2\/categories?post=7436"},{"taxonomy":"post_tag","embeddable":true,"href":"https:\/\/www.tafeldeko.de\/news\/wp-json\/wp\/v2\/tags?post=7436"}],"curies":[{"name":"wp","href":"https:\/\/api.w.org\/{rel}","templated":true}]}}