{"id":7430,"date":"2016-08-19T19:07:13","date_gmt":"2016-08-19T17:07:13","guid":{"rendered":"http:\/\/www.tafeldeko.de\/news\/?p=7430"},"modified":"2022-11-08T12:39:35","modified_gmt":"2022-11-08T11:39:35","slug":"geburtstags-tischdeko-in-rosa-und-gruen","status":"publish","type":"post","link":"https:\/\/www.tafeldeko.de\/news\/geburtstags-tischdeko-in-rosa-und-gruen\/","title":{"rendered":"Geburtstags Tischdeko in Rosa und Gr\u00fcn"},"content":{"rendered":"<p>Eine sch\u00f6ne Geburtstags Tischdeko in Rosa und Gr\u00fcn ist bei einer Geburtstagsfeier f\u00fcr das Geburtstagskind und die G\u00e4ste ein sch\u00f6ner Anblick. Irgendwie wirkt das Ganze gem\u00fctlich und einladend, man f\u00fchlt sich wohl und willkommen. Und zudem bildet die Geburtstags Tischdeko die sch\u00f6ne Basis f\u00fcr eine noch sch\u00f6nere Feier.<br \/>\nM\u00f6glichkeiten, den Tisch einzudecken und zu dekorieren, gibt es viele \u2013 man muss nur die passende f\u00fcr sich finden. Wer es gerne schlicht mag, wird auch die <a href=\"https:\/\/www.tafeldeko.de\"><strong>Tischdekoration<\/strong><\/a> schlicht arrangieren. Man sucht sich das aus, was gef\u00e4llt und dem eigenen Geschmack und den Vorstellungen zusagt \u2013 alles andere ist nicht authentisch.<\/p>\n<p><img decoding=\"async\" loading=\"lazy\" src=\"https:\/\/www.tafeldeko.de\/news\/wp-content\/uploads\/2016\/08\/gebu_rosagruen.jpg\" sizes=\"(max-width: 800px) 100vw, 800px\" srcset=\"https:\/\/www.tafeldeko.de\/news\/wp-content\/uploads\/2016\/08\/gebu_rosagruen.jpg 1000w, https:\/\/www.tafeldeko.de\/news\/wp-content\/uploads\/2016\/08\/gebu_rosagruen-300x210.jpg 300w, https:\/\/www.tafeldeko.de\/news\/wp-content\/uploads\/2016\/08\/gebu_rosagruen-768x538.jpg 768w, https:\/\/www.tafeldeko.de\/news\/wp-content\/uploads\/2016\/08\/gebu_rosagruen-624x437.jpg 624w\" alt=\"Geburtstags Tischdeko\" width=\"800\" height=\"560\" \/><\/p>\n<h2>Eine tolle Idee f\u00fcr die Geburtstags Tischdeko in Rosa und Gr\u00fcn<\/h2>\n<p>Mit dem Mustertisch zum Geburtstag in Gr\u00fcn und Rosa m\u00f6chten wir Ihnen ein tolles Beispiel zeigen, wie der Tisch am Geburtstag strahlen kann. Hauptmotiv dieser Dekoration sind <strong>Seerosen<\/strong> \u2013 sie verleihen dem Tisch das gewisse Etwas.<br \/>\nBei diesem <strong>Mustertisch<\/strong> spielt sich sozusagen alles in der Tischmitte ab. Diese wird mit Airlaid Papier Tischl\u00e4ufer in Rosa und einem grauen <strong>Tischl\u00e4ufer Leinen Optik<\/strong> ausgestattet. Wer m\u00f6chte, kann darunter eine wei\u00dfe Duni Tischdecke legen, um den Tisch vor Verschmutzungen zu sch\u00fctzen. Wer den Tisch als Bestandteil der Geburtstags Tischdeko integrieren m\u00f6chte, verzichtet auf das Tischtuch.<br \/>\nIm mittleren Bereich haben wir ein Arrangement aus der gro\u00dfen Vase Nobles, Granulat in Pink und der Kunstblume Aloe Vera Pick platziert. Davor liegen die Kunstblume Seerose in Wei\u00df, die Kunstblume Sukkulente Haworthia und die Kunstblume Sukkulentenzweig h\u00e4ngend \u2013 ein wundersch\u00f6ner Blickfang, der die Geburtstags Tischdeko etwas auflockert. Um die sch\u00f6ne Optik weiterzuf\u00fchren, haben wir eine Riesen Mandelschale Badam in Herzform dazu arrangiert. Glaslinsen mit Perlen in Perlmutt bringen einen <strong>gl\u00e4nzenden Effekt<\/strong> auf den Tisch.<br \/>\nBei den <strong>Servietten<\/strong> f\u00fchren wir ebenfalls das Motiv der Seerosen fort. Die Kombination besteht aus einer Duni Serviette Dunilin in Grau, einer Serviette Modern Colors rosa und einer Serviette Seerose. Der Keramik Froschk\u00f6nig komplettiert die Teichlandschaft auf ansprechende Art und Weise.<br \/>\nWir w\u00fcnschen Ihnen und Ihren G\u00e4sten eine wundervolle Geburtstagsfeier.<\/p>\n<h2>Weitere Beitr\u00e4ge:<\/h2>\n<h2>Dekoartikel von A-Z<\/h2>\n<p><a href=\"https:\/\/www.tafeldeko.de\/tischdeko-artikel\/\"><br \/>\nJetzt entdecken <\/a><\/p>\n","protected":false},"excerpt":{"rendered":"<p>Eine sch\u00f6ne Geburtstags Tischdeko in Rosa und Gr\u00fcn ist bei einer Geburtstagsfeier f\u00fcr das Geburtstagskind und die G\u00e4ste ein sch\u00f6ner Anblick. Irgendwie wirkt das Ganze gem\u00fctlich und einladend, man f\u00fchlt sich wohl und willkommen. Und zudem bildet die Geburtstags Tischdeko die sch\u00f6ne Basis f\u00fcr eine noch sch\u00f6nere Feier. M\u00f6glichkeiten, den Tisch einzudecken und zu dekorieren, [&hellip;]<\/p>\n","protected":false},"author":6,"featured_media":7431,"comment_status":"closed","ping_status":"closed","sticky":false,"template":"","format":"standard","meta":{"footnotes":""},"categories":[1],"tags":[],"yoast_head":"<!-- This site is optimized with the Yoast SEO plugin v20.4 - https:\/\/yoast.com\/wordpress\/plugins\/seo\/ -->\n<title>Geburtstags Tischdeko in Rosa und Gr\u00fcn - Tafeldeko<\/title>\n<meta name=\"description\" content=\"Die die Kunstblume Sukkulentenzweig h\u00e4ngend ist ein wundersch\u00f6ner Blickfang, der die Geburtstags Tischdeko in Rosa und Gr\u00fcn etwas auflockert.\" \/>\n<meta name=\"robots\" content=\"index, follow, max-snippet:-1, max-image-preview:large, max-video-preview:-1\" \/>\n<link rel=\"canonical\" href=\"https:\/\/www.tafeldeko.de\/news\/geburtstags-tischdeko-in-rosa-und-gruen\/\" \/>\n<meta property=\"og:locale\" content=\"de_DE\" \/>\n<meta property=\"og:type\" content=\"article\" \/>\n<meta property=\"og:title\" content=\"Geburtstags Tischdeko in Rosa und Gr\u00fcn - Tafeldeko\" \/>\n<meta property=\"og:description\" content=\"Die die Kunstblume Sukkulentenzweig h\u00e4ngend ist ein wundersch\u00f6ner Blickfang, der die Geburtstags Tischdeko in Rosa und Gr\u00fcn etwas auflockert.\" \/>\n<meta property=\"og:url\" content=\"https:\/\/www.tafeldeko.de\/news\/geburtstags-tischdeko-in-rosa-und-gruen\/\" \/>\n<meta property=\"og:site_name\" content=\"Tafeldeko\" \/>\n<meta property=\"article:publisher\" content=\"https:\/\/www.facebook.com\/pages\/Tafeldeko-einzigartige-Tischdekoration\/174202655894\" \/>\n<meta property=\"article:published_time\" content=\"2016-08-19T17:07:13+00:00\" \/>\n<meta property=\"article:modified_time\" content=\"2022-11-08T11:39:35+00:00\" \/>\n<meta property=\"og:image\" content=\"https:\/\/www.tafeldeko.de\/news\/wp-content\/uploads\/2016\/08\/gebu_rosagruen.jpg\" \/>\n\t<meta property=\"og:image:width\" content=\"1000\" \/>\n\t<meta property=\"og:image:height\" content=\"700\" \/>\n\t<meta property=\"og:image:type\" content=\"image\/jpeg\" \/>\n<meta name=\"author\" content=\"Tafeldeko Deko Team\" \/>\n<meta name=\"twitter:label1\" content=\"Verfasst von\" \/>\n\t<meta name=\"twitter:data1\" content=\"Tafeldeko Deko Team\" \/>\n\t<meta name=\"twitter:label2\" content=\"Gesch\u00e4tzte Lesezeit\" \/>\n\t<meta name=\"twitter:data2\" content=\"3 Minuten\" \/>\n<script type=\"application\/ld+json\" class=\"yoast-schema-graph\">{\"@context\":\"https:\/\/schema.org\",\"@graph\":[{\"@type\":\"WebPage\",\"@id\":\"https:\/\/www.tafeldeko.de\/news\/geburtstags-tischdeko-in-rosa-und-gruen\/\",\"url\":\"https:\/\/www.tafeldeko.de\/news\/geburtstags-tischdeko-in-rosa-und-gruen\/\",\"name\":\"Geburtstags Tischdeko in Rosa und Gr\u00fcn - Tafeldeko\",\"isPartOf\":{\"@id\":\"https:\/\/www.tafeldeko.de\/news\/#website\"},\"datePublished\":\"2016-08-19T17:07:13+00:00\",\"dateModified\":\"2022-11-08T11:39:35+00:00\",\"author\":{\"@id\":\"https:\/\/www.tafeldeko.de\/news\/#\/schema\/person\/dc309fbb6a3e380919fc08342c3cc233\"},\"description\":\"Die die Kunstblume Sukkulentenzweig h\u00e4ngend ist ein wundersch\u00f6ner Blickfang, der die Geburtstags Tischdeko in Rosa und Gr\u00fcn etwas auflockert.\",\"breadcrumb\":{\"@id\":\"https:\/\/www.tafeldeko.de\/news\/geburtstags-tischdeko-in-rosa-und-gruen\/#breadcrumb\"},\"inLanguage\":\"de-DE\",\"potentialAction\":[{\"@type\":\"ReadAction\",\"target\":[\"https:\/\/www.tafeldeko.de\/news\/geburtstags-tischdeko-in-rosa-und-gruen\/\"]}]},{\"@type\":\"BreadcrumbList\",\"@id\":\"https:\/\/www.tafeldeko.de\/news\/geburtstags-tischdeko-in-rosa-und-gruen\/#breadcrumb\",\"itemListElement\":[{\"@type\":\"ListItem\",\"position\":1,\"name\":\"Tafeldeko\",\"item\":\"https:\/\/www.tafeldeko.de\/news\/\"},{\"@type\":\"ListItem\",\"position\":2,\"name\":\"Alte Beitr\u00e4ge\",\"item\":\"https:\/\/www.tafeldeko.de\/news\/alte-beitraege\/\"},{\"@type\":\"ListItem\",\"position\":3,\"name\":\"Tischdeko - Blog\",\"item\":\"https:\/\/www.tafeldeko.de\/news\/alte-beitraege\/tischdeko-blog\/\"},{\"@type\":\"ListItem\",\"position\":4,\"name\":\"Geburtstags Tischdeko in Rosa und Gr\u00fcn\"}]},{\"@type\":\"WebSite\",\"@id\":\"https:\/\/www.tafeldeko.de\/news\/#website\",\"url\":\"https:\/\/www.tafeldeko.de\/news\/\",\"name\":\"Tafeldeko\",\"description\":\"Blog mit Tischdeko und Tischdekoration Ideen\",\"potentialAction\":[{\"@type\":\"SearchAction\",\"target\":{\"@type\":\"EntryPoint\",\"urlTemplate\":\"https:\/\/www.tafeldeko.de\/news\/?s={search_term_string}\"},\"query-input\":\"required name=search_term_string\"}],\"inLanguage\":\"de-DE\"},{\"@type\":\"Person\",\"@id\":\"https:\/\/www.tafeldeko.de\/news\/#\/schema\/person\/dc309fbb6a3e380919fc08342c3cc233\",\"name\":\"Tafeldeko Deko Team\",\"image\":{\"@type\":\"ImageObject\",\"inLanguage\":\"de-DE\",\"@id\":\"https:\/\/www.tafeldeko.de\/news\/#\/schema\/person\/image\/\",\"url\":\"https:\/\/secure.gravatar.com\/avatar\/1e962f4040dc9996f0d200db31598854?s=96&d=mm&r=g\",\"contentUrl\":\"https:\/\/secure.gravatar.com\/avatar\/1e962f4040dc9996f0d200db31598854?s=96&d=mm&r=g\",\"caption\":\"Tafeldeko Deko Team\"}}]}<\/script>\n<!-- \/ Yoast SEO plugin. -->","yoast_head_json":{"title":"Geburtstags Tischdeko in Rosa und Gr\u00fcn - Tafeldeko","description":"Die die Kunstblume Sukkulentenzweig h\u00e4ngend ist ein wundersch\u00f6ner Blickfang, der die Geburtstags Tischdeko in Rosa und Gr\u00fcn etwas auflockert.","robots":{"index":"index","follow":"follow","max-snippet":"max-snippet:-1","max-image-preview":"max-image-preview:large","max-video-preview":"max-video-preview:-1"},"canonical":"https:\/\/www.tafeldeko.de\/news\/geburtstags-tischdeko-in-rosa-und-gruen\/","og_locale":"de_DE","og_type":"article","og_title":"Geburtstags Tischdeko in Rosa und Gr\u00fcn - Tafeldeko","og_description":"Die die Kunstblume Sukkulentenzweig h\u00e4ngend ist ein wundersch\u00f6ner Blickfang, der die Geburtstags Tischdeko in Rosa und Gr\u00fcn etwas auflockert.","og_url":"https:\/\/www.tafeldeko.de\/news\/geburtstags-tischdeko-in-rosa-und-gruen\/","og_site_name":"Tafeldeko","article_publisher":"https:\/\/www.facebook.com\/pages\/Tafeldeko-einzigartige-Tischdekoration\/174202655894","article_published_time":"2016-08-19T17:07:13+00:00","article_modified_time":"2022-11-08T11:39:35+00:00","og_image":[{"width":1000,"height":700,"url":"https:\/\/www.tafeldeko.de\/news\/wp-content\/uploads\/2016\/08\/gebu_rosagruen.jpg","type":"image\/jpeg"}],"author":"Tafeldeko Deko Team","twitter_misc":{"Verfasst von":"Tafeldeko Deko Team","Gesch\u00e4tzte Lesezeit":"3 Minuten"},"schema":{"@context":"https:\/\/schema.org","@graph":[{"@type":"WebPage","@id":"https:\/\/www.tafeldeko.de\/news\/geburtstags-tischdeko-in-rosa-und-gruen\/","url":"https:\/\/www.tafeldeko.de\/news\/geburtstags-tischdeko-in-rosa-und-gruen\/","name":"Geburtstags Tischdeko in Rosa und Gr\u00fcn - Tafeldeko","isPartOf":{"@id":"https:\/\/www.tafeldeko.de\/news\/#website"},"datePublished":"2016-08-19T17:07:13+00:00","dateModified":"2022-11-08T11:39:35+00:00","author":{"@id":"https:\/\/www.tafeldeko.de\/news\/#\/schema\/person\/dc309fbb6a3e380919fc08342c3cc233"},"description":"Die die Kunstblume Sukkulentenzweig h\u00e4ngend ist ein wundersch\u00f6ner Blickfang, der die Geburtstags Tischdeko in Rosa und Gr\u00fcn etwas auflockert.","breadcrumb":{"@id":"https:\/\/www.tafeldeko.de\/news\/geburtstags-tischdeko-in-rosa-und-gruen\/#breadcrumb"},"inLanguage":"de-DE","potentialAction":[{"@type":"ReadAction","target":["https:\/\/www.tafeldeko.de\/news\/geburtstags-tischdeko-in-rosa-und-gruen\/"]}]},{"@type":"BreadcrumbList","@id":"https:\/\/www.tafeldeko.de\/news\/geburtstags-tischdeko-in-rosa-und-gruen\/#breadcrumb","itemListElement":[{"@type":"ListItem","position":1,"name":"Tafeldeko","item":"https:\/\/www.tafeldeko.de\/news\/"},{"@type":"ListItem","position":2,"name":"Alte Beitr\u00e4ge","item":"https:\/\/www.tafeldeko.de\/news\/alte-beitraege\/"},{"@type":"ListItem","position":3,"name":"Tischdeko - Blog","item":"https:\/\/www.tafeldeko.de\/news\/alte-beitraege\/tischdeko-blog\/"},{"@type":"ListItem","position":4,"name":"Geburtstags Tischdeko in Rosa und Gr\u00fcn"}]},{"@type":"WebSite","@id":"https:\/\/www.tafeldeko.de\/news\/#website","url":"https:\/\/www.tafeldeko.de\/news\/","name":"Tafeldeko","description":"Blog mit Tischdeko und Tischdekoration Ideen","potentialAction":[{"@type":"SearchAction","target":{"@type":"EntryPoint","urlTemplate":"https:\/\/www.tafeldeko.de\/news\/?s={search_term_string}"},"query-input":"required name=search_term_string"}],"inLanguage":"de-DE"},{"@type":"Person","@id":"https:\/\/www.tafeldeko.de\/news\/#\/schema\/person\/dc309fbb6a3e380919fc08342c3cc233","name":"Tafeldeko Deko Team","image":{"@type":"ImageObject","inLanguage":"de-DE","@id":"https:\/\/www.tafeldeko.de\/news\/#\/schema\/person\/image\/","url":"https:\/\/secure.gravatar.com\/avatar\/1e962f4040dc9996f0d200db31598854?s=96&d=mm&r=g","contentUrl":"https:\/\/secure.gravatar.com\/avatar\/1e962f4040dc9996f0d200db31598854?s=96&d=mm&r=g","caption":"Tafeldeko Deko Team"}}]}},"_links":{"self":[{"href":"https:\/\/www.tafeldeko.de\/news\/wp-json\/wp\/v2\/posts\/7430"}],"collection":[{"href":"https:\/\/www.tafeldeko.de\/news\/wp-json\/wp\/v2\/posts"}],"about":[{"href":"https:\/\/www.tafeldeko.de\/news\/wp-json\/wp\/v2\/types\/post"}],"author":[{"embeddable":true,"href":"https:\/\/www.tafeldeko.de\/news\/wp-json\/wp\/v2\/users\/6"}],"replies":[{"embeddable":true,"href":"https:\/\/www.tafeldeko.de\/news\/wp-json\/wp\/v2\/comments?post=7430"}],"version-history":[{"count":6,"href":"https:\/\/www.tafeldeko.de\/news\/wp-json\/wp\/v2\/posts\/7430\/revisions"}],"predecessor-version":[{"id":20587,"href":"https:\/\/www.tafeldeko.de\/news\/wp-json\/wp\/v2\/posts\/7430\/revisions\/20587"}],"wp:featuredmedia":[{"embeddable":true,"href":"https:\/\/www.tafeldeko.de\/news\/wp-json\/wp\/v2\/media\/7431"}],"wp:attachment":[{"href":"https:\/\/www.tafeldeko.de\/news\/wp-json\/wp\/v2\/media?parent=7430"}],"wp:term":[{"taxonomy":"category","embeddable":true,"href":"https:\/\/www.tafeldeko.de\/news\/wp-json\/wp\/v2\/categories?post=7430"},{"taxonomy":"post_tag","embeddable":true,"href":"https:\/\/www.tafeldeko.de\/news\/wp-json\/wp\/v2\/tags?post=7430"}],"curies":[{"name":"wp","href":"https:\/\/api.w.org\/{rel}","templated":true}]}}