{"id":7395,"date":"2016-08-05T19:14:50","date_gmt":"2016-08-05T17:14:50","guid":{"rendered":"http:\/\/www.tafeldeko.de\/news\/?p=7395"},"modified":"2022-11-08T13:50:55","modified_gmt":"2022-11-08T12:50:55","slug":"tischdeko-herbst-mit-duni","status":"publish","type":"post","link":"https:\/\/www.tafeldeko.de\/news\/tischdeko-herbst-mit-duni\/","title":{"rendered":"Tischdeko Herbst mit Duni"},"content":{"rendered":"<p>Duni steht f\u00fcr wundersch\u00f6ne und ausdrucksstarke Accessoires f\u00fcr den Tisch \u2013 und f\u00fcr die <strong>Tischdeko Herbst<\/strong> hat der Hersteller so einige \u00dcberraschungen in petto. Eine dieser \u00dcberraschungen ist die Serie Autumn Blossom, die aus den Accessoires: Tischsets, Servietten, Tischl\u00e4ufern und Mitteldecken besteht. Das Motiv ist <strong>herbstlich<\/strong>, die Farben ebenso. Kombinationen mit farbenfrohen Accessoires lassen hier eine traumhafte Tischdekoration entstehen.<\/p>\n<p><img decoding=\"async\" loading=\"lazy\" src=\"https:\/\/www.tafeldeko.de\/news\/wp-content\/uploads\/2016\/08\/duni_autumnblossom.jpg\" sizes=\"(max-width: 250px) 100vw, 250px\" srcset=\"https:\/\/www.tafeldeko.de\/news\/wp-content\/uploads\/2016\/08\/duni_autumnblossom.jpg 250w, https:\/\/www.tafeldeko.de\/news\/wp-content\/uploads\/2016\/08\/duni_autumnblossom-150x150.jpg 150w\" alt=\"Tischdeko Herbst\" width=\"250\" height=\"250\" \/><\/p>\n<h2>Die Tischdeko Herbst mit Duni Autumn Blossom<\/h2>\n<p>Die festlich eingedeckte Tafel kann auch im Herbst ganz <strong>farbenfroh und ausdrucksstark<\/strong> strahlen und leuchten. Nur weil die Tage k\u00fcrzer werden und sich die Sonne vielleicht nicht mehr so oft zeigt, ist das noch lange kein Grund, Tr\u00fcbsal zu blasen und den Kopf in den Sand zu stecken. Vielmehr ist das ein Grund, genau das Gegenteil zu unternehmen, beispielsweise mit farbenpr\u00e4chtigen Tischdekorationen dem Herbst die kalte Schulter zeigen. Wundersch\u00f6n sieht es aus, wenn Sie die Duni Serie Autumn Blossom mit gr\u00fcnen Servietten kombinieren.<br \/>\nWie auf dem <strong>Mustertisch von Duni<\/strong> ersichtlich ist, schm\u00fccken Mitteldecken die Tische, wei\u00dfe Teller setzen den ersten Kontrast. Auf dem Teller liegt eine Serviette Autumn Blossom, neben dem Teller eine Duni Serviette in Gr\u00fcn. Gerade wenn mehrere G\u00e4nge serviert werden, ist es von Vorteil, den G\u00e4sten mehrere Servietten zur Verf\u00fcgung zu stellen und gleichzeitig ist die Kombination sehr schm\u00fcckend. Ein weiterer Bestandteil der Tischdeko Herbst sind die Duni <strong>Kerzengl\u00e4ser<\/strong>, die ebenfalls in Gr\u00fcn erh\u00e4ltlich sind. Eine schmale Vase mit einer einzelnen Bl\u00fcte darin bringt einen weiteren Blickpunkt in die <a href=\"https:\/\/www.tafeldeko.de\"><strong>Tischdekoration<\/strong><\/a> ein.<br \/>\nWer statt Mitteldecken lieber Tischsets verwendet, hat hierbei die gleichen M\u00f6glichkeiten. Und werden Tische mit quer \u00fcber den Tisch gelegten Tischl\u00e4ufern dekoriert, sieht diese Art der Tischdeko Herbst ebenfalls sehr <strong>eindrucksvoll<\/strong> aus. Es kommt auf den Geschmack der dekorierenden Person an und auch der Tisch spielt bei der Dekorationsart eine Rolle.<br \/>\nEines ist sicher: die Duni Autumn Blossom schm\u00fccken die Tische zu Hause und im Restaurant auf tolle Art und Weise.<\/p>\n<h2>Weitere Beitr\u00e4ge:<\/h2>\n<h2>Dekoartikel von A-Z<\/h2>\n<p><a href=\"https:\/\/www.tafeldeko.de\/tischdeko-artikel\/\"><br \/>\nJetzt entdecken <\/a><\/p>\n","protected":false},"excerpt":{"rendered":"<p>Duni steht f\u00fcr wundersch\u00f6ne und ausdrucksstarke Accessoires f\u00fcr den Tisch \u2013 und f\u00fcr die Tischdeko Herbst hat der Hersteller so einige \u00dcberraschungen in petto. Eine dieser \u00dcberraschungen ist die Serie Autumn Blossom, die aus den Accessoires: Tischsets, Servietten, Tischl\u00e4ufern und Mitteldecken besteht. Das Motiv ist herbstlich, die Farben ebenso. Kombinationen mit farbenfrohen Accessoires lassen hier [&hellip;]<\/p>\n","protected":false},"author":6,"featured_media":7396,"comment_status":"closed","ping_status":"closed","sticky":false,"template":"","format":"standard","meta":{"footnotes":""},"categories":[1],"tags":[],"yoast_head":"<!-- This site is optimized with the Yoast SEO plugin v20.4 - https:\/\/yoast.com\/wordpress\/plugins\/seo\/ -->\n<title>Tischdeko Herbst mit Duni - Tafeldeko<\/title>\n<meta name=\"description\" content=\"Ein weiterer Bestandteil der Tischdeko Herbst sind die Duni Kerzengl\u00e4ser, die ebenfalls in Gr\u00fcn erh\u00e4ltlich sind.\" \/>\n<meta name=\"robots\" content=\"index, follow, max-snippet:-1, max-image-preview:large, max-video-preview:-1\" \/>\n<link rel=\"canonical\" href=\"https:\/\/www.tafeldeko.de\/news\/tischdeko-herbst-mit-duni\/\" \/>\n<meta property=\"og:locale\" content=\"de_DE\" \/>\n<meta property=\"og:type\" content=\"article\" \/>\n<meta property=\"og:title\" content=\"Tischdeko Herbst mit Duni - Tafeldeko\" \/>\n<meta property=\"og:description\" content=\"Ein weiterer Bestandteil der Tischdeko Herbst sind die Duni Kerzengl\u00e4ser, die ebenfalls in Gr\u00fcn erh\u00e4ltlich sind.\" \/>\n<meta property=\"og:url\" content=\"https:\/\/www.tafeldeko.de\/news\/tischdeko-herbst-mit-duni\/\" \/>\n<meta property=\"og:site_name\" content=\"Tafeldeko\" \/>\n<meta property=\"article:publisher\" content=\"https:\/\/www.facebook.com\/pages\/Tafeldeko-einzigartige-Tischdekoration\/174202655894\" \/>\n<meta property=\"article:published_time\" content=\"2016-08-05T17:14:50+00:00\" \/>\n<meta property=\"article:modified_time\" content=\"2022-11-08T12:50:55+00:00\" \/>\n<meta property=\"og:image\" content=\"https:\/\/www.tafeldeko.de\/news\/wp-content\/uploads\/2016\/08\/duni_autumnblossom.jpg\" \/>\n\t<meta property=\"og:image:width\" content=\"250\" \/>\n\t<meta property=\"og:image:height\" content=\"250\" \/>\n\t<meta property=\"og:image:type\" content=\"image\/jpeg\" \/>\n<meta name=\"author\" content=\"Tafeldeko Deko Team\" \/>\n<meta name=\"twitter:label1\" content=\"Verfasst von\" \/>\n\t<meta name=\"twitter:data1\" content=\"Tafeldeko Deko Team\" \/>\n\t<meta name=\"twitter:label2\" content=\"Gesch\u00e4tzte Lesezeit\" \/>\n\t<meta name=\"twitter:data2\" content=\"2 Minuten\" \/>\n<script type=\"application\/ld+json\" class=\"yoast-schema-graph\">{\"@context\":\"https:\/\/schema.org\",\"@graph\":[{\"@type\":\"WebPage\",\"@id\":\"https:\/\/www.tafeldeko.de\/news\/tischdeko-herbst-mit-duni\/\",\"url\":\"https:\/\/www.tafeldeko.de\/news\/tischdeko-herbst-mit-duni\/\",\"name\":\"Tischdeko Herbst mit Duni - Tafeldeko\",\"isPartOf\":{\"@id\":\"https:\/\/www.tafeldeko.de\/news\/#website\"},\"datePublished\":\"2016-08-05T17:14:50+00:00\",\"dateModified\":\"2022-11-08T12:50:55+00:00\",\"author\":{\"@id\":\"https:\/\/www.tafeldeko.de\/news\/#\/schema\/person\/dc309fbb6a3e380919fc08342c3cc233\"},\"description\":\"Ein weiterer Bestandteil der Tischdeko Herbst sind die Duni Kerzengl\u00e4ser, die ebenfalls in Gr\u00fcn erh\u00e4ltlich sind.\",\"breadcrumb\":{\"@id\":\"https:\/\/www.tafeldeko.de\/news\/tischdeko-herbst-mit-duni\/#breadcrumb\"},\"inLanguage\":\"de-DE\",\"potentialAction\":[{\"@type\":\"ReadAction\",\"target\":[\"https:\/\/www.tafeldeko.de\/news\/tischdeko-herbst-mit-duni\/\"]}]},{\"@type\":\"BreadcrumbList\",\"@id\":\"https:\/\/www.tafeldeko.de\/news\/tischdeko-herbst-mit-duni\/#breadcrumb\",\"itemListElement\":[{\"@type\":\"ListItem\",\"position\":1,\"name\":\"Tafeldeko\",\"item\":\"https:\/\/www.tafeldeko.de\/news\/\"},{\"@type\":\"ListItem\",\"position\":2,\"name\":\"Alte Beitr\u00e4ge\",\"item\":\"https:\/\/www.tafeldeko.de\/news\/alte-beitraege\/\"},{\"@type\":\"ListItem\",\"position\":3,\"name\":\"Tischdeko - Blog\",\"item\":\"https:\/\/www.tafeldeko.de\/news\/alte-beitraege\/tischdeko-blog\/\"},{\"@type\":\"ListItem\",\"position\":4,\"name\":\"Tischdeko Herbst mit Duni\"}]},{\"@type\":\"WebSite\",\"@id\":\"https:\/\/www.tafeldeko.de\/news\/#website\",\"url\":\"https:\/\/www.tafeldeko.de\/news\/\",\"name\":\"Tafeldeko\",\"description\":\"Blog mit Tischdeko und Tischdekoration Ideen\",\"potentialAction\":[{\"@type\":\"SearchAction\",\"target\":{\"@type\":\"EntryPoint\",\"urlTemplate\":\"https:\/\/www.tafeldeko.de\/news\/?s={search_term_string}\"},\"query-input\":\"required name=search_term_string\"}],\"inLanguage\":\"de-DE\"},{\"@type\":\"Person\",\"@id\":\"https:\/\/www.tafeldeko.de\/news\/#\/schema\/person\/dc309fbb6a3e380919fc08342c3cc233\",\"name\":\"Tafeldeko Deko Team\",\"image\":{\"@type\":\"ImageObject\",\"inLanguage\":\"de-DE\",\"@id\":\"https:\/\/www.tafeldeko.de\/news\/#\/schema\/person\/image\/\",\"url\":\"https:\/\/secure.gravatar.com\/avatar\/1e962f4040dc9996f0d200db31598854?s=96&d=mm&r=g\",\"contentUrl\":\"https:\/\/secure.gravatar.com\/avatar\/1e962f4040dc9996f0d200db31598854?s=96&d=mm&r=g\",\"caption\":\"Tafeldeko Deko Team\"}}]}<\/script>\n<!-- \/ Yoast SEO plugin. -->","yoast_head_json":{"title":"Tischdeko Herbst mit Duni - Tafeldeko","description":"Ein weiterer Bestandteil der Tischdeko Herbst sind die Duni Kerzengl\u00e4ser, die ebenfalls in Gr\u00fcn erh\u00e4ltlich sind.","robots":{"index":"index","follow":"follow","max-snippet":"max-snippet:-1","max-image-preview":"max-image-preview:large","max-video-preview":"max-video-preview:-1"},"canonical":"https:\/\/www.tafeldeko.de\/news\/tischdeko-herbst-mit-duni\/","og_locale":"de_DE","og_type":"article","og_title":"Tischdeko Herbst mit Duni - Tafeldeko","og_description":"Ein weiterer Bestandteil der Tischdeko Herbst sind die Duni Kerzengl\u00e4ser, die ebenfalls in Gr\u00fcn erh\u00e4ltlich sind.","og_url":"https:\/\/www.tafeldeko.de\/news\/tischdeko-herbst-mit-duni\/","og_site_name":"Tafeldeko","article_publisher":"https:\/\/www.facebook.com\/pages\/Tafeldeko-einzigartige-Tischdekoration\/174202655894","article_published_time":"2016-08-05T17:14:50+00:00","article_modified_time":"2022-11-08T12:50:55+00:00","og_image":[{"width":250,"height":250,"url":"https:\/\/www.tafeldeko.de\/news\/wp-content\/uploads\/2016\/08\/duni_autumnblossom.jpg","type":"image\/jpeg"}],"author":"Tafeldeko Deko Team","twitter_misc":{"Verfasst von":"Tafeldeko Deko Team","Gesch\u00e4tzte Lesezeit":"2 Minuten"},"schema":{"@context":"https:\/\/schema.org","@graph":[{"@type":"WebPage","@id":"https:\/\/www.tafeldeko.de\/news\/tischdeko-herbst-mit-duni\/","url":"https:\/\/www.tafeldeko.de\/news\/tischdeko-herbst-mit-duni\/","name":"Tischdeko Herbst mit Duni - Tafeldeko","isPartOf":{"@id":"https:\/\/www.tafeldeko.de\/news\/#website"},"datePublished":"2016-08-05T17:14:50+00:00","dateModified":"2022-11-08T12:50:55+00:00","author":{"@id":"https:\/\/www.tafeldeko.de\/news\/#\/schema\/person\/dc309fbb6a3e380919fc08342c3cc233"},"description":"Ein weiterer Bestandteil der Tischdeko Herbst sind die Duni Kerzengl\u00e4ser, die ebenfalls in Gr\u00fcn erh\u00e4ltlich sind.","breadcrumb":{"@id":"https:\/\/www.tafeldeko.de\/news\/tischdeko-herbst-mit-duni\/#breadcrumb"},"inLanguage":"de-DE","potentialAction":[{"@type":"ReadAction","target":["https:\/\/www.tafeldeko.de\/news\/tischdeko-herbst-mit-duni\/"]}]},{"@type":"BreadcrumbList","@id":"https:\/\/www.tafeldeko.de\/news\/tischdeko-herbst-mit-duni\/#breadcrumb","itemListElement":[{"@type":"ListItem","position":1,"name":"Tafeldeko","item":"https:\/\/www.tafeldeko.de\/news\/"},{"@type":"ListItem","position":2,"name":"Alte Beitr\u00e4ge","item":"https:\/\/www.tafeldeko.de\/news\/alte-beitraege\/"},{"@type":"ListItem","position":3,"name":"Tischdeko - Blog","item":"https:\/\/www.tafeldeko.de\/news\/alte-beitraege\/tischdeko-blog\/"},{"@type":"ListItem","position":4,"name":"Tischdeko Herbst mit Duni"}]},{"@type":"WebSite","@id":"https:\/\/www.tafeldeko.de\/news\/#website","url":"https:\/\/www.tafeldeko.de\/news\/","name":"Tafeldeko","description":"Blog mit Tischdeko und Tischdekoration Ideen","potentialAction":[{"@type":"SearchAction","target":{"@type":"EntryPoint","urlTemplate":"https:\/\/www.tafeldeko.de\/news\/?s={search_term_string}"},"query-input":"required name=search_term_string"}],"inLanguage":"de-DE"},{"@type":"Person","@id":"https:\/\/www.tafeldeko.de\/news\/#\/schema\/person\/dc309fbb6a3e380919fc08342c3cc233","name":"Tafeldeko Deko Team","image":{"@type":"ImageObject","inLanguage":"de-DE","@id":"https:\/\/www.tafeldeko.de\/news\/#\/schema\/person\/image\/","url":"https:\/\/secure.gravatar.com\/avatar\/1e962f4040dc9996f0d200db31598854?s=96&d=mm&r=g","contentUrl":"https:\/\/secure.gravatar.com\/avatar\/1e962f4040dc9996f0d200db31598854?s=96&d=mm&r=g","caption":"Tafeldeko Deko Team"}}]}},"_links":{"self":[{"href":"https:\/\/www.tafeldeko.de\/news\/wp-json\/wp\/v2\/posts\/7395"}],"collection":[{"href":"https:\/\/www.tafeldeko.de\/news\/wp-json\/wp\/v2\/posts"}],"about":[{"href":"https:\/\/www.tafeldeko.de\/news\/wp-json\/wp\/v2\/types\/post"}],"author":[{"embeddable":true,"href":"https:\/\/www.tafeldeko.de\/news\/wp-json\/wp\/v2\/users\/6"}],"replies":[{"embeddable":true,"href":"https:\/\/www.tafeldeko.de\/news\/wp-json\/wp\/v2\/comments?post=7395"}],"version-history":[{"count":5,"href":"https:\/\/www.tafeldeko.de\/news\/wp-json\/wp\/v2\/posts\/7395\/revisions"}],"predecessor-version":[{"id":20608,"href":"https:\/\/www.tafeldeko.de\/news\/wp-json\/wp\/v2\/posts\/7395\/revisions\/20608"}],"wp:featuredmedia":[{"embeddable":true,"href":"https:\/\/www.tafeldeko.de\/news\/wp-json\/wp\/v2\/media\/7396"}],"wp:attachment":[{"href":"https:\/\/www.tafeldeko.de\/news\/wp-json\/wp\/v2\/media?parent=7395"}],"wp:term":[{"taxonomy":"category","embeddable":true,"href":"https:\/\/www.tafeldeko.de\/news\/wp-json\/wp\/v2\/categories?post=7395"},{"taxonomy":"post_tag","embeddable":true,"href":"https:\/\/www.tafeldeko.de\/news\/wp-json\/wp\/v2\/tags?post=7395"}],"curies":[{"name":"wp","href":"https:\/\/api.w.org\/{rel}","templated":true}]}}