{"id":7381,"date":"2016-07-29T17:32:59","date_gmt":"2016-07-29T15:32:59","guid":{"rendered":"http:\/\/www.tafeldeko.de\/news\/?p=7381"},"modified":"2022-11-08T14:00:43","modified_gmt":"2022-11-08T13:00:43","slug":"tischdeko-brunch-mit-sommerlichem-touch","status":"publish","type":"post","link":"https:\/\/www.tafeldeko.de\/news\/tischdeko-brunch-mit-sommerlichem-touch\/","title":{"rendered":"Tischdeko Brunch mit sommerlichem Touch"},"content":{"rendered":"<p>Die Einladung zum Geburtstag ist fertig, jetzt hei\u00dft es nur noch, eine passende <strong>Tischdeko Brunch<\/strong> mit sommerlichen Touch zu finden. Denn dieser Geburtstag soll mit einem Brunch gefeiert werden. Der Brunch bietet eine nette Art, die G\u00e4ste zu bewirten. Er beginnt morgens so gegen 10 Uhr mit einem Fr\u00fchst\u00fcck und geht dann in den Mittagsstunden in ein Mittagessen \u00fcber. Wer das Ganze ausgiebig feiern m\u00f6chte, kann dann am Nachmittag den G\u00e4sten noch Kaffee und Kuchen servieren.<\/p>\n<p>\t\t\t\t\t\t\t\t\t\t\t\t<img decoding=\"async\" width=\"250\" height=\"250\" src=\"https:\/\/www.tafeldeko.de\/news\/wp-content\/uploads\/2016\/07\/keramikschalen.jpg\" alt=\"Tischdeko Brunch\" loading=\"lazy\" srcset=\"https:\/\/www.tafeldeko.de\/news\/wp-content\/uploads\/2016\/07\/keramikschalen.jpg 250w, https:\/\/www.tafeldeko.de\/news\/wp-content\/uploads\/2016\/07\/keramikschalen-150x150.jpg 150w\" sizes=\"(max-width: 250px) 100vw, 250px\" \/>\t\t\t\t\t\t\t\t\t\t\t\t\t\t<\/p>\n<h2>Ideen f\u00fcr die Tischdeko Brunch mit sommerlichem Touch<\/h2>\n<p>Gerade im Sommer, wenn uns die Sonnenstrahlen begl\u00fccken und es drau\u00dfen so richtig gem\u00fctlich ist, bietet <strong>eine Feier im Au\u00dfenbereich<\/strong> eine tolle M\u00f6glichkeit. Bei dem Brunch m\u00f6chte man die G\u00e4ste nat\u00fcrlich mit allerlei Kulinarischem begl\u00fccken. Dabei sollen die Gerichte gut vorzubereiten und schnell zubereitet zu sein. In punkto Fr\u00fchst\u00fcck ist da schnell etwas gezaubert, Schalen mit M\u00fcsli, Joghurt, Milch, Br\u00f6tchen, Marmeladen, Wurst, K\u00e4se, Fisch und viele andere K\u00f6stlichkeiten sind nur einige der M\u00f6glichkeiten, mit denen man die <strong>Geburtstagsg\u00e4ste<\/strong> verw\u00f6hnen kann.<br \/>Beim Mittagessen sollte man sich ebenfalls Gerichte ausw\u00e4hlen, die schnell gehen, am Besten bereits am Vortag vorbereitet werden. Chili con Carne, Gulaschsuppe und verschiedene Aufl\u00e4ufe eignen sich hierf\u00fcr hervorragend.<br \/>Und die <a href=\"https:\/\/www.tafeldeko.de\"><strong>Tischdeko<\/strong><\/a>? Die sollte nat\u00fcrlich bei einer Geburtstagsfeier nicht fehlen. Und gerade wenn man drau\u00dfen feiert, ist eine Tischdeko Brunch mit sommerlichem Flair perfekt. Bei der Auswahl der Accessoires sollte man bedenken, dass im Au\u00dfenbereich auch schnell etwas fliegen gehen kann. Deshalb ist hier eher das Motto: Weniger ist mehr. Tischsets und Servietten, ein Windlicht und fertig kann die Tischdeko Brunch sein. Frische Blumen in kleinen Vasen arrangiert, verleihen der Tischdekoration den letzten Schliff.<br \/>Eine tolle M\u00f6glichkeit, als Hingucker und gleichzeitig zum sch\u00f6nen Servieren von Gerichten, bieten die 4 Keramik Schalen und 4 Dipgl\u00e4ser mit Holzl\u00f6ffeln auf Schiefertablett. Hierin k\u00f6nnen Oliven, Peperoni und Dips wie Knoblauchcreme, B\u00e4rlauchcreme und andere Leckereien serviert werden.<br \/>Wir w\u00fcnschen Ihnen viel Spa\u00df bei der Geburtstagsfeier und guten Appetit.<\/p>\n<h2>Weitere Beitr\u00e4ge:<\/h2>\n<h2>Dekoartikel von A-Z<\/h2>\n<p>\t\t\t\t\t<a href=\"https:\/\/www.tafeldeko.de\/tischdeko-artikel\/\"><br \/>\n\t\t\t\t\t\tJetzt entdecken\t\t\t\t\t<\/a><\/p>\n","protected":false},"excerpt":{"rendered":"<p>Die Einladung zum Geburtstag ist fertig, jetzt hei\u00dft es nur noch, eine passende Tischdeko Brunch mit sommerlichen Touch zu finden. Denn dieser Geburtstag soll mit einem Brunch gefeiert werden. Der Brunch bietet eine nette Art, die G\u00e4ste zu bewirten. Er beginnt morgens so gegen 10 Uhr mit einem Fr\u00fchst\u00fcck und geht dann in den Mittagsstunden [&hellip;]<\/p>\n","protected":false},"author":6,"featured_media":7382,"comment_status":"closed","ping_status":"closed","sticky":false,"template":"","format":"standard","meta":{"footnotes":""},"categories":[1],"tags":[],"yoast_head":"<!-- This site is optimized with the Yoast SEO plugin v20.4 - https:\/\/yoast.com\/wordpress\/plugins\/seo\/ -->\n<title>Tischdeko Brunch mit sommerlichem Touch - Tafeldeko<\/title>\n<meta name=\"description\" content=\"Tischsets und Servietten, ein Windlicht und fertig kann die Tischdeko Brunch mit sommerlichem Touch im Au\u00dfenbereich sein - nat\u00fcrlich mit ...\" \/>\n<meta name=\"robots\" content=\"index, follow, max-snippet:-1, max-image-preview:large, max-video-preview:-1\" \/>\n<link rel=\"canonical\" href=\"https:\/\/www.tafeldeko.de\/news\/tischdeko-brunch-mit-sommerlichem-touch\/\" \/>\n<meta property=\"og:locale\" content=\"de_DE\" \/>\n<meta property=\"og:type\" content=\"article\" \/>\n<meta property=\"og:title\" content=\"Tischdeko Brunch mit sommerlichem Touch - Tafeldeko\" \/>\n<meta property=\"og:description\" content=\"Tischsets und Servietten, ein Windlicht und fertig kann die Tischdeko Brunch mit sommerlichem Touch im Au\u00dfenbereich sein - nat\u00fcrlich mit ...\" \/>\n<meta property=\"og:url\" content=\"https:\/\/www.tafeldeko.de\/news\/tischdeko-brunch-mit-sommerlichem-touch\/\" \/>\n<meta property=\"og:site_name\" content=\"Tafeldeko\" \/>\n<meta property=\"article:publisher\" content=\"https:\/\/www.facebook.com\/pages\/Tafeldeko-einzigartige-Tischdekoration\/174202655894\" \/>\n<meta property=\"article:published_time\" content=\"2016-07-29T15:32:59+00:00\" \/>\n<meta property=\"article:modified_time\" content=\"2022-11-08T13:00:43+00:00\" \/>\n<meta property=\"og:image\" content=\"https:\/\/www.tafeldeko.de\/news\/wp-content\/uploads\/2016\/07\/keramikschalen.jpg\" \/>\n\t<meta property=\"og:image:width\" content=\"250\" \/>\n\t<meta property=\"og:image:height\" content=\"250\" \/>\n\t<meta property=\"og:image:type\" content=\"image\/jpeg\" \/>\n<meta name=\"author\" content=\"Tafeldeko Deko Team\" \/>\n<meta name=\"twitter:label1\" content=\"Verfasst von\" \/>\n\t<meta name=\"twitter:data1\" content=\"Tafeldeko Deko Team\" \/>\n\t<meta name=\"twitter:label2\" content=\"Gesch\u00e4tzte Lesezeit\" \/>\n\t<meta name=\"twitter:data2\" content=\"4 Minuten\" \/>\n<script type=\"application\/ld+json\" class=\"yoast-schema-graph\">{\"@context\":\"https:\/\/schema.org\",\"@graph\":[{\"@type\":\"WebPage\",\"@id\":\"https:\/\/www.tafeldeko.de\/news\/tischdeko-brunch-mit-sommerlichem-touch\/\",\"url\":\"https:\/\/www.tafeldeko.de\/news\/tischdeko-brunch-mit-sommerlichem-touch\/\",\"name\":\"Tischdeko Brunch mit sommerlichem Touch - Tafeldeko\",\"isPartOf\":{\"@id\":\"https:\/\/www.tafeldeko.de\/news\/#website\"},\"datePublished\":\"2016-07-29T15:32:59+00:00\",\"dateModified\":\"2022-11-08T13:00:43+00:00\",\"author\":{\"@id\":\"https:\/\/www.tafeldeko.de\/news\/#\/schema\/person\/dc309fbb6a3e380919fc08342c3cc233\"},\"description\":\"Tischsets und Servietten, ein Windlicht und fertig kann die Tischdeko Brunch mit sommerlichem Touch im Au\u00dfenbereich sein - nat\u00fcrlich mit ...\",\"breadcrumb\":{\"@id\":\"https:\/\/www.tafeldeko.de\/news\/tischdeko-brunch-mit-sommerlichem-touch\/#breadcrumb\"},\"inLanguage\":\"de-DE\",\"potentialAction\":[{\"@type\":\"ReadAction\",\"target\":[\"https:\/\/www.tafeldeko.de\/news\/tischdeko-brunch-mit-sommerlichem-touch\/\"]}]},{\"@type\":\"BreadcrumbList\",\"@id\":\"https:\/\/www.tafeldeko.de\/news\/tischdeko-brunch-mit-sommerlichem-touch\/#breadcrumb\",\"itemListElement\":[{\"@type\":\"ListItem\",\"position\":1,\"name\":\"Tafeldeko\",\"item\":\"https:\/\/www.tafeldeko.de\/news\/\"},{\"@type\":\"ListItem\",\"position\":2,\"name\":\"Alte Beitr\u00e4ge\",\"item\":\"https:\/\/www.tafeldeko.de\/news\/alte-beitraege\/\"},{\"@type\":\"ListItem\",\"position\":3,\"name\":\"Tischdeko - Blog\",\"item\":\"https:\/\/www.tafeldeko.de\/news\/alte-beitraege\/tischdeko-blog\/\"},{\"@type\":\"ListItem\",\"position\":4,\"name\":\"Tischdeko Brunch mit sommerlichem Touch\"}]},{\"@type\":\"WebSite\",\"@id\":\"https:\/\/www.tafeldeko.de\/news\/#website\",\"url\":\"https:\/\/www.tafeldeko.de\/news\/\",\"name\":\"Tafeldeko\",\"description\":\"Blog mit Tischdeko und Tischdekoration Ideen\",\"potentialAction\":[{\"@type\":\"SearchAction\",\"target\":{\"@type\":\"EntryPoint\",\"urlTemplate\":\"https:\/\/www.tafeldeko.de\/news\/?s={search_term_string}\"},\"query-input\":\"required name=search_term_string\"}],\"inLanguage\":\"de-DE\"},{\"@type\":\"Person\",\"@id\":\"https:\/\/www.tafeldeko.de\/news\/#\/schema\/person\/dc309fbb6a3e380919fc08342c3cc233\",\"name\":\"Tafeldeko Deko Team\",\"image\":{\"@type\":\"ImageObject\",\"inLanguage\":\"de-DE\",\"@id\":\"https:\/\/www.tafeldeko.de\/news\/#\/schema\/person\/image\/\",\"url\":\"https:\/\/secure.gravatar.com\/avatar\/1e962f4040dc9996f0d200db31598854?s=96&d=mm&r=g\",\"contentUrl\":\"https:\/\/secure.gravatar.com\/avatar\/1e962f4040dc9996f0d200db31598854?s=96&d=mm&r=g\",\"caption\":\"Tafeldeko Deko Team\"}}]}<\/script>\n<!-- \/ Yoast SEO plugin. -->","yoast_head_json":{"title":"Tischdeko Brunch mit sommerlichem Touch - Tafeldeko","description":"Tischsets und Servietten, ein Windlicht und fertig kann die Tischdeko Brunch mit sommerlichem Touch im Au\u00dfenbereich sein - nat\u00fcrlich mit ...","robots":{"index":"index","follow":"follow","max-snippet":"max-snippet:-1","max-image-preview":"max-image-preview:large","max-video-preview":"max-video-preview:-1"},"canonical":"https:\/\/www.tafeldeko.de\/news\/tischdeko-brunch-mit-sommerlichem-touch\/","og_locale":"de_DE","og_type":"article","og_title":"Tischdeko Brunch mit sommerlichem Touch - Tafeldeko","og_description":"Tischsets und Servietten, ein Windlicht und fertig kann die Tischdeko Brunch mit sommerlichem Touch im Au\u00dfenbereich sein - nat\u00fcrlich mit ...","og_url":"https:\/\/www.tafeldeko.de\/news\/tischdeko-brunch-mit-sommerlichem-touch\/","og_site_name":"Tafeldeko","article_publisher":"https:\/\/www.facebook.com\/pages\/Tafeldeko-einzigartige-Tischdekoration\/174202655894","article_published_time":"2016-07-29T15:32:59+00:00","article_modified_time":"2022-11-08T13:00:43+00:00","og_image":[{"width":250,"height":250,"url":"https:\/\/www.tafeldeko.de\/news\/wp-content\/uploads\/2016\/07\/keramikschalen.jpg","type":"image\/jpeg"}],"author":"Tafeldeko Deko Team","twitter_misc":{"Verfasst von":"Tafeldeko Deko Team","Gesch\u00e4tzte Lesezeit":"4 Minuten"},"schema":{"@context":"https:\/\/schema.org","@graph":[{"@type":"WebPage","@id":"https:\/\/www.tafeldeko.de\/news\/tischdeko-brunch-mit-sommerlichem-touch\/","url":"https:\/\/www.tafeldeko.de\/news\/tischdeko-brunch-mit-sommerlichem-touch\/","name":"Tischdeko Brunch mit sommerlichem Touch - Tafeldeko","isPartOf":{"@id":"https:\/\/www.tafeldeko.de\/news\/#website"},"datePublished":"2016-07-29T15:32:59+00:00","dateModified":"2022-11-08T13:00:43+00:00","author":{"@id":"https:\/\/www.tafeldeko.de\/news\/#\/schema\/person\/dc309fbb6a3e380919fc08342c3cc233"},"description":"Tischsets und Servietten, ein Windlicht und fertig kann die Tischdeko Brunch mit sommerlichem Touch im Au\u00dfenbereich sein - nat\u00fcrlich mit ...","breadcrumb":{"@id":"https:\/\/www.tafeldeko.de\/news\/tischdeko-brunch-mit-sommerlichem-touch\/#breadcrumb"},"inLanguage":"de-DE","potentialAction":[{"@type":"ReadAction","target":["https:\/\/www.tafeldeko.de\/news\/tischdeko-brunch-mit-sommerlichem-touch\/"]}]},{"@type":"BreadcrumbList","@id":"https:\/\/www.tafeldeko.de\/news\/tischdeko-brunch-mit-sommerlichem-touch\/#breadcrumb","itemListElement":[{"@type":"ListItem","position":1,"name":"Tafeldeko","item":"https:\/\/www.tafeldeko.de\/news\/"},{"@type":"ListItem","position":2,"name":"Alte Beitr\u00e4ge","item":"https:\/\/www.tafeldeko.de\/news\/alte-beitraege\/"},{"@type":"ListItem","position":3,"name":"Tischdeko - Blog","item":"https:\/\/www.tafeldeko.de\/news\/alte-beitraege\/tischdeko-blog\/"},{"@type":"ListItem","position":4,"name":"Tischdeko Brunch mit sommerlichem Touch"}]},{"@type":"WebSite","@id":"https:\/\/www.tafeldeko.de\/news\/#website","url":"https:\/\/www.tafeldeko.de\/news\/","name":"Tafeldeko","description":"Blog mit Tischdeko und Tischdekoration Ideen","potentialAction":[{"@type":"SearchAction","target":{"@type":"EntryPoint","urlTemplate":"https:\/\/www.tafeldeko.de\/news\/?s={search_term_string}"},"query-input":"required name=search_term_string"}],"inLanguage":"de-DE"},{"@type":"Person","@id":"https:\/\/www.tafeldeko.de\/news\/#\/schema\/person\/dc309fbb6a3e380919fc08342c3cc233","name":"Tafeldeko Deko Team","image":{"@type":"ImageObject","inLanguage":"de-DE","@id":"https:\/\/www.tafeldeko.de\/news\/#\/schema\/person\/image\/","url":"https:\/\/secure.gravatar.com\/avatar\/1e962f4040dc9996f0d200db31598854?s=96&d=mm&r=g","contentUrl":"https:\/\/secure.gravatar.com\/avatar\/1e962f4040dc9996f0d200db31598854?s=96&d=mm&r=g","caption":"Tafeldeko Deko Team"}}]}},"_links":{"self":[{"href":"https:\/\/www.tafeldeko.de\/news\/wp-json\/wp\/v2\/posts\/7381"}],"collection":[{"href":"https:\/\/www.tafeldeko.de\/news\/wp-json\/wp\/v2\/posts"}],"about":[{"href":"https:\/\/www.tafeldeko.de\/news\/wp-json\/wp\/v2\/types\/post"}],"author":[{"embeddable":true,"href":"https:\/\/www.tafeldeko.de\/news\/wp-json\/wp\/v2\/users\/6"}],"replies":[{"embeddable":true,"href":"https:\/\/www.tafeldeko.de\/news\/wp-json\/wp\/v2\/comments?post=7381"}],"version-history":[{"count":15,"href":"https:\/\/www.tafeldeko.de\/news\/wp-json\/wp\/v2\/posts\/7381\/revisions"}],"predecessor-version":[{"id":20619,"href":"https:\/\/www.tafeldeko.de\/news\/wp-json\/wp\/v2\/posts\/7381\/revisions\/20619"}],"wp:featuredmedia":[{"embeddable":true,"href":"https:\/\/www.tafeldeko.de\/news\/wp-json\/wp\/v2\/media\/7382"}],"wp:attachment":[{"href":"https:\/\/www.tafeldeko.de\/news\/wp-json\/wp\/v2\/media?parent=7381"}],"wp:term":[{"taxonomy":"category","embeddable":true,"href":"https:\/\/www.tafeldeko.de\/news\/wp-json\/wp\/v2\/categories?post=7381"},{"taxonomy":"post_tag","embeddable":true,"href":"https:\/\/www.tafeldeko.de\/news\/wp-json\/wp\/v2\/tags?post=7381"}],"curies":[{"name":"wp","href":"https:\/\/api.w.org\/{rel}","templated":true}]}}