{"id":7368,"date":"2016-07-22T08:57:38","date_gmt":"2016-07-22T06:57:38","guid":{"rendered":"http:\/\/www.tafeldeko.de\/news\/?p=7368"},"modified":"2022-11-08T14:40:45","modified_gmt":"2022-11-08T13:40:45","slug":"sommerliche-deko-es-wird-farbig-auf-dem-tisch","status":"publish","type":"post","link":"https:\/\/www.tafeldeko.de\/news\/sommerliche-deko-es-wird-farbig-auf-dem-tisch\/","title":{"rendered":"Sommerliche Deko &#8211; es wird farbig auf dem Tisch"},"content":{"rendered":"<p>Sonne, Strand und Meer, das sind Assoziationen, die man mit dem Sommer in Verbindung bringt und durch die <strong>sommerliche Deko<\/strong> holt man sich ein St\u00fcck vom Sommer&amp; Urlaubsfeeling nach Hause. Was will man mehr, als in einer sch\u00f6nen Ambiente zu entspannen, mit der Familie und Freunden zu feiern oder sch\u00f6ne Stunden gemeinsam zu verbringen? Der Sommer ist eine tolle und zugleich angenehme Jahreszeit und die sommerliche Deko tr\u00e4gt ihren besonderen Teil dazu bei. Ob drinnen oder drau\u00dfen, die sommerliche Deko kann sich \u00fcberall wiederfinden und f\u00fcr Gem\u00fctlichkeit sorgen.<\/p>\n<p>\t\t\t\t\t\t\t\t\t\t\t\t<img decoding=\"async\" width=\"250\" height=\"250\" src=\"https:\/\/www.tafeldeko.de\/news\/wp-content\/uploads\/2016\/07\/lampions_pink.jpg\" alt=\"Sommerliche Deko\" loading=\"lazy\" srcset=\"https:\/\/www.tafeldeko.de\/news\/wp-content\/uploads\/2016\/07\/lampions_pink.jpg 250w, https:\/\/www.tafeldeko.de\/news\/wp-content\/uploads\/2016\/07\/lampions_pink-150x150.jpg 150w\" sizes=\"(max-width: 250px) 100vw, 250px\" \/>\t\t\t\t\t\t\t\t\t\t\t\t\t\t<\/p>\n<h2>Eine sommerliche Deko es wird farbig f\u00fcr Zuhause kreieren<\/h2>\n<p>Der Einsatz von verschiedenen dekorativen Accessoires machen die sommerliche Deko perfekt und man kann beispielsweise zu bunten <strong>Tischb\u00e4ndern<\/strong>, Kerzengl\u00e4sern, Streudeko und vielem mehr greifen. Auch Lampions in Pink, wie die, die Sie in unserem Onlineshop erhalten, sind ein sehr sch\u00f6nes Equipment f\u00fcr die Sommer-Deko. Wer m\u00f6chte kann die Lampions mit LED-Lichterketten ausstatten und hat in Nu ein tolles <strong>Highlight<\/strong> kreiert. Auch bunte Servietten, mit oder ohne Muster, k\u00f6nnen ideal f\u00fcr die Dekoration genutzt werden und so zu einem tollen Blickfang auf dem Tisch beitragen. Bereits mit wenigen Deko-Artikeln kann man eine umwerfend sch\u00f6ne sommerliche Deko kreieren. Sowohl der Terrasse, dem Balkon als auch dem Garten kann man einen besonderen Sommer-Look verpassen und sich rund um wohlf\u00fchlen. Gerade nach einem stressigen Arbeitstag ist ein Wohlf\u00fchlparadies Gold wert und stellt einen perfekten Ausgleich dar.<br \/>Wem noch die eine oder andere Idee fehlen sollte, der kann das Internet durchst\u00f6bern. Dort wird man f\u00fcndig werden und am Ende hat man eine originelle sommerliche <a href=\"https:\/\/www.tafeldeko.de\"><strong>Tischdeko<\/strong><\/a> f\u00fcr Jung und Alt gezaubert. Jeder kann sich daran erfreuen und von dem positiven Effekt profitieren. Einer \u00f6den Umgebung und Langeweile kann man auf Wiedersehen sagen &#8211; die Zeit f\u00fcr eine <strong>farbenfrohe Dekoration<\/strong> ist gekommen. Mut tut gut und dies sollte man sich auch in punkto \u201eDekoration\u201c denken.<\/p>\n<h2>Noch mehr Beitr\u00e4ge:<\/h2>\n<h2>Dekoartikel von A-Z<\/h2>\n<p>\t\t\t\t\t<a href=\"https:\/\/www.tafeldeko.de\/tischdeko-artikel\/\"><br \/>\n\t\t\t\t\t\tJetzt entdecken\t\t\t\t\t<\/a><\/p>\n","protected":false},"excerpt":{"rendered":"<p>Sonne, Strand und Meer, das sind Assoziationen, die man mit dem Sommer in Verbindung bringt und durch die sommerliche Deko holt man sich ein St\u00fcck vom Sommer&amp; Urlaubsfeeling nach Hause. Was will man mehr, als in einer sch\u00f6nen Ambiente zu entspannen, mit der Familie und Freunden zu feiern oder sch\u00f6ne Stunden gemeinsam zu verbringen? Der [&hellip;]<\/p>\n","protected":false},"author":6,"featured_media":7369,"comment_status":"closed","ping_status":"closed","sticky":false,"template":"","format":"standard","meta":{"footnotes":""},"categories":[1],"tags":[],"yoast_head":"<!-- This site is optimized with the Yoast SEO plugin v20.4 - https:\/\/yoast.com\/wordpress\/plugins\/seo\/ -->\n<title>Sommerliche Deko - es wird farbig auf dem Tisch - Tafeldeko<\/title>\n<meta name=\"description\" content=\"Ob drinnen oder drau\u00dfen, die sommerliche Deko e wird farbig kann sich \u00fcberall wiederfinden und f\u00fcr Gem\u00fctlichkeit sorgen.\" \/>\n<meta name=\"robots\" content=\"index, follow, max-snippet:-1, max-image-preview:large, max-video-preview:-1\" \/>\n<link rel=\"canonical\" href=\"https:\/\/www.tafeldeko.de\/news\/sommerliche-deko-es-wird-farbig-auf-dem-tisch\/\" \/>\n<meta property=\"og:locale\" content=\"de_DE\" \/>\n<meta property=\"og:type\" content=\"article\" \/>\n<meta property=\"og:title\" content=\"Sommerliche Deko - es wird farbig auf dem Tisch - Tafeldeko\" \/>\n<meta property=\"og:description\" content=\"Ob drinnen oder drau\u00dfen, die sommerliche Deko e wird farbig kann sich \u00fcberall wiederfinden und f\u00fcr Gem\u00fctlichkeit sorgen.\" \/>\n<meta property=\"og:url\" content=\"https:\/\/www.tafeldeko.de\/news\/sommerliche-deko-es-wird-farbig-auf-dem-tisch\/\" \/>\n<meta property=\"og:site_name\" content=\"Tafeldeko\" \/>\n<meta property=\"article:publisher\" content=\"https:\/\/www.facebook.com\/pages\/Tafeldeko-einzigartige-Tischdekoration\/174202655894\" \/>\n<meta property=\"article:published_time\" content=\"2016-07-22T06:57:38+00:00\" \/>\n<meta property=\"article:modified_time\" content=\"2022-11-08T13:40:45+00:00\" \/>\n<meta property=\"og:image\" content=\"https:\/\/www.tafeldeko.de\/news\/wp-content\/uploads\/2016\/07\/lampions_pink.jpg\" \/>\n\t<meta property=\"og:image:width\" content=\"250\" \/>\n\t<meta property=\"og:image:height\" content=\"250\" \/>\n\t<meta property=\"og:image:type\" content=\"image\/jpeg\" \/>\n<meta name=\"author\" content=\"Tafeldeko Deko Team\" \/>\n<meta name=\"twitter:label1\" content=\"Verfasst von\" \/>\n\t<meta name=\"twitter:data1\" content=\"Tafeldeko Deko Team\" \/>\n\t<meta name=\"twitter:label2\" content=\"Gesch\u00e4tzte Lesezeit\" \/>\n\t<meta name=\"twitter:data2\" content=\"4 Minuten\" \/>\n<script type=\"application\/ld+json\" class=\"yoast-schema-graph\">{\"@context\":\"https:\/\/schema.org\",\"@graph\":[{\"@type\":\"WebPage\",\"@id\":\"https:\/\/www.tafeldeko.de\/news\/sommerliche-deko-es-wird-farbig-auf-dem-tisch\/\",\"url\":\"https:\/\/www.tafeldeko.de\/news\/sommerliche-deko-es-wird-farbig-auf-dem-tisch\/\",\"name\":\"Sommerliche Deko - es wird farbig auf dem Tisch - Tafeldeko\",\"isPartOf\":{\"@id\":\"https:\/\/www.tafeldeko.de\/news\/#website\"},\"datePublished\":\"2016-07-22T06:57:38+00:00\",\"dateModified\":\"2022-11-08T13:40:45+00:00\",\"author\":{\"@id\":\"https:\/\/www.tafeldeko.de\/news\/#\/schema\/person\/dc309fbb6a3e380919fc08342c3cc233\"},\"description\":\"Ob drinnen oder drau\u00dfen, die sommerliche Deko e wird farbig kann sich \u00fcberall wiederfinden und f\u00fcr Gem\u00fctlichkeit sorgen.\",\"breadcrumb\":{\"@id\":\"https:\/\/www.tafeldeko.de\/news\/sommerliche-deko-es-wird-farbig-auf-dem-tisch\/#breadcrumb\"},\"inLanguage\":\"de-DE\",\"potentialAction\":[{\"@type\":\"ReadAction\",\"target\":[\"https:\/\/www.tafeldeko.de\/news\/sommerliche-deko-es-wird-farbig-auf-dem-tisch\/\"]}]},{\"@type\":\"BreadcrumbList\",\"@id\":\"https:\/\/www.tafeldeko.de\/news\/sommerliche-deko-es-wird-farbig-auf-dem-tisch\/#breadcrumb\",\"itemListElement\":[{\"@type\":\"ListItem\",\"position\":1,\"name\":\"Tafeldeko\",\"item\":\"https:\/\/www.tafeldeko.de\/news\/\"},{\"@type\":\"ListItem\",\"position\":2,\"name\":\"Alte Beitr\u00e4ge\",\"item\":\"https:\/\/www.tafeldeko.de\/news\/alte-beitraege\/\"},{\"@type\":\"ListItem\",\"position\":3,\"name\":\"Tischdeko - Blog\",\"item\":\"https:\/\/www.tafeldeko.de\/news\/alte-beitraege\/tischdeko-blog\/\"},{\"@type\":\"ListItem\",\"position\":4,\"name\":\"Sommerliche Deko &#8211; es wird farbig auf dem Tisch\"}]},{\"@type\":\"WebSite\",\"@id\":\"https:\/\/www.tafeldeko.de\/news\/#website\",\"url\":\"https:\/\/www.tafeldeko.de\/news\/\",\"name\":\"Tafeldeko\",\"description\":\"Blog mit Tischdeko und Tischdekoration Ideen\",\"potentialAction\":[{\"@type\":\"SearchAction\",\"target\":{\"@type\":\"EntryPoint\",\"urlTemplate\":\"https:\/\/www.tafeldeko.de\/news\/?s={search_term_string}\"},\"query-input\":\"required name=search_term_string\"}],\"inLanguage\":\"de-DE\"},{\"@type\":\"Person\",\"@id\":\"https:\/\/www.tafeldeko.de\/news\/#\/schema\/person\/dc309fbb6a3e380919fc08342c3cc233\",\"name\":\"Tafeldeko Deko Team\",\"image\":{\"@type\":\"ImageObject\",\"inLanguage\":\"de-DE\",\"@id\":\"https:\/\/www.tafeldeko.de\/news\/#\/schema\/person\/image\/\",\"url\":\"https:\/\/secure.gravatar.com\/avatar\/1e962f4040dc9996f0d200db31598854?s=96&d=mm&r=g\",\"contentUrl\":\"https:\/\/secure.gravatar.com\/avatar\/1e962f4040dc9996f0d200db31598854?s=96&d=mm&r=g\",\"caption\":\"Tafeldeko Deko Team\"}}]}<\/script>\n<!-- \/ Yoast SEO plugin. -->","yoast_head_json":{"title":"Sommerliche Deko - es wird farbig auf dem Tisch - Tafeldeko","description":"Ob drinnen oder drau\u00dfen, die sommerliche Deko e wird farbig kann sich \u00fcberall wiederfinden und f\u00fcr Gem\u00fctlichkeit sorgen.","robots":{"index":"index","follow":"follow","max-snippet":"max-snippet:-1","max-image-preview":"max-image-preview:large","max-video-preview":"max-video-preview:-1"},"canonical":"https:\/\/www.tafeldeko.de\/news\/sommerliche-deko-es-wird-farbig-auf-dem-tisch\/","og_locale":"de_DE","og_type":"article","og_title":"Sommerliche Deko - es wird farbig auf dem Tisch - Tafeldeko","og_description":"Ob drinnen oder drau\u00dfen, die sommerliche Deko e wird farbig kann sich \u00fcberall wiederfinden und f\u00fcr Gem\u00fctlichkeit sorgen.","og_url":"https:\/\/www.tafeldeko.de\/news\/sommerliche-deko-es-wird-farbig-auf-dem-tisch\/","og_site_name":"Tafeldeko","article_publisher":"https:\/\/www.facebook.com\/pages\/Tafeldeko-einzigartige-Tischdekoration\/174202655894","article_published_time":"2016-07-22T06:57:38+00:00","article_modified_time":"2022-11-08T13:40:45+00:00","og_image":[{"width":250,"height":250,"url":"https:\/\/www.tafeldeko.de\/news\/wp-content\/uploads\/2016\/07\/lampions_pink.jpg","type":"image\/jpeg"}],"author":"Tafeldeko Deko Team","twitter_misc":{"Verfasst von":"Tafeldeko Deko Team","Gesch\u00e4tzte Lesezeit":"4 Minuten"},"schema":{"@context":"https:\/\/schema.org","@graph":[{"@type":"WebPage","@id":"https:\/\/www.tafeldeko.de\/news\/sommerliche-deko-es-wird-farbig-auf-dem-tisch\/","url":"https:\/\/www.tafeldeko.de\/news\/sommerliche-deko-es-wird-farbig-auf-dem-tisch\/","name":"Sommerliche Deko - es wird farbig auf dem Tisch - Tafeldeko","isPartOf":{"@id":"https:\/\/www.tafeldeko.de\/news\/#website"},"datePublished":"2016-07-22T06:57:38+00:00","dateModified":"2022-11-08T13:40:45+00:00","author":{"@id":"https:\/\/www.tafeldeko.de\/news\/#\/schema\/person\/dc309fbb6a3e380919fc08342c3cc233"},"description":"Ob drinnen oder drau\u00dfen, die sommerliche Deko e wird farbig kann sich \u00fcberall wiederfinden und f\u00fcr Gem\u00fctlichkeit sorgen.","breadcrumb":{"@id":"https:\/\/www.tafeldeko.de\/news\/sommerliche-deko-es-wird-farbig-auf-dem-tisch\/#breadcrumb"},"inLanguage":"de-DE","potentialAction":[{"@type":"ReadAction","target":["https:\/\/www.tafeldeko.de\/news\/sommerliche-deko-es-wird-farbig-auf-dem-tisch\/"]}]},{"@type":"BreadcrumbList","@id":"https:\/\/www.tafeldeko.de\/news\/sommerliche-deko-es-wird-farbig-auf-dem-tisch\/#breadcrumb","itemListElement":[{"@type":"ListItem","position":1,"name":"Tafeldeko","item":"https:\/\/www.tafeldeko.de\/news\/"},{"@type":"ListItem","position":2,"name":"Alte Beitr\u00e4ge","item":"https:\/\/www.tafeldeko.de\/news\/alte-beitraege\/"},{"@type":"ListItem","position":3,"name":"Tischdeko - Blog","item":"https:\/\/www.tafeldeko.de\/news\/alte-beitraege\/tischdeko-blog\/"},{"@type":"ListItem","position":4,"name":"Sommerliche Deko &#8211; es wird farbig auf dem Tisch"}]},{"@type":"WebSite","@id":"https:\/\/www.tafeldeko.de\/news\/#website","url":"https:\/\/www.tafeldeko.de\/news\/","name":"Tafeldeko","description":"Blog mit Tischdeko und Tischdekoration Ideen","potentialAction":[{"@type":"SearchAction","target":{"@type":"EntryPoint","urlTemplate":"https:\/\/www.tafeldeko.de\/news\/?s={search_term_string}"},"query-input":"required name=search_term_string"}],"inLanguage":"de-DE"},{"@type":"Person","@id":"https:\/\/www.tafeldeko.de\/news\/#\/schema\/person\/dc309fbb6a3e380919fc08342c3cc233","name":"Tafeldeko Deko Team","image":{"@type":"ImageObject","inLanguage":"de-DE","@id":"https:\/\/www.tafeldeko.de\/news\/#\/schema\/person\/image\/","url":"https:\/\/secure.gravatar.com\/avatar\/1e962f4040dc9996f0d200db31598854?s=96&d=mm&r=g","contentUrl":"https:\/\/secure.gravatar.com\/avatar\/1e962f4040dc9996f0d200db31598854?s=96&d=mm&r=g","caption":"Tafeldeko Deko Team"}}]}},"_links":{"self":[{"href":"https:\/\/www.tafeldeko.de\/news\/wp-json\/wp\/v2\/posts\/7368"}],"collection":[{"href":"https:\/\/www.tafeldeko.de\/news\/wp-json\/wp\/v2\/posts"}],"about":[{"href":"https:\/\/www.tafeldeko.de\/news\/wp-json\/wp\/v2\/types\/post"}],"author":[{"embeddable":true,"href":"https:\/\/www.tafeldeko.de\/news\/wp-json\/wp\/v2\/users\/6"}],"replies":[{"embeddable":true,"href":"https:\/\/www.tafeldeko.de\/news\/wp-json\/wp\/v2\/comments?post=7368"}],"version-history":[{"count":15,"href":"https:\/\/www.tafeldeko.de\/news\/wp-json\/wp\/v2\/posts\/7368\/revisions"}],"predecessor-version":[{"id":20633,"href":"https:\/\/www.tafeldeko.de\/news\/wp-json\/wp\/v2\/posts\/7368\/revisions\/20633"}],"wp:featuredmedia":[{"embeddable":true,"href":"https:\/\/www.tafeldeko.de\/news\/wp-json\/wp\/v2\/media\/7369"}],"wp:attachment":[{"href":"https:\/\/www.tafeldeko.de\/news\/wp-json\/wp\/v2\/media?parent=7368"}],"wp:term":[{"taxonomy":"category","embeddable":true,"href":"https:\/\/www.tafeldeko.de\/news\/wp-json\/wp\/v2\/categories?post=7368"},{"taxonomy":"post_tag","embeddable":true,"href":"https:\/\/www.tafeldeko.de\/news\/wp-json\/wp\/v2\/tags?post=7368"}],"curies":[{"name":"wp","href":"https:\/\/api.w.org\/{rel}","templated":true}]}}