{"id":736,"date":"2012-06-04T20:52:41","date_gmt":"2012-06-04T18:52:41","guid":{"rendered":"http:\/\/www.tafeldeko.de\/news\/?p=736"},"modified":"2012-06-04T20:52:41","modified_gmt":"2012-06-04T18:52:41","slug":"wunderschoene-tischdeko-mit-dem-motto-bayrische-brotzeit","status":"publish","type":"post","link":"https:\/\/www.tafeldeko.de\/news\/wunderschoene-tischdeko-mit-dem-motto-bayrische-brotzeit\/","title":{"rendered":"Wundersch\u00f6ne Tischdeko mit dem Motto \u201eBayrische Brotzeit\u201c"},"content":{"rendered":"<div class=\"textumfliessenrechts\"><img decoding=\"async\" loading=\"lazy\" src=\"https:\/\/www.tafeldeko.de\/news\/media\/users\/schnurchristian\/servietten_oktoberfest.jpg\" alt=\"Servietten Oktoberfest\" title=\"Servietten Oktoberfest\" width=\"220\" height=\"220\"\/><br \/><a href=\"https:\/\/www.tafeldeko.de\/product_info.php\/products_id\/9062_20er-Pack-Servietten-Oktoberfest-33-x-33-cm.html\" title=\"Hier Tischdeko Oktoberfest\"><b>Hier Tischdeko Oktoberfest<\/b><\/a><\/div>\n<p> Anl\u00e4sse zum Feiern gibt es viele. Geburtstage sind wohl die h\u00e4ufigsten Anl\u00e4sse, die gefeiert werden und eine Tischdekoration erforderlich machen. Taufen, Hochzeiten, Jubil\u00e4en und auch Kommunionen und Konfirmationen sind ein Grund zum Feiern und werden auch in der Regel mit einer sch\u00f6nen Tischdeko untermalt.<br \/>\nManche eine Feier findet auch unter einem bestimmten Motto statt. Gerade Kindergeburtstage sind pr\u00e4destiniert f\u00fcr Mottopartys \u2013 Prinzessinnen, Ritter, Piraten und Zootiere sind bei diesen Geburtstagen sehr beliebt.<br \/>\nAuch die Erwachsenen freuen sich \u00fcber <b>Mottopartys<\/b>. Und warum soll man einen <b><a href=\"https:\/\/www.tafeldeko.de\/index.php\/cat\/c50_Tischdeko-Geburtstag.html\" title=\"Geburtstag\">Geburtstag<\/a><\/b> nicht unter einem bestimmten Motto feiern?<br \/>\nWelches Motto kann man w\u00e4hlen?<br \/>\nCocktailparty, wilde 60er oder 70er Jahre, Rock\u2019n Roll, Flower Power und Oktoberfest sind wohl mit die bekanntesten und Themen, die einem spontan einfallen. Sch\u00f6n bei diesen Themenfeiern ist nat\u00fcrlich, wenn nicht nur die Deko in diesem Motto ausgestattet ist, sondern auch die G\u00e4ste in passendem Outfit erscheinen. So wird die Party ein gelungener Spa\u00df, an die man gerne zur\u00fcckdenkt.<br \/>\nNehmen wir das Motto \u201eOktoberfest\u201c als Beispiel.<br \/>\nBayrisch z\u00fcnftig \u2013 daran denkt man, wenn man das Wort <b>Oktoberfest <\/b>liest. Und genauso ist auch meist die Tischdeko und das Essen. Doch es muss nicht immer in Blau und Wei\u00df mit Rauten dekoriert werden, sondern es darf auch mal etwas bunter zugehen \u2013 wie man das auch vom echten Oktoberfest kennt.<br \/>\nDie Servietten \u201eOktoberfest\u201c verleihen dem Tisch ein sch\u00f6nes Aussehen, gepaart mit Farbe und l\u00e4ndlich rustikalen, zum Oktoberfest passenden, Motiven.<br \/>\n\u201eA Busserl f\u00fcr mei Spatzl\u201c \u2013 ist der Spruch, den diese Serviette ziert und nat\u00fcrlich fehlt auch hier nicht das allseits bekannte Lebkuchenherz. Als weitere Accessoires f\u00fcr die Tischdeko eignen sich Holzherzen, Kerzenst\u00e4nder aus Holz, verziert mit Edelwei\u00df und diverse <b><a href=\"https:\/\/www.tafeldeko.de\/index.php\/cat\/c1810_Streudeko.html\" title=\"Streudekoteile\">Streudekoteile<\/a><\/b>.<br \/>\nWas geh\u00f6rt neben dem Bier noch zum <b>Oktoberfest<\/b>? Wei\u00dfw\u00fcrste und Brezeln \u2013 wobei sich letztere ebenfalls f\u00fcr die Tischdeko hervorragend eignen. Auch Schmalz und deftiges Brot k\u00f6nnen in Schalen und K\u00f6rbchen auf den Tischen verteilt werden. <\/p>\n","protected":false},"excerpt":{"rendered":"<p>Anl\u00e4sse zum Feiern gibt es viele. Geburtstage sind wohl die h\u00e4ufigsten Anl\u00e4sse, die gefeiert werden und eine Tischdekoration erforderlich machen. Taufen, Hochzeiten, Jubil\u00e4en und auch Kommunionen und Konfirmationen sind ein Grund zum Feiern und werden auch in der Regel mit einer sch\u00f6nen Tischdeko untermalt.<br \/>\nManche eine Feier findet auch unter einem bestimmten Motto statt. Gerade Kindergeburtstage sind pr\u00e4destiniert f\u00fcr Mottopartys \u2013 Prinzessinnen, Ritter, Piraten und Zootiere sind bei diesen Geburtstagen sehr beliebt.<br \/>\nAuch die Erwachsenen freuen sich \u00fcber Mottopartys. Und warum soll man einen  nicht unter einem bestimmten Motto feiern?<br \/>\nWelches Motto kann man w\u00e4hlen?<\/p>\n","protected":false},"author":2,"featured_media":737,"comment_status":"open","ping_status":"open","sticky":false,"template":"","format":"standard","meta":{"footnotes":""},"categories":[1],"tags":[],"yoast_head":"<!-- This site is optimized with the Yoast SEO plugin v20.4 - https:\/\/yoast.com\/wordpress\/plugins\/seo\/ -->\n<title>Wundersch\u00f6ne Tischdeko mit dem Motto \u201eBayrische Brotzeit\u201c - Tafeldeko<\/title>\n<meta name=\"description\" content=\"Bayrisch z&#xFC;nftig - so zeigt sich die Tischdeko zum Oktoberfest. Tolle Accessoires im bayrisch rustikalen Stil verleihen der Tischdeko das gewisse Etwas.\" \/>\n<meta name=\"robots\" content=\"index, follow, max-snippet:-1, max-image-preview:large, max-video-preview:-1\" \/>\n<link rel=\"canonical\" href=\"https:\/\/www.tafeldeko.de\/news\/wunderschoene-tischdeko-mit-dem-motto-bayrische-brotzeit\/\" \/>\n<meta property=\"og:locale\" content=\"de_DE\" \/>\n<meta property=\"og:type\" content=\"article\" \/>\n<meta property=\"og:title\" content=\"Wundersch\u00f6ne Tischdeko mit dem Motto \u201eBayrische Brotzeit\u201c - Tafeldeko\" \/>\n<meta property=\"og:description\" content=\"Bayrisch z&#xFC;nftig - so zeigt sich die Tischdeko zum Oktoberfest. Tolle Accessoires im bayrisch rustikalen Stil verleihen der Tischdeko das gewisse Etwas.\" \/>\n<meta property=\"og:url\" content=\"https:\/\/www.tafeldeko.de\/news\/wunderschoene-tischdeko-mit-dem-motto-bayrische-brotzeit\/\" \/>\n<meta property=\"og:site_name\" content=\"Tafeldeko\" \/>\n<meta property=\"article:publisher\" content=\"https:\/\/www.facebook.com\/pages\/Tafeldeko-einzigartige-Tischdekoration\/174202655894\" \/>\n<meta property=\"article:published_time\" content=\"2012-06-04T18:52:41+00:00\" \/>\n<meta property=\"og:image\" content=\"https:\/\/www.tafeldeko.de\/news\/wp-content\/uploads\/2014\/09\/servietten_oktoberfest.jpg\" \/>\n\t<meta property=\"og:image:width\" content=\"120\" \/>\n\t<meta property=\"og:image:height\" content=\"120\" \/>\n\t<meta property=\"og:image:type\" content=\"image\/jpeg\" \/>\n<meta name=\"author\" content=\"Christiane Stein\" \/>\n<meta name=\"twitter:label1\" content=\"Verfasst von\" \/>\n\t<meta name=\"twitter:data1\" content=\"Christiane Stein\" \/>\n\t<meta name=\"twitter:label2\" content=\"Gesch\u00e4tzte Lesezeit\" \/>\n\t<meta name=\"twitter:data2\" content=\"2 Minuten\" \/>\n<script type=\"application\/ld+json\" class=\"yoast-schema-graph\">{\"@context\":\"https:\/\/schema.org\",\"@graph\":[{\"@type\":\"WebPage\",\"@id\":\"https:\/\/www.tafeldeko.de\/news\/wunderschoene-tischdeko-mit-dem-motto-bayrische-brotzeit\/\",\"url\":\"https:\/\/www.tafeldeko.de\/news\/wunderschoene-tischdeko-mit-dem-motto-bayrische-brotzeit\/\",\"name\":\"Wundersch\u00f6ne Tischdeko mit dem Motto \u201eBayrische Brotzeit\u201c - Tafeldeko\",\"isPartOf\":{\"@id\":\"https:\/\/www.tafeldeko.de\/news\/#website\"},\"datePublished\":\"2012-06-04T18:52:41+00:00\",\"dateModified\":\"2012-06-04T18:52:41+00:00\",\"author\":{\"@id\":\"https:\/\/www.tafeldeko.de\/news\/#\/schema\/person\/d2acd86447ed0b6336089a8ba83164a0\"},\"description\":\"Bayrisch z&#xFC;nftig - so zeigt sich die Tischdeko zum Oktoberfest. Tolle Accessoires im bayrisch rustikalen Stil verleihen der Tischdeko das gewisse Etwas.\",\"breadcrumb\":{\"@id\":\"https:\/\/www.tafeldeko.de\/news\/wunderschoene-tischdeko-mit-dem-motto-bayrische-brotzeit\/#breadcrumb\"},\"inLanguage\":\"de-DE\",\"potentialAction\":[{\"@type\":\"ReadAction\",\"target\":[\"https:\/\/www.tafeldeko.de\/news\/wunderschoene-tischdeko-mit-dem-motto-bayrische-brotzeit\/\"]}]},{\"@type\":\"BreadcrumbList\",\"@id\":\"https:\/\/www.tafeldeko.de\/news\/wunderschoene-tischdeko-mit-dem-motto-bayrische-brotzeit\/#breadcrumb\",\"itemListElement\":[{\"@type\":\"ListItem\",\"position\":1,\"name\":\"Tafeldeko\",\"item\":\"https:\/\/www.tafeldeko.de\/news\/\"},{\"@type\":\"ListItem\",\"position\":2,\"name\":\"Alte Beitr\u00e4ge\",\"item\":\"https:\/\/www.tafeldeko.de\/news\/alte-beitraege\/\"},{\"@type\":\"ListItem\",\"position\":3,\"name\":\"Tischdeko - Blog\",\"item\":\"https:\/\/www.tafeldeko.de\/news\/alte-beitraege\/tischdeko-blog\/\"},{\"@type\":\"ListItem\",\"position\":4,\"name\":\"Wundersch\u00f6ne Tischdeko mit dem Motto \u201eBayrische Brotzeit\u201c\"}]},{\"@type\":\"WebSite\",\"@id\":\"https:\/\/www.tafeldeko.de\/news\/#website\",\"url\":\"https:\/\/www.tafeldeko.de\/news\/\",\"name\":\"Tafeldeko\",\"description\":\"Blog mit Tischdeko und Tischdekoration Ideen\",\"potentialAction\":[{\"@type\":\"SearchAction\",\"target\":{\"@type\":\"EntryPoint\",\"urlTemplate\":\"https:\/\/www.tafeldeko.de\/news\/?s={search_term_string}\"},\"query-input\":\"required name=search_term_string\"}],\"inLanguage\":\"de-DE\"},{\"@type\":\"Person\",\"@id\":\"https:\/\/www.tafeldeko.de\/news\/#\/schema\/person\/d2acd86447ed0b6336089a8ba83164a0\",\"name\":\"Christiane Stein\",\"image\":{\"@type\":\"ImageObject\",\"inLanguage\":\"de-DE\",\"@id\":\"https:\/\/www.tafeldeko.de\/news\/#\/schema\/person\/image\/\",\"url\":\"https:\/\/secure.gravatar.com\/avatar\/2054729fbfd1ebc9d3cf1fd55361d0b6?s=96&d=mm&r=g\",\"contentUrl\":\"https:\/\/secure.gravatar.com\/avatar\/2054729fbfd1ebc9d3cf1fd55361d0b6?s=96&d=mm&r=g\",\"caption\":\"Christiane Stein\"}}]}<\/script>\n<!-- \/ Yoast SEO plugin. -->","yoast_head_json":{"title":"Wundersch\u00f6ne Tischdeko mit dem Motto \u201eBayrische Brotzeit\u201c - Tafeldeko","description":"Bayrisch z&#xFC;nftig - so zeigt sich die Tischdeko zum Oktoberfest. Tolle Accessoires im bayrisch rustikalen Stil verleihen der Tischdeko das gewisse Etwas.","robots":{"index":"index","follow":"follow","max-snippet":"max-snippet:-1","max-image-preview":"max-image-preview:large","max-video-preview":"max-video-preview:-1"},"canonical":"https:\/\/www.tafeldeko.de\/news\/wunderschoene-tischdeko-mit-dem-motto-bayrische-brotzeit\/","og_locale":"de_DE","og_type":"article","og_title":"Wundersch\u00f6ne Tischdeko mit dem Motto \u201eBayrische Brotzeit\u201c - Tafeldeko","og_description":"Bayrisch z&#xFC;nftig - so zeigt sich die Tischdeko zum Oktoberfest. Tolle Accessoires im bayrisch rustikalen Stil verleihen der Tischdeko das gewisse Etwas.","og_url":"https:\/\/www.tafeldeko.de\/news\/wunderschoene-tischdeko-mit-dem-motto-bayrische-brotzeit\/","og_site_name":"Tafeldeko","article_publisher":"https:\/\/www.facebook.com\/pages\/Tafeldeko-einzigartige-Tischdekoration\/174202655894","article_published_time":"2012-06-04T18:52:41+00:00","og_image":[{"width":120,"height":120,"url":"https:\/\/www.tafeldeko.de\/news\/wp-content\/uploads\/2014\/09\/servietten_oktoberfest.jpg","type":"image\/jpeg"}],"author":"Christiane Stein","twitter_misc":{"Verfasst von":"Christiane Stein","Gesch\u00e4tzte Lesezeit":"2 Minuten"},"schema":{"@context":"https:\/\/schema.org","@graph":[{"@type":"WebPage","@id":"https:\/\/www.tafeldeko.de\/news\/wunderschoene-tischdeko-mit-dem-motto-bayrische-brotzeit\/","url":"https:\/\/www.tafeldeko.de\/news\/wunderschoene-tischdeko-mit-dem-motto-bayrische-brotzeit\/","name":"Wundersch\u00f6ne Tischdeko mit dem Motto \u201eBayrische Brotzeit\u201c - Tafeldeko","isPartOf":{"@id":"https:\/\/www.tafeldeko.de\/news\/#website"},"datePublished":"2012-06-04T18:52:41+00:00","dateModified":"2012-06-04T18:52:41+00:00","author":{"@id":"https:\/\/www.tafeldeko.de\/news\/#\/schema\/person\/d2acd86447ed0b6336089a8ba83164a0"},"description":"Bayrisch z&#xFC;nftig - so zeigt sich die Tischdeko zum Oktoberfest. Tolle Accessoires im bayrisch rustikalen Stil verleihen der Tischdeko das gewisse Etwas.","breadcrumb":{"@id":"https:\/\/www.tafeldeko.de\/news\/wunderschoene-tischdeko-mit-dem-motto-bayrische-brotzeit\/#breadcrumb"},"inLanguage":"de-DE","potentialAction":[{"@type":"ReadAction","target":["https:\/\/www.tafeldeko.de\/news\/wunderschoene-tischdeko-mit-dem-motto-bayrische-brotzeit\/"]}]},{"@type":"BreadcrumbList","@id":"https:\/\/www.tafeldeko.de\/news\/wunderschoene-tischdeko-mit-dem-motto-bayrische-brotzeit\/#breadcrumb","itemListElement":[{"@type":"ListItem","position":1,"name":"Tafeldeko","item":"https:\/\/www.tafeldeko.de\/news\/"},{"@type":"ListItem","position":2,"name":"Alte Beitr\u00e4ge","item":"https:\/\/www.tafeldeko.de\/news\/alte-beitraege\/"},{"@type":"ListItem","position":3,"name":"Tischdeko - Blog","item":"https:\/\/www.tafeldeko.de\/news\/alte-beitraege\/tischdeko-blog\/"},{"@type":"ListItem","position":4,"name":"Wundersch\u00f6ne Tischdeko mit dem Motto \u201eBayrische Brotzeit\u201c"}]},{"@type":"WebSite","@id":"https:\/\/www.tafeldeko.de\/news\/#website","url":"https:\/\/www.tafeldeko.de\/news\/","name":"Tafeldeko","description":"Blog mit Tischdeko und Tischdekoration Ideen","potentialAction":[{"@type":"SearchAction","target":{"@type":"EntryPoint","urlTemplate":"https:\/\/www.tafeldeko.de\/news\/?s={search_term_string}"},"query-input":"required name=search_term_string"}],"inLanguage":"de-DE"},{"@type":"Person","@id":"https:\/\/www.tafeldeko.de\/news\/#\/schema\/person\/d2acd86447ed0b6336089a8ba83164a0","name":"Christiane Stein","image":{"@type":"ImageObject","inLanguage":"de-DE","@id":"https:\/\/www.tafeldeko.de\/news\/#\/schema\/person\/image\/","url":"https:\/\/secure.gravatar.com\/avatar\/2054729fbfd1ebc9d3cf1fd55361d0b6?s=96&d=mm&r=g","contentUrl":"https:\/\/secure.gravatar.com\/avatar\/2054729fbfd1ebc9d3cf1fd55361d0b6?s=96&d=mm&r=g","caption":"Christiane Stein"}}]}},"_links":{"self":[{"href":"https:\/\/www.tafeldeko.de\/news\/wp-json\/wp\/v2\/posts\/736"}],"collection":[{"href":"https:\/\/www.tafeldeko.de\/news\/wp-json\/wp\/v2\/posts"}],"about":[{"href":"https:\/\/www.tafeldeko.de\/news\/wp-json\/wp\/v2\/types\/post"}],"author":[{"embeddable":true,"href":"https:\/\/www.tafeldeko.de\/news\/wp-json\/wp\/v2\/users\/2"}],"replies":[{"embeddable":true,"href":"https:\/\/www.tafeldeko.de\/news\/wp-json\/wp\/v2\/comments?post=736"}],"version-history":[{"count":0,"href":"https:\/\/www.tafeldeko.de\/news\/wp-json\/wp\/v2\/posts\/736\/revisions"}],"wp:featuredmedia":[{"embeddable":true,"href":"https:\/\/www.tafeldeko.de\/news\/wp-json\/wp\/v2\/media\/737"}],"wp:attachment":[{"href":"https:\/\/www.tafeldeko.de\/news\/wp-json\/wp\/v2\/media?parent=736"}],"wp:term":[{"taxonomy":"category","embeddable":true,"href":"https:\/\/www.tafeldeko.de\/news\/wp-json\/wp\/v2\/categories?post=736"},{"taxonomy":"post_tag","embeddable":true,"href":"https:\/\/www.tafeldeko.de\/news\/wp-json\/wp\/v2\/tags?post=736"}],"curies":[{"name":"wp","href":"https:\/\/api.w.org\/{rel}","templated":true}]}}