{"id":7357,"date":"2016-07-13T10:38:28","date_gmt":"2016-07-13T08:38:28","guid":{"rendered":"http:\/\/www.tafeldeko.de\/news\/?p=7357"},"modified":"2022-11-09T07:53:54","modified_gmt":"2022-11-09T06:53:54","slug":"deko-mit-glas-und-naturmaterialien","status":"publish","type":"post","link":"https:\/\/www.tafeldeko.de\/news\/deko-mit-glas-und-naturmaterialien\/","title":{"rendered":"Deko mit Glas und Naturmaterialien"},"content":{"rendered":"<p>Die <strong>Deko mit Glas<\/strong> und Naturmaterialien ist eine wundersch\u00f6ne Kombination. Das leuchtende, transparente Glas, dazu die Braunt\u00f6ne des Holzes passen perfekt zueinander und bieten ein harmonisches Bild. Der Vorteil der Deko mit Glas ist, dass man unendlich viele M\u00f6glichkeiten hat, um einzelne Akzente zu setzen. Und die <strong>Naturmaterialien<\/strong>, die man dazu kombiniert, sorgen f\u00fcr ein perfektes Gesamtergebnis.<\/p>\n<p><img decoding=\"async\" loading=\"lazy\" src=\"https:\/\/www.tafeldeko.de\/news\/wp-content\/uploads\/2016\/07\/glasvasen_haengend.jpg\" sizes=\"(max-width: 250px) 100vw, 250px\" srcset=\"https:\/\/www.tafeldeko.de\/news\/wp-content\/uploads\/2016\/07\/glasvasen_haengend.jpg 250w, https:\/\/www.tafeldeko.de\/news\/wp-content\/uploads\/2016\/07\/glasvasen_haengend-150x150.jpg 150w\" alt=\"Deko mit Glas\" width=\"250\" height=\"250\" \/><\/p>\n<h2>Accessoires f\u00fcr die Deko mit Glas und Naturmaterialien<\/h2>\n<p>F\u00fcr die Deko mit Glas haben wir einige Ideen f\u00fcr Sie zusammengestellt. Das hei\u00dft, wir haben verschiedene Accessoires ins Auge gefasst, mit denen Ihnen diese Art der Dekoration hervorragend gelingt.<br \/>\nEines dieser Accessoires sind die <strong>3 Glas V\u00e4schen h\u00e4ngend im Holzgestell<\/strong> &#8211; die Kombination ist schon ein Blickfang. Glas und Naturmaterialien &#8211; Harmonie pur sozusagen.<br \/>\nSie ben\u00f6tigen nicht viel, um Ihre Deko abzuschlie\u00dfen, lediglich <strong>Blumen<\/strong>, vielleicht etwas Efeu oder Schleierkraut, reichen vollkommen aus, um ein sch\u00f6nes Arrangement zu kreieren.<br \/>\nDie Bl\u00fcten k\u00f6nnen Sie unterschiedlich hoch abschneiden, Efeu und\/oder Schleierkraut mit in die einzelnen Glasvasen hineingeben und fertig ist die Deko mit Glas. Wer die Deko etwas auflockern m\u00f6chte, kann mit <strong>Sisalgras<\/strong> arbeiten. Das Sisalgras k\u00f6nnen Sie entweder farblich passend oder als tollen Kontrast zu den Blumen w\u00e4hlen. Ziehen Sie einige F\u00e4den des Sisalgrases aus dem Bund und stecken Sie diese in die Vasen. Das Gras h\u00e4ngt locker \u00fcber die Gl\u00e4schen und das Holzgestell.<br \/>\nMit Deko Nuggets, Steinen, Rattan- oder Drahtkugeln k\u00f6nnen Sie das Arrangement komplettieren.<br \/>\n<strong>Andere Dekovarianten mit Glas<\/strong> bieten Ihnen zum Beispiel Glasschalen oder hohe Glasvasen. In diesen Schalen oder Vasen k\u00f6nnen Sie Blumen, Steine, Raindrops Deko Tautropfen und auch kleine Rattankugeln arrangieren &#8211; was Sie in das Glasgef\u00e4\u00df f\u00fcllen k\u00f6nnen, ist nat\u00fcrlich von dessen Gr\u00f6\u00dfe abh\u00e4ngig.<br \/>\nIm Handrumdrehen entstehen wundersch\u00f6ne <strong>Dekorationen mit Glas<\/strong>, gepaart mit diversen Deko-Accessoires. Anregungen zu den Dekom\u00f6glichkeiten mit Glas und generell finden Sie in unserem Shop. Unsere Mustertische sind mit dem einen oder anderen Arrangement aus Glas, Blumen und anderen Materialien best\u00fcckt.<\/p>\n<h2>Weitere Beitr\u00e4ge:<\/h2>\n<h2>Dekoartikel von A-Z<\/h2>\n<p><a href=\"https:\/\/www.tafeldeko.de\/tischdeko-artikel\/\"><br \/>\nJetzt entdecken <\/a><\/p>\n","protected":false},"excerpt":{"rendered":"<p>Die Deko mit Glas und Naturmaterialien ist eine wundersch\u00f6ne Kombination. Das leuchtende, transparente Glas, dazu die Braunt\u00f6ne des Holzes passen perfekt zueinander und bieten ein harmonisches Bild. Der Vorteil der Deko mit Glas ist, dass man unendlich viele M\u00f6glichkeiten hat, um einzelne Akzente zu setzen. Und die Naturmaterialien, die man dazu kombiniert, sorgen f\u00fcr ein [&hellip;]<\/p>\n","protected":false},"author":6,"featured_media":7358,"comment_status":"closed","ping_status":"closed","sticky":false,"template":"","format":"standard","meta":{"footnotes":""},"categories":[1],"tags":[],"yoast_head":"<!-- This site is optimized with the Yoast SEO plugin v20.4 - https:\/\/yoast.com\/wordpress\/plugins\/seo\/ -->\n<title>Deko mit Glas und Naturmaterialien - Tafeldeko<\/title>\n<meta name=\"description\" content=\"F\u00fcr die Deko mit Glas und Naturmaterialien haben wir einige Ideen f\u00fcr Sie zusammengestellt. Das hei\u00dft, wir haben verschiedene Accessoires...\" \/>\n<meta name=\"robots\" content=\"index, follow, max-snippet:-1, max-image-preview:large, max-video-preview:-1\" \/>\n<link rel=\"canonical\" href=\"https:\/\/www.tafeldeko.de\/news\/deko-mit-glas-und-naturmaterialien\/\" \/>\n<meta property=\"og:locale\" content=\"de_DE\" \/>\n<meta property=\"og:type\" content=\"article\" \/>\n<meta property=\"og:title\" content=\"Deko mit Glas und Naturmaterialien - Tafeldeko\" \/>\n<meta property=\"og:description\" content=\"F\u00fcr die Deko mit Glas und Naturmaterialien haben wir einige Ideen f\u00fcr Sie zusammengestellt. Das hei\u00dft, wir haben verschiedene Accessoires...\" \/>\n<meta property=\"og:url\" content=\"https:\/\/www.tafeldeko.de\/news\/deko-mit-glas-und-naturmaterialien\/\" \/>\n<meta property=\"og:site_name\" content=\"Tafeldeko\" \/>\n<meta property=\"article:publisher\" content=\"https:\/\/www.facebook.com\/pages\/Tafeldeko-einzigartige-Tischdekoration\/174202655894\" \/>\n<meta property=\"article:published_time\" content=\"2016-07-13T08:38:28+00:00\" \/>\n<meta property=\"article:modified_time\" content=\"2022-11-09T06:53:54+00:00\" \/>\n<meta property=\"og:image\" content=\"https:\/\/www.tafeldeko.de\/news\/wp-content\/uploads\/2016\/07\/glasvasen_haengend.jpg\" \/>\n\t<meta property=\"og:image:width\" content=\"250\" \/>\n\t<meta property=\"og:image:height\" content=\"250\" \/>\n\t<meta property=\"og:image:type\" content=\"image\/jpeg\" \/>\n<meta name=\"author\" content=\"Tafeldeko Deko Team\" \/>\n<meta name=\"twitter:label1\" content=\"Verfasst von\" \/>\n\t<meta name=\"twitter:data1\" content=\"Tafeldeko Deko Team\" \/>\n\t<meta name=\"twitter:label2\" content=\"Gesch\u00e4tzte Lesezeit\" \/>\n\t<meta name=\"twitter:data2\" content=\"2 Minuten\" \/>\n<script type=\"application\/ld+json\" class=\"yoast-schema-graph\">{\"@context\":\"https:\/\/schema.org\",\"@graph\":[{\"@type\":\"WebPage\",\"@id\":\"https:\/\/www.tafeldeko.de\/news\/deko-mit-glas-und-naturmaterialien\/\",\"url\":\"https:\/\/www.tafeldeko.de\/news\/deko-mit-glas-und-naturmaterialien\/\",\"name\":\"Deko mit Glas und Naturmaterialien - Tafeldeko\",\"isPartOf\":{\"@id\":\"https:\/\/www.tafeldeko.de\/news\/#website\"},\"datePublished\":\"2016-07-13T08:38:28+00:00\",\"dateModified\":\"2022-11-09T06:53:54+00:00\",\"author\":{\"@id\":\"https:\/\/www.tafeldeko.de\/news\/#\/schema\/person\/dc309fbb6a3e380919fc08342c3cc233\"},\"description\":\"F\u00fcr die Deko mit Glas und Naturmaterialien haben wir einige Ideen f\u00fcr Sie zusammengestellt. Das hei\u00dft, wir haben verschiedene Accessoires...\",\"breadcrumb\":{\"@id\":\"https:\/\/www.tafeldeko.de\/news\/deko-mit-glas-und-naturmaterialien\/#breadcrumb\"},\"inLanguage\":\"de-DE\",\"potentialAction\":[{\"@type\":\"ReadAction\",\"target\":[\"https:\/\/www.tafeldeko.de\/news\/deko-mit-glas-und-naturmaterialien\/\"]}]},{\"@type\":\"BreadcrumbList\",\"@id\":\"https:\/\/www.tafeldeko.de\/news\/deko-mit-glas-und-naturmaterialien\/#breadcrumb\",\"itemListElement\":[{\"@type\":\"ListItem\",\"position\":1,\"name\":\"Tafeldeko\",\"item\":\"https:\/\/www.tafeldeko.de\/news\/\"},{\"@type\":\"ListItem\",\"position\":2,\"name\":\"Alte Beitr\u00e4ge\",\"item\":\"https:\/\/www.tafeldeko.de\/news\/alte-beitraege\/\"},{\"@type\":\"ListItem\",\"position\":3,\"name\":\"Tischdeko - Blog\",\"item\":\"https:\/\/www.tafeldeko.de\/news\/alte-beitraege\/tischdeko-blog\/\"},{\"@type\":\"ListItem\",\"position\":4,\"name\":\"Deko mit Glas und Naturmaterialien\"}]},{\"@type\":\"WebSite\",\"@id\":\"https:\/\/www.tafeldeko.de\/news\/#website\",\"url\":\"https:\/\/www.tafeldeko.de\/news\/\",\"name\":\"Tafeldeko\",\"description\":\"Blog mit Tischdeko und Tischdekoration Ideen\",\"potentialAction\":[{\"@type\":\"SearchAction\",\"target\":{\"@type\":\"EntryPoint\",\"urlTemplate\":\"https:\/\/www.tafeldeko.de\/news\/?s={search_term_string}\"},\"query-input\":\"required name=search_term_string\"}],\"inLanguage\":\"de-DE\"},{\"@type\":\"Person\",\"@id\":\"https:\/\/www.tafeldeko.de\/news\/#\/schema\/person\/dc309fbb6a3e380919fc08342c3cc233\",\"name\":\"Tafeldeko Deko Team\",\"image\":{\"@type\":\"ImageObject\",\"inLanguage\":\"de-DE\",\"@id\":\"https:\/\/www.tafeldeko.de\/news\/#\/schema\/person\/image\/\",\"url\":\"https:\/\/secure.gravatar.com\/avatar\/1e962f4040dc9996f0d200db31598854?s=96&d=mm&r=g\",\"contentUrl\":\"https:\/\/secure.gravatar.com\/avatar\/1e962f4040dc9996f0d200db31598854?s=96&d=mm&r=g\",\"caption\":\"Tafeldeko Deko Team\"}}]}<\/script>\n<!-- \/ Yoast SEO plugin. -->","yoast_head_json":{"title":"Deko mit Glas und Naturmaterialien - Tafeldeko","description":"F\u00fcr die Deko mit Glas und Naturmaterialien haben wir einige Ideen f\u00fcr Sie zusammengestellt. Das hei\u00dft, wir haben verschiedene Accessoires...","robots":{"index":"index","follow":"follow","max-snippet":"max-snippet:-1","max-image-preview":"max-image-preview:large","max-video-preview":"max-video-preview:-1"},"canonical":"https:\/\/www.tafeldeko.de\/news\/deko-mit-glas-und-naturmaterialien\/","og_locale":"de_DE","og_type":"article","og_title":"Deko mit Glas und Naturmaterialien - Tafeldeko","og_description":"F\u00fcr die Deko mit Glas und Naturmaterialien haben wir einige Ideen f\u00fcr Sie zusammengestellt. Das hei\u00dft, wir haben verschiedene Accessoires...","og_url":"https:\/\/www.tafeldeko.de\/news\/deko-mit-glas-und-naturmaterialien\/","og_site_name":"Tafeldeko","article_publisher":"https:\/\/www.facebook.com\/pages\/Tafeldeko-einzigartige-Tischdekoration\/174202655894","article_published_time":"2016-07-13T08:38:28+00:00","article_modified_time":"2022-11-09T06:53:54+00:00","og_image":[{"width":250,"height":250,"url":"https:\/\/www.tafeldeko.de\/news\/wp-content\/uploads\/2016\/07\/glasvasen_haengend.jpg","type":"image\/jpeg"}],"author":"Tafeldeko Deko Team","twitter_misc":{"Verfasst von":"Tafeldeko Deko Team","Gesch\u00e4tzte Lesezeit":"2 Minuten"},"schema":{"@context":"https:\/\/schema.org","@graph":[{"@type":"WebPage","@id":"https:\/\/www.tafeldeko.de\/news\/deko-mit-glas-und-naturmaterialien\/","url":"https:\/\/www.tafeldeko.de\/news\/deko-mit-glas-und-naturmaterialien\/","name":"Deko mit Glas und Naturmaterialien - Tafeldeko","isPartOf":{"@id":"https:\/\/www.tafeldeko.de\/news\/#website"},"datePublished":"2016-07-13T08:38:28+00:00","dateModified":"2022-11-09T06:53:54+00:00","author":{"@id":"https:\/\/www.tafeldeko.de\/news\/#\/schema\/person\/dc309fbb6a3e380919fc08342c3cc233"},"description":"F\u00fcr die Deko mit Glas und Naturmaterialien haben wir einige Ideen f\u00fcr Sie zusammengestellt. Das hei\u00dft, wir haben verschiedene Accessoires...","breadcrumb":{"@id":"https:\/\/www.tafeldeko.de\/news\/deko-mit-glas-und-naturmaterialien\/#breadcrumb"},"inLanguage":"de-DE","potentialAction":[{"@type":"ReadAction","target":["https:\/\/www.tafeldeko.de\/news\/deko-mit-glas-und-naturmaterialien\/"]}]},{"@type":"BreadcrumbList","@id":"https:\/\/www.tafeldeko.de\/news\/deko-mit-glas-und-naturmaterialien\/#breadcrumb","itemListElement":[{"@type":"ListItem","position":1,"name":"Tafeldeko","item":"https:\/\/www.tafeldeko.de\/news\/"},{"@type":"ListItem","position":2,"name":"Alte Beitr\u00e4ge","item":"https:\/\/www.tafeldeko.de\/news\/alte-beitraege\/"},{"@type":"ListItem","position":3,"name":"Tischdeko - Blog","item":"https:\/\/www.tafeldeko.de\/news\/alte-beitraege\/tischdeko-blog\/"},{"@type":"ListItem","position":4,"name":"Deko mit Glas und Naturmaterialien"}]},{"@type":"WebSite","@id":"https:\/\/www.tafeldeko.de\/news\/#website","url":"https:\/\/www.tafeldeko.de\/news\/","name":"Tafeldeko","description":"Blog mit Tischdeko und Tischdekoration Ideen","potentialAction":[{"@type":"SearchAction","target":{"@type":"EntryPoint","urlTemplate":"https:\/\/www.tafeldeko.de\/news\/?s={search_term_string}"},"query-input":"required name=search_term_string"}],"inLanguage":"de-DE"},{"@type":"Person","@id":"https:\/\/www.tafeldeko.de\/news\/#\/schema\/person\/dc309fbb6a3e380919fc08342c3cc233","name":"Tafeldeko Deko Team","image":{"@type":"ImageObject","inLanguage":"de-DE","@id":"https:\/\/www.tafeldeko.de\/news\/#\/schema\/person\/image\/","url":"https:\/\/secure.gravatar.com\/avatar\/1e962f4040dc9996f0d200db31598854?s=96&d=mm&r=g","contentUrl":"https:\/\/secure.gravatar.com\/avatar\/1e962f4040dc9996f0d200db31598854?s=96&d=mm&r=g","caption":"Tafeldeko Deko Team"}}]}},"_links":{"self":[{"href":"https:\/\/www.tafeldeko.de\/news\/wp-json\/wp\/v2\/posts\/7357"}],"collection":[{"href":"https:\/\/www.tafeldeko.de\/news\/wp-json\/wp\/v2\/posts"}],"about":[{"href":"https:\/\/www.tafeldeko.de\/news\/wp-json\/wp\/v2\/types\/post"}],"author":[{"embeddable":true,"href":"https:\/\/www.tafeldeko.de\/news\/wp-json\/wp\/v2\/users\/6"}],"replies":[{"embeddable":true,"href":"https:\/\/www.tafeldeko.de\/news\/wp-json\/wp\/v2\/comments?post=7357"}],"version-history":[{"count":5,"href":"https:\/\/www.tafeldeko.de\/news\/wp-json\/wp\/v2\/posts\/7357\/revisions"}],"predecessor-version":[{"id":20663,"href":"https:\/\/www.tafeldeko.de\/news\/wp-json\/wp\/v2\/posts\/7357\/revisions\/20663"}],"wp:featuredmedia":[{"embeddable":true,"href":"https:\/\/www.tafeldeko.de\/news\/wp-json\/wp\/v2\/media\/7358"}],"wp:attachment":[{"href":"https:\/\/www.tafeldeko.de\/news\/wp-json\/wp\/v2\/media?parent=7357"}],"wp:term":[{"taxonomy":"category","embeddable":true,"href":"https:\/\/www.tafeldeko.de\/news\/wp-json\/wp\/v2\/categories?post=7357"},{"taxonomy":"post_tag","embeddable":true,"href":"https:\/\/www.tafeldeko.de\/news\/wp-json\/wp\/v2\/tags?post=7357"}],"curies":[{"name":"wp","href":"https:\/\/api.w.org\/{rel}","templated":true}]}}