{"id":7352,"date":"2016-07-06T09:50:14","date_gmt":"2016-07-06T07:50:14","guid":{"rendered":"http:\/\/www.tafeldeko.de\/news\/?p=7352"},"modified":"2016-07-25T09:52:42","modified_gmt":"2016-07-25T07:52:42","slug":"ort-fuer-die-hochzeit-wo-ist-er","status":"publish","type":"post","link":"https:\/\/www.tafeldeko.de\/news\/ort-fuer-die-hochzeit-wo-ist-er\/","title":{"rendered":"Ort f\u00fcr die Hochzeit &#8211; wo ist er?"},"content":{"rendered":"<p>Wer heiratet, stellt sich auch die Frage nach dem<strong> Ort f\u00fcr die Hochzeit<\/strong>. Wo m\u00f6chte ich meinem Partner das Ja-Wort geben? Wo und wie sollen wir die Hochzeit feiern?<br \/>\nDiese Fragen werden im Vorfeld eingehend vom Brautpaar und vielleicht den Freunden oder Familienangeh\u00f6rigen diskutiert. Am sinnvollsten ist es, alle mehr oder weniger konstruktiven Vorschl\u00e4ge zu sammeln und dann jeweils das F\u00fcr und Wider der einzelnen Orte f\u00fcr die Hochzeit zusammenstellen.<\/p>\n<h2>Welches ist der richtige Ort f\u00fcr die Hochzeit?<\/h2>\n<p>Gibt es ihn \u00fcberhaupt, den richtigen Ort f\u00fcr die Hochzeit?<br \/>\nF\u00fcr das Brautpaar bestimmt, denn schlie\u00dflich w\u00e4hlt das Paar diesen Ort aus, um sich das Ja-Wort zu geben und zu feiern. Meistens handelt es sich um mehrere Orte: den Ort, an dem man heiratet und den Ort, an dem man feiert. Und wer sich standesamtlich und kirchlich trauen l\u00e4sst, hat hier auch zwei verschiedene Orte f\u00fcr die Hochzeit.<br \/>\nDabei bieten sich in der Regel bereits f\u00fcr die standesamtliche Trauung verschiedene M\u00f6glichkeiten. Dazu geh\u00f6ren zum einen ganz klassisch das <strong>Standesamt<\/strong> oder R\u00e4umlichkeiten, die f\u00fcr diese Art der Trauung angemietet werden k\u00f6nnen. So ist zum Beispiel ein Zimmer in einem wundersch\u00f6nen Kloster oder in einem gro\u00dfen Festsaal eine au\u00dfergew\u00f6hnliche Kulisse f\u00fcr die Eheschlie\u00dfung.<br \/>\nUnd auch die<strong> Hochzeit in der Kirche<\/strong> bietet viele Varianten. Die Kirche im Ort oder in einer nahe gelegenen Stadt bieten einen sch\u00f6nen Ort zum Heiraten.<br \/>\nGanz ungew\u00f6hnlich oder au\u00dfergew\u00f6hnlich geht es, indem man ein Schloss oder eine Burg mietet und dort die gesamte <strong>Hochzeitszeremonie<\/strong> durchf\u00fchren l\u00e4sst. Oftmals bieten sich Schlafgelegenheiten f\u00fcr die G\u00e4ste, so dass man alles an einer \u00d6rtlichkeit hat &#8211; ein gro\u00dfer Vorteil f\u00fcr alle. Und auch hinsichtlich der Planung bietet solch ein Ort f\u00fcr die Hochzeit etliche Pluspunkte. Von der standesamtlichen Eheschlie\u00dfung kann es direkt zur kirchlichen Trauung weitergehen und von da aus zur gro\u00dfen <strong>Hochzeitsfeier<\/strong>.<br \/>\nGenerell wichtig f\u00fcr die Wahl des Ortes f\u00fcr die Hochzeit: beide Ehepartner sollen davon \u00fcberzeugt sein, dass es sich hier um den richtigen Ort handelt.<\/p>\n","protected":false},"excerpt":{"rendered":"<p>Wer heiratet, stellt sich auch die Frage nach dem Ort f\u00fcr die Hochzeit. Wo m\u00f6chte ich meinem Partner das Ja-Wort geben? Wo und wie sollen wir die Hochzeit feiern? Diese Fragen werden im Vorfeld eingehend vom Brautpaar und vielleicht den Freunden oder Familienangeh\u00f6rigen diskutiert. Am sinnvollsten ist es, alle mehr oder weniger konstruktiven Vorschl\u00e4ge zu [&hellip;]<\/p>\n","protected":false},"author":6,"featured_media":0,"comment_status":"closed","ping_status":"closed","sticky":false,"template":"","format":"standard","meta":{"footnotes":""},"categories":[1],"tags":[],"yoast_head":"<!-- This site is optimized with the Yoast SEO plugin v20.4 - https:\/\/yoast.com\/wordpress\/plugins\/seo\/ -->\n<title>Ort f\u00fcr die Hochzeit - wo ist er? - Tafeldeko<\/title>\n<meta name=\"description\" content=\"Gibt es ihn \u00fcberhaupt, den richtigen Ort f\u00fcr die Hochzeit? F\u00fcr das Brautpaar bestimmt, denn schlie\u00dflich w\u00e4hlt das Paar diesen Ort aus,\" \/>\n<meta name=\"robots\" content=\"index, follow, max-snippet:-1, max-image-preview:large, max-video-preview:-1\" \/>\n<link rel=\"canonical\" href=\"https:\/\/www.tafeldeko.de\/news\/ort-fuer-die-hochzeit-wo-ist-er\/\" \/>\n<meta property=\"og:locale\" content=\"de_DE\" \/>\n<meta property=\"og:type\" content=\"article\" \/>\n<meta property=\"og:title\" content=\"Ort f\u00fcr die Hochzeit - wo ist er? - Tafeldeko\" \/>\n<meta property=\"og:description\" content=\"Gibt es ihn \u00fcberhaupt, den richtigen Ort f\u00fcr die Hochzeit? F\u00fcr das Brautpaar bestimmt, denn schlie\u00dflich w\u00e4hlt das Paar diesen Ort aus,\" \/>\n<meta property=\"og:url\" content=\"https:\/\/www.tafeldeko.de\/news\/ort-fuer-die-hochzeit-wo-ist-er\/\" \/>\n<meta property=\"og:site_name\" content=\"Tafeldeko\" \/>\n<meta property=\"article:publisher\" content=\"https:\/\/www.facebook.com\/pages\/Tafeldeko-einzigartige-Tischdekoration\/174202655894\" \/>\n<meta property=\"article:published_time\" content=\"2016-07-06T07:50:14+00:00\" \/>\n<meta property=\"article:modified_time\" content=\"2016-07-25T07:52:42+00:00\" \/>\n<meta name=\"author\" content=\"Tafeldeko Deko Team\" \/>\n<meta name=\"twitter:label1\" content=\"Verfasst von\" \/>\n\t<meta name=\"twitter:data1\" content=\"Tafeldeko Deko Team\" \/>\n\t<meta name=\"twitter:label2\" content=\"Gesch\u00e4tzte Lesezeit\" \/>\n\t<meta name=\"twitter:data2\" content=\"2 Minuten\" \/>\n<script type=\"application\/ld+json\" class=\"yoast-schema-graph\">{\"@context\":\"https:\/\/schema.org\",\"@graph\":[{\"@type\":\"WebPage\",\"@id\":\"https:\/\/www.tafeldeko.de\/news\/ort-fuer-die-hochzeit-wo-ist-er\/\",\"url\":\"https:\/\/www.tafeldeko.de\/news\/ort-fuer-die-hochzeit-wo-ist-er\/\",\"name\":\"Ort f\u00fcr die Hochzeit - wo ist er? - Tafeldeko\",\"isPartOf\":{\"@id\":\"https:\/\/www.tafeldeko.de\/news\/#website\"},\"datePublished\":\"2016-07-06T07:50:14+00:00\",\"dateModified\":\"2016-07-25T07:52:42+00:00\",\"author\":{\"@id\":\"https:\/\/www.tafeldeko.de\/news\/#\/schema\/person\/dc309fbb6a3e380919fc08342c3cc233\"},\"description\":\"Gibt es ihn \u00fcberhaupt, den richtigen Ort f\u00fcr die Hochzeit? F\u00fcr das Brautpaar bestimmt, denn schlie\u00dflich w\u00e4hlt das Paar diesen Ort aus,\",\"breadcrumb\":{\"@id\":\"https:\/\/www.tafeldeko.de\/news\/ort-fuer-die-hochzeit-wo-ist-er\/#breadcrumb\"},\"inLanguage\":\"de-DE\",\"potentialAction\":[{\"@type\":\"ReadAction\",\"target\":[\"https:\/\/www.tafeldeko.de\/news\/ort-fuer-die-hochzeit-wo-ist-er\/\"]}]},{\"@type\":\"BreadcrumbList\",\"@id\":\"https:\/\/www.tafeldeko.de\/news\/ort-fuer-die-hochzeit-wo-ist-er\/#breadcrumb\",\"itemListElement\":[{\"@type\":\"ListItem\",\"position\":1,\"name\":\"Tafeldeko\",\"item\":\"https:\/\/www.tafeldeko.de\/news\/\"},{\"@type\":\"ListItem\",\"position\":2,\"name\":\"Alte Beitr\u00e4ge\",\"item\":\"https:\/\/www.tafeldeko.de\/news\/alte-beitraege\/\"},{\"@type\":\"ListItem\",\"position\":3,\"name\":\"Tischdeko - Blog\",\"item\":\"https:\/\/www.tafeldeko.de\/news\/alte-beitraege\/tischdeko-blog\/\"},{\"@type\":\"ListItem\",\"position\":4,\"name\":\"Ort f\u00fcr die Hochzeit &#8211; wo ist er?\"}]},{\"@type\":\"WebSite\",\"@id\":\"https:\/\/www.tafeldeko.de\/news\/#website\",\"url\":\"https:\/\/www.tafeldeko.de\/news\/\",\"name\":\"Tafeldeko\",\"description\":\"Blog mit Tischdeko und Tischdekoration Ideen\",\"potentialAction\":[{\"@type\":\"SearchAction\",\"target\":{\"@type\":\"EntryPoint\",\"urlTemplate\":\"https:\/\/www.tafeldeko.de\/news\/?s={search_term_string}\"},\"query-input\":\"required name=search_term_string\"}],\"inLanguage\":\"de-DE\"},{\"@type\":\"Person\",\"@id\":\"https:\/\/www.tafeldeko.de\/news\/#\/schema\/person\/dc309fbb6a3e380919fc08342c3cc233\",\"name\":\"Tafeldeko Deko Team\",\"image\":{\"@type\":\"ImageObject\",\"inLanguage\":\"de-DE\",\"@id\":\"https:\/\/www.tafeldeko.de\/news\/#\/schema\/person\/image\/\",\"url\":\"https:\/\/secure.gravatar.com\/avatar\/1e962f4040dc9996f0d200db31598854?s=96&d=mm&r=g\",\"contentUrl\":\"https:\/\/secure.gravatar.com\/avatar\/1e962f4040dc9996f0d200db31598854?s=96&d=mm&r=g\",\"caption\":\"Tafeldeko Deko Team\"}}]}<\/script>\n<!-- \/ Yoast SEO plugin. -->","yoast_head_json":{"title":"Ort f\u00fcr die Hochzeit - wo ist er? - Tafeldeko","description":"Gibt es ihn \u00fcberhaupt, den richtigen Ort f\u00fcr die Hochzeit? F\u00fcr das Brautpaar bestimmt, denn schlie\u00dflich w\u00e4hlt das Paar diesen Ort aus,","robots":{"index":"index","follow":"follow","max-snippet":"max-snippet:-1","max-image-preview":"max-image-preview:large","max-video-preview":"max-video-preview:-1"},"canonical":"https:\/\/www.tafeldeko.de\/news\/ort-fuer-die-hochzeit-wo-ist-er\/","og_locale":"de_DE","og_type":"article","og_title":"Ort f\u00fcr die Hochzeit - wo ist er? - Tafeldeko","og_description":"Gibt es ihn \u00fcberhaupt, den richtigen Ort f\u00fcr die Hochzeit? F\u00fcr das Brautpaar bestimmt, denn schlie\u00dflich w\u00e4hlt das Paar diesen Ort aus,","og_url":"https:\/\/www.tafeldeko.de\/news\/ort-fuer-die-hochzeit-wo-ist-er\/","og_site_name":"Tafeldeko","article_publisher":"https:\/\/www.facebook.com\/pages\/Tafeldeko-einzigartige-Tischdekoration\/174202655894","article_published_time":"2016-07-06T07:50:14+00:00","article_modified_time":"2016-07-25T07:52:42+00:00","author":"Tafeldeko Deko Team","twitter_misc":{"Verfasst von":"Tafeldeko Deko Team","Gesch\u00e4tzte Lesezeit":"2 Minuten"},"schema":{"@context":"https:\/\/schema.org","@graph":[{"@type":"WebPage","@id":"https:\/\/www.tafeldeko.de\/news\/ort-fuer-die-hochzeit-wo-ist-er\/","url":"https:\/\/www.tafeldeko.de\/news\/ort-fuer-die-hochzeit-wo-ist-er\/","name":"Ort f\u00fcr die Hochzeit - wo ist er? - Tafeldeko","isPartOf":{"@id":"https:\/\/www.tafeldeko.de\/news\/#website"},"datePublished":"2016-07-06T07:50:14+00:00","dateModified":"2016-07-25T07:52:42+00:00","author":{"@id":"https:\/\/www.tafeldeko.de\/news\/#\/schema\/person\/dc309fbb6a3e380919fc08342c3cc233"},"description":"Gibt es ihn \u00fcberhaupt, den richtigen Ort f\u00fcr die Hochzeit? F\u00fcr das Brautpaar bestimmt, denn schlie\u00dflich w\u00e4hlt das Paar diesen Ort aus,","breadcrumb":{"@id":"https:\/\/www.tafeldeko.de\/news\/ort-fuer-die-hochzeit-wo-ist-er\/#breadcrumb"},"inLanguage":"de-DE","potentialAction":[{"@type":"ReadAction","target":["https:\/\/www.tafeldeko.de\/news\/ort-fuer-die-hochzeit-wo-ist-er\/"]}]},{"@type":"BreadcrumbList","@id":"https:\/\/www.tafeldeko.de\/news\/ort-fuer-die-hochzeit-wo-ist-er\/#breadcrumb","itemListElement":[{"@type":"ListItem","position":1,"name":"Tafeldeko","item":"https:\/\/www.tafeldeko.de\/news\/"},{"@type":"ListItem","position":2,"name":"Alte Beitr\u00e4ge","item":"https:\/\/www.tafeldeko.de\/news\/alte-beitraege\/"},{"@type":"ListItem","position":3,"name":"Tischdeko - Blog","item":"https:\/\/www.tafeldeko.de\/news\/alte-beitraege\/tischdeko-blog\/"},{"@type":"ListItem","position":4,"name":"Ort f\u00fcr die Hochzeit &#8211; wo ist er?"}]},{"@type":"WebSite","@id":"https:\/\/www.tafeldeko.de\/news\/#website","url":"https:\/\/www.tafeldeko.de\/news\/","name":"Tafeldeko","description":"Blog mit Tischdeko und Tischdekoration Ideen","potentialAction":[{"@type":"SearchAction","target":{"@type":"EntryPoint","urlTemplate":"https:\/\/www.tafeldeko.de\/news\/?s={search_term_string}"},"query-input":"required name=search_term_string"}],"inLanguage":"de-DE"},{"@type":"Person","@id":"https:\/\/www.tafeldeko.de\/news\/#\/schema\/person\/dc309fbb6a3e380919fc08342c3cc233","name":"Tafeldeko Deko Team","image":{"@type":"ImageObject","inLanguage":"de-DE","@id":"https:\/\/www.tafeldeko.de\/news\/#\/schema\/person\/image\/","url":"https:\/\/secure.gravatar.com\/avatar\/1e962f4040dc9996f0d200db31598854?s=96&d=mm&r=g","contentUrl":"https:\/\/secure.gravatar.com\/avatar\/1e962f4040dc9996f0d200db31598854?s=96&d=mm&r=g","caption":"Tafeldeko Deko Team"}}]}},"_links":{"self":[{"href":"https:\/\/www.tafeldeko.de\/news\/wp-json\/wp\/v2\/posts\/7352"}],"collection":[{"href":"https:\/\/www.tafeldeko.de\/news\/wp-json\/wp\/v2\/posts"}],"about":[{"href":"https:\/\/www.tafeldeko.de\/news\/wp-json\/wp\/v2\/types\/post"}],"author":[{"embeddable":true,"href":"https:\/\/www.tafeldeko.de\/news\/wp-json\/wp\/v2\/users\/6"}],"replies":[{"embeddable":true,"href":"https:\/\/www.tafeldeko.de\/news\/wp-json\/wp\/v2\/comments?post=7352"}],"version-history":[{"count":1,"href":"https:\/\/www.tafeldeko.de\/news\/wp-json\/wp\/v2\/posts\/7352\/revisions"}],"predecessor-version":[{"id":7353,"href":"https:\/\/www.tafeldeko.de\/news\/wp-json\/wp\/v2\/posts\/7352\/revisions\/7353"}],"wp:attachment":[{"href":"https:\/\/www.tafeldeko.de\/news\/wp-json\/wp\/v2\/media?parent=7352"}],"wp:term":[{"taxonomy":"category","embeddable":true,"href":"https:\/\/www.tafeldeko.de\/news\/wp-json\/wp\/v2\/categories?post=7352"},{"taxonomy":"post_tag","embeddable":true,"href":"https:\/\/www.tafeldeko.de\/news\/wp-json\/wp\/v2\/tags?post=7352"}],"curies":[{"name":"wp","href":"https:\/\/api.w.org\/{rel}","templated":true}]}}