{"id":734,"date":"2012-06-01T20:47:05","date_gmt":"2012-06-01T18:47:05","guid":{"rendered":"http:\/\/www.tafeldeko.de\/news\/?p=734"},"modified":"2012-06-01T20:47:05","modified_gmt":"2012-06-01T18:47:05","slug":"sommerlich-erfrischende-tischdeko-fuer-die-gartenparty","status":"publish","type":"post","link":"https:\/\/www.tafeldeko.de\/news\/sommerlich-erfrischende-tischdeko-fuer-die-gartenparty\/","title":{"rendered":"Sommerlich erfrischende Tischdeko f\u00fcr die Gartenparty"},"content":{"rendered":"<div class=\"textumfliessenrechts\"><img decoding=\"async\" loading=\"lazy\" src=\"https:\/\/www.tafeldeko.de\/news\/media\/users\/schnurchristian\/textilwindlicht_blumen.JPG\" alt=\"Textilwindlicht mit Bl\u00fcmchen\" title=\"Textilwindlicht mit Bl\u00fcmchen\" width=\"250\" height=\"250\"\/><br \/><a href=\"https:\/\/www.tafeldeko.de\/product_info.php\/products_id\/13351_Glas-Windlicht-Schmetterling-in-Rosa--12-cm.html\" title=\"Tischdeko f\u00fcr die Gartenparty\"><b>Tischdeko f\u00fcr die Gartenparty<\/b><\/a><\/div>\n<p> Eine Gartenparty ist immer wieder interessant, sch\u00f6n und auf gewisse Weise besonders. Wer einen Garten hat, kann sich gl\u00fccklich sch\u00e4tzen. Man kann die Tage und Wochenenden bei sch\u00f6nem Wetter im Garten genie\u00dfen, der Gartenarbeit fr\u00f6nen und dabei noch Sonne tanken. Und nach getaner Arbeit ist man stolz auf sich, was man geleistet hat und freut sich \u00fcber das Ergebnis. Ein bunter, <b>sommerlicher Garten<\/b> verbreitet gute Laune, man h\u00f6rt die Grillen zirpen und die V\u00f6gel zwitschern \u2013 Zeichen, dass man in der Natur lebt.<br \/>\nF\u00fcr die M\u00fche m\u00f6chte man sich nat\u00fcrlich auch entsprechend belohnen und wie kann man das besser als bei einem gem\u00fctlichen Beisammensein mit der Familie oder Freunden im Garten.<br \/>\nEine <b>Gartenparty <\/b>ist angesagt. Und damit der Tisch ebenfalls sch\u00f6n aussieht, geh\u00f6rt etwas Tischdeko dazu. Im Au\u00dfenbereich muss die Tischdeko nicht \u00fcppig ausfallen, vor allen Dingen sollte man auf Accessoires zur\u00fcckgreifen, die auch einem Windhauch standhalten k\u00f6nnen.<br \/>\nBei der Gartenparty gibt es in der Regel auch etwas zu essen, das hei\u00dft, die <b><a href=\"https:\/\/www.tafeldeko.de\/index.php\/cat\/c1157_Sommer-Servietten.html\" title=\"Servietten\">Servietten<\/a><\/b> d\u00fcrfen nicht fehlen. Einfach auf den Tisch gelegt, hei\u00dft das wohl auch, dass sie sich bei einem leichten Windhauch verfl\u00fcchtigen. Entweder sollte man die Servietten unter die Teller legen, oder \u2013 wenn man sie neben die Teller legt \u2013 mit Dekosteinen beispielsweise \u201ebeschweren\u201c. Im Au\u00dfenbereich macht ein Serviettenhalter Sinn \u2013 dekorativ und zweckm\u00e4\u00dfig zugleich.<br \/>\nFindet die Gartenparty in den Abendstunden statt, d\u00fcrfen Kerzen nicht fehlen. Windlichter, <b><a href=\"https:\/\/www.tafeldeko.de\/index.php\/cat\/c527_Kerzengl%C3%A4ser.html\" title=\"Kerzengl\u00e4ser\">Kerzengl\u00e4ser<\/a><\/b> oder Laternen sind die idealen Accessoires \u2013 windgesch\u00fctzt und <b>dekorativ<\/b>.<br \/>\nOder man w\u00e4hlt die neue Variante der Kerzen-Accessoires: die Kerzentaschen.<br \/>\nDie Kerzentasche aus Textil, mit lila Bl\u00fcmchen und Karos, ist eine dieser Varianten. Die kleine Tasche kann entweder auf den Tisch gestellt oder auch aufgeh\u00e4ngt werden.<br \/>\nStattet man die anderen Deko-Accessoires ebenfalls in lila und wei\u00df aus, erh\u00e4lt man eine sommerlich erfrischende Tischdekoration f\u00fcr die Gartenparty.<br \/>\nJetzt hei\u00dft es nur noch: gutes Wetter und auf geht es zur Gartenparty mit <b>erfrischender Tischdeko<\/b> und leckerem Essen. <\/p>\n","protected":false},"excerpt":{"rendered":"<p>Eine Gartenparty ist immer wieder interessant, sch\u00f6n und auf gewisse Weise besonders. Wer einen Garten hat, kann sich gl\u00fccklich sch\u00e4tzen. Man kann die Tage und Wochenenden bei sch\u00f6nem Wetter im Garten genie\u00dfen, der Gartenarbeit fr\u00f6nen und dabei noch Sonne tanken. Und nach getaner Arbeit ist man stolz auf sich, was man geleistet hat und freut sich \u00fcber das Ergebnis. Ein bunter, sommerlicher Garten verbreitet gute Laune, man h\u00f6rt die Grillen zirpen und die V\u00f6gel zwitschern \u2013 Zeichen, dass man in der Natur lebt.<br \/>\nF\u00fcr die M\u00fche m\u00f6chte man sich nat\u00fcrlich auch entsprechend belohnen und wie kann man das besser als bei einem gem\u00fctlichen Beisammensein mit der Familie oder Freunden im Garten.<\/p>\n","protected":false},"author":2,"featured_media":735,"comment_status":"open","ping_status":"open","sticky":false,"template":"","format":"standard","meta":{"footnotes":""},"categories":[1],"tags":[],"yoast_head":"<!-- This site is optimized with the Yoast SEO plugin v20.4 - https:\/\/yoast.com\/wordpress\/plugins\/seo\/ -->\n<title>Sommerlich erfrischende Tischdeko f\u00fcr die Gartenparty - Tafeldeko<\/title>\n<meta name=\"description\" content=\"Bei der Tischdeko zur Gartenparty d&#xFC;rfen Kerzen nicht fehlen. Windlichter, Kerzengl&#xE4;ser oder Laternen sind die idealen Accessoires.\" \/>\n<meta name=\"robots\" content=\"index, follow, max-snippet:-1, max-image-preview:large, max-video-preview:-1\" \/>\n<link rel=\"canonical\" href=\"https:\/\/www.tafeldeko.de\/news\/sommerlich-erfrischende-tischdeko-fuer-die-gartenparty\/\" \/>\n<meta property=\"og:locale\" content=\"de_DE\" \/>\n<meta property=\"og:type\" content=\"article\" \/>\n<meta property=\"og:title\" content=\"Sommerlich erfrischende Tischdeko f\u00fcr die Gartenparty - Tafeldeko\" \/>\n<meta property=\"og:description\" content=\"Bei der Tischdeko zur Gartenparty d&#xFC;rfen Kerzen nicht fehlen. Windlichter, Kerzengl&#xE4;ser oder Laternen sind die idealen Accessoires.\" \/>\n<meta property=\"og:url\" content=\"https:\/\/www.tafeldeko.de\/news\/sommerlich-erfrischende-tischdeko-fuer-die-gartenparty\/\" \/>\n<meta property=\"og:site_name\" content=\"Tafeldeko\" \/>\n<meta property=\"article:publisher\" content=\"https:\/\/www.facebook.com\/pages\/Tafeldeko-einzigartige-Tischdekoration\/174202655894\" \/>\n<meta property=\"article:published_time\" content=\"2012-06-01T18:47:05+00:00\" \/>\n<meta property=\"og:image\" content=\"https:\/\/www.tafeldeko.de\/news\/wp-content\/uploads\/2014\/09\/textilwindlicht_blumen.JPG\" \/>\n\t<meta property=\"og:image:width\" content=\"250\" \/>\n\t<meta property=\"og:image:height\" content=\"250\" \/>\n\t<meta property=\"og:image:type\" content=\"image\/jpeg\" \/>\n<meta name=\"author\" content=\"Christiane Stein\" \/>\n<meta name=\"twitter:label1\" content=\"Verfasst von\" \/>\n\t<meta name=\"twitter:data1\" content=\"Christiane Stein\" \/>\n\t<meta name=\"twitter:label2\" content=\"Gesch\u00e4tzte Lesezeit\" \/>\n\t<meta name=\"twitter:data2\" content=\"2 Minuten\" \/>\n<script type=\"application\/ld+json\" class=\"yoast-schema-graph\">{\"@context\":\"https:\/\/schema.org\",\"@graph\":[{\"@type\":\"WebPage\",\"@id\":\"https:\/\/www.tafeldeko.de\/news\/sommerlich-erfrischende-tischdeko-fuer-die-gartenparty\/\",\"url\":\"https:\/\/www.tafeldeko.de\/news\/sommerlich-erfrischende-tischdeko-fuer-die-gartenparty\/\",\"name\":\"Sommerlich erfrischende Tischdeko f\u00fcr die Gartenparty - Tafeldeko\",\"isPartOf\":{\"@id\":\"https:\/\/www.tafeldeko.de\/news\/#website\"},\"datePublished\":\"2012-06-01T18:47:05+00:00\",\"dateModified\":\"2012-06-01T18:47:05+00:00\",\"author\":{\"@id\":\"https:\/\/www.tafeldeko.de\/news\/#\/schema\/person\/d2acd86447ed0b6336089a8ba83164a0\"},\"description\":\"Bei der Tischdeko zur Gartenparty d&#xFC;rfen Kerzen nicht fehlen. Windlichter, Kerzengl&#xE4;ser oder Laternen sind die idealen Accessoires.\",\"breadcrumb\":{\"@id\":\"https:\/\/www.tafeldeko.de\/news\/sommerlich-erfrischende-tischdeko-fuer-die-gartenparty\/#breadcrumb\"},\"inLanguage\":\"de-DE\",\"potentialAction\":[{\"@type\":\"ReadAction\",\"target\":[\"https:\/\/www.tafeldeko.de\/news\/sommerlich-erfrischende-tischdeko-fuer-die-gartenparty\/\"]}]},{\"@type\":\"BreadcrumbList\",\"@id\":\"https:\/\/www.tafeldeko.de\/news\/sommerlich-erfrischende-tischdeko-fuer-die-gartenparty\/#breadcrumb\",\"itemListElement\":[{\"@type\":\"ListItem\",\"position\":1,\"name\":\"Tafeldeko\",\"item\":\"https:\/\/www.tafeldeko.de\/news\/\"},{\"@type\":\"ListItem\",\"position\":2,\"name\":\"Alte Beitr\u00e4ge\",\"item\":\"https:\/\/www.tafeldeko.de\/news\/alte-beitraege\/\"},{\"@type\":\"ListItem\",\"position\":3,\"name\":\"Tischdeko - Blog\",\"item\":\"https:\/\/www.tafeldeko.de\/news\/alte-beitraege\/tischdeko-blog\/\"},{\"@type\":\"ListItem\",\"position\":4,\"name\":\"Sommerlich erfrischende Tischdeko f\u00fcr die Gartenparty\"}]},{\"@type\":\"WebSite\",\"@id\":\"https:\/\/www.tafeldeko.de\/news\/#website\",\"url\":\"https:\/\/www.tafeldeko.de\/news\/\",\"name\":\"Tafeldeko\",\"description\":\"Blog mit Tischdeko und Tischdekoration Ideen\",\"potentialAction\":[{\"@type\":\"SearchAction\",\"target\":{\"@type\":\"EntryPoint\",\"urlTemplate\":\"https:\/\/www.tafeldeko.de\/news\/?s={search_term_string}\"},\"query-input\":\"required name=search_term_string\"}],\"inLanguage\":\"de-DE\"},{\"@type\":\"Person\",\"@id\":\"https:\/\/www.tafeldeko.de\/news\/#\/schema\/person\/d2acd86447ed0b6336089a8ba83164a0\",\"name\":\"Christiane Stein\",\"image\":{\"@type\":\"ImageObject\",\"inLanguage\":\"de-DE\",\"@id\":\"https:\/\/www.tafeldeko.de\/news\/#\/schema\/person\/image\/\",\"url\":\"https:\/\/secure.gravatar.com\/avatar\/2054729fbfd1ebc9d3cf1fd55361d0b6?s=96&d=mm&r=g\",\"contentUrl\":\"https:\/\/secure.gravatar.com\/avatar\/2054729fbfd1ebc9d3cf1fd55361d0b6?s=96&d=mm&r=g\",\"caption\":\"Christiane Stein\"}}]}<\/script>\n<!-- \/ Yoast SEO plugin. -->","yoast_head_json":{"title":"Sommerlich erfrischende Tischdeko f\u00fcr die Gartenparty - Tafeldeko","description":"Bei der Tischdeko zur Gartenparty d&#xFC;rfen Kerzen nicht fehlen. Windlichter, Kerzengl&#xE4;ser oder Laternen sind die idealen Accessoires.","robots":{"index":"index","follow":"follow","max-snippet":"max-snippet:-1","max-image-preview":"max-image-preview:large","max-video-preview":"max-video-preview:-1"},"canonical":"https:\/\/www.tafeldeko.de\/news\/sommerlich-erfrischende-tischdeko-fuer-die-gartenparty\/","og_locale":"de_DE","og_type":"article","og_title":"Sommerlich erfrischende Tischdeko f\u00fcr die Gartenparty - Tafeldeko","og_description":"Bei der Tischdeko zur Gartenparty d&#xFC;rfen Kerzen nicht fehlen. Windlichter, Kerzengl&#xE4;ser oder Laternen sind die idealen Accessoires.","og_url":"https:\/\/www.tafeldeko.de\/news\/sommerlich-erfrischende-tischdeko-fuer-die-gartenparty\/","og_site_name":"Tafeldeko","article_publisher":"https:\/\/www.facebook.com\/pages\/Tafeldeko-einzigartige-Tischdekoration\/174202655894","article_published_time":"2012-06-01T18:47:05+00:00","og_image":[{"width":250,"height":250,"url":"https:\/\/www.tafeldeko.de\/news\/wp-content\/uploads\/2014\/09\/textilwindlicht_blumen.JPG","type":"image\/jpeg"}],"author":"Christiane Stein","twitter_misc":{"Verfasst von":"Christiane Stein","Gesch\u00e4tzte Lesezeit":"2 Minuten"},"schema":{"@context":"https:\/\/schema.org","@graph":[{"@type":"WebPage","@id":"https:\/\/www.tafeldeko.de\/news\/sommerlich-erfrischende-tischdeko-fuer-die-gartenparty\/","url":"https:\/\/www.tafeldeko.de\/news\/sommerlich-erfrischende-tischdeko-fuer-die-gartenparty\/","name":"Sommerlich erfrischende Tischdeko f\u00fcr die Gartenparty - Tafeldeko","isPartOf":{"@id":"https:\/\/www.tafeldeko.de\/news\/#website"},"datePublished":"2012-06-01T18:47:05+00:00","dateModified":"2012-06-01T18:47:05+00:00","author":{"@id":"https:\/\/www.tafeldeko.de\/news\/#\/schema\/person\/d2acd86447ed0b6336089a8ba83164a0"},"description":"Bei der Tischdeko zur Gartenparty d&#xFC;rfen Kerzen nicht fehlen. Windlichter, Kerzengl&#xE4;ser oder Laternen sind die idealen Accessoires.","breadcrumb":{"@id":"https:\/\/www.tafeldeko.de\/news\/sommerlich-erfrischende-tischdeko-fuer-die-gartenparty\/#breadcrumb"},"inLanguage":"de-DE","potentialAction":[{"@type":"ReadAction","target":["https:\/\/www.tafeldeko.de\/news\/sommerlich-erfrischende-tischdeko-fuer-die-gartenparty\/"]}]},{"@type":"BreadcrumbList","@id":"https:\/\/www.tafeldeko.de\/news\/sommerlich-erfrischende-tischdeko-fuer-die-gartenparty\/#breadcrumb","itemListElement":[{"@type":"ListItem","position":1,"name":"Tafeldeko","item":"https:\/\/www.tafeldeko.de\/news\/"},{"@type":"ListItem","position":2,"name":"Alte Beitr\u00e4ge","item":"https:\/\/www.tafeldeko.de\/news\/alte-beitraege\/"},{"@type":"ListItem","position":3,"name":"Tischdeko - Blog","item":"https:\/\/www.tafeldeko.de\/news\/alte-beitraege\/tischdeko-blog\/"},{"@type":"ListItem","position":4,"name":"Sommerlich erfrischende Tischdeko f\u00fcr die Gartenparty"}]},{"@type":"WebSite","@id":"https:\/\/www.tafeldeko.de\/news\/#website","url":"https:\/\/www.tafeldeko.de\/news\/","name":"Tafeldeko","description":"Blog mit Tischdeko und Tischdekoration Ideen","potentialAction":[{"@type":"SearchAction","target":{"@type":"EntryPoint","urlTemplate":"https:\/\/www.tafeldeko.de\/news\/?s={search_term_string}"},"query-input":"required name=search_term_string"}],"inLanguage":"de-DE"},{"@type":"Person","@id":"https:\/\/www.tafeldeko.de\/news\/#\/schema\/person\/d2acd86447ed0b6336089a8ba83164a0","name":"Christiane Stein","image":{"@type":"ImageObject","inLanguage":"de-DE","@id":"https:\/\/www.tafeldeko.de\/news\/#\/schema\/person\/image\/","url":"https:\/\/secure.gravatar.com\/avatar\/2054729fbfd1ebc9d3cf1fd55361d0b6?s=96&d=mm&r=g","contentUrl":"https:\/\/secure.gravatar.com\/avatar\/2054729fbfd1ebc9d3cf1fd55361d0b6?s=96&d=mm&r=g","caption":"Christiane Stein"}}]}},"_links":{"self":[{"href":"https:\/\/www.tafeldeko.de\/news\/wp-json\/wp\/v2\/posts\/734"}],"collection":[{"href":"https:\/\/www.tafeldeko.de\/news\/wp-json\/wp\/v2\/posts"}],"about":[{"href":"https:\/\/www.tafeldeko.de\/news\/wp-json\/wp\/v2\/types\/post"}],"author":[{"embeddable":true,"href":"https:\/\/www.tafeldeko.de\/news\/wp-json\/wp\/v2\/users\/2"}],"replies":[{"embeddable":true,"href":"https:\/\/www.tafeldeko.de\/news\/wp-json\/wp\/v2\/comments?post=734"}],"version-history":[{"count":0,"href":"https:\/\/www.tafeldeko.de\/news\/wp-json\/wp\/v2\/posts\/734\/revisions"}],"wp:featuredmedia":[{"embeddable":true,"href":"https:\/\/www.tafeldeko.de\/news\/wp-json\/wp\/v2\/media\/735"}],"wp:attachment":[{"href":"https:\/\/www.tafeldeko.de\/news\/wp-json\/wp\/v2\/media?parent=734"}],"wp:term":[{"taxonomy":"category","embeddable":true,"href":"https:\/\/www.tafeldeko.de\/news\/wp-json\/wp\/v2\/categories?post=734"},{"taxonomy":"post_tag","embeddable":true,"href":"https:\/\/www.tafeldeko.de\/news\/wp-json\/wp\/v2\/tags?post=734"}],"curies":[{"name":"wp","href":"https:\/\/api.w.org\/{rel}","templated":true}]}}