{"id":7321,"date":"2016-07-01T13:43:55","date_gmt":"2016-07-01T11:43:55","guid":{"rendered":"http:\/\/www.tafeldeko.de\/news\/?p=7321"},"modified":"2022-11-09T08:35:47","modified_gmt":"2022-11-09T07:35:47","slug":"tischdeko-provence-leuchtende-farben","status":"publish","type":"post","link":"https:\/\/www.tafeldeko.de\/news\/tischdeko-provence-leuchtende-farben\/","title":{"rendered":"Tischdeko Provence \u2013 leuchtende Farben"},"content":{"rendered":"<p>Mit der <strong>Tischdeko Provence<\/strong> bieten sich tolle M\u00f6glichkeiten, den Tisch f\u00fcr eine Feier auf ansprechende Weise herzurichten. Leuchtende Farben, wundersch\u00f6ne Accessoires und die Pr\u00e4sentation verleihen dem Tisch das gewisse Etwas und die sch\u00f6ne Basis. Gerade die Feier im Au\u00dfenbereich wird mit der Tischdeko Provence zu einem echten <strong>Hingucker<\/strong>, passt zur Nat\u00fcrlichkeit der Umgebung. Mit dem Gr\u00fcn der Wiese, den bunt bl\u00fchenden Blumen weckt die Tischdeko garantiert auch bei Ihnen die Reiselust.<\/p>\n<p><img decoding=\"async\" loading=\"lazy\" src=\"https:\/\/www.tafeldeko.de\/news\/wp-content\/uploads\/2016\/07\/tischdeko_lavendel.jpg\" sizes=\"(max-width: 585px) 100vw, 585px\" srcset=\"https:\/\/www.tafeldeko.de\/news\/wp-content\/uploads\/2016\/07\/tischdeko_lavendel.jpg 585w, https:\/\/www.tafeldeko.de\/news\/wp-content\/uploads\/2016\/07\/tischdeko_lavendel-300x128.jpg 300w\" alt=\"Tischdeko Provence\" width=\"585\" height=\"250\" \/><\/p>\n<h2>Ideen f\u00fcr die Tischdeko Provence<\/h2>\n<p>Die Provence \u2013 beliebtes Reiseziel f\u00fcr Jung und Alt. Die Provence steht f\u00fcr wundersch\u00f6ne Landschaften, vertr\u00e4umte St\u00e4dtchen und kulinarische Gen\u00fcsse. Ein Urlaubsort, den man garantiert nicht nur einmal besucht.<br \/>\nF\u00fcr diejenigen, die sich die Provence nach Hause holen m\u00f6chten, haben wir wundersch\u00f6ne Accessoires f\u00fcr Ihre Deko. Unter dem Motto \u201e<strong>Blumige Lavendeltr\u00e4ume<\/strong> wie in der Provence\u201c finden Sie Servietten mit Lavendel, Keramik Herzen Lavendel, Dekofiguren Lavendel, Teelichtgl\u00e4ser mit Lavendel-Motiven und Kunstblumen Lavendel in verschiedenen Gestaltungen. Mit all diesen Accessoires k\u00f6nnen Sie die Deko zu einem echten Hingucker gestalten, ob zur Gartenparty oder anl\u00e4sslich der Geburtstagsfeier im Garten. Erfrischende, leuchtende Farben verleihen der <a href=\"https:\/\/www.tafeldeko.de\"><strong>Tischdeko<\/strong><\/a> eine ausdrucksstarke Basis und ein<strong> Hauch der Provence<\/strong> schwebt in der Luft. Das Lila der Lavendelbl\u00fcten oder der f\u00fcr Sie ausgew\u00e4hlten Accessoires verspr\u00fcht Frische und Nat\u00fcrlichkeit \u2013 genau richtig f\u00fcr die Feier im Au\u00dfenbereich. Auf Holztabletts rechteckig k\u00f6nnen Sie zum Beispiel die Kunstblumen Lavendel im Jutesack arrangieren, dazu einige Glaslinsen in Lila\/Perlmutt, <strong>Glamoursteine<\/strong> rund und Papierbl\u00fctenbl\u00e4tter in Lila \u2013 ein tolles Arrangement, das perfekt in die Tischmitte passt. Von den Deko-Accessoires k\u00f6nnen Sie auch einige auf dem Tisch verteilen \u2013 passt perfekt ins Bild und rundet das Gesamtbild ab. Als Servietten k\u00f6nnen wir Ihnen die Servietten Lavendel auf Grau oder die Servietten Lavendel Herz empfehlen.<br \/>\nDas Gesamtbild dieses toll dekorierten Tisches \u00fcberzeugt, weckt die Urlaubslaune und vielleicht auch etwas Fernweh. Wir w\u00fcnschen Ihnen viel Spa\u00df mit Ihren G\u00e4sten und dieser wundersch\u00f6nen Tischdeko.<\/p>\n<h2>Weitere Beitr\u00e4ge:<\/h2>\n<h2>Dekoartikel von A-Z<\/h2>\n<p><a href=\"https:\/\/www.tafeldeko.de\/tischdeko-artikel\/\"><br \/>\nJetzt entdecken <\/a><\/p>\n","protected":false},"excerpt":{"rendered":"<p>Mit der Tischdeko Provence bieten sich tolle M\u00f6glichkeiten, den Tisch f\u00fcr eine Feier auf ansprechende Weise herzurichten. Leuchtende Farben, wundersch\u00f6ne Accessoires und die Pr\u00e4sentation verleihen dem Tisch das gewisse Etwas und die sch\u00f6ne Basis. Gerade die Feier im Au\u00dfenbereich wird mit der Tischdeko Provence zu einem echten Hingucker, passt zur Nat\u00fcrlichkeit der Umgebung. Mit dem [&hellip;]<\/p>\n","protected":false},"author":6,"featured_media":7322,"comment_status":"closed","ping_status":"closed","sticky":false,"template":"","format":"standard","meta":{"footnotes":""},"categories":[1],"tags":[],"yoast_head":"<!-- This site is optimized with the Yoast SEO plugin v20.4 - https:\/\/yoast.com\/wordpress\/plugins\/seo\/ -->\n<title>Tischdeko Provence \u2013 leuchtende Farben - Tafeldeko<\/title>\n<meta name=\"description\" content=\"Gerade die Feier im Au\u00dfenbereich wird mit der Tischdeko Provence zu einem echten Hingucker, passt zur Nat\u00fcrlichkeit der Umgebung.\" \/>\n<meta name=\"robots\" content=\"index, follow, max-snippet:-1, max-image-preview:large, max-video-preview:-1\" \/>\n<link rel=\"canonical\" href=\"https:\/\/www.tafeldeko.de\/news\/tischdeko-provence-leuchtende-farben\/\" \/>\n<meta property=\"og:locale\" content=\"de_DE\" \/>\n<meta property=\"og:type\" content=\"article\" \/>\n<meta property=\"og:title\" content=\"Tischdeko Provence \u2013 leuchtende Farben - Tafeldeko\" \/>\n<meta property=\"og:description\" content=\"Gerade die Feier im Au\u00dfenbereich wird mit der Tischdeko Provence zu einem echten Hingucker, passt zur Nat\u00fcrlichkeit der Umgebung.\" \/>\n<meta property=\"og:url\" content=\"https:\/\/www.tafeldeko.de\/news\/tischdeko-provence-leuchtende-farben\/\" \/>\n<meta property=\"og:site_name\" content=\"Tafeldeko\" \/>\n<meta property=\"article:publisher\" content=\"https:\/\/www.facebook.com\/pages\/Tafeldeko-einzigartige-Tischdekoration\/174202655894\" \/>\n<meta property=\"article:published_time\" content=\"2016-07-01T11:43:55+00:00\" \/>\n<meta property=\"article:modified_time\" content=\"2022-11-09T07:35:47+00:00\" \/>\n<meta property=\"og:image\" content=\"https:\/\/www.tafeldeko.de\/news\/wp-content\/uploads\/2016\/07\/tischdeko_lavendel.jpg\" \/>\n\t<meta property=\"og:image:width\" content=\"585\" \/>\n\t<meta property=\"og:image:height\" content=\"250\" \/>\n\t<meta property=\"og:image:type\" content=\"image\/jpeg\" \/>\n<meta name=\"author\" content=\"Tafeldeko Deko Team\" \/>\n<meta name=\"twitter:label1\" content=\"Verfasst von\" \/>\n\t<meta name=\"twitter:data1\" content=\"Tafeldeko Deko Team\" \/>\n\t<meta name=\"twitter:label2\" content=\"Gesch\u00e4tzte Lesezeit\" \/>\n\t<meta name=\"twitter:data2\" content=\"2 Minuten\" \/>\n<script type=\"application\/ld+json\" class=\"yoast-schema-graph\">{\"@context\":\"https:\/\/schema.org\",\"@graph\":[{\"@type\":\"WebPage\",\"@id\":\"https:\/\/www.tafeldeko.de\/news\/tischdeko-provence-leuchtende-farben\/\",\"url\":\"https:\/\/www.tafeldeko.de\/news\/tischdeko-provence-leuchtende-farben\/\",\"name\":\"Tischdeko Provence \u2013 leuchtende Farben - Tafeldeko\",\"isPartOf\":{\"@id\":\"https:\/\/www.tafeldeko.de\/news\/#website\"},\"datePublished\":\"2016-07-01T11:43:55+00:00\",\"dateModified\":\"2022-11-09T07:35:47+00:00\",\"author\":{\"@id\":\"https:\/\/www.tafeldeko.de\/news\/#\/schema\/person\/dc309fbb6a3e380919fc08342c3cc233\"},\"description\":\"Gerade die Feier im Au\u00dfenbereich wird mit der Tischdeko Provence zu einem echten Hingucker, passt zur Nat\u00fcrlichkeit der Umgebung.\",\"breadcrumb\":{\"@id\":\"https:\/\/www.tafeldeko.de\/news\/tischdeko-provence-leuchtende-farben\/#breadcrumb\"},\"inLanguage\":\"de-DE\",\"potentialAction\":[{\"@type\":\"ReadAction\",\"target\":[\"https:\/\/www.tafeldeko.de\/news\/tischdeko-provence-leuchtende-farben\/\"]}]},{\"@type\":\"BreadcrumbList\",\"@id\":\"https:\/\/www.tafeldeko.de\/news\/tischdeko-provence-leuchtende-farben\/#breadcrumb\",\"itemListElement\":[{\"@type\":\"ListItem\",\"position\":1,\"name\":\"Tafeldeko\",\"item\":\"https:\/\/www.tafeldeko.de\/news\/\"},{\"@type\":\"ListItem\",\"position\":2,\"name\":\"Alte Beitr\u00e4ge\",\"item\":\"https:\/\/www.tafeldeko.de\/news\/alte-beitraege\/\"},{\"@type\":\"ListItem\",\"position\":3,\"name\":\"Tischdeko - Blog\",\"item\":\"https:\/\/www.tafeldeko.de\/news\/alte-beitraege\/tischdeko-blog\/\"},{\"@type\":\"ListItem\",\"position\":4,\"name\":\"Tischdeko Provence \u2013 leuchtende Farben\"}]},{\"@type\":\"WebSite\",\"@id\":\"https:\/\/www.tafeldeko.de\/news\/#website\",\"url\":\"https:\/\/www.tafeldeko.de\/news\/\",\"name\":\"Tafeldeko\",\"description\":\"Blog mit Tischdeko und Tischdekoration Ideen\",\"potentialAction\":[{\"@type\":\"SearchAction\",\"target\":{\"@type\":\"EntryPoint\",\"urlTemplate\":\"https:\/\/www.tafeldeko.de\/news\/?s={search_term_string}\"},\"query-input\":\"required name=search_term_string\"}],\"inLanguage\":\"de-DE\"},{\"@type\":\"Person\",\"@id\":\"https:\/\/www.tafeldeko.de\/news\/#\/schema\/person\/dc309fbb6a3e380919fc08342c3cc233\",\"name\":\"Tafeldeko Deko Team\",\"image\":{\"@type\":\"ImageObject\",\"inLanguage\":\"de-DE\",\"@id\":\"https:\/\/www.tafeldeko.de\/news\/#\/schema\/person\/image\/\",\"url\":\"https:\/\/secure.gravatar.com\/avatar\/1e962f4040dc9996f0d200db31598854?s=96&d=mm&r=g\",\"contentUrl\":\"https:\/\/secure.gravatar.com\/avatar\/1e962f4040dc9996f0d200db31598854?s=96&d=mm&r=g\",\"caption\":\"Tafeldeko Deko Team\"}}]}<\/script>\n<!-- \/ Yoast SEO plugin. -->","yoast_head_json":{"title":"Tischdeko Provence \u2013 leuchtende Farben - Tafeldeko","description":"Gerade die Feier im Au\u00dfenbereich wird mit der Tischdeko Provence zu einem echten Hingucker, passt zur Nat\u00fcrlichkeit der Umgebung.","robots":{"index":"index","follow":"follow","max-snippet":"max-snippet:-1","max-image-preview":"max-image-preview:large","max-video-preview":"max-video-preview:-1"},"canonical":"https:\/\/www.tafeldeko.de\/news\/tischdeko-provence-leuchtende-farben\/","og_locale":"de_DE","og_type":"article","og_title":"Tischdeko Provence \u2013 leuchtende Farben - Tafeldeko","og_description":"Gerade die Feier im Au\u00dfenbereich wird mit der Tischdeko Provence zu einem echten Hingucker, passt zur Nat\u00fcrlichkeit der Umgebung.","og_url":"https:\/\/www.tafeldeko.de\/news\/tischdeko-provence-leuchtende-farben\/","og_site_name":"Tafeldeko","article_publisher":"https:\/\/www.facebook.com\/pages\/Tafeldeko-einzigartige-Tischdekoration\/174202655894","article_published_time":"2016-07-01T11:43:55+00:00","article_modified_time":"2022-11-09T07:35:47+00:00","og_image":[{"width":585,"height":250,"url":"https:\/\/www.tafeldeko.de\/news\/wp-content\/uploads\/2016\/07\/tischdeko_lavendel.jpg","type":"image\/jpeg"}],"author":"Tafeldeko Deko Team","twitter_misc":{"Verfasst von":"Tafeldeko Deko Team","Gesch\u00e4tzte Lesezeit":"2 Minuten"},"schema":{"@context":"https:\/\/schema.org","@graph":[{"@type":"WebPage","@id":"https:\/\/www.tafeldeko.de\/news\/tischdeko-provence-leuchtende-farben\/","url":"https:\/\/www.tafeldeko.de\/news\/tischdeko-provence-leuchtende-farben\/","name":"Tischdeko Provence \u2013 leuchtende Farben - Tafeldeko","isPartOf":{"@id":"https:\/\/www.tafeldeko.de\/news\/#website"},"datePublished":"2016-07-01T11:43:55+00:00","dateModified":"2022-11-09T07:35:47+00:00","author":{"@id":"https:\/\/www.tafeldeko.de\/news\/#\/schema\/person\/dc309fbb6a3e380919fc08342c3cc233"},"description":"Gerade die Feier im Au\u00dfenbereich wird mit der Tischdeko Provence zu einem echten Hingucker, passt zur Nat\u00fcrlichkeit der Umgebung.","breadcrumb":{"@id":"https:\/\/www.tafeldeko.de\/news\/tischdeko-provence-leuchtende-farben\/#breadcrumb"},"inLanguage":"de-DE","potentialAction":[{"@type":"ReadAction","target":["https:\/\/www.tafeldeko.de\/news\/tischdeko-provence-leuchtende-farben\/"]}]},{"@type":"BreadcrumbList","@id":"https:\/\/www.tafeldeko.de\/news\/tischdeko-provence-leuchtende-farben\/#breadcrumb","itemListElement":[{"@type":"ListItem","position":1,"name":"Tafeldeko","item":"https:\/\/www.tafeldeko.de\/news\/"},{"@type":"ListItem","position":2,"name":"Alte Beitr\u00e4ge","item":"https:\/\/www.tafeldeko.de\/news\/alte-beitraege\/"},{"@type":"ListItem","position":3,"name":"Tischdeko - Blog","item":"https:\/\/www.tafeldeko.de\/news\/alte-beitraege\/tischdeko-blog\/"},{"@type":"ListItem","position":4,"name":"Tischdeko Provence \u2013 leuchtende Farben"}]},{"@type":"WebSite","@id":"https:\/\/www.tafeldeko.de\/news\/#website","url":"https:\/\/www.tafeldeko.de\/news\/","name":"Tafeldeko","description":"Blog mit Tischdeko und Tischdekoration Ideen","potentialAction":[{"@type":"SearchAction","target":{"@type":"EntryPoint","urlTemplate":"https:\/\/www.tafeldeko.de\/news\/?s={search_term_string}"},"query-input":"required name=search_term_string"}],"inLanguage":"de-DE"},{"@type":"Person","@id":"https:\/\/www.tafeldeko.de\/news\/#\/schema\/person\/dc309fbb6a3e380919fc08342c3cc233","name":"Tafeldeko Deko Team","image":{"@type":"ImageObject","inLanguage":"de-DE","@id":"https:\/\/www.tafeldeko.de\/news\/#\/schema\/person\/image\/","url":"https:\/\/secure.gravatar.com\/avatar\/1e962f4040dc9996f0d200db31598854?s=96&d=mm&r=g","contentUrl":"https:\/\/secure.gravatar.com\/avatar\/1e962f4040dc9996f0d200db31598854?s=96&d=mm&r=g","caption":"Tafeldeko Deko Team"}}]}},"_links":{"self":[{"href":"https:\/\/www.tafeldeko.de\/news\/wp-json\/wp\/v2\/posts\/7321"}],"collection":[{"href":"https:\/\/www.tafeldeko.de\/news\/wp-json\/wp\/v2\/posts"}],"about":[{"href":"https:\/\/www.tafeldeko.de\/news\/wp-json\/wp\/v2\/types\/post"}],"author":[{"embeddable":true,"href":"https:\/\/www.tafeldeko.de\/news\/wp-json\/wp\/v2\/users\/6"}],"replies":[{"embeddable":true,"href":"https:\/\/www.tafeldeko.de\/news\/wp-json\/wp\/v2\/comments?post=7321"}],"version-history":[{"count":11,"href":"https:\/\/www.tafeldeko.de\/news\/wp-json\/wp\/v2\/posts\/7321\/revisions"}],"predecessor-version":[{"id":20690,"href":"https:\/\/www.tafeldeko.de\/news\/wp-json\/wp\/v2\/posts\/7321\/revisions\/20690"}],"wp:featuredmedia":[{"embeddable":true,"href":"https:\/\/www.tafeldeko.de\/news\/wp-json\/wp\/v2\/media\/7322"}],"wp:attachment":[{"href":"https:\/\/www.tafeldeko.de\/news\/wp-json\/wp\/v2\/media?parent=7321"}],"wp:term":[{"taxonomy":"category","embeddable":true,"href":"https:\/\/www.tafeldeko.de\/news\/wp-json\/wp\/v2\/categories?post=7321"},{"taxonomy":"post_tag","embeddable":true,"href":"https:\/\/www.tafeldeko.de\/news\/wp-json\/wp\/v2\/tags?post=7321"}],"curies":[{"name":"wp","href":"https:\/\/api.w.org\/{rel}","templated":true}]}}