{"id":7297,"date":"2016-06-23T20:37:32","date_gmt":"2016-06-23T18:37:32","guid":{"rendered":"http:\/\/www.tafeldeko.de\/news\/?p=7297"},"modified":"2022-11-09T09:03:11","modified_gmt":"2022-11-09T08:03:11","slug":"deko-im-garten-windlichter-als-blickfang","status":"publish","type":"post","link":"https:\/\/www.tafeldeko.de\/news\/deko-im-garten-windlichter-als-blickfang\/","title":{"rendered":"Deko im Garten \u2013 Windlichter als Blickfang"},"content":{"rendered":"<p>Die <strong>Deko im Garten Windlichter<\/strong> verleiht dem Ganzen eine gem\u00fctliche und wohlige <strong>Atmosph\u00e4re<\/strong>. Man gestaltet sich sozusagen die eigene Wohlf\u00fchl-Oase, in der man den einen oder anderen sch\u00f6nen Abend verbringen kann. Verschiedene Accessoires aus verschiedenen Materialien und in den verschiedensten Gr\u00f6\u00dfen und Macharten sind als Bestandteil der Deko im Garten m\u00f6glich.<br \/>\nSo kann zum Beispiel eine<strong> Holz- oder Metallbank<\/strong> oder ein einzelner Stuhl als Basis der Dekoration dienen. Vor der Haust\u00fcr oder auf der Terrasse macht sich dieses Utensil hervorragend. Blumenst\u00f6ckchen in bunten T\u00f6pfen, Dekofiguren und Gartenstecker machen sich hervorragend als Blickfang.<\/p>\n<p><img decoding=\"async\" loading=\"lazy\" src=\"https:\/\/www.tafeldeko.de\/news\/wp-content\/uploads\/2016\/06\/windlicht_mit_teelicht.jpg\" sizes=\"(max-width: 250px) 100vw, 250px\" srcset=\"https:\/\/www.tafeldeko.de\/news\/wp-content\/uploads\/2016\/06\/windlicht_mit_teelicht.jpg 250w, https:\/\/www.tafeldeko.de\/news\/wp-content\/uploads\/2016\/06\/windlicht_mit_teelicht-150x150.jpg 150w\" alt=\"Deko im Garten\" width=\"250\" height=\"250\" \/><\/p>\n<h2>Ideen f\u00fcr die Deko im Garten Windlichter<\/h2>\n<p>Auf oder neben die Bank oder den Stuhl machen sich auch Windlichter in diversen Macharten hervorragend. Gerade in den Abendstunden, wenn Sie gem\u00fctlich drau\u00dfen sitzen, k\u00f6nnen Sie f\u00fcr eine romantische und angenehme Beleuchtung sorgen. Unser <strong>Windlicht<\/strong> mit h\u00e4ngendem Teelichthalter und Henkel k\u00f6nnen Sie entweder aufstellen oder aufh\u00e4ngen. Beide Varianten sehen sehr sch\u00f6n aus, zaubern <strong>tolle Effekte<\/strong> in den Gartenbereich. Bef\u00fcllen Sie das Windlichtglas mit Raindrops Deko Tautropfen, die in verschiedenen Farben erh\u00e4ltlich sind oder geben Sie Bl\u00fcten und Efeu in das Beh\u00e4ltnis und zaubern Sie ganz au\u00dfergew\u00f6hnliche Highlights in Ihre Deko im Garten.<br \/>\nAuf dem Tisch sieht das Windlichtglas ebenfalls sch\u00f6n aus, vor allem wenn das eingesetzte Teelicht die Farbe der Tischdeko-Accessoires wiederspiegelt. Auch Steine machen sich sehr sch\u00f6n in dem Glas oder vielleicht haben Sie noch eine LED-Lichterkette von Weihnachten im Schrank \u2013 dann arrangieren Sie diese doch in dem Windlichtglas. Eine tolle <strong>Lichterdeko<\/strong>, die Ihrem Tisch und dem Gesamtbild das gewisse Etwas verleiht.<br \/>\nGab es noch vor einigen Jahren die klassischen Tont\u00f6pfe f\u00fcr Blumen, ist die Auswahl heute sehr gro\u00df. Blument\u00f6pfe in Korb- und Bastoptik, Holzoptik und in den verschiedensten Farben, Formen und Gr\u00f6\u00dfen hauchen jedem Garten eine wundersch\u00f6ne und <strong>abwechslungsreiche Atmosph\u00e4re<\/strong> ein. Einzelne Blument\u00f6pfe im Garten und auf der Terrasse platziert, bringt etwas Farbe in den Gartenbereich.<\/p>\n<h2>Weitere Beitr\u00e4ge:<\/h2>\n<h2>Dekoartikel von A-Z<\/h2>\n<p><a href=\"https:\/\/www.tafeldeko.de\/tischdeko-artikel\/\"><br \/>\nJetzt entdecken <\/a><\/p>\n","protected":false},"excerpt":{"rendered":"<p>Die Deko im Garten Windlichter verleiht dem Ganzen eine gem\u00fctliche und wohlige Atmosph\u00e4re. Man gestaltet sich sozusagen die eigene Wohlf\u00fchl-Oase, in der man den einen oder anderen sch\u00f6nen Abend verbringen kann. Verschiedene Accessoires aus verschiedenen Materialien und in den verschiedensten Gr\u00f6\u00dfen und Macharten sind als Bestandteil der Deko im Garten m\u00f6glich. So kann zum Beispiel [&hellip;]<\/p>\n","protected":false},"author":6,"featured_media":7298,"comment_status":"closed","ping_status":"closed","sticky":false,"template":"","format":"standard","meta":{"footnotes":""},"categories":[1],"tags":[],"yoast_head":"<!-- This site is optimized with the Yoast SEO plugin v20.4 - https:\/\/yoast.com\/wordpress\/plugins\/seo\/ -->\n<title>Deko im Garten \u2013 Windlichter als Blickfang - Tafeldeko<\/title>\n<meta name=\"description\" content=\"Die Deko im Garten mit Windlichter verleiht dem Ganzen eine gem\u00fctliche und wohlige Atmosph\u00e4re. Man gestaltet sich eine eigene Wohlf\u00fchl-Oase.\" \/>\n<meta name=\"robots\" content=\"index, follow, max-snippet:-1, max-image-preview:large, max-video-preview:-1\" \/>\n<link rel=\"canonical\" href=\"https:\/\/www.tafeldeko.de\/news\/deko-im-garten-windlichter-als-blickfang\/\" \/>\n<meta property=\"og:locale\" content=\"de_DE\" \/>\n<meta property=\"og:type\" content=\"article\" \/>\n<meta property=\"og:title\" content=\"Deko im Garten \u2013 Windlichter als Blickfang - Tafeldeko\" \/>\n<meta property=\"og:description\" content=\"Die Deko im Garten mit Windlichter verleiht dem Ganzen eine gem\u00fctliche und wohlige Atmosph\u00e4re. Man gestaltet sich eine eigene Wohlf\u00fchl-Oase.\" \/>\n<meta property=\"og:url\" content=\"https:\/\/www.tafeldeko.de\/news\/deko-im-garten-windlichter-als-blickfang\/\" \/>\n<meta property=\"og:site_name\" content=\"Tafeldeko\" \/>\n<meta property=\"article:publisher\" content=\"https:\/\/www.facebook.com\/pages\/Tafeldeko-einzigartige-Tischdekoration\/174202655894\" \/>\n<meta property=\"article:published_time\" content=\"2016-06-23T18:37:32+00:00\" \/>\n<meta property=\"article:modified_time\" content=\"2022-11-09T08:03:11+00:00\" \/>\n<meta property=\"og:image\" content=\"https:\/\/www.tafeldeko.de\/news\/wp-content\/uploads\/2016\/06\/windlicht_mit_teelicht.jpg\" \/>\n\t<meta property=\"og:image:width\" content=\"250\" \/>\n\t<meta property=\"og:image:height\" content=\"250\" \/>\n\t<meta property=\"og:image:type\" content=\"image\/jpeg\" \/>\n<meta name=\"author\" content=\"Tafeldeko Deko Team\" \/>\n<meta name=\"twitter:label1\" content=\"Verfasst von\" \/>\n\t<meta name=\"twitter:data1\" content=\"Tafeldeko Deko Team\" \/>\n\t<meta name=\"twitter:label2\" content=\"Gesch\u00e4tzte Lesezeit\" \/>\n\t<meta name=\"twitter:data2\" content=\"2 Minuten\" \/>\n<script type=\"application\/ld+json\" class=\"yoast-schema-graph\">{\"@context\":\"https:\/\/schema.org\",\"@graph\":[{\"@type\":\"WebPage\",\"@id\":\"https:\/\/www.tafeldeko.de\/news\/deko-im-garten-windlichter-als-blickfang\/\",\"url\":\"https:\/\/www.tafeldeko.de\/news\/deko-im-garten-windlichter-als-blickfang\/\",\"name\":\"Deko im Garten \u2013 Windlichter als Blickfang - Tafeldeko\",\"isPartOf\":{\"@id\":\"https:\/\/www.tafeldeko.de\/news\/#website\"},\"datePublished\":\"2016-06-23T18:37:32+00:00\",\"dateModified\":\"2022-11-09T08:03:11+00:00\",\"author\":{\"@id\":\"https:\/\/www.tafeldeko.de\/news\/#\/schema\/person\/dc309fbb6a3e380919fc08342c3cc233\"},\"description\":\"Die Deko im Garten mit Windlichter verleiht dem Ganzen eine gem\u00fctliche und wohlige Atmosph\u00e4re. Man gestaltet sich eine eigene Wohlf\u00fchl-Oase.\",\"breadcrumb\":{\"@id\":\"https:\/\/www.tafeldeko.de\/news\/deko-im-garten-windlichter-als-blickfang\/#breadcrumb\"},\"inLanguage\":\"de-DE\",\"potentialAction\":[{\"@type\":\"ReadAction\",\"target\":[\"https:\/\/www.tafeldeko.de\/news\/deko-im-garten-windlichter-als-blickfang\/\"]}]},{\"@type\":\"BreadcrumbList\",\"@id\":\"https:\/\/www.tafeldeko.de\/news\/deko-im-garten-windlichter-als-blickfang\/#breadcrumb\",\"itemListElement\":[{\"@type\":\"ListItem\",\"position\":1,\"name\":\"Tafeldeko\",\"item\":\"https:\/\/www.tafeldeko.de\/news\/\"},{\"@type\":\"ListItem\",\"position\":2,\"name\":\"Alte Beitr\u00e4ge\",\"item\":\"https:\/\/www.tafeldeko.de\/news\/alte-beitraege\/\"},{\"@type\":\"ListItem\",\"position\":3,\"name\":\"Tischdeko - Blog\",\"item\":\"https:\/\/www.tafeldeko.de\/news\/alte-beitraege\/tischdeko-blog\/\"},{\"@type\":\"ListItem\",\"position\":4,\"name\":\"Deko im Garten \u2013 Windlichter als Blickfang\"}]},{\"@type\":\"WebSite\",\"@id\":\"https:\/\/www.tafeldeko.de\/news\/#website\",\"url\":\"https:\/\/www.tafeldeko.de\/news\/\",\"name\":\"Tafeldeko\",\"description\":\"Blog mit Tischdeko und Tischdekoration Ideen\",\"potentialAction\":[{\"@type\":\"SearchAction\",\"target\":{\"@type\":\"EntryPoint\",\"urlTemplate\":\"https:\/\/www.tafeldeko.de\/news\/?s={search_term_string}\"},\"query-input\":\"required name=search_term_string\"}],\"inLanguage\":\"de-DE\"},{\"@type\":\"Person\",\"@id\":\"https:\/\/www.tafeldeko.de\/news\/#\/schema\/person\/dc309fbb6a3e380919fc08342c3cc233\",\"name\":\"Tafeldeko Deko Team\",\"image\":{\"@type\":\"ImageObject\",\"inLanguage\":\"de-DE\",\"@id\":\"https:\/\/www.tafeldeko.de\/news\/#\/schema\/person\/image\/\",\"url\":\"https:\/\/secure.gravatar.com\/avatar\/1e962f4040dc9996f0d200db31598854?s=96&d=mm&r=g\",\"contentUrl\":\"https:\/\/secure.gravatar.com\/avatar\/1e962f4040dc9996f0d200db31598854?s=96&d=mm&r=g\",\"caption\":\"Tafeldeko Deko Team\"}}]}<\/script>\n<!-- \/ Yoast SEO plugin. -->","yoast_head_json":{"title":"Deko im Garten \u2013 Windlichter als Blickfang - Tafeldeko","description":"Die Deko im Garten mit Windlichter verleiht dem Ganzen eine gem\u00fctliche und wohlige Atmosph\u00e4re. Man gestaltet sich eine eigene Wohlf\u00fchl-Oase.","robots":{"index":"index","follow":"follow","max-snippet":"max-snippet:-1","max-image-preview":"max-image-preview:large","max-video-preview":"max-video-preview:-1"},"canonical":"https:\/\/www.tafeldeko.de\/news\/deko-im-garten-windlichter-als-blickfang\/","og_locale":"de_DE","og_type":"article","og_title":"Deko im Garten \u2013 Windlichter als Blickfang - Tafeldeko","og_description":"Die Deko im Garten mit Windlichter verleiht dem Ganzen eine gem\u00fctliche und wohlige Atmosph\u00e4re. Man gestaltet sich eine eigene Wohlf\u00fchl-Oase.","og_url":"https:\/\/www.tafeldeko.de\/news\/deko-im-garten-windlichter-als-blickfang\/","og_site_name":"Tafeldeko","article_publisher":"https:\/\/www.facebook.com\/pages\/Tafeldeko-einzigartige-Tischdekoration\/174202655894","article_published_time":"2016-06-23T18:37:32+00:00","article_modified_time":"2022-11-09T08:03:11+00:00","og_image":[{"width":250,"height":250,"url":"https:\/\/www.tafeldeko.de\/news\/wp-content\/uploads\/2016\/06\/windlicht_mit_teelicht.jpg","type":"image\/jpeg"}],"author":"Tafeldeko Deko Team","twitter_misc":{"Verfasst von":"Tafeldeko Deko Team","Gesch\u00e4tzte Lesezeit":"2 Minuten"},"schema":{"@context":"https:\/\/schema.org","@graph":[{"@type":"WebPage","@id":"https:\/\/www.tafeldeko.de\/news\/deko-im-garten-windlichter-als-blickfang\/","url":"https:\/\/www.tafeldeko.de\/news\/deko-im-garten-windlichter-als-blickfang\/","name":"Deko im Garten \u2013 Windlichter als Blickfang - Tafeldeko","isPartOf":{"@id":"https:\/\/www.tafeldeko.de\/news\/#website"},"datePublished":"2016-06-23T18:37:32+00:00","dateModified":"2022-11-09T08:03:11+00:00","author":{"@id":"https:\/\/www.tafeldeko.de\/news\/#\/schema\/person\/dc309fbb6a3e380919fc08342c3cc233"},"description":"Die Deko im Garten mit Windlichter verleiht dem Ganzen eine gem\u00fctliche und wohlige Atmosph\u00e4re. Man gestaltet sich eine eigene Wohlf\u00fchl-Oase.","breadcrumb":{"@id":"https:\/\/www.tafeldeko.de\/news\/deko-im-garten-windlichter-als-blickfang\/#breadcrumb"},"inLanguage":"de-DE","potentialAction":[{"@type":"ReadAction","target":["https:\/\/www.tafeldeko.de\/news\/deko-im-garten-windlichter-als-blickfang\/"]}]},{"@type":"BreadcrumbList","@id":"https:\/\/www.tafeldeko.de\/news\/deko-im-garten-windlichter-als-blickfang\/#breadcrumb","itemListElement":[{"@type":"ListItem","position":1,"name":"Tafeldeko","item":"https:\/\/www.tafeldeko.de\/news\/"},{"@type":"ListItem","position":2,"name":"Alte Beitr\u00e4ge","item":"https:\/\/www.tafeldeko.de\/news\/alte-beitraege\/"},{"@type":"ListItem","position":3,"name":"Tischdeko - Blog","item":"https:\/\/www.tafeldeko.de\/news\/alte-beitraege\/tischdeko-blog\/"},{"@type":"ListItem","position":4,"name":"Deko im Garten \u2013 Windlichter als Blickfang"}]},{"@type":"WebSite","@id":"https:\/\/www.tafeldeko.de\/news\/#website","url":"https:\/\/www.tafeldeko.de\/news\/","name":"Tafeldeko","description":"Blog mit Tischdeko und Tischdekoration Ideen","potentialAction":[{"@type":"SearchAction","target":{"@type":"EntryPoint","urlTemplate":"https:\/\/www.tafeldeko.de\/news\/?s={search_term_string}"},"query-input":"required name=search_term_string"}],"inLanguage":"de-DE"},{"@type":"Person","@id":"https:\/\/www.tafeldeko.de\/news\/#\/schema\/person\/dc309fbb6a3e380919fc08342c3cc233","name":"Tafeldeko Deko Team","image":{"@type":"ImageObject","inLanguage":"de-DE","@id":"https:\/\/www.tafeldeko.de\/news\/#\/schema\/person\/image\/","url":"https:\/\/secure.gravatar.com\/avatar\/1e962f4040dc9996f0d200db31598854?s=96&d=mm&r=g","contentUrl":"https:\/\/secure.gravatar.com\/avatar\/1e962f4040dc9996f0d200db31598854?s=96&d=mm&r=g","caption":"Tafeldeko Deko Team"}}]}},"_links":{"self":[{"href":"https:\/\/www.tafeldeko.de\/news\/wp-json\/wp\/v2\/posts\/7297"}],"collection":[{"href":"https:\/\/www.tafeldeko.de\/news\/wp-json\/wp\/v2\/posts"}],"about":[{"href":"https:\/\/www.tafeldeko.de\/news\/wp-json\/wp\/v2\/types\/post"}],"author":[{"embeddable":true,"href":"https:\/\/www.tafeldeko.de\/news\/wp-json\/wp\/v2\/users\/6"}],"replies":[{"embeddable":true,"href":"https:\/\/www.tafeldeko.de\/news\/wp-json\/wp\/v2\/comments?post=7297"}],"version-history":[{"count":5,"href":"https:\/\/www.tafeldeko.de\/news\/wp-json\/wp\/v2\/posts\/7297\/revisions"}],"predecessor-version":[{"id":20713,"href":"https:\/\/www.tafeldeko.de\/news\/wp-json\/wp\/v2\/posts\/7297\/revisions\/20713"}],"wp:featuredmedia":[{"embeddable":true,"href":"https:\/\/www.tafeldeko.de\/news\/wp-json\/wp\/v2\/media\/7298"}],"wp:attachment":[{"href":"https:\/\/www.tafeldeko.de\/news\/wp-json\/wp\/v2\/media?parent=7297"}],"wp:term":[{"taxonomy":"category","embeddable":true,"href":"https:\/\/www.tafeldeko.de\/news\/wp-json\/wp\/v2\/categories?post=7297"},{"taxonomy":"post_tag","embeddable":true,"href":"https:\/\/www.tafeldeko.de\/news\/wp-json\/wp\/v2\/tags?post=7297"}],"curies":[{"name":"wp","href":"https:\/\/api.w.org\/{rel}","templated":true}]}}