{"id":7286,"date":"2016-06-16T17:15:25","date_gmt":"2016-06-16T15:15:25","guid":{"rendered":"http:\/\/www.tafeldeko.de\/news\/?p=7286"},"modified":"2022-11-09T09:17:28","modified_gmt":"2022-11-09T08:17:28","slug":"schlichte-deko-dennoch-ausdrucksstark","status":"publish","type":"post","link":"https:\/\/www.tafeldeko.de\/news\/schlichte-deko-dennoch-ausdrucksstark\/","title":{"rendered":"Schlichte Deko \u2013 dennoch ausdrucksstark"},"content":{"rendered":"<p>Die<strong> Schlichte Deko ausdrucksstark<\/strong> ist beliebt \u2013 setzt sie vereinzelte Akzente ohne aufdringlich zu wirken. Wie die Deko wirkt, ist von den verwendeten Accessoires, den Farben und vom Arrangement selbst, abh\u00e4ngig. Kreiert man <strong>Farbkombinationen<\/strong>, die so gar nicht miteinander harmonieren, kann die Deko schnell \u00fcbertrieben und vor allen Dingen unsch\u00f6n aussehen. In diesem F\u00e4llen verzichtet man besser auf eine Deko-Kreation und platziert besser einzelne Elemente.<\/p>\n<p><img decoding=\"async\" loading=\"lazy\" src=\"https:\/\/www.tafeldeko.de\/news\/wp-content\/uploads\/2016\/06\/glasvase_gelkerze.jpg\" sizes=\"(max-width: 250px) 100vw, 250px\" srcset=\"https:\/\/www.tafeldeko.de\/news\/wp-content\/uploads\/2016\/06\/glasvase_gelkerze.jpg 250w, https:\/\/www.tafeldeko.de\/news\/wp-content\/uploads\/2016\/06\/glasvase_gelkerze-150x150.jpg 150w\" alt=\"Schlichte Deko\" width=\"250\" height=\"250\" \/><\/p>\n<h2>Ideen f\u00fcr eine Schlichte Deko ausdrucksstark<\/h2>\n<p>Schlicht hei\u00dft nicht langweilig oder ausdruckslos \u2013 schlicht hei\u00dft eher: gezielt einzelne Accessoires platzieren und so <strong>tolle Effekte<\/strong> hervorbringen.<br \/>\nEinzelne Elemente k\u00f6nnen Kerzengl\u00e4ser, Schalen, Vasen, Teller oder Gestecke sein, mit denen ein M\u00f6belst\u00fcck in Szene gesetzt wird. Wie die Deko wirkt, kommt auch mitunter auf die ausgew\u00e4hlte Farbe an. Wei\u00dfe Accessoires wirken schlicht, vor allem dann, wenn man sie mit wei\u00dfen M\u00f6belst\u00fccken kombiniert \u2013 manche sprechen hier auch von steril. Dabei muss die Deko keineswegs steril wirken, wenn matte M\u00f6bel mit gl\u00e4nzenden wei\u00dfen Accessoires dekoriert werden, wirkt dies sehr stilvoll und edel.<br \/>\nPlatzieren Sie dagegen auf ein wei\u00dfes M\u00f6belst\u00fcck einen schwarzen Artikel, beispielsweise einen Kerzenteller, erzielen Sie einen <strong>starken Kontrast<\/strong>. Bleibt es bei diesem Arrangement, dann kann man auch hier von einer schlichten Deko sprechen. Gibt man dagegen eine rote Kerze auf den schwarzen Kerzenteller, erzielt man nat\u00fcrlich einen ganz anderen Effekt. Es kommt also auf die Kombination von Accessoires und Farben an, wie die Wirkung der Deko ist.<br \/>\nSchlichte Deko \u2013 wir haben ein wundersch\u00f6nes Accessoire f\u00fcr Sie: die <strong>Glas Vase mit Gelkerze Rose<\/strong>. Auf einem wei\u00dfen Schrank oder einem wei\u00dfen Esstisch wirkt dieses Deko-Element wundersch\u00f6n und sehr anmutig. Eigentlich viel zu schade, um die Kerze anzuz\u00fcnden. Das rote Gelwachs, mit der roten Rosenbl\u00fcte im Glas, ist ein echter <strong>Hingucker<\/strong> und dadurch auch als Geschenk und Mitbringsel zu einer Einladung hervorragend geeignet.<br \/>\nUnd nachdem die Kerze abgebrannt ist, kann die Vase als Deko-Accessoire weiterhin zum Einsatz kommen.<\/p>\n<h2>Weitere Beitr\u00e4ge:<\/h2>\n<h2>Dekoartikel von A-Z<\/h2>\n<p><a href=\"https:\/\/www.tafeldeko.de\/tischdeko-artikel\/\"><br \/>\nJetzt entdecken <\/a><\/p>\n","protected":false},"excerpt":{"rendered":"<p>Die Schlichte Deko ausdrucksstark ist beliebt \u2013 setzt sie vereinzelte Akzente ohne aufdringlich zu wirken. Wie die Deko wirkt, ist von den verwendeten Accessoires, den Farben und vom Arrangement selbst, abh\u00e4ngig. Kreiert man Farbkombinationen, die so gar nicht miteinander harmonieren, kann die Deko schnell \u00fcbertrieben und vor allen Dingen unsch\u00f6n aussehen. In diesem F\u00e4llen verzichtet [&hellip;]<\/p>\n","protected":false},"author":6,"featured_media":7287,"comment_status":"closed","ping_status":"closed","sticky":false,"template":"","format":"standard","meta":{"footnotes":""},"categories":[1],"tags":[],"yoast_head":"<!-- This site is optimized with the Yoast SEO plugin v20.4 - https:\/\/yoast.com\/wordpress\/plugins\/seo\/ -->\n<title>Schlichte Deko \u2013 dennoch ausdrucksstark<\/title>\n<meta name=\"description\" content=\"Schlichte Deko ausdrucksstark \u2013 wir haben ein wundersch\u00f6nes Accessoire f\u00fcr Sie: die Glas Vase mit Gelkerze Rose - ein Hingucker par...\" \/>\n<meta name=\"robots\" content=\"index, follow, max-snippet:-1, max-image-preview:large, max-video-preview:-1\" \/>\n<link rel=\"canonical\" href=\"https:\/\/www.tafeldeko.de\/news\/schlichte-deko-dennoch-ausdrucksstark\/\" \/>\n<meta property=\"og:locale\" content=\"de_DE\" \/>\n<meta property=\"og:type\" content=\"article\" \/>\n<meta property=\"og:title\" content=\"Schlichte Deko \u2013 dennoch ausdrucksstark\" \/>\n<meta property=\"og:description\" content=\"Schlichte Deko ausdrucksstark \u2013 wir haben ein wundersch\u00f6nes Accessoire f\u00fcr Sie: die Glas Vase mit Gelkerze Rose - ein Hingucker par...\" \/>\n<meta property=\"og:url\" content=\"https:\/\/www.tafeldeko.de\/news\/schlichte-deko-dennoch-ausdrucksstark\/\" \/>\n<meta property=\"og:site_name\" content=\"Tafeldeko\" \/>\n<meta property=\"article:publisher\" content=\"https:\/\/www.facebook.com\/pages\/Tafeldeko-einzigartige-Tischdekoration\/174202655894\" \/>\n<meta property=\"article:published_time\" content=\"2016-06-16T15:15:25+00:00\" \/>\n<meta property=\"article:modified_time\" content=\"2022-11-09T08:17:28+00:00\" \/>\n<meta property=\"og:image\" content=\"https:\/\/www.tafeldeko.de\/news\/wp-content\/uploads\/2016\/06\/glasvase_gelkerze.jpg\" \/>\n\t<meta property=\"og:image:width\" content=\"250\" \/>\n\t<meta property=\"og:image:height\" content=\"250\" \/>\n\t<meta property=\"og:image:type\" content=\"image\/jpeg\" \/>\n<meta name=\"author\" content=\"Tafeldeko Deko Team\" \/>\n<meta name=\"twitter:label1\" content=\"Verfasst von\" \/>\n\t<meta name=\"twitter:data1\" content=\"Tafeldeko Deko Team\" \/>\n\t<meta name=\"twitter:label2\" content=\"Gesch\u00e4tzte Lesezeit\" \/>\n\t<meta name=\"twitter:data2\" content=\"2 Minuten\" \/>\n<script type=\"application\/ld+json\" class=\"yoast-schema-graph\">{\"@context\":\"https:\/\/schema.org\",\"@graph\":[{\"@type\":\"WebPage\",\"@id\":\"https:\/\/www.tafeldeko.de\/news\/schlichte-deko-dennoch-ausdrucksstark\/\",\"url\":\"https:\/\/www.tafeldeko.de\/news\/schlichte-deko-dennoch-ausdrucksstark\/\",\"name\":\"Schlichte Deko \u2013 dennoch ausdrucksstark\",\"isPartOf\":{\"@id\":\"https:\/\/www.tafeldeko.de\/news\/#website\"},\"datePublished\":\"2016-06-16T15:15:25+00:00\",\"dateModified\":\"2022-11-09T08:17:28+00:00\",\"author\":{\"@id\":\"https:\/\/www.tafeldeko.de\/news\/#\/schema\/person\/dc309fbb6a3e380919fc08342c3cc233\"},\"description\":\"Schlichte Deko ausdrucksstark \u2013 wir haben ein wundersch\u00f6nes Accessoire f\u00fcr Sie: die Glas Vase mit Gelkerze Rose - ein Hingucker par...\",\"breadcrumb\":{\"@id\":\"https:\/\/www.tafeldeko.de\/news\/schlichte-deko-dennoch-ausdrucksstark\/#breadcrumb\"},\"inLanguage\":\"de-DE\",\"potentialAction\":[{\"@type\":\"ReadAction\",\"target\":[\"https:\/\/www.tafeldeko.de\/news\/schlichte-deko-dennoch-ausdrucksstark\/\"]}]},{\"@type\":\"BreadcrumbList\",\"@id\":\"https:\/\/www.tafeldeko.de\/news\/schlichte-deko-dennoch-ausdrucksstark\/#breadcrumb\",\"itemListElement\":[{\"@type\":\"ListItem\",\"position\":1,\"name\":\"Tafeldeko\",\"item\":\"https:\/\/www.tafeldeko.de\/news\/\"},{\"@type\":\"ListItem\",\"position\":2,\"name\":\"Alte Beitr\u00e4ge\",\"item\":\"https:\/\/www.tafeldeko.de\/news\/alte-beitraege\/\"},{\"@type\":\"ListItem\",\"position\":3,\"name\":\"Tischdeko - Blog\",\"item\":\"https:\/\/www.tafeldeko.de\/news\/alte-beitraege\/tischdeko-blog\/\"},{\"@type\":\"ListItem\",\"position\":4,\"name\":\"Schlichte Deko \u2013 dennoch ausdrucksstark\"}]},{\"@type\":\"WebSite\",\"@id\":\"https:\/\/www.tafeldeko.de\/news\/#website\",\"url\":\"https:\/\/www.tafeldeko.de\/news\/\",\"name\":\"Tafeldeko\",\"description\":\"Blog mit Tischdeko und Tischdekoration Ideen\",\"potentialAction\":[{\"@type\":\"SearchAction\",\"target\":{\"@type\":\"EntryPoint\",\"urlTemplate\":\"https:\/\/www.tafeldeko.de\/news\/?s={search_term_string}\"},\"query-input\":\"required name=search_term_string\"}],\"inLanguage\":\"de-DE\"},{\"@type\":\"Person\",\"@id\":\"https:\/\/www.tafeldeko.de\/news\/#\/schema\/person\/dc309fbb6a3e380919fc08342c3cc233\",\"name\":\"Tafeldeko Deko Team\",\"image\":{\"@type\":\"ImageObject\",\"inLanguage\":\"de-DE\",\"@id\":\"https:\/\/www.tafeldeko.de\/news\/#\/schema\/person\/image\/\",\"url\":\"https:\/\/secure.gravatar.com\/avatar\/1e962f4040dc9996f0d200db31598854?s=96&d=mm&r=g\",\"contentUrl\":\"https:\/\/secure.gravatar.com\/avatar\/1e962f4040dc9996f0d200db31598854?s=96&d=mm&r=g\",\"caption\":\"Tafeldeko Deko Team\"}}]}<\/script>\n<!-- \/ Yoast SEO plugin. -->","yoast_head_json":{"title":"Schlichte Deko \u2013 dennoch ausdrucksstark","description":"Schlichte Deko ausdrucksstark \u2013 wir haben ein wundersch\u00f6nes Accessoire f\u00fcr Sie: die Glas Vase mit Gelkerze Rose - ein Hingucker par...","robots":{"index":"index","follow":"follow","max-snippet":"max-snippet:-1","max-image-preview":"max-image-preview:large","max-video-preview":"max-video-preview:-1"},"canonical":"https:\/\/www.tafeldeko.de\/news\/schlichte-deko-dennoch-ausdrucksstark\/","og_locale":"de_DE","og_type":"article","og_title":"Schlichte Deko \u2013 dennoch ausdrucksstark","og_description":"Schlichte Deko ausdrucksstark \u2013 wir haben ein wundersch\u00f6nes Accessoire f\u00fcr Sie: die Glas Vase mit Gelkerze Rose - ein Hingucker par...","og_url":"https:\/\/www.tafeldeko.de\/news\/schlichte-deko-dennoch-ausdrucksstark\/","og_site_name":"Tafeldeko","article_publisher":"https:\/\/www.facebook.com\/pages\/Tafeldeko-einzigartige-Tischdekoration\/174202655894","article_published_time":"2016-06-16T15:15:25+00:00","article_modified_time":"2022-11-09T08:17:28+00:00","og_image":[{"width":250,"height":250,"url":"https:\/\/www.tafeldeko.de\/news\/wp-content\/uploads\/2016\/06\/glasvase_gelkerze.jpg","type":"image\/jpeg"}],"author":"Tafeldeko Deko Team","twitter_misc":{"Verfasst von":"Tafeldeko Deko Team","Gesch\u00e4tzte Lesezeit":"2 Minuten"},"schema":{"@context":"https:\/\/schema.org","@graph":[{"@type":"WebPage","@id":"https:\/\/www.tafeldeko.de\/news\/schlichte-deko-dennoch-ausdrucksstark\/","url":"https:\/\/www.tafeldeko.de\/news\/schlichte-deko-dennoch-ausdrucksstark\/","name":"Schlichte Deko \u2013 dennoch ausdrucksstark","isPartOf":{"@id":"https:\/\/www.tafeldeko.de\/news\/#website"},"datePublished":"2016-06-16T15:15:25+00:00","dateModified":"2022-11-09T08:17:28+00:00","author":{"@id":"https:\/\/www.tafeldeko.de\/news\/#\/schema\/person\/dc309fbb6a3e380919fc08342c3cc233"},"description":"Schlichte Deko ausdrucksstark \u2013 wir haben ein wundersch\u00f6nes Accessoire f\u00fcr Sie: die Glas Vase mit Gelkerze Rose - ein Hingucker par...","breadcrumb":{"@id":"https:\/\/www.tafeldeko.de\/news\/schlichte-deko-dennoch-ausdrucksstark\/#breadcrumb"},"inLanguage":"de-DE","potentialAction":[{"@type":"ReadAction","target":["https:\/\/www.tafeldeko.de\/news\/schlichte-deko-dennoch-ausdrucksstark\/"]}]},{"@type":"BreadcrumbList","@id":"https:\/\/www.tafeldeko.de\/news\/schlichte-deko-dennoch-ausdrucksstark\/#breadcrumb","itemListElement":[{"@type":"ListItem","position":1,"name":"Tafeldeko","item":"https:\/\/www.tafeldeko.de\/news\/"},{"@type":"ListItem","position":2,"name":"Alte Beitr\u00e4ge","item":"https:\/\/www.tafeldeko.de\/news\/alte-beitraege\/"},{"@type":"ListItem","position":3,"name":"Tischdeko - Blog","item":"https:\/\/www.tafeldeko.de\/news\/alte-beitraege\/tischdeko-blog\/"},{"@type":"ListItem","position":4,"name":"Schlichte Deko \u2013 dennoch ausdrucksstark"}]},{"@type":"WebSite","@id":"https:\/\/www.tafeldeko.de\/news\/#website","url":"https:\/\/www.tafeldeko.de\/news\/","name":"Tafeldeko","description":"Blog mit Tischdeko und Tischdekoration Ideen","potentialAction":[{"@type":"SearchAction","target":{"@type":"EntryPoint","urlTemplate":"https:\/\/www.tafeldeko.de\/news\/?s={search_term_string}"},"query-input":"required name=search_term_string"}],"inLanguage":"de-DE"},{"@type":"Person","@id":"https:\/\/www.tafeldeko.de\/news\/#\/schema\/person\/dc309fbb6a3e380919fc08342c3cc233","name":"Tafeldeko Deko Team","image":{"@type":"ImageObject","inLanguage":"de-DE","@id":"https:\/\/www.tafeldeko.de\/news\/#\/schema\/person\/image\/","url":"https:\/\/secure.gravatar.com\/avatar\/1e962f4040dc9996f0d200db31598854?s=96&d=mm&r=g","contentUrl":"https:\/\/secure.gravatar.com\/avatar\/1e962f4040dc9996f0d200db31598854?s=96&d=mm&r=g","caption":"Tafeldeko Deko Team"}}]}},"_links":{"self":[{"href":"https:\/\/www.tafeldeko.de\/news\/wp-json\/wp\/v2\/posts\/7286"}],"collection":[{"href":"https:\/\/www.tafeldeko.de\/news\/wp-json\/wp\/v2\/posts"}],"about":[{"href":"https:\/\/www.tafeldeko.de\/news\/wp-json\/wp\/v2\/types\/post"}],"author":[{"embeddable":true,"href":"https:\/\/www.tafeldeko.de\/news\/wp-json\/wp\/v2\/users\/6"}],"replies":[{"embeddable":true,"href":"https:\/\/www.tafeldeko.de\/news\/wp-json\/wp\/v2\/comments?post=7286"}],"version-history":[{"count":8,"href":"https:\/\/www.tafeldeko.de\/news\/wp-json\/wp\/v2\/posts\/7286\/revisions"}],"predecessor-version":[{"id":20729,"href":"https:\/\/www.tafeldeko.de\/news\/wp-json\/wp\/v2\/posts\/7286\/revisions\/20729"}],"wp:featuredmedia":[{"embeddable":true,"href":"https:\/\/www.tafeldeko.de\/news\/wp-json\/wp\/v2\/media\/7287"}],"wp:attachment":[{"href":"https:\/\/www.tafeldeko.de\/news\/wp-json\/wp\/v2\/media?parent=7286"}],"wp:term":[{"taxonomy":"category","embeddable":true,"href":"https:\/\/www.tafeldeko.de\/news\/wp-json\/wp\/v2\/categories?post=7286"},{"taxonomy":"post_tag","embeddable":true,"href":"https:\/\/www.tafeldeko.de\/news\/wp-json\/wp\/v2\/tags?post=7286"}],"curies":[{"name":"wp","href":"https:\/\/api.w.org\/{rel}","templated":true}]}}