{"id":7280,"date":"2016-06-18T11:24:53","date_gmt":"2016-06-18T09:24:53","guid":{"rendered":"http:\/\/www.tafeldeko.de\/news\/?p=7280"},"modified":"2022-11-09T09:12:13","modified_gmt":"2022-11-09T08:12:13","slug":"einschulung-tischdeko-in-gruen-und-gelb","status":"publish","type":"post","link":"https:\/\/www.tafeldeko.de\/news\/einschulung-tischdeko-in-gruen-und-gelb\/","title":{"rendered":"Einschulung Tischdeko in Gr\u00fcn und Gelb"},"content":{"rendered":"<p>Noch gehen sie in den Kindergarten, bevor in einigen Wochen f\u00fcr die kleinen ABC-Sch\u00fctzen die Schule beginnt \u2013 ein besonderer Tag, der mit einer kleinen Feier inklusive einer wundersch\u00f6nen <strong>Einschulung Tischdeko<\/strong> in gr\u00fcn und gelb geb\u00fchrend gefeiert werden kann. Aufregend, spannend und voller Erwartung wird dem Tag der Einschulung entgegen gefiebert, schlie\u00dflich ist man jetzt gro\u00df und geht zur Schule.<br \/>\nIn der Regel geht am <strong>1. Schultag<\/strong> die Familie mit zur Schule, f\u00fcr die ABC-Sch\u00fctzen findet eine Einschulungsfeier statt und sie lernen die Lehrerin oder den Lehrer kennen. Nat\u00fcrlich wird ihnen der Klassensaal gezeigt, in dem sie von nun an Rechnen, Lesen und Schreiben lernen.<\/p>\n<p><img decoding=\"async\" loading=\"lazy\" src=\"https:\/\/www.tafeldeko.de\/news\/wp-content\/uploads\/2016\/06\/einschulung_gelb.jpg\" sizes=\"(max-width: 800px) 100vw, 800px\" srcset=\"https:\/\/www.tafeldeko.de\/news\/wp-content\/uploads\/2016\/06\/einschulung_gelb.jpg 1000w, https:\/\/www.tafeldeko.de\/news\/wp-content\/uploads\/2016\/06\/einschulung_gelb-300x210.jpg 300w, https:\/\/www.tafeldeko.de\/news\/wp-content\/uploads\/2016\/06\/einschulung_gelb-768x538.jpg 768w, https:\/\/www.tafeldeko.de\/news\/wp-content\/uploads\/2016\/06\/einschulung_gelb-624x437.jpg 624w\" alt=\"Einschulung Tischdeko\" width=\"800\" height=\"560\" \/><\/p>\n<h2>Eine wundersch\u00f6ne Einschulung Tischdeko in gr\u00fcn und gelb<\/h2>\n<p>Unser <strong>Mustertisch<\/strong>, den wir als Anregung f\u00fcr die Einschulung <a href=\"https:\/\/www.tafeldeko.de\"><strong>Tischdeko<\/strong><\/a> arrangiert haben, vereint alles, was zum 1. Schultag, zur Schule und zu einer tollen Party geh\u00f6rt. In Gelb und Gr\u00fcn, mit orangefarbenen Accessoires, wirkt er kindlich und wunderbar bunt \u2013 eben so, wie Kinder die Tischdeko lieben. Vor allem die verschiedenen schulischen Accessoires werden den Nachwuchs begeistern \u2013 wie zum Beispiel die 3D Klebesticker Einschulung XXL, die gro\u00dfen und kleinen Buntstift Kerzen zum Schulanfang, die <strong>Tortenfiguren<\/strong> Schulm\u00e4dchen und Schuljunge, die Schulsymbole mit Klebepunkt oder die verschiedenen Streudeko-Accessoires.<br \/>\nAuch bei den ausgew\u00e4hlten Servietten ist das Thema eindeutig \u2013 Schulanfang. Sie passen farblich als auch in punkto Motiv hervorragend zu den bereits arrangierten Accessoires.<br \/>\nBei der <strong>\u00dcberraschungsparty zur Einschulung<\/strong> auf dem Tisch arrangiert, sind diese Accessoires nat\u00fcrlich auch eine sch\u00f6ne Erinnerung an einen ganz besonderen Tag. Die Streudekoteile k\u00f6nnen ihren Platz in einer Schatztruhe finden oder in einem selbst beklebten und gestalteten Karton. Toll sieht es aus, wenn die 3D Klebesticker zur Au\u00dfendeko verwendet werden. So ist direkt ersichtlich, dass in diesem Karton alles f\u00fcr die Schule zu finden ist.<br \/>\nDer Nachwuchs wird sich \u00fcber diese Idee bestimmt ebenfalls freuen und zuk\u00fcnftig die verschiedensten Sch\u00e4tze in dem wundersch\u00f6n gestalteten Karton sammeln.<\/p>\n<h2>Weitere Beitr\u00e4ge:<\/h2>\n<h2>Dekoartikel von A-Z<\/h2>\n<p><a href=\"https:\/\/www.tafeldeko.de\/tischdeko-artikel\/\"><br \/>\nJetzt entdecken <\/a><\/p>\n","protected":false},"excerpt":{"rendered":"<p>Noch gehen sie in den Kindergarten, bevor in einigen Wochen f\u00fcr die kleinen ABC-Sch\u00fctzen die Schule beginnt \u2013 ein besonderer Tag, der mit einer kleinen Feier inklusive einer wundersch\u00f6nen Einschulung Tischdeko in gr\u00fcn und gelb geb\u00fchrend gefeiert werden kann. Aufregend, spannend und voller Erwartung wird dem Tag der Einschulung entgegen gefiebert, schlie\u00dflich ist man jetzt [&hellip;]<\/p>\n","protected":false},"author":6,"featured_media":7281,"comment_status":"closed","ping_status":"closed","sticky":false,"template":"","format":"standard","meta":{"footnotes":""},"categories":[1],"tags":[],"yoast_head":"<!-- This site is optimized with the Yoast SEO plugin v20.4 - https:\/\/yoast.com\/wordpress\/plugins\/seo\/ -->\n<title>Einschulung Tischdeko in Gr\u00fcn und Gelb - Tafeldeko<\/title>\n<meta name=\"description\" content=\"Unser Mustertisch zum Thema Einschulung Tischdeko in gr\u00fcn und gelb, vereint alles, was zum 1. Schultag, zur Schule und zu einer tollen Party\" \/>\n<meta name=\"robots\" content=\"index, follow, max-snippet:-1, max-image-preview:large, max-video-preview:-1\" \/>\n<link rel=\"canonical\" href=\"https:\/\/www.tafeldeko.de\/news\/einschulung-tischdeko-in-gruen-und-gelb\/\" \/>\n<meta property=\"og:locale\" content=\"de_DE\" \/>\n<meta property=\"og:type\" content=\"article\" \/>\n<meta property=\"og:title\" content=\"Einschulung Tischdeko in Gr\u00fcn und Gelb - Tafeldeko\" \/>\n<meta property=\"og:description\" content=\"Unser Mustertisch zum Thema Einschulung Tischdeko in gr\u00fcn und gelb, vereint alles, was zum 1. Schultag, zur Schule und zu einer tollen Party\" \/>\n<meta property=\"og:url\" content=\"https:\/\/www.tafeldeko.de\/news\/einschulung-tischdeko-in-gruen-und-gelb\/\" \/>\n<meta property=\"og:site_name\" content=\"Tafeldeko\" \/>\n<meta property=\"article:publisher\" content=\"https:\/\/www.facebook.com\/pages\/Tafeldeko-einzigartige-Tischdekoration\/174202655894\" \/>\n<meta property=\"article:published_time\" content=\"2016-06-18T09:24:53+00:00\" \/>\n<meta property=\"article:modified_time\" content=\"2022-11-09T08:12:13+00:00\" \/>\n<meta property=\"og:image\" content=\"https:\/\/www.tafeldeko.de\/news\/wp-content\/uploads\/2016\/06\/einschulung_gelb.jpg\" \/>\n\t<meta property=\"og:image:width\" content=\"1000\" \/>\n\t<meta property=\"og:image:height\" content=\"700\" \/>\n\t<meta property=\"og:image:type\" content=\"image\/jpeg\" \/>\n<meta name=\"author\" content=\"Tafeldeko Deko Team\" \/>\n<meta name=\"twitter:label1\" content=\"Verfasst von\" \/>\n\t<meta name=\"twitter:data1\" content=\"Tafeldeko Deko Team\" \/>\n\t<meta name=\"twitter:label2\" content=\"Gesch\u00e4tzte Lesezeit\" \/>\n\t<meta name=\"twitter:data2\" content=\"2 Minuten\" \/>\n<script type=\"application\/ld+json\" class=\"yoast-schema-graph\">{\"@context\":\"https:\/\/schema.org\",\"@graph\":[{\"@type\":\"WebPage\",\"@id\":\"https:\/\/www.tafeldeko.de\/news\/einschulung-tischdeko-in-gruen-und-gelb\/\",\"url\":\"https:\/\/www.tafeldeko.de\/news\/einschulung-tischdeko-in-gruen-und-gelb\/\",\"name\":\"Einschulung Tischdeko in Gr\u00fcn und Gelb - Tafeldeko\",\"isPartOf\":{\"@id\":\"https:\/\/www.tafeldeko.de\/news\/#website\"},\"datePublished\":\"2016-06-18T09:24:53+00:00\",\"dateModified\":\"2022-11-09T08:12:13+00:00\",\"author\":{\"@id\":\"https:\/\/www.tafeldeko.de\/news\/#\/schema\/person\/dc309fbb6a3e380919fc08342c3cc233\"},\"description\":\"Unser Mustertisch zum Thema Einschulung Tischdeko in gr\u00fcn und gelb, vereint alles, was zum 1. Schultag, zur Schule und zu einer tollen Party\",\"breadcrumb\":{\"@id\":\"https:\/\/www.tafeldeko.de\/news\/einschulung-tischdeko-in-gruen-und-gelb\/#breadcrumb\"},\"inLanguage\":\"de-DE\",\"potentialAction\":[{\"@type\":\"ReadAction\",\"target\":[\"https:\/\/www.tafeldeko.de\/news\/einschulung-tischdeko-in-gruen-und-gelb\/\"]}]},{\"@type\":\"BreadcrumbList\",\"@id\":\"https:\/\/www.tafeldeko.de\/news\/einschulung-tischdeko-in-gruen-und-gelb\/#breadcrumb\",\"itemListElement\":[{\"@type\":\"ListItem\",\"position\":1,\"name\":\"Tafeldeko\",\"item\":\"https:\/\/www.tafeldeko.de\/news\/\"},{\"@type\":\"ListItem\",\"position\":2,\"name\":\"Alte Beitr\u00e4ge\",\"item\":\"https:\/\/www.tafeldeko.de\/news\/alte-beitraege\/\"},{\"@type\":\"ListItem\",\"position\":3,\"name\":\"Tischdeko - Blog\",\"item\":\"https:\/\/www.tafeldeko.de\/news\/alte-beitraege\/tischdeko-blog\/\"},{\"@type\":\"ListItem\",\"position\":4,\"name\":\"Einschulung Tischdeko in Gr\u00fcn und Gelb\"}]},{\"@type\":\"WebSite\",\"@id\":\"https:\/\/www.tafeldeko.de\/news\/#website\",\"url\":\"https:\/\/www.tafeldeko.de\/news\/\",\"name\":\"Tafeldeko\",\"description\":\"Blog mit Tischdeko und Tischdekoration Ideen\",\"potentialAction\":[{\"@type\":\"SearchAction\",\"target\":{\"@type\":\"EntryPoint\",\"urlTemplate\":\"https:\/\/www.tafeldeko.de\/news\/?s={search_term_string}\"},\"query-input\":\"required name=search_term_string\"}],\"inLanguage\":\"de-DE\"},{\"@type\":\"Person\",\"@id\":\"https:\/\/www.tafeldeko.de\/news\/#\/schema\/person\/dc309fbb6a3e380919fc08342c3cc233\",\"name\":\"Tafeldeko Deko Team\",\"image\":{\"@type\":\"ImageObject\",\"inLanguage\":\"de-DE\",\"@id\":\"https:\/\/www.tafeldeko.de\/news\/#\/schema\/person\/image\/\",\"url\":\"https:\/\/secure.gravatar.com\/avatar\/1e962f4040dc9996f0d200db31598854?s=96&d=mm&r=g\",\"contentUrl\":\"https:\/\/secure.gravatar.com\/avatar\/1e962f4040dc9996f0d200db31598854?s=96&d=mm&r=g\",\"caption\":\"Tafeldeko Deko Team\"}}]}<\/script>\n<!-- \/ Yoast SEO plugin. -->","yoast_head_json":{"title":"Einschulung Tischdeko in Gr\u00fcn und Gelb - Tafeldeko","description":"Unser Mustertisch zum Thema Einschulung Tischdeko in gr\u00fcn und gelb, vereint alles, was zum 1. Schultag, zur Schule und zu einer tollen Party","robots":{"index":"index","follow":"follow","max-snippet":"max-snippet:-1","max-image-preview":"max-image-preview:large","max-video-preview":"max-video-preview:-1"},"canonical":"https:\/\/www.tafeldeko.de\/news\/einschulung-tischdeko-in-gruen-und-gelb\/","og_locale":"de_DE","og_type":"article","og_title":"Einschulung Tischdeko in Gr\u00fcn und Gelb - Tafeldeko","og_description":"Unser Mustertisch zum Thema Einschulung Tischdeko in gr\u00fcn und gelb, vereint alles, was zum 1. Schultag, zur Schule und zu einer tollen Party","og_url":"https:\/\/www.tafeldeko.de\/news\/einschulung-tischdeko-in-gruen-und-gelb\/","og_site_name":"Tafeldeko","article_publisher":"https:\/\/www.facebook.com\/pages\/Tafeldeko-einzigartige-Tischdekoration\/174202655894","article_published_time":"2016-06-18T09:24:53+00:00","article_modified_time":"2022-11-09T08:12:13+00:00","og_image":[{"width":1000,"height":700,"url":"https:\/\/www.tafeldeko.de\/news\/wp-content\/uploads\/2016\/06\/einschulung_gelb.jpg","type":"image\/jpeg"}],"author":"Tafeldeko Deko Team","twitter_misc":{"Verfasst von":"Tafeldeko Deko Team","Gesch\u00e4tzte Lesezeit":"2 Minuten"},"schema":{"@context":"https:\/\/schema.org","@graph":[{"@type":"WebPage","@id":"https:\/\/www.tafeldeko.de\/news\/einschulung-tischdeko-in-gruen-und-gelb\/","url":"https:\/\/www.tafeldeko.de\/news\/einschulung-tischdeko-in-gruen-und-gelb\/","name":"Einschulung Tischdeko in Gr\u00fcn und Gelb - Tafeldeko","isPartOf":{"@id":"https:\/\/www.tafeldeko.de\/news\/#website"},"datePublished":"2016-06-18T09:24:53+00:00","dateModified":"2022-11-09T08:12:13+00:00","author":{"@id":"https:\/\/www.tafeldeko.de\/news\/#\/schema\/person\/dc309fbb6a3e380919fc08342c3cc233"},"description":"Unser Mustertisch zum Thema Einschulung Tischdeko in gr\u00fcn und gelb, vereint alles, was zum 1. Schultag, zur Schule und zu einer tollen Party","breadcrumb":{"@id":"https:\/\/www.tafeldeko.de\/news\/einschulung-tischdeko-in-gruen-und-gelb\/#breadcrumb"},"inLanguage":"de-DE","potentialAction":[{"@type":"ReadAction","target":["https:\/\/www.tafeldeko.de\/news\/einschulung-tischdeko-in-gruen-und-gelb\/"]}]},{"@type":"BreadcrumbList","@id":"https:\/\/www.tafeldeko.de\/news\/einschulung-tischdeko-in-gruen-und-gelb\/#breadcrumb","itemListElement":[{"@type":"ListItem","position":1,"name":"Tafeldeko","item":"https:\/\/www.tafeldeko.de\/news\/"},{"@type":"ListItem","position":2,"name":"Alte Beitr\u00e4ge","item":"https:\/\/www.tafeldeko.de\/news\/alte-beitraege\/"},{"@type":"ListItem","position":3,"name":"Tischdeko - Blog","item":"https:\/\/www.tafeldeko.de\/news\/alte-beitraege\/tischdeko-blog\/"},{"@type":"ListItem","position":4,"name":"Einschulung Tischdeko in Gr\u00fcn und Gelb"}]},{"@type":"WebSite","@id":"https:\/\/www.tafeldeko.de\/news\/#website","url":"https:\/\/www.tafeldeko.de\/news\/","name":"Tafeldeko","description":"Blog mit Tischdeko und Tischdekoration Ideen","potentialAction":[{"@type":"SearchAction","target":{"@type":"EntryPoint","urlTemplate":"https:\/\/www.tafeldeko.de\/news\/?s={search_term_string}"},"query-input":"required name=search_term_string"}],"inLanguage":"de-DE"},{"@type":"Person","@id":"https:\/\/www.tafeldeko.de\/news\/#\/schema\/person\/dc309fbb6a3e380919fc08342c3cc233","name":"Tafeldeko Deko Team","image":{"@type":"ImageObject","inLanguage":"de-DE","@id":"https:\/\/www.tafeldeko.de\/news\/#\/schema\/person\/image\/","url":"https:\/\/secure.gravatar.com\/avatar\/1e962f4040dc9996f0d200db31598854?s=96&d=mm&r=g","contentUrl":"https:\/\/secure.gravatar.com\/avatar\/1e962f4040dc9996f0d200db31598854?s=96&d=mm&r=g","caption":"Tafeldeko Deko Team"}}]}},"_links":{"self":[{"href":"https:\/\/www.tafeldeko.de\/news\/wp-json\/wp\/v2\/posts\/7280"}],"collection":[{"href":"https:\/\/www.tafeldeko.de\/news\/wp-json\/wp\/v2\/posts"}],"about":[{"href":"https:\/\/www.tafeldeko.de\/news\/wp-json\/wp\/v2\/types\/post"}],"author":[{"embeddable":true,"href":"https:\/\/www.tafeldeko.de\/news\/wp-json\/wp\/v2\/users\/6"}],"replies":[{"embeddable":true,"href":"https:\/\/www.tafeldeko.de\/news\/wp-json\/wp\/v2\/comments?post=7280"}],"version-history":[{"count":6,"href":"https:\/\/www.tafeldeko.de\/news\/wp-json\/wp\/v2\/posts\/7280\/revisions"}],"predecessor-version":[{"id":24919,"href":"https:\/\/www.tafeldeko.de\/news\/wp-json\/wp\/v2\/posts\/7280\/revisions\/24919"}],"wp:featuredmedia":[{"embeddable":true,"href":"https:\/\/www.tafeldeko.de\/news\/wp-json\/wp\/v2\/media\/7281"}],"wp:attachment":[{"href":"https:\/\/www.tafeldeko.de\/news\/wp-json\/wp\/v2\/media?parent=7280"}],"wp:term":[{"taxonomy":"category","embeddable":true,"href":"https:\/\/www.tafeldeko.de\/news\/wp-json\/wp\/v2\/categories?post=7280"},{"taxonomy":"post_tag","embeddable":true,"href":"https:\/\/www.tafeldeko.de\/news\/wp-json\/wp\/v2\/tags?post=7280"}],"curies":[{"name":"wp","href":"https:\/\/api.w.org\/{rel}","templated":true}]}}