{"id":7250,"date":"2016-06-06T06:48:52","date_gmt":"2016-06-06T04:48:52","guid":{"rendered":"http:\/\/www.tafeldeko.de\/news\/?p=7250"},"modified":"2022-11-09T09:44:37","modified_gmt":"2022-11-09T08:44:37","slug":"maritime-sommertischdeko-sommerfeeling-pur","status":"publish","type":"post","link":"https:\/\/www.tafeldeko.de\/news\/maritime-sommertischdeko-sommerfeeling-pur\/","title":{"rendered":"Maritime Sommertischdeko \u2013 Sommerfeeling pur"},"content":{"rendered":"<p>Mit den w\u00e4rmeren Temperaturen steigt auch die Feierlaune, man trifft sich zum Grillen, feiert den Geburtstag drau\u00dfen und genie\u00dft die Sonne. Und dabei sollte keinesfalls die <strong>maritime Sommertischdeko<\/strong> fehlen.<br \/>\nViel muss es nicht sein, was Sie auf dem Tisch arrangieren, aber etwas Deko ist immer sch\u00f6n. Selbst ein Blumenstrau\u00df, vielleicht sogar mit Blumen aus dem eigenen Garten, macht schon viel daher. Doch oftmals ist es so, dass bei einem gr\u00f6\u00dferen Fest, beispielsweise der <strong>Geburtstagsfeier<\/strong> etwas mehr Wert auf eine sch\u00f6ne <a href=\"https:\/\/www.tafeldeko.de\" target=\"_blank\" rel=\"noopener\"><strong>Tischdeko<\/strong><\/a> gelegt wird. Da darf es also gerne etwas mehr sein.<\/p>\n<p><img decoding=\"async\" loading=\"lazy\" src=\"https:\/\/www.tafeldeko.de\/news\/wp-content\/uploads\/2016\/06\/Maritime-Tischdeko-sommer.png\" sizes=\"(max-width: 800px) 100vw, 800px\" srcset=\"https:\/\/www.tafeldeko.de\/news\/wp-content\/uploads\/2016\/06\/Maritime-Tischdeko-sommer.png 828w, https:\/\/www.tafeldeko.de\/news\/wp-content\/uploads\/2016\/06\/Maritime-Tischdeko-sommer-300x192.png 300w, https:\/\/www.tafeldeko.de\/news\/wp-content\/uploads\/2016\/06\/Maritime-Tischdeko-sommer-768x492.png 768w, https:\/\/www.tafeldeko.de\/news\/wp-content\/uploads\/2016\/06\/Maritime-Tischdeko-sommer-640x410.png 640w\" alt=\"\" width=\"800\" height=\"512\" \/><\/p>\n<h2>Die maritime Sommertischdeko in Blau<\/h2>\n<p>Maritim, da denkt man in erster Linie an blaues Meer, wundersch\u00f6ne, lange Sandstr\u00e4nde, Muscheln, Leuchtt\u00fcrme und Fischerboote, die im Morgengrauen auf dem Meer \u201eschippern\u201c. Genau dieses Feeling l\u00e4sst sich hervorragend in der maritimen Sommertischdeko umsetzen. Ein Traum in einem Blauton, verziert mit wundersch\u00f6nen, maritimen Accessoires, empf\u00e4ngt die G\u00e4ste zu einer sch\u00f6nen Feier.<br \/>\nDie Basis <strong>unseres maritimen Mustertisches<\/strong> ist eine Tischdecke von Duni in einem satten Blauton. Bei diesem Tisch haben wir auf Tischl\u00e4ufer und Tischb\u00e4nder, die gerne in der Tischmitte aufgelegt werden, verzichtet. Daf\u00fcr zieren ein Fischernetz in Creme und eines in Blau die Tischmitte. Hierauf werden lustige <strong>Strand-Accessoires<\/strong> verteilt. So zeigt sich Ihre maritime Sommertischdeko von ihrer \u00e4u\u00dferst dekorativen Seite. Auch Elemente wie Muscheln d\u00fcrfen bei der Tischdeko nicht fehlen. Bei den Servietten haben wir auf die Kombination von einfarbigen und Muster Servietten gesetzt.<br \/>\nMit dieser ausdrucksstarken Tischdekoration k\u00f6nnen Sie dem Sommer so richtig einheizen. Ihr G\u00e4sten werden sich freuen. F\u00e4llt die Feier etwas gr\u00f6\u00dfer aus und Sie m\u00f6chten Ihren G\u00e4sten einen Sitzplatz \u201ezuweisen\u201c, empfehlen wir Ihnen die etwas andere Tischkarte: <strong>Glasr\u00f6hrchen mit Korken<\/strong>. Einfach einen Namenszettel hineingeben, an den Sitzpl\u00e4tzen der G\u00e4ste arrangieren und fertig.<\/p>\n<h2>Weitere Beitr\u00e4ge:<\/h2>\n<h2>Dekoartikel von A-Z<\/h2>\n<p><a href=\"https:\/\/www.tafeldeko.de\/tischdeko-artikel\/\"><br \/>\nJetzt entdecken <\/a><\/p>\n","protected":false},"excerpt":{"rendered":"<p>Mit den w\u00e4rmeren Temperaturen steigt auch die Feierlaune, man trifft sich zum Grillen, feiert den Geburtstag drau\u00dfen und genie\u00dft die Sonne. Und dabei sollte keinesfalls die maritime Sommertischdeko fehlen. Viel muss es nicht sein, was Sie auf dem Tisch arrangieren, aber etwas Deko ist immer sch\u00f6n. Selbst ein Blumenstrau\u00df, vielleicht sogar mit Blumen aus dem [&hellip;]<\/p>\n","protected":false},"author":6,"featured_media":16790,"comment_status":"closed","ping_status":"closed","sticky":false,"template":"","format":"standard","meta":{"footnotes":""},"categories":[1],"tags":[],"yoast_head":"<!-- This site is optimized with the Yoast SEO plugin v20.4 - https:\/\/yoast.com\/wordpress\/plugins\/seo\/ -->\n<title>Maritime Sommertischdeko \u2013 Sommerfeeling pur - Tafeldeko<\/title>\n<meta name=\"description\" content=\"So zeigt sich Ihre maritime Sommertischdeko von ihrer \u00e4u\u00dferst dekorativen Seite und Elemente wie Muscheln erg\u00e4nzen die Tischdeko auf tolle Weise.\" \/>\n<meta name=\"robots\" content=\"index, follow, max-snippet:-1, max-image-preview:large, max-video-preview:-1\" \/>\n<link rel=\"canonical\" href=\"https:\/\/www.tafeldeko.de\/news\/maritime-sommertischdeko-sommerfeeling-pur\/\" \/>\n<meta property=\"og:locale\" content=\"de_DE\" \/>\n<meta property=\"og:type\" content=\"article\" \/>\n<meta property=\"og:title\" content=\"Maritime Sommertischdeko \u2013 Sommerfeeling pur - Tafeldeko\" \/>\n<meta property=\"og:description\" content=\"So zeigt sich Ihre maritime Sommertischdeko von ihrer \u00e4u\u00dferst dekorativen Seite und Elemente wie Muscheln erg\u00e4nzen die Tischdeko auf tolle Weise.\" \/>\n<meta property=\"og:url\" content=\"https:\/\/www.tafeldeko.de\/news\/maritime-sommertischdeko-sommerfeeling-pur\/\" \/>\n<meta property=\"og:site_name\" content=\"Tafeldeko\" \/>\n<meta property=\"article:publisher\" content=\"https:\/\/www.facebook.com\/pages\/Tafeldeko-einzigartige-Tischdekoration\/174202655894\" \/>\n<meta property=\"article:published_time\" content=\"2016-06-06T04:48:52+00:00\" \/>\n<meta property=\"article:modified_time\" content=\"2022-11-09T08:44:37+00:00\" \/>\n<meta property=\"og:image\" content=\"https:\/\/www.tafeldeko.de\/news\/wp-content\/uploads\/2016\/06\/Maritime-Tischdeko-sommer.png\" \/>\n\t<meta property=\"og:image:width\" content=\"828\" \/>\n\t<meta property=\"og:image:height\" content=\"530\" \/>\n\t<meta property=\"og:image:type\" content=\"image\/png\" \/>\n<meta name=\"author\" content=\"Tafeldeko Deko Team\" \/>\n<meta name=\"twitter:label1\" content=\"Verfasst von\" \/>\n\t<meta name=\"twitter:data1\" content=\"Tafeldeko Deko Team\" \/>\n\t<meta name=\"twitter:label2\" content=\"Gesch\u00e4tzte Lesezeit\" \/>\n\t<meta name=\"twitter:data2\" content=\"2 Minuten\" \/>\n<script type=\"application\/ld+json\" class=\"yoast-schema-graph\">{\"@context\":\"https:\/\/schema.org\",\"@graph\":[{\"@type\":\"WebPage\",\"@id\":\"https:\/\/www.tafeldeko.de\/news\/maritime-sommertischdeko-sommerfeeling-pur\/\",\"url\":\"https:\/\/www.tafeldeko.de\/news\/maritime-sommertischdeko-sommerfeeling-pur\/\",\"name\":\"Maritime Sommertischdeko \u2013 Sommerfeeling pur - Tafeldeko\",\"isPartOf\":{\"@id\":\"https:\/\/www.tafeldeko.de\/news\/#website\"},\"datePublished\":\"2016-06-06T04:48:52+00:00\",\"dateModified\":\"2022-11-09T08:44:37+00:00\",\"author\":{\"@id\":\"https:\/\/www.tafeldeko.de\/news\/#\/schema\/person\/dc309fbb6a3e380919fc08342c3cc233\"},\"description\":\"So zeigt sich Ihre maritime Sommertischdeko von ihrer \u00e4u\u00dferst dekorativen Seite und Elemente wie Muscheln erg\u00e4nzen die Tischdeko auf tolle Weise.\",\"breadcrumb\":{\"@id\":\"https:\/\/www.tafeldeko.de\/news\/maritime-sommertischdeko-sommerfeeling-pur\/#breadcrumb\"},\"inLanguage\":\"de-DE\",\"potentialAction\":[{\"@type\":\"ReadAction\",\"target\":[\"https:\/\/www.tafeldeko.de\/news\/maritime-sommertischdeko-sommerfeeling-pur\/\"]}]},{\"@type\":\"BreadcrumbList\",\"@id\":\"https:\/\/www.tafeldeko.de\/news\/maritime-sommertischdeko-sommerfeeling-pur\/#breadcrumb\",\"itemListElement\":[{\"@type\":\"ListItem\",\"position\":1,\"name\":\"Tafeldeko\",\"item\":\"https:\/\/www.tafeldeko.de\/news\/\"},{\"@type\":\"ListItem\",\"position\":2,\"name\":\"Alte Beitr\u00e4ge\",\"item\":\"https:\/\/www.tafeldeko.de\/news\/alte-beitraege\/\"},{\"@type\":\"ListItem\",\"position\":3,\"name\":\"Tischdeko - Blog\",\"item\":\"https:\/\/www.tafeldeko.de\/news\/alte-beitraege\/tischdeko-blog\/\"},{\"@type\":\"ListItem\",\"position\":4,\"name\":\"Maritime Sommertischdeko \u2013 Sommerfeeling pur\"}]},{\"@type\":\"WebSite\",\"@id\":\"https:\/\/www.tafeldeko.de\/news\/#website\",\"url\":\"https:\/\/www.tafeldeko.de\/news\/\",\"name\":\"Tafeldeko\",\"description\":\"Blog mit Tischdeko und Tischdekoration Ideen\",\"potentialAction\":[{\"@type\":\"SearchAction\",\"target\":{\"@type\":\"EntryPoint\",\"urlTemplate\":\"https:\/\/www.tafeldeko.de\/news\/?s={search_term_string}\"},\"query-input\":\"required name=search_term_string\"}],\"inLanguage\":\"de-DE\"},{\"@type\":\"Person\",\"@id\":\"https:\/\/www.tafeldeko.de\/news\/#\/schema\/person\/dc309fbb6a3e380919fc08342c3cc233\",\"name\":\"Tafeldeko Deko Team\",\"image\":{\"@type\":\"ImageObject\",\"inLanguage\":\"de-DE\",\"@id\":\"https:\/\/www.tafeldeko.de\/news\/#\/schema\/person\/image\/\",\"url\":\"https:\/\/secure.gravatar.com\/avatar\/1e962f4040dc9996f0d200db31598854?s=96&d=mm&r=g\",\"contentUrl\":\"https:\/\/secure.gravatar.com\/avatar\/1e962f4040dc9996f0d200db31598854?s=96&d=mm&r=g\",\"caption\":\"Tafeldeko Deko Team\"}}]}<\/script>\n<!-- \/ Yoast SEO plugin. -->","yoast_head_json":{"title":"Maritime Sommertischdeko \u2013 Sommerfeeling pur - Tafeldeko","description":"So zeigt sich Ihre maritime Sommertischdeko von ihrer \u00e4u\u00dferst dekorativen Seite und Elemente wie Muscheln erg\u00e4nzen die Tischdeko auf tolle Weise.","robots":{"index":"index","follow":"follow","max-snippet":"max-snippet:-1","max-image-preview":"max-image-preview:large","max-video-preview":"max-video-preview:-1"},"canonical":"https:\/\/www.tafeldeko.de\/news\/maritime-sommertischdeko-sommerfeeling-pur\/","og_locale":"de_DE","og_type":"article","og_title":"Maritime Sommertischdeko \u2013 Sommerfeeling pur - Tafeldeko","og_description":"So zeigt sich Ihre maritime Sommertischdeko von ihrer \u00e4u\u00dferst dekorativen Seite und Elemente wie Muscheln erg\u00e4nzen die Tischdeko auf tolle Weise.","og_url":"https:\/\/www.tafeldeko.de\/news\/maritime-sommertischdeko-sommerfeeling-pur\/","og_site_name":"Tafeldeko","article_publisher":"https:\/\/www.facebook.com\/pages\/Tafeldeko-einzigartige-Tischdekoration\/174202655894","article_published_time":"2016-06-06T04:48:52+00:00","article_modified_time":"2022-11-09T08:44:37+00:00","og_image":[{"width":828,"height":530,"url":"https:\/\/www.tafeldeko.de\/news\/wp-content\/uploads\/2016\/06\/Maritime-Tischdeko-sommer.png","type":"image\/png"}],"author":"Tafeldeko Deko Team","twitter_misc":{"Verfasst von":"Tafeldeko Deko Team","Gesch\u00e4tzte Lesezeit":"2 Minuten"},"schema":{"@context":"https:\/\/schema.org","@graph":[{"@type":"WebPage","@id":"https:\/\/www.tafeldeko.de\/news\/maritime-sommertischdeko-sommerfeeling-pur\/","url":"https:\/\/www.tafeldeko.de\/news\/maritime-sommertischdeko-sommerfeeling-pur\/","name":"Maritime Sommertischdeko \u2013 Sommerfeeling pur - Tafeldeko","isPartOf":{"@id":"https:\/\/www.tafeldeko.de\/news\/#website"},"datePublished":"2016-06-06T04:48:52+00:00","dateModified":"2022-11-09T08:44:37+00:00","author":{"@id":"https:\/\/www.tafeldeko.de\/news\/#\/schema\/person\/dc309fbb6a3e380919fc08342c3cc233"},"description":"So zeigt sich Ihre maritime Sommertischdeko von ihrer \u00e4u\u00dferst dekorativen Seite und Elemente wie Muscheln erg\u00e4nzen die Tischdeko auf tolle Weise.","breadcrumb":{"@id":"https:\/\/www.tafeldeko.de\/news\/maritime-sommertischdeko-sommerfeeling-pur\/#breadcrumb"},"inLanguage":"de-DE","potentialAction":[{"@type":"ReadAction","target":["https:\/\/www.tafeldeko.de\/news\/maritime-sommertischdeko-sommerfeeling-pur\/"]}]},{"@type":"BreadcrumbList","@id":"https:\/\/www.tafeldeko.de\/news\/maritime-sommertischdeko-sommerfeeling-pur\/#breadcrumb","itemListElement":[{"@type":"ListItem","position":1,"name":"Tafeldeko","item":"https:\/\/www.tafeldeko.de\/news\/"},{"@type":"ListItem","position":2,"name":"Alte Beitr\u00e4ge","item":"https:\/\/www.tafeldeko.de\/news\/alte-beitraege\/"},{"@type":"ListItem","position":3,"name":"Tischdeko - Blog","item":"https:\/\/www.tafeldeko.de\/news\/alte-beitraege\/tischdeko-blog\/"},{"@type":"ListItem","position":4,"name":"Maritime Sommertischdeko \u2013 Sommerfeeling pur"}]},{"@type":"WebSite","@id":"https:\/\/www.tafeldeko.de\/news\/#website","url":"https:\/\/www.tafeldeko.de\/news\/","name":"Tafeldeko","description":"Blog mit Tischdeko und Tischdekoration Ideen","potentialAction":[{"@type":"SearchAction","target":{"@type":"EntryPoint","urlTemplate":"https:\/\/www.tafeldeko.de\/news\/?s={search_term_string}"},"query-input":"required name=search_term_string"}],"inLanguage":"de-DE"},{"@type":"Person","@id":"https:\/\/www.tafeldeko.de\/news\/#\/schema\/person\/dc309fbb6a3e380919fc08342c3cc233","name":"Tafeldeko Deko Team","image":{"@type":"ImageObject","inLanguage":"de-DE","@id":"https:\/\/www.tafeldeko.de\/news\/#\/schema\/person\/image\/","url":"https:\/\/secure.gravatar.com\/avatar\/1e962f4040dc9996f0d200db31598854?s=96&d=mm&r=g","contentUrl":"https:\/\/secure.gravatar.com\/avatar\/1e962f4040dc9996f0d200db31598854?s=96&d=mm&r=g","caption":"Tafeldeko Deko Team"}}]}},"_links":{"self":[{"href":"https:\/\/www.tafeldeko.de\/news\/wp-json\/wp\/v2\/posts\/7250"}],"collection":[{"href":"https:\/\/www.tafeldeko.de\/news\/wp-json\/wp\/v2\/posts"}],"about":[{"href":"https:\/\/www.tafeldeko.de\/news\/wp-json\/wp\/v2\/types\/post"}],"author":[{"embeddable":true,"href":"https:\/\/www.tafeldeko.de\/news\/wp-json\/wp\/v2\/users\/6"}],"replies":[{"embeddable":true,"href":"https:\/\/www.tafeldeko.de\/news\/wp-json\/wp\/v2\/comments?post=7250"}],"version-history":[{"count":26,"href":"https:\/\/www.tafeldeko.de\/news\/wp-json\/wp\/v2\/posts\/7250\/revisions"}],"predecessor-version":[{"id":20757,"href":"https:\/\/www.tafeldeko.de\/news\/wp-json\/wp\/v2\/posts\/7250\/revisions\/20757"}],"wp:featuredmedia":[{"embeddable":true,"href":"https:\/\/www.tafeldeko.de\/news\/wp-json\/wp\/v2\/media\/16790"}],"wp:attachment":[{"href":"https:\/\/www.tafeldeko.de\/news\/wp-json\/wp\/v2\/media?parent=7250"}],"wp:term":[{"taxonomy":"category","embeddable":true,"href":"https:\/\/www.tafeldeko.de\/news\/wp-json\/wp\/v2\/categories?post=7250"},{"taxonomy":"post_tag","embeddable":true,"href":"https:\/\/www.tafeldeko.de\/news\/wp-json\/wp\/v2\/tags?post=7250"}],"curies":[{"name":"wp","href":"https:\/\/api.w.org\/{rel}","templated":true}]}}