{"id":7240,"date":"2016-05-31T16:20:31","date_gmt":"2016-05-31T14:20:31","guid":{"rendered":"http:\/\/www.tafeldeko.de\/news\/?p=7240"},"modified":"2022-11-09T09:53:57","modified_gmt":"2022-11-09T08:53:57","slug":"tischdeko-sommer-schoene-motive-und-farben","status":"publish","type":"post","link":"https:\/\/www.tafeldeko.de\/news\/tischdeko-sommer-schoene-motive-und-farben\/","title":{"rendered":"Tischdeko Sommer \u2013 sch\u00f6ne Motive und Farben"},"content":{"rendered":"<p>F\u00fcr die Tischdeko Sommer sch\u00f6ne Motive bedarf es besonderer Accessoires \u2013 farbenfroh, bunt und ausdrucksstark sollten sie sein. Die Accessoires sollten Sommer, Sonne, gute Laune und Partystimmung<br \/>miteinander vereinen und bei den G\u00e4sten die Vorfreude auf die Sommerparty wecken. Sei es nur die <strong>Einladung zum Grillabend <\/strong>\u2013 ein sch\u00f6ner Abend mit Freunden hat was und ist bei allen beliebt. Es<br \/>ist doch auch wundersch\u00f6n, drau\u00dfen auf der Terrasse, dem Balkon oder im Garten zu sitzen, sich zu unterhalten, k\u00f6stliche Leckereien zu genie\u00dfen und einfach zu entspannen.<\/p>\n<p>\t\t\t\t\t\t\t\t\t\t\t\t<img decoding=\"async\" width=\"250\" height=\"170\" src=\"https:\/\/www.tafeldeko.de\/news\/wp-content\/uploads\/2016\/05\/duni_ann.jpg\" alt=\"Tischdeko Sommer\" loading=\"lazy\" \/>\t\t\t\t\t\t\t\t\t\t\t\t\t\t<\/p>\n<h2>Die Tischdeko Sommer sch\u00f6ne Motive \u2013 wir haben sie<\/h2>\n<p>Wir haben alles, was Sie f\u00fcr die sch\u00f6ne, ausdrucksstarke, besondere und extravagante <a href=\"https:\/\/www.tafeldeko.de\" target=\"_blank\" rel=\"noopener\"><strong>Tischdeko<\/strong> <\/a>Sommer ben\u00f6tigen. Lassen Sie sich von den verschiedenen Accessoires, die Sie in unserem Shop online bestellen k\u00f6nnen, inspirieren. Wir haben alles f\u00fcr Ihre Sommerdeko: von der Tischdecke \u00fcber die Tischsets bis hin zu den Windlichtern und Gartenfackeln.<br \/>Auch wenn Sie nicht ganz so \u00fcppig wie im Innenbereich dekorieren k\u00f6nnen, weil die Deko dem Windhauch standhalten muss \u2013 die Tischdeko Sommer im <strong>Au\u00dfenbereich<\/strong> kann genauso sch\u00f6n aussehen.<br \/>Eine tolle M\u00f6glichkeit, f\u00fcr eine farbenfrohe Basis zu sorgen, bietet Ihnen die Duni-Serie Ann-Margret Green. Bei dieser Serie haben Sie zwei Motive zur Auswahl \u2013 einmal im Streifendesign und einmal mit Blumen als Motiv. Beide verk\u00f6rpern den Sommer und \u00fcberzeugen durch ihre tollen Farben. Wobei die <strong>Ann-Margret Green-Accessoires<\/strong> im Streifendesign noch etwas farbenfroher sind und sich hervorragend im Au\u00dfenbereich machen. Die <strong>Tischsets<\/strong> in Kombination mit den Servietten Ann-Margret Green passen wunderbar und setzen den ersten Effekt an den Sitzpl\u00e4tzen der G\u00e4ste. Damit hier schon nichts wegfliegt, arrangieren Sie am Besten direkt die Teller auf den Tischsets. Die Servietten k\u00f6nnen Sie entweder mit dem Besteck \u201ebeschweren\u201c oder mit dem Besteck \u201eeinrollen\u201c und in einem Glas arrangieren. Als farbliches Highlight empfehlen wir Ihnen die Duni Kerzenhalter Scacchi gefrostet in vier Farben. Hier k\u00f6nnen Sie auch zu verschiedenen Farben greifen, so dass eine bunt-sommerliche Tischdeko entsteht.<br \/>Wir w\u00fcnschen Ihnen viel Spa\u00df mit Ihrer Tischdeko Sommer und viele <strong>laue Sommerabende<\/strong> im Freien.<\/p>\n<h2>Weitere Beitr\u00e4ge:<\/h2>\n<h2>Duni-Sommerkollektion<\/h2>\n<p>\t\t\t\t\t<a href=\"https:\/\/www.tafeldeko.de\/duni-sommerserie\/\"><br \/>\n\t\t\t\t\t\tJetzt entdecken!\t\t\t\t\t<\/a><\/p>\n","protected":false},"excerpt":{"rendered":"<p>F\u00fcr die Tischdeko Sommer sch\u00f6ne Motive bedarf es besonderer Accessoires \u2013 farbenfroh, bunt und ausdrucksstark sollten sie sein. Die Accessoires sollten Sommer, Sonne, gute Laune und Partystimmungmiteinander vereinen und bei den G\u00e4sten die Vorfreude auf die Sommerparty wecken. Sei es nur die Einladung zum Grillabend \u2013 ein sch\u00f6ner Abend mit Freunden hat was und ist [&hellip;]<\/p>\n","protected":false},"author":6,"featured_media":7241,"comment_status":"closed","ping_status":"closed","sticky":false,"template":"","format":"standard","meta":{"footnotes":""},"categories":[1],"tags":[],"yoast_head":"<!-- This site is optimized with the Yoast SEO plugin v20.4 - https:\/\/yoast.com\/wordpress\/plugins\/seo\/ -->\n<title>Tischdeko Sommer \u2013 sch\u00f6ne Motive und Farben - Tafeldeko<\/title>\n<meta name=\"description\" content=\"F\u00fcr die Tischdeko Sommer sch\u00f6ne Motive bedarf es besonderer Accessoires \u2013 farbenfroh, bunt und ausdrucksstark sollten sie sein...\" \/>\n<meta name=\"robots\" content=\"index, follow, max-snippet:-1, max-image-preview:large, max-video-preview:-1\" \/>\n<link rel=\"canonical\" href=\"https:\/\/www.tafeldeko.de\/news\/tischdeko-sommer-schoene-motive-und-farben\/\" \/>\n<meta property=\"og:locale\" content=\"de_DE\" \/>\n<meta property=\"og:type\" content=\"article\" \/>\n<meta property=\"og:title\" content=\"Tischdeko Sommer \u2013 sch\u00f6ne Motive und Farben - Tafeldeko\" \/>\n<meta property=\"og:description\" content=\"F\u00fcr die Tischdeko Sommer sch\u00f6ne Motive bedarf es besonderer Accessoires \u2013 farbenfroh, bunt und ausdrucksstark sollten sie sein...\" \/>\n<meta property=\"og:url\" content=\"https:\/\/www.tafeldeko.de\/news\/tischdeko-sommer-schoene-motive-und-farben\/\" \/>\n<meta property=\"og:site_name\" content=\"Tafeldeko\" \/>\n<meta property=\"article:publisher\" content=\"https:\/\/www.facebook.com\/pages\/Tafeldeko-einzigartige-Tischdekoration\/174202655894\" \/>\n<meta property=\"article:published_time\" content=\"2016-05-31T14:20:31+00:00\" \/>\n<meta property=\"article:modified_time\" content=\"2022-11-09T08:53:57+00:00\" \/>\n<meta property=\"og:image\" content=\"https:\/\/www.tafeldeko.de\/news\/wp-content\/uploads\/2016\/05\/duni_ann.jpg\" \/>\n\t<meta property=\"og:image:width\" content=\"250\" \/>\n\t<meta property=\"og:image:height\" content=\"170\" \/>\n\t<meta property=\"og:image:type\" content=\"image\/jpeg\" \/>\n<meta name=\"author\" content=\"Tafeldeko Deko Team\" \/>\n<meta name=\"twitter:label1\" content=\"Verfasst von\" \/>\n\t<meta name=\"twitter:data1\" content=\"Tafeldeko Deko Team\" \/>\n\t<meta name=\"twitter:label2\" content=\"Gesch\u00e4tzte Lesezeit\" \/>\n\t<meta name=\"twitter:data2\" content=\"4 Minuten\" \/>\n<script type=\"application\/ld+json\" class=\"yoast-schema-graph\">{\"@context\":\"https:\/\/schema.org\",\"@graph\":[{\"@type\":\"WebPage\",\"@id\":\"https:\/\/www.tafeldeko.de\/news\/tischdeko-sommer-schoene-motive-und-farben\/\",\"url\":\"https:\/\/www.tafeldeko.de\/news\/tischdeko-sommer-schoene-motive-und-farben\/\",\"name\":\"Tischdeko Sommer \u2013 sch\u00f6ne Motive und Farben - Tafeldeko\",\"isPartOf\":{\"@id\":\"https:\/\/www.tafeldeko.de\/news\/#website\"},\"datePublished\":\"2016-05-31T14:20:31+00:00\",\"dateModified\":\"2022-11-09T08:53:57+00:00\",\"author\":{\"@id\":\"https:\/\/www.tafeldeko.de\/news\/#\/schema\/person\/dc309fbb6a3e380919fc08342c3cc233\"},\"description\":\"F\u00fcr die Tischdeko Sommer sch\u00f6ne Motive bedarf es besonderer Accessoires \u2013 farbenfroh, bunt und ausdrucksstark sollten sie sein...\",\"breadcrumb\":{\"@id\":\"https:\/\/www.tafeldeko.de\/news\/tischdeko-sommer-schoene-motive-und-farben\/#breadcrumb\"},\"inLanguage\":\"de-DE\",\"potentialAction\":[{\"@type\":\"ReadAction\",\"target\":[\"https:\/\/www.tafeldeko.de\/news\/tischdeko-sommer-schoene-motive-und-farben\/\"]}]},{\"@type\":\"BreadcrumbList\",\"@id\":\"https:\/\/www.tafeldeko.de\/news\/tischdeko-sommer-schoene-motive-und-farben\/#breadcrumb\",\"itemListElement\":[{\"@type\":\"ListItem\",\"position\":1,\"name\":\"Tafeldeko\",\"item\":\"https:\/\/www.tafeldeko.de\/news\/\"},{\"@type\":\"ListItem\",\"position\":2,\"name\":\"Alte Beitr\u00e4ge\",\"item\":\"https:\/\/www.tafeldeko.de\/news\/alte-beitraege\/\"},{\"@type\":\"ListItem\",\"position\":3,\"name\":\"Tischdeko - Blog\",\"item\":\"https:\/\/www.tafeldeko.de\/news\/alte-beitraege\/tischdeko-blog\/\"},{\"@type\":\"ListItem\",\"position\":4,\"name\":\"Tischdeko Sommer \u2013 sch\u00f6ne Motive und Farben\"}]},{\"@type\":\"WebSite\",\"@id\":\"https:\/\/www.tafeldeko.de\/news\/#website\",\"url\":\"https:\/\/www.tafeldeko.de\/news\/\",\"name\":\"Tafeldeko\",\"description\":\"Blog mit Tischdeko und Tischdekoration Ideen\",\"potentialAction\":[{\"@type\":\"SearchAction\",\"target\":{\"@type\":\"EntryPoint\",\"urlTemplate\":\"https:\/\/www.tafeldeko.de\/news\/?s={search_term_string}\"},\"query-input\":\"required name=search_term_string\"}],\"inLanguage\":\"de-DE\"},{\"@type\":\"Person\",\"@id\":\"https:\/\/www.tafeldeko.de\/news\/#\/schema\/person\/dc309fbb6a3e380919fc08342c3cc233\",\"name\":\"Tafeldeko Deko Team\",\"image\":{\"@type\":\"ImageObject\",\"inLanguage\":\"de-DE\",\"@id\":\"https:\/\/www.tafeldeko.de\/news\/#\/schema\/person\/image\/\",\"url\":\"https:\/\/secure.gravatar.com\/avatar\/1e962f4040dc9996f0d200db31598854?s=96&d=mm&r=g\",\"contentUrl\":\"https:\/\/secure.gravatar.com\/avatar\/1e962f4040dc9996f0d200db31598854?s=96&d=mm&r=g\",\"caption\":\"Tafeldeko Deko Team\"}}]}<\/script>\n<!-- \/ Yoast SEO plugin. -->","yoast_head_json":{"title":"Tischdeko Sommer \u2013 sch\u00f6ne Motive und Farben - Tafeldeko","description":"F\u00fcr die Tischdeko Sommer sch\u00f6ne Motive bedarf es besonderer Accessoires \u2013 farbenfroh, bunt und ausdrucksstark sollten sie sein...","robots":{"index":"index","follow":"follow","max-snippet":"max-snippet:-1","max-image-preview":"max-image-preview:large","max-video-preview":"max-video-preview:-1"},"canonical":"https:\/\/www.tafeldeko.de\/news\/tischdeko-sommer-schoene-motive-und-farben\/","og_locale":"de_DE","og_type":"article","og_title":"Tischdeko Sommer \u2013 sch\u00f6ne Motive und Farben - Tafeldeko","og_description":"F\u00fcr die Tischdeko Sommer sch\u00f6ne Motive bedarf es besonderer Accessoires \u2013 farbenfroh, bunt und ausdrucksstark sollten sie sein...","og_url":"https:\/\/www.tafeldeko.de\/news\/tischdeko-sommer-schoene-motive-und-farben\/","og_site_name":"Tafeldeko","article_publisher":"https:\/\/www.facebook.com\/pages\/Tafeldeko-einzigartige-Tischdekoration\/174202655894","article_published_time":"2016-05-31T14:20:31+00:00","article_modified_time":"2022-11-09T08:53:57+00:00","og_image":[{"width":250,"height":170,"url":"https:\/\/www.tafeldeko.de\/news\/wp-content\/uploads\/2016\/05\/duni_ann.jpg","type":"image\/jpeg"}],"author":"Tafeldeko Deko Team","twitter_misc":{"Verfasst von":"Tafeldeko Deko Team","Gesch\u00e4tzte Lesezeit":"4 Minuten"},"schema":{"@context":"https:\/\/schema.org","@graph":[{"@type":"WebPage","@id":"https:\/\/www.tafeldeko.de\/news\/tischdeko-sommer-schoene-motive-und-farben\/","url":"https:\/\/www.tafeldeko.de\/news\/tischdeko-sommer-schoene-motive-und-farben\/","name":"Tischdeko Sommer \u2013 sch\u00f6ne Motive und Farben - Tafeldeko","isPartOf":{"@id":"https:\/\/www.tafeldeko.de\/news\/#website"},"datePublished":"2016-05-31T14:20:31+00:00","dateModified":"2022-11-09T08:53:57+00:00","author":{"@id":"https:\/\/www.tafeldeko.de\/news\/#\/schema\/person\/dc309fbb6a3e380919fc08342c3cc233"},"description":"F\u00fcr die Tischdeko Sommer sch\u00f6ne Motive bedarf es besonderer Accessoires \u2013 farbenfroh, bunt und ausdrucksstark sollten sie sein...","breadcrumb":{"@id":"https:\/\/www.tafeldeko.de\/news\/tischdeko-sommer-schoene-motive-und-farben\/#breadcrumb"},"inLanguage":"de-DE","potentialAction":[{"@type":"ReadAction","target":["https:\/\/www.tafeldeko.de\/news\/tischdeko-sommer-schoene-motive-und-farben\/"]}]},{"@type":"BreadcrumbList","@id":"https:\/\/www.tafeldeko.de\/news\/tischdeko-sommer-schoene-motive-und-farben\/#breadcrumb","itemListElement":[{"@type":"ListItem","position":1,"name":"Tafeldeko","item":"https:\/\/www.tafeldeko.de\/news\/"},{"@type":"ListItem","position":2,"name":"Alte Beitr\u00e4ge","item":"https:\/\/www.tafeldeko.de\/news\/alte-beitraege\/"},{"@type":"ListItem","position":3,"name":"Tischdeko - Blog","item":"https:\/\/www.tafeldeko.de\/news\/alte-beitraege\/tischdeko-blog\/"},{"@type":"ListItem","position":4,"name":"Tischdeko Sommer \u2013 sch\u00f6ne Motive und Farben"}]},{"@type":"WebSite","@id":"https:\/\/www.tafeldeko.de\/news\/#website","url":"https:\/\/www.tafeldeko.de\/news\/","name":"Tafeldeko","description":"Blog mit Tischdeko und Tischdekoration Ideen","potentialAction":[{"@type":"SearchAction","target":{"@type":"EntryPoint","urlTemplate":"https:\/\/www.tafeldeko.de\/news\/?s={search_term_string}"},"query-input":"required name=search_term_string"}],"inLanguage":"de-DE"},{"@type":"Person","@id":"https:\/\/www.tafeldeko.de\/news\/#\/schema\/person\/dc309fbb6a3e380919fc08342c3cc233","name":"Tafeldeko Deko Team","image":{"@type":"ImageObject","inLanguage":"de-DE","@id":"https:\/\/www.tafeldeko.de\/news\/#\/schema\/person\/image\/","url":"https:\/\/secure.gravatar.com\/avatar\/1e962f4040dc9996f0d200db31598854?s=96&d=mm&r=g","contentUrl":"https:\/\/secure.gravatar.com\/avatar\/1e962f4040dc9996f0d200db31598854?s=96&d=mm&r=g","caption":"Tafeldeko Deko Team"}}]}},"_links":{"self":[{"href":"https:\/\/www.tafeldeko.de\/news\/wp-json\/wp\/v2\/posts\/7240"}],"collection":[{"href":"https:\/\/www.tafeldeko.de\/news\/wp-json\/wp\/v2\/posts"}],"about":[{"href":"https:\/\/www.tafeldeko.de\/news\/wp-json\/wp\/v2\/types\/post"}],"author":[{"embeddable":true,"href":"https:\/\/www.tafeldeko.de\/news\/wp-json\/wp\/v2\/users\/6"}],"replies":[{"embeddable":true,"href":"https:\/\/www.tafeldeko.de\/news\/wp-json\/wp\/v2\/comments?post=7240"}],"version-history":[{"count":8,"href":"https:\/\/www.tafeldeko.de\/news\/wp-json\/wp\/v2\/posts\/7240\/revisions"}],"predecessor-version":[{"id":20771,"href":"https:\/\/www.tafeldeko.de\/news\/wp-json\/wp\/v2\/posts\/7240\/revisions\/20771"}],"wp:featuredmedia":[{"embeddable":true,"href":"https:\/\/www.tafeldeko.de\/news\/wp-json\/wp\/v2\/media\/7241"}],"wp:attachment":[{"href":"https:\/\/www.tafeldeko.de\/news\/wp-json\/wp\/v2\/media?parent=7240"}],"wp:term":[{"taxonomy":"category","embeddable":true,"href":"https:\/\/www.tafeldeko.de\/news\/wp-json\/wp\/v2\/categories?post=7240"},{"taxonomy":"post_tag","embeddable":true,"href":"https:\/\/www.tafeldeko.de\/news\/wp-json\/wp\/v2\/tags?post=7240"}],"curies":[{"name":"wp","href":"https:\/\/api.w.org\/{rel}","templated":true}]}}