{"id":7237,"date":"2016-05-27T15:22:01","date_gmt":"2016-05-27T13:22:01","guid":{"rendered":"http:\/\/www.tafeldeko.de\/news\/?p=7237"},"modified":"2022-11-09T10:12:00","modified_gmt":"2022-11-09T09:12:00","slug":"taufe-tischdeko-in-hellblau-und-grau","status":"publish","type":"post","link":"https:\/\/www.tafeldeko.de\/news\/taufe-tischdeko-in-hellblau-und-grau\/","title":{"rendered":"Taufe Tischdeko in Hellblau und Grau"},"content":{"rendered":"<p>Besondere Momente bed\u00fcrfen einer besonderen Feier, so auch die Taufe, die mit einer atemberaubenden <strong>Taufe Tischdeko<\/strong> in Hellbau und Grau ihre tolle Basis erh\u00e4lt. Meist wird die Taufe im kleinen Kreis gefeiert, mit den engsten Familienmitgliedern und nat\u00fcrlich den Paten des Taufkindes.<br \/>\nIm Anschluss an die <strong>Taufzeremonie<\/strong> findet die Tauffeier statt &#8211; meistens wird aufgrund der \u00fcberschaubaren G\u00e4stezahl, zu Hause gefeiert. Ein weiterer Grund, die Taufe zu Hause zu feiern, ist der, dass man das Baby einfach zum Schlafen ins Bettchen legen kann und man gem\u00fctlich zusammensitzt.<\/p>\n<p><img decoding=\"async\" loading=\"lazy\" src=\"https:\/\/www.tafeldeko.de\/news\/wp-content\/uploads\/2016\/05\/taufe_hellblau_grau.jpg\" sizes=\"(max-width: 800px) 100vw, 800px\" srcset=\"https:\/\/www.tafeldeko.de\/news\/wp-content\/uploads\/2016\/05\/taufe_hellblau_grau.jpg 1000w, https:\/\/www.tafeldeko.de\/news\/wp-content\/uploads\/2016\/05\/taufe_hellblau_grau-300x210.jpg 300w, https:\/\/www.tafeldeko.de\/news\/wp-content\/uploads\/2016\/05\/taufe_hellblau_grau-768x538.jpg 768w, https:\/\/www.tafeldeko.de\/news\/wp-content\/uploads\/2016\/05\/taufe_hellblau_grau-624x437.jpg 624w\" alt=\"Taufe Tischdeko\" width=\"800\" height=\"560\" \/><\/p>\n<h2>Die Taufe Tischdeko in Hellblau und Grau \u2013 eine wundervolle Basis<\/h2>\n<p>Um es sich als Gastgeber relativ einfach zu machen, wird bei einem Partyservice ein Men\u00fc oder ein kleines Buffet bestellt. Damit sich alle wohlf\u00fchlen und die Atmosph\u00e4re auch feierlich ist, geh\u00f6rt nat\u00fcrlich eine sch\u00f6ne Tischdeko zum Fest. Zur klassischen und fr\u00fcher oftmals gew\u00e4hlten Variante \u2013 hellblau f\u00fcr Jungs, rosa f\u00fcr M\u00e4dchen \u2013 wird heute eher selten gegriffen. Au\u00dfer, wie hier auf unserem Mustertisch, eine Kombination mit Hellblau und Grau. Dieser <strong>Farbmix<\/strong> wirkt sehr edel und haucht der klassischen Variante etwas \u201eMut zur Farbe\u201c ein. Tolle Accessoires, passend zur Taufe, runden das Gesamtbild der <a href=\"https:\/\/www.tafeldeko.de\" target=\"_blank\" rel=\"noopener\"><strong>Tischdeko<\/strong><\/a> perfekt ab. Auch in der Auswahl der Servietten wiederholen sich die Motive. Damit das Blau in der Taufe Tischdeko nicht zu sehr \u00fcberwiegt, werden noch einige Accessoires in Grau auf dem Tisch arrangiert.<br \/>\nDer <strong>Mustertisch <\/strong>zeigt, wie man auf recht einfache Weise einen sch\u00f6n dekorierten Tisch kreieren kann. Und gerade der Tisch zur Taufe darf sich sehr kindlich pr\u00e4sentieren, denn hier steht ein Kind, meist ein Baby, im Vordergrund. Und wenn vielen die klassische Hellblau-Variante zu langweilig erscheint, diese Kombination in Hellblau und Grau wird Sie bestimmt \u00fcberzeugen.<\/p>\n<h2>Weitere Beitr\u00e4ge:<\/h2>\n<h2>Dekoartikel von A-Z<\/h2>\n<p><a href=\"https:\/\/www.tafeldeko.de\/tischdeko-artikel\/\"><br \/>\nJetzt entdecken <\/a><\/p>\n","protected":false},"excerpt":{"rendered":"<p>Besondere Momente bed\u00fcrfen einer besonderen Feier, so auch die Taufe, die mit einer atemberaubenden Taufe Tischdeko in Hellbau und Grau ihre tolle Basis erh\u00e4lt. Meist wird die Taufe im kleinen Kreis gefeiert, mit den engsten Familienmitgliedern und nat\u00fcrlich den Paten des Taufkindes. Im Anschluss an die Taufzeremonie findet die Tauffeier statt &#8211; meistens wird aufgrund [&hellip;]<\/p>\n","protected":false},"author":6,"featured_media":7238,"comment_status":"closed","ping_status":"closed","sticky":false,"template":"","format":"standard","meta":{"footnotes":""},"categories":[1],"tags":[],"yoast_head":"<!-- This site is optimized with the Yoast SEO plugin v20.4 - https:\/\/yoast.com\/wordpress\/plugins\/seo\/ -->\n<title>Taufe Tischdeko in Hellblau und Grau - Tafeldeko<\/title>\n<meta name=\"description\" content=\"Damit sich alle G\u00e4ste wohlf\u00fchlen geh\u00f6rt nat\u00fcrlich eine sch\u00f6ne Taufe Tischdeko in Hellblau und Grau zum Fest dazu. Ideen finden Sie hier...\" \/>\n<meta name=\"robots\" content=\"index, follow, max-snippet:-1, max-image-preview:large, max-video-preview:-1\" \/>\n<link rel=\"canonical\" href=\"https:\/\/www.tafeldeko.de\/news\/taufe-tischdeko-in-hellblau-und-grau\/\" \/>\n<meta property=\"og:locale\" content=\"de_DE\" \/>\n<meta property=\"og:type\" content=\"article\" \/>\n<meta property=\"og:title\" content=\"Taufe Tischdeko in Hellblau und Grau - Tafeldeko\" \/>\n<meta property=\"og:description\" content=\"Damit sich alle G\u00e4ste wohlf\u00fchlen geh\u00f6rt nat\u00fcrlich eine sch\u00f6ne Taufe Tischdeko in Hellblau und Grau zum Fest dazu. Ideen finden Sie hier...\" \/>\n<meta property=\"og:url\" content=\"https:\/\/www.tafeldeko.de\/news\/taufe-tischdeko-in-hellblau-und-grau\/\" \/>\n<meta property=\"og:site_name\" content=\"Tafeldeko\" \/>\n<meta property=\"article:publisher\" content=\"https:\/\/www.facebook.com\/pages\/Tafeldeko-einzigartige-Tischdekoration\/174202655894\" \/>\n<meta property=\"article:published_time\" content=\"2016-05-27T13:22:01+00:00\" \/>\n<meta property=\"article:modified_time\" content=\"2022-11-09T09:12:00+00:00\" \/>\n<meta property=\"og:image\" content=\"https:\/\/www.tafeldeko.de\/news\/wp-content\/uploads\/2016\/05\/taufe_hellblau_grau.jpg\" \/>\n\t<meta property=\"og:image:width\" content=\"1000\" \/>\n\t<meta property=\"og:image:height\" content=\"700\" \/>\n\t<meta property=\"og:image:type\" content=\"image\/jpeg\" \/>\n<meta name=\"author\" content=\"Tafeldeko Deko Team\" \/>\n<meta name=\"twitter:label1\" content=\"Verfasst von\" \/>\n\t<meta name=\"twitter:data1\" content=\"Tafeldeko Deko Team\" \/>\n\t<meta name=\"twitter:label2\" content=\"Gesch\u00e4tzte Lesezeit\" \/>\n\t<meta name=\"twitter:data2\" content=\"2 Minuten\" \/>\n<script type=\"application\/ld+json\" class=\"yoast-schema-graph\">{\"@context\":\"https:\/\/schema.org\",\"@graph\":[{\"@type\":\"WebPage\",\"@id\":\"https:\/\/www.tafeldeko.de\/news\/taufe-tischdeko-in-hellblau-und-grau\/\",\"url\":\"https:\/\/www.tafeldeko.de\/news\/taufe-tischdeko-in-hellblau-und-grau\/\",\"name\":\"Taufe Tischdeko in Hellblau und Grau - Tafeldeko\",\"isPartOf\":{\"@id\":\"https:\/\/www.tafeldeko.de\/news\/#website\"},\"datePublished\":\"2016-05-27T13:22:01+00:00\",\"dateModified\":\"2022-11-09T09:12:00+00:00\",\"author\":{\"@id\":\"https:\/\/www.tafeldeko.de\/news\/#\/schema\/person\/dc309fbb6a3e380919fc08342c3cc233\"},\"description\":\"Damit sich alle G\u00e4ste wohlf\u00fchlen geh\u00f6rt nat\u00fcrlich eine sch\u00f6ne Taufe Tischdeko in Hellblau und Grau zum Fest dazu. Ideen finden Sie hier...\",\"breadcrumb\":{\"@id\":\"https:\/\/www.tafeldeko.de\/news\/taufe-tischdeko-in-hellblau-und-grau\/#breadcrumb\"},\"inLanguage\":\"de-DE\",\"potentialAction\":[{\"@type\":\"ReadAction\",\"target\":[\"https:\/\/www.tafeldeko.de\/news\/taufe-tischdeko-in-hellblau-und-grau\/\"]}]},{\"@type\":\"BreadcrumbList\",\"@id\":\"https:\/\/www.tafeldeko.de\/news\/taufe-tischdeko-in-hellblau-und-grau\/#breadcrumb\",\"itemListElement\":[{\"@type\":\"ListItem\",\"position\":1,\"name\":\"Tafeldeko\",\"item\":\"https:\/\/www.tafeldeko.de\/news\/\"},{\"@type\":\"ListItem\",\"position\":2,\"name\":\"Alte Beitr\u00e4ge\",\"item\":\"https:\/\/www.tafeldeko.de\/news\/alte-beitraege\/\"},{\"@type\":\"ListItem\",\"position\":3,\"name\":\"Tischdeko - Blog\",\"item\":\"https:\/\/www.tafeldeko.de\/news\/alte-beitraege\/tischdeko-blog\/\"},{\"@type\":\"ListItem\",\"position\":4,\"name\":\"Taufe Tischdeko in Hellblau und Grau\"}]},{\"@type\":\"WebSite\",\"@id\":\"https:\/\/www.tafeldeko.de\/news\/#website\",\"url\":\"https:\/\/www.tafeldeko.de\/news\/\",\"name\":\"Tafeldeko\",\"description\":\"Blog mit Tischdeko und Tischdekoration Ideen\",\"potentialAction\":[{\"@type\":\"SearchAction\",\"target\":{\"@type\":\"EntryPoint\",\"urlTemplate\":\"https:\/\/www.tafeldeko.de\/news\/?s={search_term_string}\"},\"query-input\":\"required name=search_term_string\"}],\"inLanguage\":\"de-DE\"},{\"@type\":\"Person\",\"@id\":\"https:\/\/www.tafeldeko.de\/news\/#\/schema\/person\/dc309fbb6a3e380919fc08342c3cc233\",\"name\":\"Tafeldeko Deko Team\",\"image\":{\"@type\":\"ImageObject\",\"inLanguage\":\"de-DE\",\"@id\":\"https:\/\/www.tafeldeko.de\/news\/#\/schema\/person\/image\/\",\"url\":\"https:\/\/secure.gravatar.com\/avatar\/1e962f4040dc9996f0d200db31598854?s=96&d=mm&r=g\",\"contentUrl\":\"https:\/\/secure.gravatar.com\/avatar\/1e962f4040dc9996f0d200db31598854?s=96&d=mm&r=g\",\"caption\":\"Tafeldeko Deko Team\"}}]}<\/script>\n<!-- \/ Yoast SEO plugin. -->","yoast_head_json":{"title":"Taufe Tischdeko in Hellblau und Grau - Tafeldeko","description":"Damit sich alle G\u00e4ste wohlf\u00fchlen geh\u00f6rt nat\u00fcrlich eine sch\u00f6ne Taufe Tischdeko in Hellblau und Grau zum Fest dazu. Ideen finden Sie hier...","robots":{"index":"index","follow":"follow","max-snippet":"max-snippet:-1","max-image-preview":"max-image-preview:large","max-video-preview":"max-video-preview:-1"},"canonical":"https:\/\/www.tafeldeko.de\/news\/taufe-tischdeko-in-hellblau-und-grau\/","og_locale":"de_DE","og_type":"article","og_title":"Taufe Tischdeko in Hellblau und Grau - Tafeldeko","og_description":"Damit sich alle G\u00e4ste wohlf\u00fchlen geh\u00f6rt nat\u00fcrlich eine sch\u00f6ne Taufe Tischdeko in Hellblau und Grau zum Fest dazu. Ideen finden Sie hier...","og_url":"https:\/\/www.tafeldeko.de\/news\/taufe-tischdeko-in-hellblau-und-grau\/","og_site_name":"Tafeldeko","article_publisher":"https:\/\/www.facebook.com\/pages\/Tafeldeko-einzigartige-Tischdekoration\/174202655894","article_published_time":"2016-05-27T13:22:01+00:00","article_modified_time":"2022-11-09T09:12:00+00:00","og_image":[{"width":1000,"height":700,"url":"https:\/\/www.tafeldeko.de\/news\/wp-content\/uploads\/2016\/05\/taufe_hellblau_grau.jpg","type":"image\/jpeg"}],"author":"Tafeldeko Deko Team","twitter_misc":{"Verfasst von":"Tafeldeko Deko Team","Gesch\u00e4tzte Lesezeit":"2 Minuten"},"schema":{"@context":"https:\/\/schema.org","@graph":[{"@type":"WebPage","@id":"https:\/\/www.tafeldeko.de\/news\/taufe-tischdeko-in-hellblau-und-grau\/","url":"https:\/\/www.tafeldeko.de\/news\/taufe-tischdeko-in-hellblau-und-grau\/","name":"Taufe Tischdeko in Hellblau und Grau - Tafeldeko","isPartOf":{"@id":"https:\/\/www.tafeldeko.de\/news\/#website"},"datePublished":"2016-05-27T13:22:01+00:00","dateModified":"2022-11-09T09:12:00+00:00","author":{"@id":"https:\/\/www.tafeldeko.de\/news\/#\/schema\/person\/dc309fbb6a3e380919fc08342c3cc233"},"description":"Damit sich alle G\u00e4ste wohlf\u00fchlen geh\u00f6rt nat\u00fcrlich eine sch\u00f6ne Taufe Tischdeko in Hellblau und Grau zum Fest dazu. Ideen finden Sie hier...","breadcrumb":{"@id":"https:\/\/www.tafeldeko.de\/news\/taufe-tischdeko-in-hellblau-und-grau\/#breadcrumb"},"inLanguage":"de-DE","potentialAction":[{"@type":"ReadAction","target":["https:\/\/www.tafeldeko.de\/news\/taufe-tischdeko-in-hellblau-und-grau\/"]}]},{"@type":"BreadcrumbList","@id":"https:\/\/www.tafeldeko.de\/news\/taufe-tischdeko-in-hellblau-und-grau\/#breadcrumb","itemListElement":[{"@type":"ListItem","position":1,"name":"Tafeldeko","item":"https:\/\/www.tafeldeko.de\/news\/"},{"@type":"ListItem","position":2,"name":"Alte Beitr\u00e4ge","item":"https:\/\/www.tafeldeko.de\/news\/alte-beitraege\/"},{"@type":"ListItem","position":3,"name":"Tischdeko - Blog","item":"https:\/\/www.tafeldeko.de\/news\/alte-beitraege\/tischdeko-blog\/"},{"@type":"ListItem","position":4,"name":"Taufe Tischdeko in Hellblau und Grau"}]},{"@type":"WebSite","@id":"https:\/\/www.tafeldeko.de\/news\/#website","url":"https:\/\/www.tafeldeko.de\/news\/","name":"Tafeldeko","description":"Blog mit Tischdeko und Tischdekoration Ideen","potentialAction":[{"@type":"SearchAction","target":{"@type":"EntryPoint","urlTemplate":"https:\/\/www.tafeldeko.de\/news\/?s={search_term_string}"},"query-input":"required name=search_term_string"}],"inLanguage":"de-DE"},{"@type":"Person","@id":"https:\/\/www.tafeldeko.de\/news\/#\/schema\/person\/dc309fbb6a3e380919fc08342c3cc233","name":"Tafeldeko Deko Team","image":{"@type":"ImageObject","inLanguage":"de-DE","@id":"https:\/\/www.tafeldeko.de\/news\/#\/schema\/person\/image\/","url":"https:\/\/secure.gravatar.com\/avatar\/1e962f4040dc9996f0d200db31598854?s=96&d=mm&r=g","contentUrl":"https:\/\/secure.gravatar.com\/avatar\/1e962f4040dc9996f0d200db31598854?s=96&d=mm&r=g","caption":"Tafeldeko Deko Team"}}]}},"_links":{"self":[{"href":"https:\/\/www.tafeldeko.de\/news\/wp-json\/wp\/v2\/posts\/7237"}],"collection":[{"href":"https:\/\/www.tafeldeko.de\/news\/wp-json\/wp\/v2\/posts"}],"about":[{"href":"https:\/\/www.tafeldeko.de\/news\/wp-json\/wp\/v2\/types\/post"}],"author":[{"embeddable":true,"href":"https:\/\/www.tafeldeko.de\/news\/wp-json\/wp\/v2\/users\/6"}],"replies":[{"embeddable":true,"href":"https:\/\/www.tafeldeko.de\/news\/wp-json\/wp\/v2\/comments?post=7237"}],"version-history":[{"count":13,"href":"https:\/\/www.tafeldeko.de\/news\/wp-json\/wp\/v2\/posts\/7237\/revisions"}],"predecessor-version":[{"id":20785,"href":"https:\/\/www.tafeldeko.de\/news\/wp-json\/wp\/v2\/posts\/7237\/revisions\/20785"}],"wp:featuredmedia":[{"embeddable":true,"href":"https:\/\/www.tafeldeko.de\/news\/wp-json\/wp\/v2\/media\/7238"}],"wp:attachment":[{"href":"https:\/\/www.tafeldeko.de\/news\/wp-json\/wp\/v2\/media?parent=7237"}],"wp:term":[{"taxonomy":"category","embeddable":true,"href":"https:\/\/www.tafeldeko.de\/news\/wp-json\/wp\/v2\/categories?post=7237"},{"taxonomy":"post_tag","embeddable":true,"href":"https:\/\/www.tafeldeko.de\/news\/wp-json\/wp\/v2\/tags?post=7237"}],"curies":[{"name":"wp","href":"https:\/\/api.w.org\/{rel}","templated":true}]}}